{"id":43569,"date":"2026-09-02T05:48:18","date_gmt":"2026-09-02T08:48:18","guid":{"rendered":"https:\/\/fyno.pt\/?p=43569"},"modified":"2026-09-02T05:48:18","modified_gmt":"2026-09-02T08:48:18","slug":"instagram-identificacao-perfis-ia","status":"publish","type":"post","link":"https:\/\/fyno.pt\/pt\/news\/instagram-identificacao-perfis-ia\/","title":{"rendered":"Instagram exige identifica\u00e7\u00e3o em perfis de influenciadores gerados por IA"},"content":{"rendered":"<p>O Instagram anunciou uma nova atualiza\u00e7\u00e3o que visa aumentar a transpar\u00eancia dos perfis gerados por intelig\u00eancia artificial (IA). A plataforma agora exige que os criadores de conte\u00fado que utilizam IA se identifiquem claramente, permitindo que os usu\u00e1rios saibam se est\u00e3o interagindo com perfis aut\u00eanticos ou n\u00e3o.<\/p>\n\n\n\n<h2 class=\"wp-block-heading\">Mudan\u00e7as nas regras<\/h2>\n\n\n\n<p>De acordo com a rede social, a mudan\u00e7a tem como objetivo facilitar para os usu\u00e1rios a identifica\u00e7\u00e3o de perfis que n\u00e3o s\u00e3o operados por humanos. A decis\u00e3o surge em um momento em que a utiliza\u00e7\u00e3o de IA para gerar conte\u00fado est\u00e1 se tornando cada vez mais comum, o que pode gerar confus\u00e3o entre os seguidores sobre a autenticidade das postagens.<\/p>\n\n\n\n<h2 class=\"wp-block-heading\">Consequ\u00eancias para os criadores<\/h2>\n\n\n\n<p>Os criadores de conte\u00fado que n\u00e3o seguirem as novas diretrizes poder\u00e3o enfrentar penalidades, que podem incluir a remo\u00e7\u00e3o de seus perfis da plataforma. O Instagram enfatiza que a inten\u00e7\u00e3o \u00e9 proteger a comunidade e garantir que os usu\u00e1rios tenham uma experi\u00eancia mais clara e honesta ao navegar pela rede.<\/p>\n\n\n\n<h2 class=\"wp-block-heading\">Objetivo da atualiza\u00e7\u00e3o<\/h2>\n\n\n\n<p>Com estas novas regras, o Instagram espera que os usu\u00e1rios possam tomar decis\u00f5es mais informadas sobre o conte\u00fado que consomem e com quem interagem. A transpar\u00eancia \u00e9 vista como um passo importante para manter a confian\u00e7a dos usu\u00e1rios na plataforma, especialmente em um cen\u00e1rio onde a desinforma\u00e7\u00e3o pode se espalhar rapidamente.<\/p>","protected":false},"excerpt":{"rendered":"<p>Mudan\u00e7as visam aumentar a transpar\u00eancia sobre a origem dos conte\u00fados na plataforma.<\/p>","protected":false},"author":9,"featured_media":43570,"comment_status":"open","ping_status":"open","sticky":false,"template":"","format":"standard","meta":{"footnotes":""},"categories":[560],"tags":[1443,979,272,1361,1834],"class_list":["post-43569","post","type-post","status-publish","format-standard","has-post-thumbnail","hentry","category-news","tag-ia","tag-influenciadores","tag-instagram","tag-redes-sociais","tag-transparencia"],"yoast_head":"<!-- This site is optimized with the Yoast SEO Premium plugin v27.9 (Yoast SEO v27.9) - https:\/\/yoast.com\/product\/yoast-seo-premium-wordpress\/ -->\n<title>Instagram exige que influenciadores informem uso de IA em perfis<\/title>\n<meta name=\"description\" content=\"Instagram exige identifica\u00e7\u00e3o clara de perfis gerados por IA para aumentar a transpar\u00eancia e proteger usu\u00e1rios.\" \/>\n<meta name=\"robots\" content=\"index, follow, max-snippet:-1, max-image-preview:large, max-video-preview:-1\" \/>\n<link rel=\"canonical\" href=\"https:\/\/fyno.pt\/pt\/news\/instagram-identificacao-perfis-ia\/\" \/>\n<meta property=\"og:locale\" content=\"pt_PT\" \/>\n<meta property=\"og:type\" content=\"article\" \/>\n<meta property=\"og:title\" content=\"Instagram exige identifica\u00e7\u00e3o em perfis de influenciadores gerados por IA\" \/>\n<meta property=\"og:description\" content=\"Instagram exige identifica\u00e7\u00e3o clara de perfis gerados por IA para aumentar a transpar\u00eancia e proteger usu\u00e1rios.\" \/>\n<meta property=\"og:url\" content=\"https:\/\/fyno.pt\/pt\/news\/instagram-identificacao-perfis-ia\/\" \/>\n<meta property=\"og:site_name\" content=\"Fyno\" \/>\n<meta property=\"article:published_time\" content=\"2026-09-02T08:48:18+00:00\" \/>\n<meta property=\"og:image\" content=\"https:\/\/fyno.pt\/wp-content\/uploads\/2026\/09\/7f83a2a375a563ad742cf529199754e254226522.jpg\" \/>\n\t<meta property=\"og:image:width\" content=\"1200\" \/>\n\t<meta property=\"og:image:height\" content=\"800\" \/>\n\t<meta property=\"og:image:type\" content=\"image\/jpeg\" \/>\n<meta name=\"author\" content=\"Fyno\" \/>\n<meta name=\"twitter:card\" content=\"summary_large_image\" \/>\n<meta name=\"twitter:label1\" content=\"Escrito por\" \/>\n\t<meta name=\"twitter:data1\" content=\"Fyno\" \/>\n\t<meta name=\"twitter:label2\" content=\"Tempo estimado de leitura\" \/>\n\t<meta name=\"twitter:data2\" content=\"1 minuto\" \/>\n<script type=\"application\/ld+json\" class=\"yoast-schema-graph\">{\"@context\":\"https:\\\/\\\/schema.org\",\"@graph\":[{\"@type\":\"Article\",\"@id\":\"https:\\\/\\\/fyno.pt\\\/news\\\/instagram-identificacao-perfis-ia\\\/#article\",\"isPartOf\":{\"@id\":\"https:\\\/\\\/fyno.pt\\\/news\\\/instagram-identificacao-perfis-ia\\\/\"},\"author\":{\"name\":\"Fyno\",\"@id\":\"https:\\\/\\\/fyno.pt\\\/#\\\/schema\\\/person\\\/ab5b330ed5ed05f1b4a7b8e438f68187\"},\"headline\":\"Instagram exige identifica\u00e7\u00e3o em perfis de influenciadores gerados por IA\",\"datePublished\":\"2026-09-02T08:48:18+00:00\",\"mainEntityOfPage\":{\"@id\":\"https:\\\/\\\/fyno.pt\\\/news\\\/instagram-identificacao-perfis-ia\\\/\"},\"wordCount\":260,\"commentCount\":0,\"image\":{\"@id\":\"https:\\\/\\\/fyno.pt\\\/news\\\/instagram-identificacao-perfis-ia\\\/#primaryimage\"},\"thumbnailUrl\":\"https:\\\/\\\/fyno.pt\\\/wp-content\\\/uploads\\\/2026\\\/09\\\/7f83a2a375a563ad742cf529199754e254226522.jpg\",\"keywords\":[\"IA\",\"influenciadores.\",\"Instagram\",\"redes sociais\",\"transpar\u00eancia\"],\"articleSection\":[\"News\"],\"inLanguage\":\"pt-PT\",\"potentialAction\":[{\"@type\":\"CommentAction\",\"name\":\"Comment\",\"target\":[\"https:\\\/\\\/fyno.pt\\\/news\\\/instagram-identificacao-perfis-ia\\\/#respond\"]}]},{\"@type\":\"WebPage\",\"@id\":\"https:\\\/\\\/fyno.pt\\\/news\\\/instagram-identificacao-perfis-ia\\\/\",\"url\":\"https:\\\/\\\/fyno.pt\\\/news\\\/instagram-identificacao-perfis-ia\\\/\",\"name\":\"Instagram exige que influenciadores informem uso de IA em perfis\",\"isPartOf\":{\"@id\":\"https:\\\/\\\/fyno.pt\\\/#website\"},\"primaryImageOfPage\":{\"@id\":\"https:\\\/\\\/fyno.pt\\\/news\\\/instagram-identificacao-perfis-ia\\\/#primaryimage\"},\"image\":{\"@id\":\"https:\\\/\\\/fyno.pt\\\/news\\\/instagram-identificacao-perfis-ia\\\/#primaryimage\"},\"thumbnailUrl\":\"https:\\\/\\\/fyno.pt\\\/wp-content\\\/uploads\\\/2026\\\/09\\\/7f83a2a375a563ad742cf529199754e254226522.jpg\",\"datePublished\":\"2026-09-02T08:48:18+00:00\",\"author\":{\"@id\":\"https:\\\/\\\/fyno.pt\\\/#\\\/schema\\\/person\\\/ab5b330ed5ed05f1b4a7b8e438f68187\"},\"description\":\"Instagram exige identifica\u00e7\u00e3o clara de perfis gerados por IA para aumentar a transpar\u00eancia e proteger usu\u00e1rios.\",\"breadcrumb\":{\"@id\":\"https:\\\/\\\/fyno.pt\\\/news\\\/instagram-identificacao-perfis-ia\\\/#breadcrumb\"},\"inLanguage\":\"pt-PT\",\"potentialAction\":[{\"@type\":\"ReadAction\",\"target\":[\"https:\\\/\\\/fyno.pt\\\/news\\\/instagram-identificacao-perfis-ia\\\/\"]}]},{\"@type\":\"ImageObject\",\"inLanguage\":\"pt-PT\",\"@id\":\"https:\\\/\\\/fyno.pt\\\/news\\\/instagram-identificacao-perfis-ia\\\/#primaryimage\",\"url\":\"https:\\\/\\\/fyno.pt\\\/wp-content\\\/uploads\\\/2026\\\/09\\\/7f83a2a375a563ad742cf529199754e254226522.jpg\",\"contentUrl\":\"https:\\\/\\\/fyno.pt\\\/wp-content\\\/uploads\\\/2026\\\/09\\\/7f83a2a375a563ad742cf529199754e254226522.jpg\",\"width\":1200,\"height\":800,\"caption\":\"Foto: tek.sapo.pt\"},{\"@type\":\"BreadcrumbList\",\"@id\":\"https:\\\/\\\/fyno.pt\\\/news\\\/instagram-identificacao-perfis-ia\\\/#breadcrumb\",\"itemListElement\":[{\"@type\":\"ListItem\",\"position\":1,\"name\":\"In\u00edcio\",\"item\":\"https:\\\/\\\/fyno.pt\\\/\"},{\"@type\":\"ListItem\",\"position\":2,\"name\":\"Instagram exige identifica\u00e7\u00e3o em perfis de influenciadores gerados por IA\"}]},{\"@type\":\"WebSite\",\"@id\":\"https:\\\/\\\/fyno.pt\\\/#website\",\"url\":\"https:\\\/\\\/fyno.pt\\\/\",\"name\":\"Fyno\",\"description\":\"Not\u00edcia e informa\u00e7\u00e3o\",\"potentialAction\":[{\"@type\":\"SearchAction\",\"target\":{\"@type\":\"EntryPoint\",\"urlTemplate\":\"https:\\\/\\\/fyno.pt\\\/?s={search_term_string}\"},\"query-input\":{\"@type\":\"PropertyValueSpecification\",\"valueRequired\":true,\"valueName\":\"search_term_string\"}}],\"inLanguage\":\"pt-PT\"},{\"@type\":\"Person\",\"@id\":\"https:\\\/\\\/fyno.pt\\\/#\\\/schema\\\/person\\\/ab5b330ed5ed05f1b4a7b8e438f68187\",\"name\":\"Fyno\",\"image\":{\"@type\":\"ImageObject\",\"inLanguage\":\"pt-PT\",\"@id\":\"https:\\\/\\\/fyno.pt\\\/wp-content\\\/litespeed\\\/avatar\\\/8f51870e8d94c234e288da840d914372.jpg?ver=1788205134\",\"url\":\"https:\\\/\\\/fyno.pt\\\/wp-content\\\/litespeed\\\/avatar\\\/8f51870e8d94c234e288da840d914372.jpg?ver=1788205134\",\"contentUrl\":\"https:\\\/\\\/fyno.pt\\\/wp-content\\\/litespeed\\\/avatar\\\/8f51870e8d94c234e288da840d914372.jpg?ver=1788205134\",\"caption\":\"Fyno\"},\"description\":\"A sua fonte de informa\u00e7\u00e3o.\",\"url\":\"https:\\\/\\\/fyno.pt\\\/pt\\\/author\\\/fynopt\\\/\"}]}<\/script>\n<!-- \/ Yoast SEO Premium plugin. -->","yoast_head_json":{"title":"Instagram exige que influenciadores informem uso de IA em perfis","description":"Instagram exige identifica\u00e7\u00e3o clara de perfis gerados por IA para aumentar a transpar\u00eancia e proteger usu\u00e1rios.","robots":{"index":"index","follow":"follow","max-snippet":"max-snippet:-1","max-image-preview":"max-image-preview:large","max-video-preview":"max-video-preview:-1"},"canonical":"https:\/\/fyno.pt\/pt\/news\/instagram-identificacao-perfis-ia\/","og_locale":"pt_PT","og_type":"article","og_title":"Instagram exige identifica\u00e7\u00e3o em perfis de influenciadores gerados por IA","og_description":"Instagram exige identifica\u00e7\u00e3o clara de perfis gerados por IA para aumentar a transpar\u00eancia e proteger usu\u00e1rios.","og_url":"https:\/\/fyno.pt\/pt\/news\/instagram-identificacao-perfis-ia\/","og_site_name":"Fyno","article_published_time":"2026-09-02T08:48:18+00:00","og_image":[{"width":1200,"height":800,"url":"https:\/\/fyno.pt\/wp-content\/uploads\/2026\/09\/7f83a2a375a563ad742cf529199754e254226522.jpg","type":"image\/jpeg"}],"author":"Fyno","twitter_card":"summary_large_image","twitter_misc":{"Escrito por":"Fyno","Tempo estimado de leitura":"1 minuto"},"schema":{"@context":"https:\/\/schema.org","@graph":[{"@type":"Article","@id":"https:\/\/fyno.pt\/news\/instagram-identificacao-perfis-ia\/#article","isPartOf":{"@id":"https:\/\/fyno.pt\/news\/instagram-identificacao-perfis-ia\/"},"author":{"name":"Fyno","@id":"https:\/\/fyno.pt\/#\/schema\/person\/ab5b330ed5ed05f1b4a7b8e438f68187"},"headline":"Instagram exige identifica\u00e7\u00e3o em perfis de influenciadores gerados por IA","datePublished":"2026-09-02T08:48:18+00:00","mainEntityOfPage":{"@id":"https:\/\/fyno.pt\/news\/instagram-identificacao-perfis-ia\/"},"wordCount":260,"commentCount":0,"image":{"@id":"https:\/\/fyno.pt\/news\/instagram-identificacao-perfis-ia\/#primaryimage"},"thumbnailUrl":"https:\/\/fyno.pt\/wp-content\/uploads\/2026\/09\/7f83a2a375a563ad742cf529199754e254226522.jpg","keywords":["IA","influenciadores.","Instagram","redes sociais","transpar\u00eancia"],"articleSection":["News"],"inLanguage":"pt-PT","potentialAction":[{"@type":"CommentAction","name":"Comment","target":["https:\/\/fyno.pt\/news\/instagram-identificacao-perfis-ia\/#respond"]}]},{"@type":"WebPage","@id":"https:\/\/fyno.pt\/news\/instagram-identificacao-perfis-ia\/","url":"https:\/\/fyno.pt\/news\/instagram-identificacao-perfis-ia\/","name":"Instagram exige que influenciadores informem uso de IA em perfis","isPartOf":{"@id":"https:\/\/fyno.pt\/#website"},"primaryImageOfPage":{"@id":"https:\/\/fyno.pt\/news\/instagram-identificacao-perfis-ia\/#primaryimage"},"image":{"@id":"https:\/\/fyno.pt\/news\/instagram-identificacao-perfis-ia\/#primaryimage"},"thumbnailUrl":"https:\/\/fyno.pt\/wp-content\/uploads\/2026\/09\/7f83a2a375a563ad742cf529199754e254226522.jpg","datePublished":"2026-09-02T08:48:18+00:00","author":{"@id":"https:\/\/fyno.pt\/#\/schema\/person\/ab5b330ed5ed05f1b4a7b8e438f68187"},"description":"Instagram exige identifica\u00e7\u00e3o clara de perfis gerados por IA para aumentar a transpar\u00eancia e proteger usu\u00e1rios.","breadcrumb":{"@id":"https:\/\/fyno.pt\/news\/instagram-identificacao-perfis-ia\/#breadcrumb"},"inLanguage":"pt-PT","potentialAction":[{"@type":"ReadAction","target":["https:\/\/fyno.pt\/news\/instagram-identificacao-perfis-ia\/"]}]},{"@type":"ImageObject","inLanguage":"pt-PT","@id":"https:\/\/fyno.pt\/news\/instagram-identificacao-perfis-ia\/#primaryimage","url":"https:\/\/fyno.pt\/wp-content\/uploads\/2026\/09\/7f83a2a375a563ad742cf529199754e254226522.jpg","contentUrl":"https:\/\/fyno.pt\/wp-content\/uploads\/2026\/09\/7f83a2a375a563ad742cf529199754e254226522.jpg","width":1200,"height":800,"caption":"Foto: tek.sapo.pt"},{"@type":"BreadcrumbList","@id":"https:\/\/fyno.pt\/news\/instagram-identificacao-perfis-ia\/#breadcrumb","itemListElement":[{"@type":"ListItem","position":1,"name":"In\u00edcio","item":"https:\/\/fyno.pt\/"},{"@type":"ListItem","position":2,"name":"Instagram exige identifica\u00e7\u00e3o em perfis de influenciadores gerados por IA"}]},{"@type":"WebSite","@id":"https:\/\/fyno.pt\/#website","url":"https:\/\/fyno.pt\/","name":"Fyno","description":"Not\u00edcia e informa\u00e7\u00e3o","potentialAction":[{"@type":"SearchAction","target":{"@type":"EntryPoint","urlTemplate":"https:\/\/fyno.pt\/?s={search_term_string}"},"query-input":{"@type":"PropertyValueSpecification","valueRequired":true,"valueName":"search_term_string"}}],"inLanguage":"pt-PT"},{"@type":"Person","@id":"https:\/\/fyno.pt\/#\/schema\/person\/ab5b330ed5ed05f1b4a7b8e438f68187","name":"Fyno","image":{"@type":"ImageObject","inLanguage":"pt-PT","@id":"https:\/\/fyno.pt\/wp-content\/litespeed\/avatar\/8f51870e8d94c234e288da840d914372.jpg?ver=1788205134","url":"https:\/\/fyno.pt\/wp-content\/litespeed\/avatar\/8f51870e8d94c234e288da840d914372.jpg?ver=1788205134","contentUrl":"https:\/\/fyno.pt\/wp-content\/litespeed\/avatar\/8f51870e8d94c234e288da840d914372.jpg?ver=1788205134","caption":"Fyno"},"description":"A sua fonte de informa\u00e7\u00e3o.","url":"https:\/\/fyno.pt\/pt\/author\/fynopt\/"}]}},"_links":{"self":[{"href":"https:\/\/fyno.pt\/pt\/wp-json\/wp\/v2\/posts\/43569","targetHints":{"allow":["GET"]}}],"collection":[{"href":"https:\/\/fyno.pt\/pt\/wp-json\/wp\/v2\/posts"}],"about":[{"href":"https:\/\/fyno.pt\/pt\/wp-json\/wp\/v2\/types\/post"}],"author":[{"embeddable":true,"href":"https:\/\/fyno.pt\/pt\/wp-json\/wp\/v2\/users\/9"}],"replies":[{"embeddable":true,"href":"https:\/\/fyno.pt\/pt\/wp-json\/wp\/v2\/comments?post=43569"}],"version-history":[{"count":1,"href":"https:\/\/fyno.pt\/pt\/wp-json\/wp\/v2\/posts\/43569\/revisions"}],"predecessor-version":[{"id":43571,"href":"https:\/\/fyno.pt\/pt\/wp-json\/wp\/v2\/posts\/43569\/revisions\/43571"}],"wp:featuredmedia":[{"embeddable":true,"href":"https:\/\/fyno.pt\/pt\/wp-json\/wp\/v2\/media\/43570"}],"wp:attachment":[{"href":"https:\/\/fyno.pt\/pt\/wp-json\/wp\/v2\/media?parent=43569"}],"wp:term":[{"taxonomy":"category","embeddable":true,"href":"https:\/\/fyno.pt\/pt\/wp-json\/wp\/v2\/categories?post=43569"},{"taxonomy":"post_tag","embeddable":true,"href":"https:\/\/fyno.pt\/pt\/wp-json\/wp\/v2\/tags?post=43569"}],"curies":[{"name":"wp","href":"https:\/\/api.w.org\/{rel}","templated":true}]}}