{"id":43566,"date":"2026-09-02T05:48:06","date_gmt":"2026-09-02T08:48:06","guid":{"rendered":"https:\/\/fyno.pt\/?p=43566"},"modified":"2026-09-02T05:48:06","modified_gmt":"2026-09-02T08:48:06","slug":"festa-punk-tascoela-31-anos-arco-baulhe","status":"publish","type":"post","link":"https:\/\/fyno.pt\/pt\/mundo\/festa-punk-tascoela-31-anos-arco-baulhe\/","title":{"rendered":"Festa punk T\u00e1scoela celebra 31 anos durante romaria em Arco de Ba\u00falhe"},"content":{"rendered":"<p>A T\u00e1scoela, festa punk tradicional que acontece durante a Romaria da Nossa Senhora dos Rem\u00e9dios, comemora 31 anos em Arco de Ba\u00falhe, no concelho de Cabeceiras de Basto. O evento, que se estende de sexta a domingo, promete tr\u00eas dias de intensa celebra\u00e7\u00e3o com diversas apresenta\u00e7\u00f5es musicais.<\/p>\n\n\n\n<h2 class=\"wp-block-heading\">Programa\u00e7\u00e3o diversificada<\/h2>\n\n\n\n<p>Neste ano, a festa traz um cartaz recheado de bandas emergentes e de culto da cena nacional. Na sexta-feira, os visitantes poder\u00e3o conferir as apresenta\u00e7\u00f5es de Demente, Exkurra\u00e7ados, Dinamitz, Caravanana, DJ Maryska e The DudeDJ, sob o tema &quot;Um 31 do cara***&quot;.<\/p>\n\n\n\n<p>No s\u00e1bado, a programa\u00e7\u00e3o segue com Holocausto Canibal, Ru\u00eddo Ro\u00eddo, Tricla, Cobra ao Pesco\u00e7o, The Droogs e DJ Orange3. Por fim, no domingo, o evento apresenta uma proposta um pouco diferente, com performances dos Irm\u00e3os Dur\u00e3es, Cantares ao Desafio, exibi\u00e7\u00e3o de um document\u00e1rio sobre a T\u00e1scoela, al\u00e9m de Ceci n&#039;est pas un DJ, Mysticman e Metralha O Grande.<\/p>\n\n\n\n<h2 class=\"wp-block-heading\">Hist\u00f3ria da T\u00e1scoela<\/h2>\n\n\n\n<p>A hist\u00f3ria da T\u00e1scoela remonta aos anos 90, quando Jo\u00e3o Paulo Alves decidiu abrir um espa\u00e7o similar ao que seus amigos tinham criado em Bragan\u00e7a. &quot;A ideia era abrir um T\u00e1scoela em Arco para ganhar dinheiro para ir ao Avante!&quot;, contou Jo\u00e3o Paulo, que acabou nunca conseguindo ir ao evento, pois a festa sempre coincidiu com a T\u00e1scoela.<\/p>\n\n\n\n<p>Apesar de pedidos para abrir nos fins de semana, Jo\u00e3o Paulo optou por manter a tradi\u00e7\u00e3o de realizar o evento apenas uma vez por ano, buscando criar um espa\u00e7o agrad\u00e1vel durante o fim de semana da festa religiosa. Inicialmente, a T\u00e1scoela funcionava apenas como bar, mas os concertos come\u00e7aram a surgir em 2006, e com o passar do tempo, a casa foi restaurada e ampliada.<\/p>\n\n\n\n<h2 class=\"wp-block-heading\">Entrada livre<\/h2>\n\n\n\n<p>A entrada para a T\u00e1scoela \u00e9 sempre gratuita, proporcionando acesso a todos que desejam participar dessa celebra\u00e7\u00e3o que se tornou um marco na cultura punk da regi\u00e3o. O evento, que se destaca por sua atmosfera acolhedora e pela diversidade musical, reafirma a import\u00e2ncia da cena underground no contexto cultural local.<\/p>","protected":false},"excerpt":{"rendered":"<p>Evento ocorre de sexta a domingo com bandas de punk, metal e hip hop na vila minhota.<\/p>","protected":false},"author":9,"featured_media":43567,"comment_status":"open","ping_status":"open","sticky":false,"template":"","format":"standard","meta":{"footnotes":""},"categories":[51],"tags":[2032,795,2031,1385,2030],"class_list":["post-43566","post","type-post","status-publish","format-standard","has-post-thumbnail","hentry","category-mundo","tag-arco-de-baulhe","tag-cultura","tag-festa-punk","tag-musica","tag-tascoela"],"yoast_head":"<!-- This site is optimized with the Yoast SEO Premium plugin v27.9 (Yoast SEO v27.9) - https:\/\/yoast.com\/product\/yoast-seo-premium-wordpress\/ -->\n<title>festa punk t\u00e1scoela completa 31 anos em arco de ba\u00falhe<\/title>\n<meta name=\"description\" content=\"A festa punk T\u00e1scoela celebra 31 anos em Arco de Ba\u00falhe com diversas apresenta\u00e7\u00f5es musicais durante a romaria.\" \/>\n<meta name=\"robots\" content=\"index, follow, max-snippet:-1, max-image-preview:large, max-video-preview:-1\" \/>\n<link rel=\"canonical\" href=\"https:\/\/fyno.pt\/pt\/mundo\/festa-punk-tascoela-31-anos-arco-baulhe\/\" \/>\n<meta property=\"og:locale\" content=\"pt_PT\" \/>\n<meta property=\"og:type\" content=\"article\" \/>\n<meta property=\"og:title\" content=\"Festa punk T\u00e1scoela celebra 31 anos durante romaria em Arco de Ba\u00falhe\" \/>\n<meta property=\"og:description\" content=\"A festa punk T\u00e1scoela celebra 31 anos em Arco de Ba\u00falhe com diversas apresenta\u00e7\u00f5es musicais durante a romaria.\" \/>\n<meta property=\"og:url\" content=\"https:\/\/fyno.pt\/pt\/mundo\/festa-punk-tascoela-31-anos-arco-baulhe\/\" \/>\n<meta property=\"og:site_name\" content=\"Fyno\" \/>\n<meta property=\"article:published_time\" content=\"2026-09-02T08:48:06+00:00\" \/>\n<meta property=\"og:image\" content=\"https:\/\/fyno.pt\/wp-content\/uploads\/2026\/09\/Novo-Projeto-33-1-1160x630-1.jpg\" \/>\n\t<meta property=\"og:image:width\" content=\"1160\" \/>\n\t<meta property=\"og:image:height\" content=\"630\" \/>\n\t<meta property=\"og:image:type\" content=\"image\/jpeg\" \/>\n<meta name=\"author\" content=\"Fyno\" \/>\n<meta name=\"twitter:card\" content=\"summary_large_image\" \/>\n<meta name=\"twitter:label1\" content=\"Escrito por\" \/>\n\t<meta name=\"twitter:data1\" content=\"Fyno\" \/>\n\t<meta name=\"twitter:label2\" content=\"Tempo estimado de leitura\" \/>\n\t<meta name=\"twitter:data2\" content=\"2 minutos\" \/>\n<script type=\"application\/ld+json\" class=\"yoast-schema-graph\">{\"@context\":\"https:\\\/\\\/schema.org\",\"@graph\":[{\"@type\":\"Article\",\"@id\":\"https:\\\/\\\/fyno.pt\\\/mundo\\\/festa-punk-tascoela-31-anos-arco-baulhe\\\/#article\",\"isPartOf\":{\"@id\":\"https:\\\/\\\/fyno.pt\\\/mundo\\\/festa-punk-tascoela-31-anos-arco-baulhe\\\/\"},\"author\":{\"name\":\"Fyno\",\"@id\":\"https:\\\/\\\/fyno.pt\\\/#\\\/schema\\\/person\\\/ab5b330ed5ed05f1b4a7b8e438f68187\"},\"headline\":\"Festa punk T\u00e1scoela celebra 31 anos durante romaria em Arco de Ba\u00falhe\",\"datePublished\":\"2026-09-02T08:48:06+00:00\",\"mainEntityOfPage\":{\"@id\":\"https:\\\/\\\/fyno.pt\\\/mundo\\\/festa-punk-tascoela-31-anos-arco-baulhe\\\/\"},\"wordCount\":381,\"commentCount\":0,\"image\":{\"@id\":\"https:\\\/\\\/fyno.pt\\\/mundo\\\/festa-punk-tascoela-31-anos-arco-baulhe\\\/#primaryimage\"},\"thumbnailUrl\":\"https:\\\/\\\/fyno.pt\\\/wp-content\\\/uploads\\\/2026\\\/09\\\/Novo-Projeto-33-1-1160x630-1.jpg\",\"keywords\":[\"Arco de Ba\u00falhe\",\"cultura\",\"festa punk\",\"m\u00fasica\",\"T\u00e1scoela\"],\"articleSection\":[\"Mundo\"],\"inLanguage\":\"pt-PT\",\"potentialAction\":[{\"@type\":\"CommentAction\",\"name\":\"Comment\",\"target\":[\"https:\\\/\\\/fyno.pt\\\/mundo\\\/festa-punk-tascoela-31-anos-arco-baulhe\\\/#respond\"]}]},{\"@type\":\"WebPage\",\"@id\":\"https:\\\/\\\/fyno.pt\\\/mundo\\\/festa-punk-tascoela-31-anos-arco-baulhe\\\/\",\"url\":\"https:\\\/\\\/fyno.pt\\\/mundo\\\/festa-punk-tascoela-31-anos-arco-baulhe\\\/\",\"name\":\"festa punk t\u00e1scoela completa 31 anos em arco de ba\u00falhe\",\"isPartOf\":{\"@id\":\"https:\\\/\\\/fyno.pt\\\/#website\"},\"primaryImageOfPage\":{\"@id\":\"https:\\\/\\\/fyno.pt\\\/mundo\\\/festa-punk-tascoela-31-anos-arco-baulhe\\\/#primaryimage\"},\"image\":{\"@id\":\"https:\\\/\\\/fyno.pt\\\/mundo\\\/festa-punk-tascoela-31-anos-arco-baulhe\\\/#primaryimage\"},\"thumbnailUrl\":\"https:\\\/\\\/fyno.pt\\\/wp-content\\\/uploads\\\/2026\\\/09\\\/Novo-Projeto-33-1-1160x630-1.jpg\",\"datePublished\":\"2026-09-02T08:48:06+00:00\",\"author\":{\"@id\":\"https:\\\/\\\/fyno.pt\\\/#\\\/schema\\\/person\\\/ab5b330ed5ed05f1b4a7b8e438f68187\"},\"description\":\"A festa punk T\u00e1scoela celebra 31 anos em Arco de Ba\u00falhe com diversas apresenta\u00e7\u00f5es musicais durante a romaria.\",\"breadcrumb\":{\"@id\":\"https:\\\/\\\/fyno.pt\\\/mundo\\\/festa-punk-tascoela-31-anos-arco-baulhe\\\/#breadcrumb\"},\"inLanguage\":\"pt-PT\",\"potentialAction\":[{\"@type\":\"ReadAction\",\"target\":[\"https:\\\/\\\/fyno.pt\\\/mundo\\\/festa-punk-tascoela-31-anos-arco-baulhe\\\/\"]}]},{\"@type\":\"ImageObject\",\"inLanguage\":\"pt-PT\",\"@id\":\"https:\\\/\\\/fyno.pt\\\/mundo\\\/festa-punk-tascoela-31-anos-arco-baulhe\\\/#primaryimage\",\"url\":\"https:\\\/\\\/fyno.pt\\\/wp-content\\\/uploads\\\/2026\\\/09\\\/Novo-Projeto-33-1-1160x630-1.jpg\",\"contentUrl\":\"https:\\\/\\\/fyno.pt\\\/wp-content\\\/uploads\\\/2026\\\/09\\\/Novo-Projeto-33-1-1160x630-1.jpg\",\"width\":1160,\"height\":630,\"caption\":\"Foto: DR\"},{\"@type\":\"BreadcrumbList\",\"@id\":\"https:\\\/\\\/fyno.pt\\\/mundo\\\/festa-punk-tascoela-31-anos-arco-baulhe\\\/#breadcrumb\",\"itemListElement\":[{\"@type\":\"ListItem\",\"position\":1,\"name\":\"In\u00edcio\",\"item\":\"https:\\\/\\\/fyno.pt\\\/\"},{\"@type\":\"ListItem\",\"position\":2,\"name\":\"Festa punk T\u00e1scoela celebra 31 anos durante romaria em Arco de Ba\u00falhe\"}]},{\"@type\":\"WebSite\",\"@id\":\"https:\\\/\\\/fyno.pt\\\/#website\",\"url\":\"https:\\\/\\\/fyno.pt\\\/\",\"name\":\"Fyno\",\"description\":\"Not\u00edcia e informa\u00e7\u00e3o\",\"potentialAction\":[{\"@type\":\"SearchAction\",\"target\":{\"@type\":\"EntryPoint\",\"urlTemplate\":\"https:\\\/\\\/fyno.pt\\\/?s={search_term_string}\"},\"query-input\":{\"@type\":\"PropertyValueSpecification\",\"valueRequired\":true,\"valueName\":\"search_term_string\"}}],\"inLanguage\":\"pt-PT\"},{\"@type\":\"Person\",\"@id\":\"https:\\\/\\\/fyno.pt\\\/#\\\/schema\\\/person\\\/ab5b330ed5ed05f1b4a7b8e438f68187\",\"name\":\"Fyno\",\"image\":{\"@type\":\"ImageObject\",\"inLanguage\":\"pt-PT\",\"@id\":\"https:\\\/\\\/fyno.pt\\\/wp-content\\\/litespeed\\\/avatar\\\/8f51870e8d94c234e288da840d914372.jpg?ver=1788205134\",\"url\":\"https:\\\/\\\/fyno.pt\\\/wp-content\\\/litespeed\\\/avatar\\\/8f51870e8d94c234e288da840d914372.jpg?ver=1788205134\",\"contentUrl\":\"https:\\\/\\\/fyno.pt\\\/wp-content\\\/litespeed\\\/avatar\\\/8f51870e8d94c234e288da840d914372.jpg?ver=1788205134\",\"caption\":\"Fyno\"},\"description\":\"A sua fonte de informa\u00e7\u00e3o.\",\"url\":\"https:\\\/\\\/fyno.pt\\\/pt\\\/author\\\/fynopt\\\/\"}]}<\/script>\n<!-- \/ Yoast SEO Premium plugin. -->","yoast_head_json":{"title":"festa punk t\u00e1scoela completa 31 anos em arco de ba\u00falhe","description":"A festa punk T\u00e1scoela celebra 31 anos em Arco de Ba\u00falhe com diversas apresenta\u00e7\u00f5es musicais durante a romaria.","robots":{"index":"index","follow":"follow","max-snippet":"max-snippet:-1","max-image-preview":"max-image-preview:large","max-video-preview":"max-video-preview:-1"},"canonical":"https:\/\/fyno.pt\/pt\/mundo\/festa-punk-tascoela-31-anos-arco-baulhe\/","og_locale":"pt_PT","og_type":"article","og_title":"Festa punk T\u00e1scoela celebra 31 anos durante romaria em Arco de Ba\u00falhe","og_description":"A festa punk T\u00e1scoela celebra 31 anos em Arco de Ba\u00falhe com diversas apresenta\u00e7\u00f5es musicais durante a romaria.","og_url":"https:\/\/fyno.pt\/pt\/mundo\/festa-punk-tascoela-31-anos-arco-baulhe\/","og_site_name":"Fyno","article_published_time":"2026-09-02T08:48:06+00:00","og_image":[{"width":1160,"height":630,"url":"https:\/\/fyno.pt\/wp-content\/uploads\/2026\/09\/Novo-Projeto-33-1-1160x630-1.jpg","type":"image\/jpeg"}],"author":"Fyno","twitter_card":"summary_large_image","twitter_misc":{"Escrito por":"Fyno","Tempo estimado de leitura":"2 minutos"},"schema":{"@context":"https:\/\/schema.org","@graph":[{"@type":"Article","@id":"https:\/\/fyno.pt\/mundo\/festa-punk-tascoela-31-anos-arco-baulhe\/#article","isPartOf":{"@id":"https:\/\/fyno.pt\/mundo\/festa-punk-tascoela-31-anos-arco-baulhe\/"},"author":{"name":"Fyno","@id":"https:\/\/fyno.pt\/#\/schema\/person\/ab5b330ed5ed05f1b4a7b8e438f68187"},"headline":"Festa punk T\u00e1scoela celebra 31 anos durante romaria em Arco de Ba\u00falhe","datePublished":"2026-09-02T08:48:06+00:00","mainEntityOfPage":{"@id":"https:\/\/fyno.pt\/mundo\/festa-punk-tascoela-31-anos-arco-baulhe\/"},"wordCount":381,"commentCount":0,"image":{"@id":"https:\/\/fyno.pt\/mundo\/festa-punk-tascoela-31-anos-arco-baulhe\/#primaryimage"},"thumbnailUrl":"https:\/\/fyno.pt\/wp-content\/uploads\/2026\/09\/Novo-Projeto-33-1-1160x630-1.jpg","keywords":["Arco de Ba\u00falhe","cultura","festa punk","m\u00fasica","T\u00e1scoela"],"articleSection":["Mundo"],"inLanguage":"pt-PT","potentialAction":[{"@type":"CommentAction","name":"Comment","target":["https:\/\/fyno.pt\/mundo\/festa-punk-tascoela-31-anos-arco-baulhe\/#respond"]}]},{"@type":"WebPage","@id":"https:\/\/fyno.pt\/mundo\/festa-punk-tascoela-31-anos-arco-baulhe\/","url":"https:\/\/fyno.pt\/mundo\/festa-punk-tascoela-31-anos-arco-baulhe\/","name":"festa punk t\u00e1scoela completa 31 anos em arco de ba\u00falhe","isPartOf":{"@id":"https:\/\/fyno.pt\/#website"},"primaryImageOfPage":{"@id":"https:\/\/fyno.pt\/mundo\/festa-punk-tascoela-31-anos-arco-baulhe\/#primaryimage"},"image":{"@id":"https:\/\/fyno.pt\/mundo\/festa-punk-tascoela-31-anos-arco-baulhe\/#primaryimage"},"thumbnailUrl":"https:\/\/fyno.pt\/wp-content\/uploads\/2026\/09\/Novo-Projeto-33-1-1160x630-1.jpg","datePublished":"2026-09-02T08:48:06+00:00","author":{"@id":"https:\/\/fyno.pt\/#\/schema\/person\/ab5b330ed5ed05f1b4a7b8e438f68187"},"description":"A festa punk T\u00e1scoela celebra 31 anos em Arco de Ba\u00falhe com diversas apresenta\u00e7\u00f5es musicais durante a romaria.","breadcrumb":{"@id":"https:\/\/fyno.pt\/mundo\/festa-punk-tascoela-31-anos-arco-baulhe\/#breadcrumb"},"inLanguage":"pt-PT","potentialAction":[{"@type":"ReadAction","target":["https:\/\/fyno.pt\/mundo\/festa-punk-tascoela-31-anos-arco-baulhe\/"]}]},{"@type":"ImageObject","inLanguage":"pt-PT","@id":"https:\/\/fyno.pt\/mundo\/festa-punk-tascoela-31-anos-arco-baulhe\/#primaryimage","url":"https:\/\/fyno.pt\/wp-content\/uploads\/2026\/09\/Novo-Projeto-33-1-1160x630-1.jpg","contentUrl":"https:\/\/fyno.pt\/wp-content\/uploads\/2026\/09\/Novo-Projeto-33-1-1160x630-1.jpg","width":1160,"height":630,"caption":"Foto: DR"},{"@type":"BreadcrumbList","@id":"https:\/\/fyno.pt\/mundo\/festa-punk-tascoela-31-anos-arco-baulhe\/#breadcrumb","itemListElement":[{"@type":"ListItem","position":1,"name":"In\u00edcio","item":"https:\/\/fyno.pt\/"},{"@type":"ListItem","position":2,"name":"Festa punk T\u00e1scoela celebra 31 anos durante romaria em Arco de Ba\u00falhe"}]},{"@type":"WebSite","@id":"https:\/\/fyno.pt\/#website","url":"https:\/\/fyno.pt\/","name":"Fyno","description":"Not\u00edcia e informa\u00e7\u00e3o","potentialAction":[{"@type":"SearchAction","target":{"@type":"EntryPoint","urlTemplate":"https:\/\/fyno.pt\/?s={search_term_string}"},"query-input":{"@type":"PropertyValueSpecification","valueRequired":true,"valueName":"search_term_string"}}],"inLanguage":"pt-PT"},{"@type":"Person","@id":"https:\/\/fyno.pt\/#\/schema\/person\/ab5b330ed5ed05f1b4a7b8e438f68187","name":"Fyno","image":{"@type":"ImageObject","inLanguage":"pt-PT","@id":"https:\/\/fyno.pt\/wp-content\/litespeed\/avatar\/8f51870e8d94c234e288da840d914372.jpg?ver=1788205134","url":"https:\/\/fyno.pt\/wp-content\/litespeed\/avatar\/8f51870e8d94c234e288da840d914372.jpg?ver=1788205134","contentUrl":"https:\/\/fyno.pt\/wp-content\/litespeed\/avatar\/8f51870e8d94c234e288da840d914372.jpg?ver=1788205134","caption":"Fyno"},"description":"A sua fonte de informa\u00e7\u00e3o.","url":"https:\/\/fyno.pt\/pt\/author\/fynopt\/"}]}},"_links":{"self":[{"href":"https:\/\/fyno.pt\/pt\/wp-json\/wp\/v2\/posts\/43566","targetHints":{"allow":["GET"]}}],"collection":[{"href":"https:\/\/fyno.pt\/pt\/wp-json\/wp\/v2\/posts"}],"about":[{"href":"https:\/\/fyno.pt\/pt\/wp-json\/wp\/v2\/types\/post"}],"author":[{"embeddable":true,"href":"https:\/\/fyno.pt\/pt\/wp-json\/wp\/v2\/users\/9"}],"replies":[{"embeddable":true,"href":"https:\/\/fyno.pt\/pt\/wp-json\/wp\/v2\/comments?post=43566"}],"version-history":[{"count":1,"href":"https:\/\/fyno.pt\/pt\/wp-json\/wp\/v2\/posts\/43566\/revisions"}],"predecessor-version":[{"id":43568,"href":"https:\/\/fyno.pt\/pt\/wp-json\/wp\/v2\/posts\/43566\/revisions\/43568"}],"wp:featuredmedia":[{"embeddable":true,"href":"https:\/\/fyno.pt\/pt\/wp-json\/wp\/v2\/media\/43567"}],"wp:attachment":[{"href":"https:\/\/fyno.pt\/pt\/wp-json\/wp\/v2\/media?parent=43566"}],"wp:term":[{"taxonomy":"category","embeddable":true,"href":"https:\/\/fyno.pt\/pt\/wp-json\/wp\/v2\/categories?post=43566"},{"taxonomy":"post_tag","embeddable":true,"href":"https:\/\/fyno.pt\/pt\/wp-json\/wp\/v2\/tags?post=43566"}],"curies":[{"name":"wp","href":"https:\/\/api.w.org\/{rel}","templated":true}]}}