{"id":43563,"date":"2026-09-02T05:18:42","date_gmt":"2026-09-02T08:18:42","guid":{"rendered":"https:\/\/fyno.pt\/?p=43563"},"modified":"2026-09-02T05:18:42","modified_gmt":"2026-09-02T08:18:42","slug":"fatura-luz-compartilhamento-energia","status":"publish","type":"post","link":"https:\/\/fyno.pt\/pt\/news\/fatura-luz-compartilhamento-energia\/","title":{"rendered":"A fatura da luz e a import\u00e2ncia do compartilhamento de energia"},"content":{"rendered":"<p>A quest\u00e3o da fatura de energia el\u00e9trica pode ter solu\u00e7\u00f5es inesperadas, como a coopera\u00e7\u00e3o entre vizinhos na gera\u00e7\u00e3o de energia. Essa pr\u00e1tica, al\u00e9m de ajudar a reduzir custos, pode criar um sentido de comunidade e fortalecer la\u00e7os. A troca de experi\u00eancias sobre o uso de energia solar, por exemplo, pode levar a um entendimento melhor sobre como cada um pode contribuir para o coletivo.<\/p>\n\n\n\n<h2 class=\"wp-block-heading\">Coopera\u00e7\u00e3o entre vizinhos<\/h2>\n\n\n\n<p>Nos dias atuais, muitos est\u00e3o buscando alternativas para diminuir suas despesas. Um caminho vi\u00e1vel \u00e9 a gera\u00e7\u00e3o de energia em conjunto. Quando os vizinhos se unem para instalar pain\u00e9is solares, n\u00e3o apenas compartilham os custos, mas tamb\u00e9m dividem os benef\u00edcios. Essa colabora\u00e7\u00e3o pode resultar em faturas mais baixas e uma maior efici\u00eancia no uso da energia.<\/p>\n\n\n\n<h2 class=\"wp-block-heading\">Benef\u00edcios da energia solar<\/h2>\n\n\n\n<p>A energia solar \u00e9 uma das fontes renov\u00e1veis mais acess\u00edveis e com potencial de crescimento. Com a instala\u00e7\u00e3o de pain\u00e9is solares, os moradores podem n\u00e3o s\u00f3 reduzir suas contas, mas tamb\u00e9m contribuir para um ambiente mais sustent\u00e1vel. Essa atitude n\u00e3o \u00e9 apenas uma solu\u00e7\u00e3o financeira, mas tamb\u00e9m um passo em dire\u00e7\u00e3o \u00e0 preserva\u00e7\u00e3o do planeta.<\/p>\n\n\n\n<p>Al\u00e9m dos benef\u00edcios econ\u00f4micos, a gera\u00e7\u00e3o de energia solar pode fomentar a solidariedade e a colabora\u00e7\u00e3o entre os moradores. Com o compartilhamento de recursos e conhecimentos, \u00e9 poss\u00edvel criar uma rede de apoio que transforma a din\u00e2mica da vizinhan\u00e7a. Os vizinhos podem se ajudar mutuamente, n\u00e3o apenas financeiramente, mas tamb\u00e9m na troca de informa\u00e7\u00f5es sobre melhores pr\u00e1ticas na utiliza\u00e7\u00e3o da energia.<\/p>\n\n\n\n<p>A reflex\u00e3o sobre a fatura da luz nos leva a pensar em alternativas que n\u00e3o estejam restritas ao indiv\u00edduo. Ao olhar para a vizinhan\u00e7a como um todo, as pessoas podem encontrar solu\u00e7\u00f5es mais eficazes e sustent\u00e1veis. Essa abordagem colaborativa pode ser um modelo a ser seguido, mostrando que, muitas vezes, as respostas para os desafios est\u00e3o mais pr\u00f3ximas do que imaginamos.<\/p>","protected":false},"excerpt":{"rendered":"<p>Reflex\u00f5es sobre a gera\u00e7\u00e3o de energia e seus impactos na comunidade<\/p>","protected":false},"author":9,"featured_media":43564,"comment_status":"open","ping_status":"open","sticky":false,"template":"","format":"standard","meta":{"footnotes":""},"categories":[560],"tags":[2027,2029,1855,2028,1963],"class_list":["post-43563","post","type-post","status-publish","format-standard","has-post-thumbnail","hentry","category-news","tag-comunidade","tag-cooperacao","tag-energia","tag-energia-solar","tag-sustentabilidade"],"yoast_head":"<!-- This site is optimized with the Yoast SEO Premium plugin v27.9 (Yoast SEO v27.9) - https:\/\/yoast.com\/product\/yoast-seo-premium-wordpress\/ -->\n<title>como a coopera\u00e7\u00e3o entre vizinhos pode ajudar na fatura da luz<\/title>\n<meta name=\"description\" content=\"A fatura da luz pode ser reduzida com a coopera\u00e7\u00e3o entre vizinhos na gera\u00e7\u00e3o de energia solar, fortalecendo la\u00e7os comunit\u00e1rios.\" \/>\n<meta name=\"robots\" content=\"index, follow, max-snippet:-1, max-image-preview:large, max-video-preview:-1\" \/>\n<link rel=\"canonical\" href=\"https:\/\/fyno.pt\/pt\/news\/fatura-luz-compartilhamento-energia\/\" \/>\n<meta property=\"og:locale\" content=\"pt_PT\" \/>\n<meta property=\"og:type\" content=\"article\" \/>\n<meta property=\"og:title\" content=\"A fatura da luz e a import\u00e2ncia do compartilhamento de energia\" \/>\n<meta property=\"og:description\" content=\"A fatura da luz pode ser reduzida com a coopera\u00e7\u00e3o entre vizinhos na gera\u00e7\u00e3o de energia solar, fortalecendo la\u00e7os comunit\u00e1rios.\" \/>\n<meta property=\"og:url\" content=\"https:\/\/fyno.pt\/pt\/news\/fatura-luz-compartilhamento-energia\/\" \/>\n<meta property=\"og:site_name\" content=\"Fyno\" \/>\n<meta property=\"article:published_time\" content=\"2026-09-02T08:18:42+00:00\" \/>\n<meta property=\"og:image\" content=\"https:\/\/fyno.pt\/wp-content\/uploads\/2026\/09\/Andre-Pedro-e1788192174386-1536x851-1.png\" \/>\n\t<meta property=\"og:image:width\" content=\"1200\" \/>\n\t<meta property=\"og:image:height\" content=\"800\" \/>\n\t<meta property=\"og:image:type\" content=\"image\/webp\" \/>\n<meta name=\"author\" content=\"Fyno\" \/>\n<meta name=\"twitter:card\" content=\"summary_large_image\" \/>\n<meta name=\"twitter:label1\" content=\"Escrito por\" \/>\n\t<meta name=\"twitter:data1\" content=\"Fyno\" \/>\n\t<meta name=\"twitter:label2\" content=\"Tempo estimado de leitura\" \/>\n\t<meta name=\"twitter:data2\" content=\"2 minutos\" \/>\n<script type=\"application\/ld+json\" class=\"yoast-schema-graph\">{\"@context\":\"https:\\\/\\\/schema.org\",\"@graph\":[{\"@type\":\"Article\",\"@id\":\"https:\\\/\\\/fyno.pt\\\/news\\\/fatura-luz-compartilhamento-energia\\\/#article\",\"isPartOf\":{\"@id\":\"https:\\\/\\\/fyno.pt\\\/news\\\/fatura-luz-compartilhamento-energia\\\/\"},\"author\":{\"name\":\"Fyno\",\"@id\":\"https:\\\/\\\/fyno.pt\\\/#\\\/schema\\\/person\\\/ab5b330ed5ed05f1b4a7b8e438f68187\"},\"headline\":\"A fatura da luz e a import\u00e2ncia do compartilhamento de energia\",\"datePublished\":\"2026-09-02T08:18:42+00:00\",\"mainEntityOfPage\":{\"@id\":\"https:\\\/\\\/fyno.pt\\\/news\\\/fatura-luz-compartilhamento-energia\\\/\"},\"wordCount\":364,\"commentCount\":0,\"image\":{\"@id\":\"https:\\\/\\\/fyno.pt\\\/news\\\/fatura-luz-compartilhamento-energia\\\/#primaryimage\"},\"thumbnailUrl\":\"https:\\\/\\\/fyno.pt\\\/wp-content\\\/uploads\\\/2026\\\/09\\\/Andre-Pedro-e1788192174386-1536x851-1.png\",\"keywords\":[\"comunidade\",\"cooperacao\",\"energia\",\"energia solar\",\"sustentabilidade\"],\"articleSection\":[\"News\"],\"inLanguage\":\"pt-PT\",\"potentialAction\":[{\"@type\":\"CommentAction\",\"name\":\"Comment\",\"target\":[\"https:\\\/\\\/fyno.pt\\\/news\\\/fatura-luz-compartilhamento-energia\\\/#respond\"]}]},{\"@type\":\"WebPage\",\"@id\":\"https:\\\/\\\/fyno.pt\\\/news\\\/fatura-luz-compartilhamento-energia\\\/\",\"url\":\"https:\\\/\\\/fyno.pt\\\/news\\\/fatura-luz-compartilhamento-energia\\\/\",\"name\":\"como a coopera\u00e7\u00e3o entre vizinhos pode ajudar na fatura da luz\",\"isPartOf\":{\"@id\":\"https:\\\/\\\/fyno.pt\\\/#website\"},\"primaryImageOfPage\":{\"@id\":\"https:\\\/\\\/fyno.pt\\\/news\\\/fatura-luz-compartilhamento-energia\\\/#primaryimage\"},\"image\":{\"@id\":\"https:\\\/\\\/fyno.pt\\\/news\\\/fatura-luz-compartilhamento-energia\\\/#primaryimage\"},\"thumbnailUrl\":\"https:\\\/\\\/fyno.pt\\\/wp-content\\\/uploads\\\/2026\\\/09\\\/Andre-Pedro-e1788192174386-1536x851-1.png\",\"datePublished\":\"2026-09-02T08:18:42+00:00\",\"author\":{\"@id\":\"https:\\\/\\\/fyno.pt\\\/#\\\/schema\\\/person\\\/ab5b330ed5ed05f1b4a7b8e438f68187\"},\"description\":\"A fatura da luz pode ser reduzida com a coopera\u00e7\u00e3o entre vizinhos na gera\u00e7\u00e3o de energia solar, fortalecendo la\u00e7os comunit\u00e1rios.\",\"breadcrumb\":{\"@id\":\"https:\\\/\\\/fyno.pt\\\/news\\\/fatura-luz-compartilhamento-energia\\\/#breadcrumb\"},\"inLanguage\":\"pt-PT\",\"potentialAction\":[{\"@type\":\"ReadAction\",\"target\":[\"https:\\\/\\\/fyno.pt\\\/news\\\/fatura-luz-compartilhamento-energia\\\/\"]}]},{\"@type\":\"ImageObject\",\"inLanguage\":\"pt-PT\",\"@id\":\"https:\\\/\\\/fyno.pt\\\/news\\\/fatura-luz-compartilhamento-energia\\\/#primaryimage\",\"url\":\"https:\\\/\\\/fyno.pt\\\/wp-content\\\/uploads\\\/2026\\\/09\\\/Andre-Pedro-e1788192174386-1536x851-1.png\",\"contentUrl\":\"https:\\\/\\\/fyno.pt\\\/wp-content\\\/uploads\\\/2026\\\/09\\\/Andre-Pedro-e1788192174386-1536x851-1.png\",\"width\":1200,\"height\":800,\"caption\":\"A fatura da luz tamb\u00e9m se resolve no telhado do vizinho\"},{\"@type\":\"BreadcrumbList\",\"@id\":\"https:\\\/\\\/fyno.pt\\\/news\\\/fatura-luz-compartilhamento-energia\\\/#breadcrumb\",\"itemListElement\":[{\"@type\":\"ListItem\",\"position\":1,\"name\":\"In\u00edcio\",\"item\":\"https:\\\/\\\/fyno.pt\\\/\"},{\"@type\":\"ListItem\",\"position\":2,\"name\":\"A fatura da luz e a import\u00e2ncia do compartilhamento de energia\"}]},{\"@type\":\"WebSite\",\"@id\":\"https:\\\/\\\/fyno.pt\\\/#website\",\"url\":\"https:\\\/\\\/fyno.pt\\\/\",\"name\":\"Fyno\",\"description\":\"Not\u00edcia e informa\u00e7\u00e3o\",\"potentialAction\":[{\"@type\":\"SearchAction\",\"target\":{\"@type\":\"EntryPoint\",\"urlTemplate\":\"https:\\\/\\\/fyno.pt\\\/?s={search_term_string}\"},\"query-input\":{\"@type\":\"PropertyValueSpecification\",\"valueRequired\":true,\"valueName\":\"search_term_string\"}}],\"inLanguage\":\"pt-PT\"},{\"@type\":\"Person\",\"@id\":\"https:\\\/\\\/fyno.pt\\\/#\\\/schema\\\/person\\\/ab5b330ed5ed05f1b4a7b8e438f68187\",\"name\":\"Fyno\",\"image\":{\"@type\":\"ImageObject\",\"inLanguage\":\"pt-PT\",\"@id\":\"https:\\\/\\\/fyno.pt\\\/wp-content\\\/litespeed\\\/avatar\\\/8f51870e8d94c234e288da840d914372.jpg?ver=1788205134\",\"url\":\"https:\\\/\\\/fyno.pt\\\/wp-content\\\/litespeed\\\/avatar\\\/8f51870e8d94c234e288da840d914372.jpg?ver=1788205134\",\"contentUrl\":\"https:\\\/\\\/fyno.pt\\\/wp-content\\\/litespeed\\\/avatar\\\/8f51870e8d94c234e288da840d914372.jpg?ver=1788205134\",\"caption\":\"Fyno\"},\"description\":\"A sua fonte de informa\u00e7\u00e3o.\",\"url\":\"https:\\\/\\\/fyno.pt\\\/pt\\\/author\\\/fynopt\\\/\"}]}<\/script>\n<!-- \/ Yoast SEO Premium plugin. -->","yoast_head_json":{"title":"como a coopera\u00e7\u00e3o entre vizinhos pode ajudar na fatura da luz","description":"A fatura da luz pode ser reduzida com a coopera\u00e7\u00e3o entre vizinhos na gera\u00e7\u00e3o de energia solar, fortalecendo la\u00e7os comunit\u00e1rios.","robots":{"index":"index","follow":"follow","max-snippet":"max-snippet:-1","max-image-preview":"max-image-preview:large","max-video-preview":"max-video-preview:-1"},"canonical":"https:\/\/fyno.pt\/pt\/news\/fatura-luz-compartilhamento-energia\/","og_locale":"pt_PT","og_type":"article","og_title":"A fatura da luz e a import\u00e2ncia do compartilhamento de energia","og_description":"A fatura da luz pode ser reduzida com a coopera\u00e7\u00e3o entre vizinhos na gera\u00e7\u00e3o de energia solar, fortalecendo la\u00e7os comunit\u00e1rios.","og_url":"https:\/\/fyno.pt\/pt\/news\/fatura-luz-compartilhamento-energia\/","og_site_name":"Fyno","article_published_time":"2026-09-02T08:18:42+00:00","og_image":[{"width":1200,"height":800,"url":"https:\/\/fyno.pt\/wp-content\/uploads\/2026\/09\/Andre-Pedro-e1788192174386-1536x851-1.png","type":"image\/webp"}],"author":"Fyno","twitter_card":"summary_large_image","twitter_misc":{"Escrito por":"Fyno","Tempo estimado de leitura":"2 minutos"},"schema":{"@context":"https:\/\/schema.org","@graph":[{"@type":"Article","@id":"https:\/\/fyno.pt\/news\/fatura-luz-compartilhamento-energia\/#article","isPartOf":{"@id":"https:\/\/fyno.pt\/news\/fatura-luz-compartilhamento-energia\/"},"author":{"name":"Fyno","@id":"https:\/\/fyno.pt\/#\/schema\/person\/ab5b330ed5ed05f1b4a7b8e438f68187"},"headline":"A fatura da luz e a import\u00e2ncia do compartilhamento de energia","datePublished":"2026-09-02T08:18:42+00:00","mainEntityOfPage":{"@id":"https:\/\/fyno.pt\/news\/fatura-luz-compartilhamento-energia\/"},"wordCount":364,"commentCount":0,"image":{"@id":"https:\/\/fyno.pt\/news\/fatura-luz-compartilhamento-energia\/#primaryimage"},"thumbnailUrl":"https:\/\/fyno.pt\/wp-content\/uploads\/2026\/09\/Andre-Pedro-e1788192174386-1536x851-1.png","keywords":["comunidade","cooperacao","energia","energia solar","sustentabilidade"],"articleSection":["News"],"inLanguage":"pt-PT","potentialAction":[{"@type":"CommentAction","name":"Comment","target":["https:\/\/fyno.pt\/news\/fatura-luz-compartilhamento-energia\/#respond"]}]},{"@type":"WebPage","@id":"https:\/\/fyno.pt\/news\/fatura-luz-compartilhamento-energia\/","url":"https:\/\/fyno.pt\/news\/fatura-luz-compartilhamento-energia\/","name":"como a coopera\u00e7\u00e3o entre vizinhos pode ajudar na fatura da luz","isPartOf":{"@id":"https:\/\/fyno.pt\/#website"},"primaryImageOfPage":{"@id":"https:\/\/fyno.pt\/news\/fatura-luz-compartilhamento-energia\/#primaryimage"},"image":{"@id":"https:\/\/fyno.pt\/news\/fatura-luz-compartilhamento-energia\/#primaryimage"},"thumbnailUrl":"https:\/\/fyno.pt\/wp-content\/uploads\/2026\/09\/Andre-Pedro-e1788192174386-1536x851-1.png","datePublished":"2026-09-02T08:18:42+00:00","author":{"@id":"https:\/\/fyno.pt\/#\/schema\/person\/ab5b330ed5ed05f1b4a7b8e438f68187"},"description":"A fatura da luz pode ser reduzida com a coopera\u00e7\u00e3o entre vizinhos na gera\u00e7\u00e3o de energia solar, fortalecendo la\u00e7os comunit\u00e1rios.","breadcrumb":{"@id":"https:\/\/fyno.pt\/news\/fatura-luz-compartilhamento-energia\/#breadcrumb"},"inLanguage":"pt-PT","potentialAction":[{"@type":"ReadAction","target":["https:\/\/fyno.pt\/news\/fatura-luz-compartilhamento-energia\/"]}]},{"@type":"ImageObject","inLanguage":"pt-PT","@id":"https:\/\/fyno.pt\/news\/fatura-luz-compartilhamento-energia\/#primaryimage","url":"https:\/\/fyno.pt\/wp-content\/uploads\/2026\/09\/Andre-Pedro-e1788192174386-1536x851-1.png","contentUrl":"https:\/\/fyno.pt\/wp-content\/uploads\/2026\/09\/Andre-Pedro-e1788192174386-1536x851-1.png","width":1200,"height":800,"caption":"A fatura da luz tamb\u00e9m se resolve no telhado do vizinho"},{"@type":"BreadcrumbList","@id":"https:\/\/fyno.pt\/news\/fatura-luz-compartilhamento-energia\/#breadcrumb","itemListElement":[{"@type":"ListItem","position":1,"name":"In\u00edcio","item":"https:\/\/fyno.pt\/"},{"@type":"ListItem","position":2,"name":"A fatura da luz e a import\u00e2ncia do compartilhamento de energia"}]},{"@type":"WebSite","@id":"https:\/\/fyno.pt\/#website","url":"https:\/\/fyno.pt\/","name":"Fyno","description":"Not\u00edcia e informa\u00e7\u00e3o","potentialAction":[{"@type":"SearchAction","target":{"@type":"EntryPoint","urlTemplate":"https:\/\/fyno.pt\/?s={search_term_string}"},"query-input":{"@type":"PropertyValueSpecification","valueRequired":true,"valueName":"search_term_string"}}],"inLanguage":"pt-PT"},{"@type":"Person","@id":"https:\/\/fyno.pt\/#\/schema\/person\/ab5b330ed5ed05f1b4a7b8e438f68187","name":"Fyno","image":{"@type":"ImageObject","inLanguage":"pt-PT","@id":"https:\/\/fyno.pt\/wp-content\/litespeed\/avatar\/8f51870e8d94c234e288da840d914372.jpg?ver=1788205134","url":"https:\/\/fyno.pt\/wp-content\/litespeed\/avatar\/8f51870e8d94c234e288da840d914372.jpg?ver=1788205134","contentUrl":"https:\/\/fyno.pt\/wp-content\/litespeed\/avatar\/8f51870e8d94c234e288da840d914372.jpg?ver=1788205134","caption":"Fyno"},"description":"A sua fonte de informa\u00e7\u00e3o.","url":"https:\/\/fyno.pt\/pt\/author\/fynopt\/"}]}},"_links":{"self":[{"href":"https:\/\/fyno.pt\/pt\/wp-json\/wp\/v2\/posts\/43563","targetHints":{"allow":["GET"]}}],"collection":[{"href":"https:\/\/fyno.pt\/pt\/wp-json\/wp\/v2\/posts"}],"about":[{"href":"https:\/\/fyno.pt\/pt\/wp-json\/wp\/v2\/types\/post"}],"author":[{"embeddable":true,"href":"https:\/\/fyno.pt\/pt\/wp-json\/wp\/v2\/users\/9"}],"replies":[{"embeddable":true,"href":"https:\/\/fyno.pt\/pt\/wp-json\/wp\/v2\/comments?post=43563"}],"version-history":[{"count":1,"href":"https:\/\/fyno.pt\/pt\/wp-json\/wp\/v2\/posts\/43563\/revisions"}],"predecessor-version":[{"id":43565,"href":"https:\/\/fyno.pt\/pt\/wp-json\/wp\/v2\/posts\/43563\/revisions\/43565"}],"wp:featuredmedia":[{"embeddable":true,"href":"https:\/\/fyno.pt\/pt\/wp-json\/wp\/v2\/media\/43564"}],"wp:attachment":[{"href":"https:\/\/fyno.pt\/pt\/wp-json\/wp\/v2\/media?parent=43563"}],"wp:term":[{"taxonomy":"category","embeddable":true,"href":"https:\/\/fyno.pt\/pt\/wp-json\/wp\/v2\/categories?post=43563"},{"taxonomy":"post_tag","embeddable":true,"href":"https:\/\/fyno.pt\/pt\/wp-json\/wp\/v2\/tags?post=43563"}],"curies":[{"name":"wp","href":"https:\/\/api.w.org\/{rel}","templated":true}]}}