{"id":43560,"date":"2026-09-02T05:18:02","date_gmt":"2026-09-02T08:18:02","guid":{"rendered":"https:\/\/fyno.pt\/?p=43560"},"modified":"2026-09-02T05:18:02","modified_gmt":"2026-09-02T08:18:02","slug":"calor-intenso-setembro-braga","status":"publish","type":"post","link":"https:\/\/fyno.pt\/pt\/mundo\/calor-intenso-setembro-braga\/","title":{"rendered":"Calor intenso nos primeiros dias de setembro: Braga pode chegar a 35 graus"},"content":{"rendered":"<p>Os primeiros dias de setembro trazem um retorno do calor intenso, especialmente em Braga, onde as temperaturas devem alcan\u00e7ar at\u00e9 35 graus Celsius na sexta-feira, conforme as previs\u00f5es do Instituto Portugu\u00eas do Mar e da Atmosfera (IPMA).<\/p>\n\n\n\n<h2 class=\"wp-block-heading\">Previs\u00f5es de temperatura<\/h2>\n\n\n\n<p>Para hoje, a temperatura m\u00e1xima em Braga \u00e9 estimada em 32\u00baC, com um leve aumento para 34\u00baC na quinta-feira. J\u00e1 na sexta-feira, a cidade atingir\u00e1 o pico de 35\u00baC. No s\u00e1bado, no entanto, a temperatura m\u00e1xima deve cair para 30\u00baC e, no domingo, para 28\u00baC. As m\u00ednimas tamb\u00e9m estar\u00e3o elevadas, variando entre 15\u00baC e 16\u00baC.<\/p>\n\n\n\n<h2 class=\"wp-block-heading\">Situa\u00e7\u00e3o em Viana do Castelo<\/h2>\n\n\n\n<p>Em Viana do Castelo, que costuma ter um clima mais ameno, a m\u00e1xima prevista para a sexta-feira \u00e9 de 29\u00baC, com uma queda para 23\u00baC no domingo. As m\u00ednimas nesta regi\u00e3o tamb\u00e9m dever\u00e3o se elevar, alcan\u00e7ando cerca de 16\u00baC.<\/p>\n\n\n\n<h2 class=\"wp-block-heading\">Aviso amarelo e risco de inc\u00eandios<\/h2>\n\n\n\n<p>Onze distritos do continente estar\u00e3o sob aviso amarelo nesta quinta e sexta-feira, devido ao calor excessivo. O aviso abrange os distritos de Bragan\u00e7a, Viseu, \u00c9vora, Guarda, Vila Real, Set\u00fabal, Santar\u00e9m, Lisboa, Beja, Castelo Branco e Portalegre, e estar\u00e1 em vigor das 10h de quinta-feira at\u00e9 as 19h de sexta-feira.<\/p>\n\n\n\n<p>O aviso amarelo \u00e9 o menos grave de uma escala de tr\u00eas e \u00e9 emitido quando h\u00e1 riscos para certas atividades que dependem das condi\u00e7\u00f5es meteorol\u00f3gicas. Al\u00e9m disso, 30 concelhos nos distritos de Bragan\u00e7a, Guarda, Coimbra, Castelo Branco, Santar\u00e9m, Portalegre e Faro est\u00e3o em perigo muito elevado de inc\u00eandio rural. Na quinta-feira, o risco de inc\u00eandios dever\u00e1 aumentar, especialmente nas regi\u00f5es do interior Norte e Centro, Alentejo e Algarve.<\/p>\n\n\n\n<p>O IPMA prev\u00ea para quinta-feira temperaturas m\u00e1ximas entre 34 e 38 graus na maior parte do territ\u00f3rio, com algumas \u00e1reas no interior sul da Serra da Estrela podendo atingir at\u00e9 40 a 42 graus. As temperaturas na faixa costeira ser\u00e3o ligeiramente mais amenas, variando entre 25\/26 graus e 30\/31 graus, especialmente na regi\u00e3o sul.<\/p>\n\n\n\n<p>Al\u00e9m do calor, h\u00e1 a possibilidade de poeiras do Norte da \u00c1frica afetarem as regi\u00f5es mais ao sul na quinta-feira.<\/p>","protected":false},"excerpt":{"rendered":"<p>Temperaturas elevadas s\u00e3o esperadas em Braga e em outros distritos at\u00e9 o final da semana.<\/p>","protected":false},"author":9,"featured_media":43561,"comment_status":"open","ping_status":"open","sticky":false,"template":"","format":"standard","meta":{"footnotes":""},"categories":[51],"tags":[1841,2024,2022,2025,2026],"class_list":["post-43560","post","type-post","status-publish","format-standard","has-post-thumbnail","hentry","category-mundo","tag-braga","tag-calor","tag-incendios","tag-previsao-do-tempo","tag-setembro"],"yoast_head":"<!-- This site is optimized with the Yoast SEO Premium plugin v27.9 (Yoast SEO v27.9) - https:\/\/yoast.com\/product\/yoast-seo-premium-wordpress\/ -->\n<title>Braga pode registrar 35 graus na sexta-feira<\/title>\n<meta name=\"description\" content=\"Calor intenso em setembro: Braga pode alcan\u00e7ar 35 graus na sexta-feira, com aviso amarelo em onze distritos.\" \/>\n<meta name=\"robots\" content=\"index, follow, max-snippet:-1, max-image-preview:large, max-video-preview:-1\" \/>\n<link rel=\"canonical\" href=\"https:\/\/fyno.pt\/pt\/mundo\/calor-intenso-setembro-braga\/\" \/>\n<meta property=\"og:locale\" content=\"pt_PT\" \/>\n<meta property=\"og:type\" content=\"article\" \/>\n<meta property=\"og:title\" content=\"Calor intenso nos primeiros dias de setembro: Braga pode chegar a 35 graus\" \/>\n<meta property=\"og:description\" content=\"Calor intenso em setembro: Braga pode alcan\u00e7ar 35 graus na sexta-feira, com aviso amarelo em onze distritos.\" \/>\n<meta property=\"og:url\" content=\"https:\/\/fyno.pt\/pt\/mundo\/calor-intenso-setembro-braga\/\" \/>\n<meta property=\"og:site_name\" content=\"Fyno\" \/>\n<meta property=\"article:published_time\" content=\"2026-09-02T08:18:02+00:00\" \/>\n<meta property=\"og:image\" content=\"https:\/\/fyno.pt\/wp-content\/uploads\/2026\/09\/calor-praia-fluvial-adaufe-verao-1160x630-1.jpg\" \/>\n\t<meta property=\"og:image:width\" content=\"1160\" \/>\n\t<meta property=\"og:image:height\" content=\"630\" \/>\n\t<meta property=\"og:image:type\" content=\"image\/jpeg\" \/>\n<meta name=\"author\" content=\"Fyno\" \/>\n<meta name=\"twitter:card\" content=\"summary_large_image\" \/>\n<meta name=\"twitter:label1\" content=\"Escrito por\" \/>\n\t<meta name=\"twitter:data1\" content=\"Fyno\" \/>\n\t<meta name=\"twitter:label2\" content=\"Tempo estimado de leitura\" \/>\n\t<meta name=\"twitter:data2\" content=\"2 minutos\" \/>\n<script type=\"application\/ld+json\" class=\"yoast-schema-graph\">{\"@context\":\"https:\\\/\\\/schema.org\",\"@graph\":[{\"@type\":\"Article\",\"@id\":\"https:\\\/\\\/fyno.pt\\\/mundo\\\/calor-intenso-setembro-braga\\\/#article\",\"isPartOf\":{\"@id\":\"https:\\\/\\\/fyno.pt\\\/mundo\\\/calor-intenso-setembro-braga\\\/\"},\"author\":{\"name\":\"Fyno\",\"@id\":\"https:\\\/\\\/fyno.pt\\\/#\\\/schema\\\/person\\\/ab5b330ed5ed05f1b4a7b8e438f68187\"},\"headline\":\"Calor intenso nos primeiros dias de setembro: Braga pode chegar a 35 graus\",\"datePublished\":\"2026-09-02T08:18:02+00:00\",\"mainEntityOfPage\":{\"@id\":\"https:\\\/\\\/fyno.pt\\\/mundo\\\/calor-intenso-setembro-braga\\\/\"},\"wordCount\":375,\"commentCount\":0,\"image\":{\"@id\":\"https:\\\/\\\/fyno.pt\\\/mundo\\\/calor-intenso-setembro-braga\\\/#primaryimage\"},\"thumbnailUrl\":\"https:\\\/\\\/fyno.pt\\\/wp-content\\\/uploads\\\/2026\\\/09\\\/calor-praia-fluvial-adaufe-verao-1160x630-1.jpg\",\"keywords\":[\"Braga\",\"calor\",\"inc\u00eandios\",\"previs\u00e3o do tempo\",\"setembro\"],\"articleSection\":[\"Mundo\"],\"inLanguage\":\"pt-PT\",\"potentialAction\":[{\"@type\":\"CommentAction\",\"name\":\"Comment\",\"target\":[\"https:\\\/\\\/fyno.pt\\\/mundo\\\/calor-intenso-setembro-braga\\\/#respond\"]}]},{\"@type\":\"WebPage\",\"@id\":\"https:\\\/\\\/fyno.pt\\\/mundo\\\/calor-intenso-setembro-braga\\\/\",\"url\":\"https:\\\/\\\/fyno.pt\\\/mundo\\\/calor-intenso-setembro-braga\\\/\",\"name\":\"Braga pode registrar 35 graus na sexta-feira\",\"isPartOf\":{\"@id\":\"https:\\\/\\\/fyno.pt\\\/#website\"},\"primaryImageOfPage\":{\"@id\":\"https:\\\/\\\/fyno.pt\\\/mundo\\\/calor-intenso-setembro-braga\\\/#primaryimage\"},\"image\":{\"@id\":\"https:\\\/\\\/fyno.pt\\\/mundo\\\/calor-intenso-setembro-braga\\\/#primaryimage\"},\"thumbnailUrl\":\"https:\\\/\\\/fyno.pt\\\/wp-content\\\/uploads\\\/2026\\\/09\\\/calor-praia-fluvial-adaufe-verao-1160x630-1.jpg\",\"datePublished\":\"2026-09-02T08:18:02+00:00\",\"author\":{\"@id\":\"https:\\\/\\\/fyno.pt\\\/#\\\/schema\\\/person\\\/ab5b330ed5ed05f1b4a7b8e438f68187\"},\"description\":\"Calor intenso em setembro: Braga pode alcan\u00e7ar 35 graus na sexta-feira, com aviso amarelo em onze distritos.\",\"breadcrumb\":{\"@id\":\"https:\\\/\\\/fyno.pt\\\/mundo\\\/calor-intenso-setembro-braga\\\/#breadcrumb\"},\"inLanguage\":\"pt-PT\",\"potentialAction\":[{\"@type\":\"ReadAction\",\"target\":[\"https:\\\/\\\/fyno.pt\\\/mundo\\\/calor-intenso-setembro-braga\\\/\"]}]},{\"@type\":\"ImageObject\",\"inLanguage\":\"pt-PT\",\"@id\":\"https:\\\/\\\/fyno.pt\\\/mundo\\\/calor-intenso-setembro-braga\\\/#primaryimage\",\"url\":\"https:\\\/\\\/fyno.pt\\\/wp-content\\\/uploads\\\/2026\\\/09\\\/calor-praia-fluvial-adaufe-verao-1160x630-1.jpg\",\"contentUrl\":\"https:\\\/\\\/fyno.pt\\\/wp-content\\\/uploads\\\/2026\\\/09\\\/calor-praia-fluvial-adaufe-verao-1160x630-1.jpg\",\"width\":1160,\"height\":630,\"caption\":\"CM Braga \\\/ Arquivo\"},{\"@type\":\"BreadcrumbList\",\"@id\":\"https:\\\/\\\/fyno.pt\\\/mundo\\\/calor-intenso-setembro-braga\\\/#breadcrumb\",\"itemListElement\":[{\"@type\":\"ListItem\",\"position\":1,\"name\":\"In\u00edcio\",\"item\":\"https:\\\/\\\/fyno.pt\\\/\"},{\"@type\":\"ListItem\",\"position\":2,\"name\":\"Calor intenso nos primeiros dias de setembro: Braga pode chegar a 35 graus\"}]},{\"@type\":\"WebSite\",\"@id\":\"https:\\\/\\\/fyno.pt\\\/#website\",\"url\":\"https:\\\/\\\/fyno.pt\\\/\",\"name\":\"Fyno\",\"description\":\"Not\u00edcia e informa\u00e7\u00e3o\",\"potentialAction\":[{\"@type\":\"SearchAction\",\"target\":{\"@type\":\"EntryPoint\",\"urlTemplate\":\"https:\\\/\\\/fyno.pt\\\/?s={search_term_string}\"},\"query-input\":{\"@type\":\"PropertyValueSpecification\",\"valueRequired\":true,\"valueName\":\"search_term_string\"}}],\"inLanguage\":\"pt-PT\"},{\"@type\":\"Person\",\"@id\":\"https:\\\/\\\/fyno.pt\\\/#\\\/schema\\\/person\\\/ab5b330ed5ed05f1b4a7b8e438f68187\",\"name\":\"Fyno\",\"image\":{\"@type\":\"ImageObject\",\"inLanguage\":\"pt-PT\",\"@id\":\"https:\\\/\\\/fyno.pt\\\/wp-content\\\/litespeed\\\/avatar\\\/8f51870e8d94c234e288da840d914372.jpg?ver=1788205134\",\"url\":\"https:\\\/\\\/fyno.pt\\\/wp-content\\\/litespeed\\\/avatar\\\/8f51870e8d94c234e288da840d914372.jpg?ver=1788205134\",\"contentUrl\":\"https:\\\/\\\/fyno.pt\\\/wp-content\\\/litespeed\\\/avatar\\\/8f51870e8d94c234e288da840d914372.jpg?ver=1788205134\",\"caption\":\"Fyno\"},\"description\":\"A sua fonte de informa\u00e7\u00e3o.\",\"url\":\"https:\\\/\\\/fyno.pt\\\/pt\\\/author\\\/fynopt\\\/\"}]}<\/script>\n<!-- \/ Yoast SEO Premium plugin. -->","yoast_head_json":{"title":"Braga pode registrar 35 graus na sexta-feira","description":"Calor intenso em setembro: Braga pode alcan\u00e7ar 35 graus na sexta-feira, com aviso amarelo em onze distritos.","robots":{"index":"index","follow":"follow","max-snippet":"max-snippet:-1","max-image-preview":"max-image-preview:large","max-video-preview":"max-video-preview:-1"},"canonical":"https:\/\/fyno.pt\/pt\/mundo\/calor-intenso-setembro-braga\/","og_locale":"pt_PT","og_type":"article","og_title":"Calor intenso nos primeiros dias de setembro: Braga pode chegar a 35 graus","og_description":"Calor intenso em setembro: Braga pode alcan\u00e7ar 35 graus na sexta-feira, com aviso amarelo em onze distritos.","og_url":"https:\/\/fyno.pt\/pt\/mundo\/calor-intenso-setembro-braga\/","og_site_name":"Fyno","article_published_time":"2026-09-02T08:18:02+00:00","og_image":[{"width":1160,"height":630,"url":"https:\/\/fyno.pt\/wp-content\/uploads\/2026\/09\/calor-praia-fluvial-adaufe-verao-1160x630-1.jpg","type":"image\/jpeg"}],"author":"Fyno","twitter_card":"summary_large_image","twitter_misc":{"Escrito por":"Fyno","Tempo estimado de leitura":"2 minutos"},"schema":{"@context":"https:\/\/schema.org","@graph":[{"@type":"Article","@id":"https:\/\/fyno.pt\/mundo\/calor-intenso-setembro-braga\/#article","isPartOf":{"@id":"https:\/\/fyno.pt\/mundo\/calor-intenso-setembro-braga\/"},"author":{"name":"Fyno","@id":"https:\/\/fyno.pt\/#\/schema\/person\/ab5b330ed5ed05f1b4a7b8e438f68187"},"headline":"Calor intenso nos primeiros dias de setembro: Braga pode chegar a 35 graus","datePublished":"2026-09-02T08:18:02+00:00","mainEntityOfPage":{"@id":"https:\/\/fyno.pt\/mundo\/calor-intenso-setembro-braga\/"},"wordCount":375,"commentCount":0,"image":{"@id":"https:\/\/fyno.pt\/mundo\/calor-intenso-setembro-braga\/#primaryimage"},"thumbnailUrl":"https:\/\/fyno.pt\/wp-content\/uploads\/2026\/09\/calor-praia-fluvial-adaufe-verao-1160x630-1.jpg","keywords":["Braga","calor","inc\u00eandios","previs\u00e3o do tempo","setembro"],"articleSection":["Mundo"],"inLanguage":"pt-PT","potentialAction":[{"@type":"CommentAction","name":"Comment","target":["https:\/\/fyno.pt\/mundo\/calor-intenso-setembro-braga\/#respond"]}]},{"@type":"WebPage","@id":"https:\/\/fyno.pt\/mundo\/calor-intenso-setembro-braga\/","url":"https:\/\/fyno.pt\/mundo\/calor-intenso-setembro-braga\/","name":"Braga pode registrar 35 graus na sexta-feira","isPartOf":{"@id":"https:\/\/fyno.pt\/#website"},"primaryImageOfPage":{"@id":"https:\/\/fyno.pt\/mundo\/calor-intenso-setembro-braga\/#primaryimage"},"image":{"@id":"https:\/\/fyno.pt\/mundo\/calor-intenso-setembro-braga\/#primaryimage"},"thumbnailUrl":"https:\/\/fyno.pt\/wp-content\/uploads\/2026\/09\/calor-praia-fluvial-adaufe-verao-1160x630-1.jpg","datePublished":"2026-09-02T08:18:02+00:00","author":{"@id":"https:\/\/fyno.pt\/#\/schema\/person\/ab5b330ed5ed05f1b4a7b8e438f68187"},"description":"Calor intenso em setembro: Braga pode alcan\u00e7ar 35 graus na sexta-feira, com aviso amarelo em onze distritos.","breadcrumb":{"@id":"https:\/\/fyno.pt\/mundo\/calor-intenso-setembro-braga\/#breadcrumb"},"inLanguage":"pt-PT","potentialAction":[{"@type":"ReadAction","target":["https:\/\/fyno.pt\/mundo\/calor-intenso-setembro-braga\/"]}]},{"@type":"ImageObject","inLanguage":"pt-PT","@id":"https:\/\/fyno.pt\/mundo\/calor-intenso-setembro-braga\/#primaryimage","url":"https:\/\/fyno.pt\/wp-content\/uploads\/2026\/09\/calor-praia-fluvial-adaufe-verao-1160x630-1.jpg","contentUrl":"https:\/\/fyno.pt\/wp-content\/uploads\/2026\/09\/calor-praia-fluvial-adaufe-verao-1160x630-1.jpg","width":1160,"height":630,"caption":"CM Braga \/ Arquivo"},{"@type":"BreadcrumbList","@id":"https:\/\/fyno.pt\/mundo\/calor-intenso-setembro-braga\/#breadcrumb","itemListElement":[{"@type":"ListItem","position":1,"name":"In\u00edcio","item":"https:\/\/fyno.pt\/"},{"@type":"ListItem","position":2,"name":"Calor intenso nos primeiros dias de setembro: Braga pode chegar a 35 graus"}]},{"@type":"WebSite","@id":"https:\/\/fyno.pt\/#website","url":"https:\/\/fyno.pt\/","name":"Fyno","description":"Not\u00edcia e informa\u00e7\u00e3o","potentialAction":[{"@type":"SearchAction","target":{"@type":"EntryPoint","urlTemplate":"https:\/\/fyno.pt\/?s={search_term_string}"},"query-input":{"@type":"PropertyValueSpecification","valueRequired":true,"valueName":"search_term_string"}}],"inLanguage":"pt-PT"},{"@type":"Person","@id":"https:\/\/fyno.pt\/#\/schema\/person\/ab5b330ed5ed05f1b4a7b8e438f68187","name":"Fyno","image":{"@type":"ImageObject","inLanguage":"pt-PT","@id":"https:\/\/fyno.pt\/wp-content\/litespeed\/avatar\/8f51870e8d94c234e288da840d914372.jpg?ver=1788205134","url":"https:\/\/fyno.pt\/wp-content\/litespeed\/avatar\/8f51870e8d94c234e288da840d914372.jpg?ver=1788205134","contentUrl":"https:\/\/fyno.pt\/wp-content\/litespeed\/avatar\/8f51870e8d94c234e288da840d914372.jpg?ver=1788205134","caption":"Fyno"},"description":"A sua fonte de informa\u00e7\u00e3o.","url":"https:\/\/fyno.pt\/pt\/author\/fynopt\/"}]}},"_links":{"self":[{"href":"https:\/\/fyno.pt\/pt\/wp-json\/wp\/v2\/posts\/43560","targetHints":{"allow":["GET"]}}],"collection":[{"href":"https:\/\/fyno.pt\/pt\/wp-json\/wp\/v2\/posts"}],"about":[{"href":"https:\/\/fyno.pt\/pt\/wp-json\/wp\/v2\/types\/post"}],"author":[{"embeddable":true,"href":"https:\/\/fyno.pt\/pt\/wp-json\/wp\/v2\/users\/9"}],"replies":[{"embeddable":true,"href":"https:\/\/fyno.pt\/pt\/wp-json\/wp\/v2\/comments?post=43560"}],"version-history":[{"count":1,"href":"https:\/\/fyno.pt\/pt\/wp-json\/wp\/v2\/posts\/43560\/revisions"}],"predecessor-version":[{"id":43562,"href":"https:\/\/fyno.pt\/pt\/wp-json\/wp\/v2\/posts\/43560\/revisions\/43562"}],"wp:featuredmedia":[{"embeddable":true,"href":"https:\/\/fyno.pt\/pt\/wp-json\/wp\/v2\/media\/43561"}],"wp:attachment":[{"href":"https:\/\/fyno.pt\/pt\/wp-json\/wp\/v2\/media?parent=43560"}],"wp:term":[{"taxonomy":"category","embeddable":true,"href":"https:\/\/fyno.pt\/pt\/wp-json\/wp\/v2\/categories?post=43560"},{"taxonomy":"post_tag","embeddable":true,"href":"https:\/\/fyno.pt\/pt\/wp-json\/wp\/v2\/tags?post=43560"}],"curies":[{"name":"wp","href":"https:\/\/api.w.org\/{rel}","templated":true}]}}