{"id":43557,"date":"2026-09-02T04:48:01","date_gmt":"2026-09-02T07:48:01","guid":{"rendered":"https:\/\/fyno.pt\/?p=43557"},"modified":"2026-09-02T04:48:01","modified_gmt":"2026-09-02T07:48:01","slug":"incendios-florestais-negligencia-vinganca","status":"publish","type":"post","link":"https:\/\/fyno.pt\/pt\/news\/incendios-florestais-negligencia-vinganca\/","title":{"rendered":"Maioria dos inc\u00eandios florestais \u00e9 causada por neglig\u00eancia e vingan\u00e7a"},"content":{"rendered":"<p>A ideia de que a maioria das pessoas que provocam inc\u00eandios florestais sofre de doen\u00e7as psiqui\u00e1tricas \u00e9 um equ\u00edvoco. Pesquisas mostram que muitos desses inc\u00eandios s\u00e3o resultado de neglig\u00eancia, vingan\u00e7a ou outros fatores emocionais, e n\u00e3o de condi\u00e7\u00f5es mentais.<\/p>\n\n\n\n<h2 class=\"wp-block-heading\">Causas dos inc\u00eandios florestais<\/h2>\n\n\n\n<p>Dados recentes indicam que a maior parte dos inc\u00eandios n\u00e3o \u00e9 intencional, mas sim provocada por descuidos, como queimadas mal controladas ou fogueiras deixadas sem supervis\u00e3o. Al\u00e9m disso, h\u00e1 casos em que a motiva\u00e7\u00e3o pode ser a vingan\u00e7a, refletindo um problema social mais amplo.<\/p>\n\n\n\n<h2 class=\"wp-block-heading\">Desmistificando a rela\u00e7\u00e3o com doen\u00e7as mentais<\/h2>\n\n\n\n<p>A associa\u00e7\u00e3o entre o comportamento de provocar inc\u00eandios e doen\u00e7as psiqui\u00e1tricas tem sido amplamente debatida. Especialistas alertam que essa vis\u00e3o pode estigmatizar pessoas com problemas de sa\u00fade mental, que na verdade n\u00e3o s\u00e3o as principais respons\u00e1veis por esses atos. O foco deve ser em entender as verdadeiras causas sociais e comportamentais por tr\u00e1s desses crimes.<\/p>\n\n\n\n<h2 class=\"wp-block-heading\">A import\u00e2ncia da conscientiza\u00e7\u00e3o<\/h2>\n\n\n\n<p>\u00c9 fundamental promover a conscientiza\u00e7\u00e3o sobre os riscos de inc\u00eandios florestais e a necessidade de cuidados em \u00e1reas propensas a queimadas. Campanhas educativas podem ajudar a prevenir ocorr\u00eancias e a desmistificar a vis\u00e3o equivocada sobre os respons\u00e1veis por esses inc\u00eandios.<\/p>\n\n\n\n<p>A responsabilidade coletiva na preven\u00e7\u00e3o de inc\u00eandios \u00e9 essencial, e compreender as verdadeiras motiva\u00e7\u00f5es por tr\u00e1s desses atos pode ser um passo importante para a redu\u00e7\u00e3o dos inc\u00eandios florestais no pa\u00eds.<\/p>","protected":false},"excerpt":{"rendered":"<p>Estudos apontam que a rela\u00e7\u00e3o entre inc\u00eandios e doen\u00e7as psiqui\u00e1tricas \u00e9 equivocada.<\/p>","protected":false},"author":9,"featured_media":43558,"comment_status":"open","ping_status":"open","sticky":false,"template":"","format":"standard","meta":{"footnotes":""},"categories":[560],"tags":[1965,2023,2022,1876,1580],"class_list":["post-43557","post","type-post","status-publish","format-standard","has-post-thumbnail","hentry","category-news","tag-conscientizacao","tag-florestas","tag-incendios","tag-meio-ambiente","tag-saude-mental"],"yoast_head":"<!-- This site is optimized with the Yoast SEO Premium plugin v27.9 (Yoast SEO v27.9) - https:\/\/yoast.com\/product\/yoast-seo-premium-wordpress\/ -->\n<title>inc\u00eandios florestais s\u00e3o causados por neglig\u00eancia e vingan\u00e7a<\/title>\n<meta name=\"description\" content=\"Inc\u00eandios florestais s\u00e3o em sua maioria causados por neglig\u00eancia e vingan\u00e7a, n\u00e3o por doen\u00e7as mentais.\" \/>\n<meta name=\"robots\" content=\"index, follow, max-snippet:-1, max-image-preview:large, max-video-preview:-1\" \/>\n<link rel=\"canonical\" href=\"https:\/\/fyno.pt\/pt\/news\/incendios-florestais-negligencia-vinganca\/\" \/>\n<meta property=\"og:locale\" content=\"pt_PT\" \/>\n<meta property=\"og:type\" content=\"article\" \/>\n<meta property=\"og:title\" content=\"Maioria dos inc\u00eandios florestais \u00e9 causada por neglig\u00eancia e vingan\u00e7a\" \/>\n<meta property=\"og:description\" content=\"Inc\u00eandios florestais s\u00e3o em sua maioria causados por neglig\u00eancia e vingan\u00e7a, n\u00e3o por doen\u00e7as mentais.\" \/>\n<meta property=\"og:url\" content=\"https:\/\/fyno.pt\/pt\/news\/incendios-florestais-negligencia-vinganca\/\" \/>\n<meta property=\"og:site_name\" content=\"Fyno\" \/>\n<meta property=\"article:published_time\" content=\"2026-09-02T07:48:01+00:00\" \/>\n<meta name=\"author\" content=\"Fyno\" \/>\n<meta name=\"twitter:card\" content=\"summary_large_image\" \/>\n<meta name=\"twitter:label1\" content=\"Escrito por\" \/>\n\t<meta name=\"twitter:data1\" content=\"Fyno\" \/>\n\t<meta name=\"twitter:label2\" content=\"Tempo estimado de leitura\" \/>\n\t<meta name=\"twitter:data2\" content=\"1 minuto\" \/>\n<script type=\"application\/ld+json\" class=\"yoast-schema-graph\">{\"@context\":\"https:\\\/\\\/schema.org\",\"@graph\":[{\"@type\":\"Article\",\"@id\":\"https:\\\/\\\/fyno.pt\\\/news\\\/incendios-florestais-negligencia-vinganca\\\/#article\",\"isPartOf\":{\"@id\":\"https:\\\/\\\/fyno.pt\\\/news\\\/incendios-florestais-negligencia-vinganca\\\/\"},\"author\":{\"name\":\"Fyno\",\"@id\":\"https:\\\/\\\/fyno.pt\\\/#\\\/schema\\\/person\\\/ab5b330ed5ed05f1b4a7b8e438f68187\"},\"headline\":\"Maioria dos inc\u00eandios florestais \u00e9 causada por neglig\u00eancia e vingan\u00e7a\",\"datePublished\":\"2026-09-02T07:48:01+00:00\",\"mainEntityOfPage\":{\"@id\":\"https:\\\/\\\/fyno.pt\\\/news\\\/incendios-florestais-negligencia-vinganca\\\/\"},\"wordCount\":275,\"commentCount\":0,\"image\":{\"@id\":\"https:\\\/\\\/fyno.pt\\\/news\\\/incendios-florestais-negligencia-vinganca\\\/#primaryimage\"},\"thumbnailUrl\":\"https:\\\/\\\/fyno.pt\\\/wp-content\\\/uploads\\\/2026\\\/09\\\/fogos.jpg\",\"keywords\":[\"conscientiza\u00e7\u00e3o\",\"florestas\",\"inc\u00eandios\",\"meio ambiente\",\"sa\u00fade mental\"],\"articleSection\":[\"News\"],\"inLanguage\":\"pt-PT\",\"potentialAction\":[{\"@type\":\"CommentAction\",\"name\":\"Comment\",\"target\":[\"https:\\\/\\\/fyno.pt\\\/news\\\/incendios-florestais-negligencia-vinganca\\\/#respond\"]}]},{\"@type\":\"WebPage\",\"@id\":\"https:\\\/\\\/fyno.pt\\\/news\\\/incendios-florestais-negligencia-vinganca\\\/\",\"url\":\"https:\\\/\\\/fyno.pt\\\/news\\\/incendios-florestais-negligencia-vinganca\\\/\",\"name\":\"inc\u00eandios florestais s\u00e3o causados por neglig\u00eancia e vingan\u00e7a\",\"isPartOf\":{\"@id\":\"https:\\\/\\\/fyno.pt\\\/#website\"},\"primaryImageOfPage\":{\"@id\":\"https:\\\/\\\/fyno.pt\\\/news\\\/incendios-florestais-negligencia-vinganca\\\/#primaryimage\"},\"image\":{\"@id\":\"https:\\\/\\\/fyno.pt\\\/news\\\/incendios-florestais-negligencia-vinganca\\\/#primaryimage\"},\"thumbnailUrl\":\"https:\\\/\\\/fyno.pt\\\/wp-content\\\/uploads\\\/2026\\\/09\\\/fogos.jpg\",\"datePublished\":\"2026-09-02T07:48:01+00:00\",\"author\":{\"@id\":\"https:\\\/\\\/fyno.pt\\\/#\\\/schema\\\/person\\\/ab5b330ed5ed05f1b4a7b8e438f68187\"},\"description\":\"Inc\u00eandios florestais s\u00e3o em sua maioria causados por neglig\u00eancia e vingan\u00e7a, n\u00e3o por doen\u00e7as mentais.\",\"breadcrumb\":{\"@id\":\"https:\\\/\\\/fyno.pt\\\/news\\\/incendios-florestais-negligencia-vinganca\\\/#breadcrumb\"},\"inLanguage\":\"pt-PT\",\"potentialAction\":[{\"@type\":\"ReadAction\",\"target\":[\"https:\\\/\\\/fyno.pt\\\/news\\\/incendios-florestais-negligencia-vinganca\\\/\"]}]},{\"@type\":\"ImageObject\",\"inLanguage\":\"pt-PT\",\"@id\":\"https:\\\/\\\/fyno.pt\\\/news\\\/incendios-florestais-negligencia-vinganca\\\/#primaryimage\",\"url\":\"https:\\\/\\\/fyno.pt\\\/wp-content\\\/uploads\\\/2026\\\/09\\\/fogos.jpg\",\"contentUrl\":\"https:\\\/\\\/fyno.pt\\\/wp-content\\\/uploads\\\/2026\\\/09\\\/fogos.jpg\",\"width\":1200,\"height\":800,\"caption\":\"Maioria das pessoas que provoca inc\u00eandios n\u00e3o \u00e9 pir\u00f3mana nem tem outra doen\u00e7a psiqui\u00e1tricaCr\u00e9ditos:Pedro Sarmento Costa-Lusa\"},{\"@type\":\"BreadcrumbList\",\"@id\":\"https:\\\/\\\/fyno.pt\\\/news\\\/incendios-florestais-negligencia-vinganca\\\/#breadcrumb\",\"itemListElement\":[{\"@type\":\"ListItem\",\"position\":1,\"name\":\"In\u00edcio\",\"item\":\"https:\\\/\\\/fyno.pt\\\/\"},{\"@type\":\"ListItem\",\"position\":2,\"name\":\"Maioria dos inc\u00eandios florestais \u00e9 causada por neglig\u00eancia e vingan\u00e7a\"}]},{\"@type\":\"WebSite\",\"@id\":\"https:\\\/\\\/fyno.pt\\\/#website\",\"url\":\"https:\\\/\\\/fyno.pt\\\/\",\"name\":\"Fyno\",\"description\":\"Not\u00edcia e informa\u00e7\u00e3o\",\"potentialAction\":[{\"@type\":\"SearchAction\",\"target\":{\"@type\":\"EntryPoint\",\"urlTemplate\":\"https:\\\/\\\/fyno.pt\\\/?s={search_term_string}\"},\"query-input\":{\"@type\":\"PropertyValueSpecification\",\"valueRequired\":true,\"valueName\":\"search_term_string\"}}],\"inLanguage\":\"pt-PT\"},{\"@type\":\"Person\",\"@id\":\"https:\\\/\\\/fyno.pt\\\/#\\\/schema\\\/person\\\/ab5b330ed5ed05f1b4a7b8e438f68187\",\"name\":\"Fyno\",\"image\":{\"@type\":\"ImageObject\",\"inLanguage\":\"pt-PT\",\"@id\":\"https:\\\/\\\/fyno.pt\\\/wp-content\\\/litespeed\\\/avatar\\\/8f51870e8d94c234e288da840d914372.jpg?ver=1788205134\",\"url\":\"https:\\\/\\\/fyno.pt\\\/wp-content\\\/litespeed\\\/avatar\\\/8f51870e8d94c234e288da840d914372.jpg?ver=1788205134\",\"contentUrl\":\"https:\\\/\\\/fyno.pt\\\/wp-content\\\/litespeed\\\/avatar\\\/8f51870e8d94c234e288da840d914372.jpg?ver=1788205134\",\"caption\":\"Fyno\"},\"description\":\"A sua fonte de informa\u00e7\u00e3o.\",\"url\":\"https:\\\/\\\/fyno.pt\\\/pt\\\/author\\\/fynopt\\\/\"}]}<\/script>\n<!-- \/ Yoast SEO Premium plugin. -->","yoast_head_json":{"title":"inc\u00eandios florestais s\u00e3o causados por neglig\u00eancia e vingan\u00e7a","description":"Inc\u00eandios florestais s\u00e3o em sua maioria causados por neglig\u00eancia e vingan\u00e7a, n\u00e3o por doen\u00e7as mentais.","robots":{"index":"index","follow":"follow","max-snippet":"max-snippet:-1","max-image-preview":"max-image-preview:large","max-video-preview":"max-video-preview:-1"},"canonical":"https:\/\/fyno.pt\/pt\/news\/incendios-florestais-negligencia-vinganca\/","og_locale":"pt_PT","og_type":"article","og_title":"Maioria dos inc\u00eandios florestais \u00e9 causada por neglig\u00eancia e vingan\u00e7a","og_description":"Inc\u00eandios florestais s\u00e3o em sua maioria causados por neglig\u00eancia e vingan\u00e7a, n\u00e3o por doen\u00e7as mentais.","og_url":"https:\/\/fyno.pt\/pt\/news\/incendios-florestais-negligencia-vinganca\/","og_site_name":"Fyno","article_published_time":"2026-09-02T07:48:01+00:00","author":"Fyno","twitter_card":"summary_large_image","twitter_misc":{"Escrito por":"Fyno","Tempo estimado de leitura":"1 minuto"},"schema":{"@context":"https:\/\/schema.org","@graph":[{"@type":"Article","@id":"https:\/\/fyno.pt\/news\/incendios-florestais-negligencia-vinganca\/#article","isPartOf":{"@id":"https:\/\/fyno.pt\/news\/incendios-florestais-negligencia-vinganca\/"},"author":{"name":"Fyno","@id":"https:\/\/fyno.pt\/#\/schema\/person\/ab5b330ed5ed05f1b4a7b8e438f68187"},"headline":"Maioria dos inc\u00eandios florestais \u00e9 causada por neglig\u00eancia e vingan\u00e7a","datePublished":"2026-09-02T07:48:01+00:00","mainEntityOfPage":{"@id":"https:\/\/fyno.pt\/news\/incendios-florestais-negligencia-vinganca\/"},"wordCount":275,"commentCount":0,"image":{"@id":"https:\/\/fyno.pt\/news\/incendios-florestais-negligencia-vinganca\/#primaryimage"},"thumbnailUrl":"https:\/\/fyno.pt\/wp-content\/uploads\/2026\/09\/fogos.jpg","keywords":["conscientiza\u00e7\u00e3o","florestas","inc\u00eandios","meio ambiente","sa\u00fade mental"],"articleSection":["News"],"inLanguage":"pt-PT","potentialAction":[{"@type":"CommentAction","name":"Comment","target":["https:\/\/fyno.pt\/news\/incendios-florestais-negligencia-vinganca\/#respond"]}]},{"@type":"WebPage","@id":"https:\/\/fyno.pt\/news\/incendios-florestais-negligencia-vinganca\/","url":"https:\/\/fyno.pt\/news\/incendios-florestais-negligencia-vinganca\/","name":"inc\u00eandios florestais s\u00e3o causados por neglig\u00eancia e vingan\u00e7a","isPartOf":{"@id":"https:\/\/fyno.pt\/#website"},"primaryImageOfPage":{"@id":"https:\/\/fyno.pt\/news\/incendios-florestais-negligencia-vinganca\/#primaryimage"},"image":{"@id":"https:\/\/fyno.pt\/news\/incendios-florestais-negligencia-vinganca\/#primaryimage"},"thumbnailUrl":"https:\/\/fyno.pt\/wp-content\/uploads\/2026\/09\/fogos.jpg","datePublished":"2026-09-02T07:48:01+00:00","author":{"@id":"https:\/\/fyno.pt\/#\/schema\/person\/ab5b330ed5ed05f1b4a7b8e438f68187"},"description":"Inc\u00eandios florestais s\u00e3o em sua maioria causados por neglig\u00eancia e vingan\u00e7a, n\u00e3o por doen\u00e7as mentais.","breadcrumb":{"@id":"https:\/\/fyno.pt\/news\/incendios-florestais-negligencia-vinganca\/#breadcrumb"},"inLanguage":"pt-PT","potentialAction":[{"@type":"ReadAction","target":["https:\/\/fyno.pt\/news\/incendios-florestais-negligencia-vinganca\/"]}]},{"@type":"ImageObject","inLanguage":"pt-PT","@id":"https:\/\/fyno.pt\/news\/incendios-florestais-negligencia-vinganca\/#primaryimage","url":"https:\/\/fyno.pt\/wp-content\/uploads\/2026\/09\/fogos.jpg","contentUrl":"https:\/\/fyno.pt\/wp-content\/uploads\/2026\/09\/fogos.jpg","width":1200,"height":800,"caption":"Maioria das pessoas que provoca inc\u00eandios n\u00e3o \u00e9 pir\u00f3mana nem tem outra doen\u00e7a psiqui\u00e1tricaCr\u00e9ditos:Pedro Sarmento Costa-Lusa"},{"@type":"BreadcrumbList","@id":"https:\/\/fyno.pt\/news\/incendios-florestais-negligencia-vinganca\/#breadcrumb","itemListElement":[{"@type":"ListItem","position":1,"name":"In\u00edcio","item":"https:\/\/fyno.pt\/"},{"@type":"ListItem","position":2,"name":"Maioria dos inc\u00eandios florestais \u00e9 causada por neglig\u00eancia e vingan\u00e7a"}]},{"@type":"WebSite","@id":"https:\/\/fyno.pt\/#website","url":"https:\/\/fyno.pt\/","name":"Fyno","description":"Not\u00edcia e informa\u00e7\u00e3o","potentialAction":[{"@type":"SearchAction","target":{"@type":"EntryPoint","urlTemplate":"https:\/\/fyno.pt\/?s={search_term_string}"},"query-input":{"@type":"PropertyValueSpecification","valueRequired":true,"valueName":"search_term_string"}}],"inLanguage":"pt-PT"},{"@type":"Person","@id":"https:\/\/fyno.pt\/#\/schema\/person\/ab5b330ed5ed05f1b4a7b8e438f68187","name":"Fyno","image":{"@type":"ImageObject","inLanguage":"pt-PT","@id":"https:\/\/fyno.pt\/wp-content\/litespeed\/avatar\/8f51870e8d94c234e288da840d914372.jpg?ver=1788205134","url":"https:\/\/fyno.pt\/wp-content\/litespeed\/avatar\/8f51870e8d94c234e288da840d914372.jpg?ver=1788205134","contentUrl":"https:\/\/fyno.pt\/wp-content\/litespeed\/avatar\/8f51870e8d94c234e288da840d914372.jpg?ver=1788205134","caption":"Fyno"},"description":"A sua fonte de informa\u00e7\u00e3o.","url":"https:\/\/fyno.pt\/pt\/author\/fynopt\/"}]}},"_links":{"self":[{"href":"https:\/\/fyno.pt\/pt\/wp-json\/wp\/v2\/posts\/43557","targetHints":{"allow":["GET"]}}],"collection":[{"href":"https:\/\/fyno.pt\/pt\/wp-json\/wp\/v2\/posts"}],"about":[{"href":"https:\/\/fyno.pt\/pt\/wp-json\/wp\/v2\/types\/post"}],"author":[{"embeddable":true,"href":"https:\/\/fyno.pt\/pt\/wp-json\/wp\/v2\/users\/9"}],"replies":[{"embeddable":true,"href":"https:\/\/fyno.pt\/pt\/wp-json\/wp\/v2\/comments?post=43557"}],"version-history":[{"count":1,"href":"https:\/\/fyno.pt\/pt\/wp-json\/wp\/v2\/posts\/43557\/revisions"}],"predecessor-version":[{"id":43559,"href":"https:\/\/fyno.pt\/pt\/wp-json\/wp\/v2\/posts\/43557\/revisions\/43559"}],"wp:featuredmedia":[{"embeddable":true,"href":"https:\/\/fyno.pt\/pt\/wp-json\/wp\/v2\/media\/43558"}],"wp:attachment":[{"href":"https:\/\/fyno.pt\/pt\/wp-json\/wp\/v2\/media?parent=43557"}],"wp:term":[{"taxonomy":"category","embeddable":true,"href":"https:\/\/fyno.pt\/pt\/wp-json\/wp\/v2\/categories?post=43557"},{"taxonomy":"post_tag","embeddable":true,"href":"https:\/\/fyno.pt\/pt\/wp-json\/wp\/v2\/tags?post=43557"}],"curies":[{"name":"wp","href":"https:\/\/api.w.org\/{rel}","templated":true}]}}