{"id":43554,"date":"2026-09-02T04:17:55","date_gmt":"2026-09-02T07:17:55","guid":{"rendered":"https:\/\/fyno.pt\/?p=43554"},"modified":"2026-09-02T04:17:55","modified_gmt":"2026-09-02T07:17:55","slug":"eua-ira-intensificam-ataques","status":"publish","type":"post","link":"https:\/\/fyno.pt\/pt\/news\/eua-ira-intensificam-ataques\/","title":{"rendered":"EUA e Ir\u00e3 intensificam ataques a\u00e9reos em meio a tens\u00f5es no Oriente M\u00e9dio"},"content":{"rendered":"<p>Os Estados Unidos realizaram novos ataques a\u00e9reos em alvos localizados no Ir\u00e3, levando o pa\u00eds a retaliar com ataques direcionados a interesses norte-americanos na regi\u00e3o do Oriente M\u00e9dio. Essa escalada nas hostilidades levanta preocupa\u00e7\u00f5es sobre a possibilidade de um conflito mais abrangente entre Washington e Teer\u00e3.<\/p>\n\n\n\n<h2 class=\"wp-block-heading\">A\u00e7\u00e3o militar dos EUA<\/h2>\n\n\n\n<p>Os ataques a\u00e9reos dos EUA visam alvos estrat\u00e9gicos no Ir\u00e3, refletindo uma intensifica\u00e7\u00e3o das opera\u00e7\u00f5es militares na regi\u00e3o. Esse movimento \u00e9 parte de uma resposta a provoc a\u00e7\u00f5es anteriores, onde o Ir\u00e3 demonstrou sua capacidade de atingir alvos americanos.<\/p>\n\n\n\n<h2 class=\"wp-block-heading\">Retalia\u00e7\u00e3o do Ir\u00e3<\/h2>\n\n\n\n<p>Em resposta aos ataques dos EUA, o Ir\u00e3 lan\u00e7ou a\u00e7\u00f5es contra interesses norte-americanos. Esses ataques s\u00e3o vistos como uma demonstra\u00e7\u00e3o de for\u00e7a e uma tentativa de proteger suas posi\u00e7\u00f5es no Oriente M\u00e9dio, onde as tens\u00f5es j\u00e1 estavam elevadas.<\/p>\n\n\n\n<h2 class=\"wp-block-heading\">Implica\u00e7\u00f5es para a seguran\u00e7a regional<\/h2>\n\n\n\n<p>A troca de ataques aumenta os temores de uma escalada militar que poderia desestabilizar ainda mais a regi\u00e3o. Especialistas alertam que a continuidade desses confrontos pode levar a uma resposta militar mais significativa de ambos os lados, afetando a seguran\u00e7a e a estabilidade do Oriente M\u00e9dio.<\/p>","protected":false},"excerpt":{"rendered":"<p>A troca de ataques reacende preocupa\u00e7\u00f5es sobre um conflito mais amplo entre os dois pa\u00edses.<\/p>","protected":false},"author":9,"featured_media":43555,"comment_status":"open","ping_status":"open","sticky":false,"template":"","format":"standard","meta":{"footnotes":""},"categories":[560],"tags":[2016,1967,1845,1881,1823],"class_list":["post-43554","post","type-post","status-publish","format-standard","has-post-thumbnail","hentry","category-news","tag-conflito","tag-eua","tag-ira","tag-oriente-medio","tag-seguranca"],"yoast_head":"<!-- This site is optimized with the Yoast SEO Premium plugin v27.9 (Yoast SEO v27.9) - https:\/\/yoast.com\/product\/yoast-seo-premium-wordpress\/ -->\n<title>eua realizam novos ataques a\u00e9reos no ir\u00e3<\/title>\n<meta name=\"description\" content=\"EUA e Ir\u00e3 intensificam ataques a\u00e9reos, levantando preocupa\u00e7\u00f5es sobre um poss\u00edvel conflito no Oriente M\u00e9dio.\" \/>\n<meta name=\"robots\" content=\"index, follow, max-snippet:-1, max-image-preview:large, max-video-preview:-1\" \/>\n<link rel=\"canonical\" href=\"https:\/\/fyno.pt\/pt\/news\/eua-ira-intensificam-ataques\/\" \/>\n<meta property=\"og:locale\" content=\"pt_PT\" \/>\n<meta property=\"og:type\" content=\"article\" \/>\n<meta property=\"og:title\" content=\"EUA e Ir\u00e3 intensificam ataques a\u00e9reos em meio a tens\u00f5es no Oriente M\u00e9dio\" \/>\n<meta property=\"og:description\" content=\"EUA e Ir\u00e3 intensificam ataques a\u00e9reos, levantando preocupa\u00e7\u00f5es sobre um poss\u00edvel conflito no Oriente M\u00e9dio.\" \/>\n<meta property=\"og:url\" content=\"https:\/\/fyno.pt\/pt\/news\/eua-ira-intensificam-ataques\/\" \/>\n<meta property=\"og:site_name\" content=\"Fyno\" \/>\n<meta property=\"article:published_time\" content=\"2026-09-02T07:17:55+00:00\" \/>\n<meta property=\"og:image\" content=\"https:\/\/fyno.pt\/wp-content\/uploads\/2026\/09\/cf085630588fe7584bb2cd2e86f26330ff2b1a9b.jpg\" \/>\n\t<meta property=\"og:image:width\" content=\"752\" \/>\n\t<meta property=\"og:image:height\" content=\"423\" \/>\n\t<meta property=\"og:image:type\" content=\"image\/jpeg\" \/>\n<meta name=\"author\" content=\"Fyno\" \/>\n<meta name=\"twitter:card\" content=\"summary_large_image\" \/>\n<meta name=\"twitter:label1\" content=\"Escrito por\" \/>\n\t<meta name=\"twitter:data1\" content=\"Fyno\" \/>\n\t<meta name=\"twitter:label2\" content=\"Tempo estimado de leitura\" \/>\n\t<meta name=\"twitter:data2\" content=\"1 minuto\" \/>\n<script type=\"application\/ld+json\" class=\"yoast-schema-graph\">{\"@context\":\"https:\\\/\\\/schema.org\",\"@graph\":[{\"@type\":\"Article\",\"@id\":\"https:\\\/\\\/fyno.pt\\\/news\\\/eua-ira-intensificam-ataques\\\/#article\",\"isPartOf\":{\"@id\":\"https:\\\/\\\/fyno.pt\\\/news\\\/eua-ira-intensificam-ataques\\\/\"},\"author\":{\"name\":\"Fyno\",\"@id\":\"https:\\\/\\\/fyno.pt\\\/#\\\/schema\\\/person\\\/ab5b330ed5ed05f1b4a7b8e438f68187\"},\"headline\":\"EUA e Ir\u00e3 intensificam ataques a\u00e9reos em meio a tens\u00f5es no Oriente M\u00e9dio\",\"datePublished\":\"2026-09-02T07:17:55+00:00\",\"mainEntityOfPage\":{\"@id\":\"https:\\\/\\\/fyno.pt\\\/news\\\/eua-ira-intensificam-ataques\\\/\"},\"wordCount\":222,\"commentCount\":0,\"image\":{\"@id\":\"https:\\\/\\\/fyno.pt\\\/news\\\/eua-ira-intensificam-ataques\\\/#primaryimage\"},\"thumbnailUrl\":\"https:\\\/\\\/fyno.pt\\\/wp-content\\\/uploads\\\/2026\\\/09\\\/cf085630588fe7584bb2cd2e86f26330ff2b1a9b.jpg\",\"keywords\":[\"conflito\",\"EUA\",\"Ir\u00e3\",\"Oriente M\u00e9dio\",\"seguran\u00e7a\"],\"articleSection\":[\"News\"],\"inLanguage\":\"pt-PT\",\"potentialAction\":[{\"@type\":\"CommentAction\",\"name\":\"Comment\",\"target\":[\"https:\\\/\\\/fyno.pt\\\/news\\\/eua-ira-intensificam-ataques\\\/#respond\"]}]},{\"@type\":\"WebPage\",\"@id\":\"https:\\\/\\\/fyno.pt\\\/news\\\/eua-ira-intensificam-ataques\\\/\",\"url\":\"https:\\\/\\\/fyno.pt\\\/news\\\/eua-ira-intensificam-ataques\\\/\",\"name\":\"eua realizam novos ataques a\u00e9reos no ir\u00e3\",\"isPartOf\":{\"@id\":\"https:\\\/\\\/fyno.pt\\\/#website\"},\"primaryImageOfPage\":{\"@id\":\"https:\\\/\\\/fyno.pt\\\/news\\\/eua-ira-intensificam-ataques\\\/#primaryimage\"},\"image\":{\"@id\":\"https:\\\/\\\/fyno.pt\\\/news\\\/eua-ira-intensificam-ataques\\\/#primaryimage\"},\"thumbnailUrl\":\"https:\\\/\\\/fyno.pt\\\/wp-content\\\/uploads\\\/2026\\\/09\\\/cf085630588fe7584bb2cd2e86f26330ff2b1a9b.jpg\",\"datePublished\":\"2026-09-02T07:17:55+00:00\",\"author\":{\"@id\":\"https:\\\/\\\/fyno.pt\\\/#\\\/schema\\\/person\\\/ab5b330ed5ed05f1b4a7b8e438f68187\"},\"description\":\"EUA e Ir\u00e3 intensificam ataques a\u00e9reos, levantando preocupa\u00e7\u00f5es sobre um poss\u00edvel conflito no Oriente M\u00e9dio.\",\"breadcrumb\":{\"@id\":\"https:\\\/\\\/fyno.pt\\\/news\\\/eua-ira-intensificam-ataques\\\/#breadcrumb\"},\"inLanguage\":\"pt-PT\",\"potentialAction\":[{\"@type\":\"ReadAction\",\"target\":[\"https:\\\/\\\/fyno.pt\\\/news\\\/eua-ira-intensificam-ataques\\\/\"]}]},{\"@type\":\"ImageObject\",\"inLanguage\":\"pt-PT\",\"@id\":\"https:\\\/\\\/fyno.pt\\\/news\\\/eua-ira-intensificam-ataques\\\/#primaryimage\",\"url\":\"https:\\\/\\\/fyno.pt\\\/wp-content\\\/uploads\\\/2026\\\/09\\\/cf085630588fe7584bb2cd2e86f26330ff2b1a9b.jpg\",\"contentUrl\":\"https:\\\/\\\/fyno.pt\\\/wp-content\\\/uploads\\\/2026\\\/09\\\/cf085630588fe7584bb2cd2e86f26330ff2b1a9b.jpg\",\"width\":752,\"height\":423,\"caption\":\"Foto: sapo.pt\"},{\"@type\":\"BreadcrumbList\",\"@id\":\"https:\\\/\\\/fyno.pt\\\/news\\\/eua-ira-intensificam-ataques\\\/#breadcrumb\",\"itemListElement\":[{\"@type\":\"ListItem\",\"position\":1,\"name\":\"In\u00edcio\",\"item\":\"https:\\\/\\\/fyno.pt\\\/\"},{\"@type\":\"ListItem\",\"position\":2,\"name\":\"EUA e Ir\u00e3 intensificam ataques a\u00e9reos em meio a tens\u00f5es no Oriente M\u00e9dio\"}]},{\"@type\":\"WebSite\",\"@id\":\"https:\\\/\\\/fyno.pt\\\/#website\",\"url\":\"https:\\\/\\\/fyno.pt\\\/\",\"name\":\"Fyno\",\"description\":\"Not\u00edcia e informa\u00e7\u00e3o\",\"potentialAction\":[{\"@type\":\"SearchAction\",\"target\":{\"@type\":\"EntryPoint\",\"urlTemplate\":\"https:\\\/\\\/fyno.pt\\\/?s={search_term_string}\"},\"query-input\":{\"@type\":\"PropertyValueSpecification\",\"valueRequired\":true,\"valueName\":\"search_term_string\"}}],\"inLanguage\":\"pt-PT\"},{\"@type\":\"Person\",\"@id\":\"https:\\\/\\\/fyno.pt\\\/#\\\/schema\\\/person\\\/ab5b330ed5ed05f1b4a7b8e438f68187\",\"name\":\"Fyno\",\"image\":{\"@type\":\"ImageObject\",\"inLanguage\":\"pt-PT\",\"@id\":\"https:\\\/\\\/fyno.pt\\\/wp-content\\\/litespeed\\\/avatar\\\/8f51870e8d94c234e288da840d914372.jpg?ver=1788205134\",\"url\":\"https:\\\/\\\/fyno.pt\\\/wp-content\\\/litespeed\\\/avatar\\\/8f51870e8d94c234e288da840d914372.jpg?ver=1788205134\",\"contentUrl\":\"https:\\\/\\\/fyno.pt\\\/wp-content\\\/litespeed\\\/avatar\\\/8f51870e8d94c234e288da840d914372.jpg?ver=1788205134\",\"caption\":\"Fyno\"},\"description\":\"A sua fonte de informa\u00e7\u00e3o.\",\"url\":\"https:\\\/\\\/fyno.pt\\\/pt\\\/author\\\/fynopt\\\/\"}]}<\/script>\n<!-- \/ Yoast SEO Premium plugin. -->","yoast_head_json":{"title":"eua realizam novos ataques a\u00e9reos no ir\u00e3","description":"EUA e Ir\u00e3 intensificam ataques a\u00e9reos, levantando preocupa\u00e7\u00f5es sobre um poss\u00edvel conflito no Oriente M\u00e9dio.","robots":{"index":"index","follow":"follow","max-snippet":"max-snippet:-1","max-image-preview":"max-image-preview:large","max-video-preview":"max-video-preview:-1"},"canonical":"https:\/\/fyno.pt\/pt\/news\/eua-ira-intensificam-ataques\/","og_locale":"pt_PT","og_type":"article","og_title":"EUA e Ir\u00e3 intensificam ataques a\u00e9reos em meio a tens\u00f5es no Oriente M\u00e9dio","og_description":"EUA e Ir\u00e3 intensificam ataques a\u00e9reos, levantando preocupa\u00e7\u00f5es sobre um poss\u00edvel conflito no Oriente M\u00e9dio.","og_url":"https:\/\/fyno.pt\/pt\/news\/eua-ira-intensificam-ataques\/","og_site_name":"Fyno","article_published_time":"2026-09-02T07:17:55+00:00","og_image":[{"width":752,"height":423,"url":"https:\/\/fyno.pt\/wp-content\/uploads\/2026\/09\/cf085630588fe7584bb2cd2e86f26330ff2b1a9b.jpg","type":"image\/jpeg"}],"author":"Fyno","twitter_card":"summary_large_image","twitter_misc":{"Escrito por":"Fyno","Tempo estimado de leitura":"1 minuto"},"schema":{"@context":"https:\/\/schema.org","@graph":[{"@type":"Article","@id":"https:\/\/fyno.pt\/news\/eua-ira-intensificam-ataques\/#article","isPartOf":{"@id":"https:\/\/fyno.pt\/news\/eua-ira-intensificam-ataques\/"},"author":{"name":"Fyno","@id":"https:\/\/fyno.pt\/#\/schema\/person\/ab5b330ed5ed05f1b4a7b8e438f68187"},"headline":"EUA e Ir\u00e3 intensificam ataques a\u00e9reos em meio a tens\u00f5es no Oriente M\u00e9dio","datePublished":"2026-09-02T07:17:55+00:00","mainEntityOfPage":{"@id":"https:\/\/fyno.pt\/news\/eua-ira-intensificam-ataques\/"},"wordCount":222,"commentCount":0,"image":{"@id":"https:\/\/fyno.pt\/news\/eua-ira-intensificam-ataques\/#primaryimage"},"thumbnailUrl":"https:\/\/fyno.pt\/wp-content\/uploads\/2026\/09\/cf085630588fe7584bb2cd2e86f26330ff2b1a9b.jpg","keywords":["conflito","EUA","Ir\u00e3","Oriente M\u00e9dio","seguran\u00e7a"],"articleSection":["News"],"inLanguage":"pt-PT","potentialAction":[{"@type":"CommentAction","name":"Comment","target":["https:\/\/fyno.pt\/news\/eua-ira-intensificam-ataques\/#respond"]}]},{"@type":"WebPage","@id":"https:\/\/fyno.pt\/news\/eua-ira-intensificam-ataques\/","url":"https:\/\/fyno.pt\/news\/eua-ira-intensificam-ataques\/","name":"eua realizam novos ataques a\u00e9reos no ir\u00e3","isPartOf":{"@id":"https:\/\/fyno.pt\/#website"},"primaryImageOfPage":{"@id":"https:\/\/fyno.pt\/news\/eua-ira-intensificam-ataques\/#primaryimage"},"image":{"@id":"https:\/\/fyno.pt\/news\/eua-ira-intensificam-ataques\/#primaryimage"},"thumbnailUrl":"https:\/\/fyno.pt\/wp-content\/uploads\/2026\/09\/cf085630588fe7584bb2cd2e86f26330ff2b1a9b.jpg","datePublished":"2026-09-02T07:17:55+00:00","author":{"@id":"https:\/\/fyno.pt\/#\/schema\/person\/ab5b330ed5ed05f1b4a7b8e438f68187"},"description":"EUA e Ir\u00e3 intensificam ataques a\u00e9reos, levantando preocupa\u00e7\u00f5es sobre um poss\u00edvel conflito no Oriente M\u00e9dio.","breadcrumb":{"@id":"https:\/\/fyno.pt\/news\/eua-ira-intensificam-ataques\/#breadcrumb"},"inLanguage":"pt-PT","potentialAction":[{"@type":"ReadAction","target":["https:\/\/fyno.pt\/news\/eua-ira-intensificam-ataques\/"]}]},{"@type":"ImageObject","inLanguage":"pt-PT","@id":"https:\/\/fyno.pt\/news\/eua-ira-intensificam-ataques\/#primaryimage","url":"https:\/\/fyno.pt\/wp-content\/uploads\/2026\/09\/cf085630588fe7584bb2cd2e86f26330ff2b1a9b.jpg","contentUrl":"https:\/\/fyno.pt\/wp-content\/uploads\/2026\/09\/cf085630588fe7584bb2cd2e86f26330ff2b1a9b.jpg","width":752,"height":423,"caption":"Foto: sapo.pt"},{"@type":"BreadcrumbList","@id":"https:\/\/fyno.pt\/news\/eua-ira-intensificam-ataques\/#breadcrumb","itemListElement":[{"@type":"ListItem","position":1,"name":"In\u00edcio","item":"https:\/\/fyno.pt\/"},{"@type":"ListItem","position":2,"name":"EUA e Ir\u00e3 intensificam ataques a\u00e9reos em meio a tens\u00f5es no Oriente M\u00e9dio"}]},{"@type":"WebSite","@id":"https:\/\/fyno.pt\/#website","url":"https:\/\/fyno.pt\/","name":"Fyno","description":"Not\u00edcia e informa\u00e7\u00e3o","potentialAction":[{"@type":"SearchAction","target":{"@type":"EntryPoint","urlTemplate":"https:\/\/fyno.pt\/?s={search_term_string}"},"query-input":{"@type":"PropertyValueSpecification","valueRequired":true,"valueName":"search_term_string"}}],"inLanguage":"pt-PT"},{"@type":"Person","@id":"https:\/\/fyno.pt\/#\/schema\/person\/ab5b330ed5ed05f1b4a7b8e438f68187","name":"Fyno","image":{"@type":"ImageObject","inLanguage":"pt-PT","@id":"https:\/\/fyno.pt\/wp-content\/litespeed\/avatar\/8f51870e8d94c234e288da840d914372.jpg?ver=1788205134","url":"https:\/\/fyno.pt\/wp-content\/litespeed\/avatar\/8f51870e8d94c234e288da840d914372.jpg?ver=1788205134","contentUrl":"https:\/\/fyno.pt\/wp-content\/litespeed\/avatar\/8f51870e8d94c234e288da840d914372.jpg?ver=1788205134","caption":"Fyno"},"description":"A sua fonte de informa\u00e7\u00e3o.","url":"https:\/\/fyno.pt\/pt\/author\/fynopt\/"}]}},"_links":{"self":[{"href":"https:\/\/fyno.pt\/pt\/wp-json\/wp\/v2\/posts\/43554","targetHints":{"allow":["GET"]}}],"collection":[{"href":"https:\/\/fyno.pt\/pt\/wp-json\/wp\/v2\/posts"}],"about":[{"href":"https:\/\/fyno.pt\/pt\/wp-json\/wp\/v2\/types\/post"}],"author":[{"embeddable":true,"href":"https:\/\/fyno.pt\/pt\/wp-json\/wp\/v2\/users\/9"}],"replies":[{"embeddable":true,"href":"https:\/\/fyno.pt\/pt\/wp-json\/wp\/v2\/comments?post=43554"}],"version-history":[{"count":1,"href":"https:\/\/fyno.pt\/pt\/wp-json\/wp\/v2\/posts\/43554\/revisions"}],"predecessor-version":[{"id":43556,"href":"https:\/\/fyno.pt\/pt\/wp-json\/wp\/v2\/posts\/43554\/revisions\/43556"}],"wp:featuredmedia":[{"embeddable":true,"href":"https:\/\/fyno.pt\/pt\/wp-json\/wp\/v2\/media\/43555"}],"wp:attachment":[{"href":"https:\/\/fyno.pt\/pt\/wp-json\/wp\/v2\/media?parent=43554"}],"wp:term":[{"taxonomy":"category","embeddable":true,"href":"https:\/\/fyno.pt\/pt\/wp-json\/wp\/v2\/categories?post=43554"},{"taxonomy":"post_tag","embeddable":true,"href":"https:\/\/fyno.pt\/pt\/wp-json\/wp\/v2\/tags?post=43554"}],"curies":[{"name":"wp","href":"https:\/\/api.w.org\/{rel}","templated":true}]}}