{"id":43551,"date":"2026-09-02T03:47:34","date_gmt":"2026-09-02T06:47:34","guid":{"rendered":"https:\/\/fyno.pt\/pt\/?p=43551"},"modified":"2026-09-02T03:47:34","modified_gmt":"2026-09-02T06:47:34","slug":"crise-douro-vinhateiro","status":"publish","type":"post","link":"https:\/\/fyno.pt\/pt\/news\/crise-douro-vinhateiro\/","title":{"rendered":"Crise no Douro Vinhateiro afeta viticultores que abandonam vinhas"},"content":{"rendered":"<p>Os viticultores do Douro Vinhateiro enfrentam uma crise severa que n\u00e3o se reflete nas imagens tur\u00edsticas da regi\u00e3o. Com uvas sem escoamento e dificuldades para encontrar compradores, muitos produtores est\u00e3o sendo for\u00e7ados a abandonar suas vinhas devido \u00e0 insustentabilidade financeira.<\/p>\n\n\n\n<h2 class=\"wp-block-heading\">Causas da crise<\/h2>\n\n\n\n<p>Os custos de produ\u00e7\u00e3o t\u00eam aumentado continuamente, colocando press\u00e3o sobre os viticultores que j\u00e1 enfrentam desafios significativos para comercializar suas colheitas. A falta de compradores para as uvas est\u00e1 se tornando uma realidade alarmante, levando muitos agricultores a uma situa\u00e7\u00e3o de desespero.<\/p>\n\n\n\n<h2 class=\"wp-block-heading\">Impactos nos viticultores<\/h2>\n\n\n\n<p>A crise n\u00e3o \u00e9 apenas financeira; ela est\u00e1 afetando a vida e o sustento de muitos que dependem da viticultura. Os relatos de viticultores que passam fome s\u00e3o cada vez mais frequentes, refletindo a gravidade da situa\u00e7\u00e3o. Com o abandono das vinhas, o futuro da produ\u00e7\u00e3o vin\u00edcola na regi\u00e3o do Douro est\u00e1 em risco.<\/p>\n\n\n\n<h2 class=\"wp-block-heading\">O que pode ser feito?<\/h2>\n\n\n\n<p>\u00c9 essencial que medidas sejam tomadas para apoiar os viticultores do Douro. O fortalecimento das redes de comercializa\u00e7\u00e3o e a cria\u00e7\u00e3o de pol\u00edticas que garantam a viabilidade econ\u00f4mica da viticultura s\u00e3o algumas das a\u00e7\u00f5es que podem ajudar a reverter este quadro preocupante.<\/p>\n\n\n\n<p>A crise no Douro Vinhateiro destaca a necessidade urgente de aten\u00e7\u00e3o a um setor que, embora rico em hist\u00f3ria e tradi\u00e7\u00e3o, enfrenta desafios que amea\u00e7am sua continuidade. A preserva\u00e7\u00e3o das vinhas e o apoio aos viticultores s\u00e3o fundamentais para a sa\u00fade econ\u00f4mica e cultural da regi\u00e3o.<\/p>","protected":false},"excerpt":{"rendered":"<p>Crescentes custos de produ\u00e7\u00e3o e falta de compradores agravam situa\u00e7\u00e3o no Douro tur\u00edstico.<\/p>","protected":false},"author":9,"featured_media":43552,"comment_status":"open","ping_status":"open","sticky":false,"template":"","format":"standard","meta":{"footnotes":""},"categories":[560],"tags":[2019,2017,2020,2021,2018],"class_list":["post-43551","post","type-post","status-publish","format-standard","has-post-thumbnail","hentry","category-news","tag-crise","tag-douro","tag-produtores","tag-vinhas","tag-viticultura"],"yoast_head":"<!-- This site is optimized with the Yoast SEO Premium plugin v27.9 (Yoast SEO v27.9) - https:\/\/yoast.com\/product\/yoast-seo-premium-wordpress\/ -->\n<title>crise no douro vinhateiro obriga viticultores a abandonar vinhas<\/title>\n<meta name=\"description\" content=\"Viticultores do Douro enfrentam crise severa, abandonando vinhas devido a dificuldades financeiras e falta de compradores.\" \/>\n<meta name=\"robots\" content=\"index, follow, max-snippet:-1, max-image-preview:large, max-video-preview:-1\" \/>\n<link rel=\"canonical\" href=\"https:\/\/fyno.pt\/pt\/news\/crise-douro-vinhateiro\/\" \/>\n<meta property=\"og:locale\" content=\"pt_PT\" \/>\n<meta property=\"og:type\" content=\"article\" \/>\n<meta property=\"og:title\" content=\"Crise no Douro Vinhateiro afeta viticultores que abandonam vinhas\" \/>\n<meta property=\"og:description\" content=\"Viticultores do Douro enfrentam crise severa, abandonando vinhas devido a dificuldades financeiras e falta de compradores.\" \/>\n<meta property=\"og:url\" content=\"https:\/\/fyno.pt\/pt\/news\/crise-douro-vinhateiro\/\" \/>\n<meta property=\"og:site_name\" content=\"Fyno\" \/>\n<meta property=\"article:published_time\" content=\"2026-09-02T06:47:34+00:00\" \/>\n<meta property=\"og:image\" content=\"https:\/\/fyno.pt\/wp-content\/uploads\/2026\/09\/cropped-cropped-cropped-alto_douro_vinhateiro_dsc00160_37170494401-1.jpg\" \/>\n\t<meta property=\"og:image:width\" content=\"1200\" \/>\n\t<meta property=\"og:image:height\" content=\"675\" \/>\n\t<meta property=\"og:image:type\" content=\"image\/jpeg\" \/>\n<meta name=\"author\" content=\"Fyno\" \/>\n<meta name=\"twitter:card\" content=\"summary_large_image\" \/>\n<meta name=\"twitter:label1\" content=\"Escrito por\" \/>\n\t<meta name=\"twitter:data1\" content=\"Fyno\" \/>\n\t<meta name=\"twitter:label2\" content=\"Tempo estimado de leitura\" \/>\n\t<meta name=\"twitter:data2\" content=\"1 minuto\" \/>\n<script type=\"application\/ld+json\" class=\"yoast-schema-graph\">{\"@context\":\"https:\\\/\\\/schema.org\",\"@graph\":[{\"@type\":\"Article\",\"@id\":\"https:\\\/\\\/fyno.pt\\\/pt\\\/news\\\/crise-douro-vinhateiro\\\/#article\",\"isPartOf\":{\"@id\":\"https:\\\/\\\/fyno.pt\\\/pt\\\/news\\\/crise-douro-vinhateiro\\\/\"},\"author\":{\"name\":\"Fyno\",\"@id\":\"https:\\\/\\\/fyno.pt\\\/#\\\/schema\\\/person\\\/ab5b330ed5ed05f1b4a7b8e438f68187\"},\"headline\":\"Crise no Douro Vinhateiro afeta viticultores que abandonam vinhas\",\"datePublished\":\"2026-09-02T06:47:34+00:00\",\"mainEntityOfPage\":{\"@id\":\"https:\\\/\\\/fyno.pt\\\/pt\\\/news\\\/crise-douro-vinhateiro\\\/\"},\"wordCount\":271,\"commentCount\":0,\"image\":{\"@id\":\"https:\\\/\\\/fyno.pt\\\/pt\\\/news\\\/crise-douro-vinhateiro\\\/#primaryimage\"},\"thumbnailUrl\":\"https:\\\/\\\/fyno.pt\\\/wp-content\\\/uploads\\\/2026\\\/09\\\/cropped-cropped-cropped-alto_douro_vinhateiro_dsc00160_37170494401-1.jpg\",\"keywords\":[\"crise\",\"Douro\",\"produtores\",\"vinhas\",\"viticultura\"],\"articleSection\":[\"News\"],\"inLanguage\":\"pt-PT\",\"potentialAction\":[{\"@type\":\"CommentAction\",\"name\":\"Comment\",\"target\":[\"https:\\\/\\\/fyno.pt\\\/pt\\\/news\\\/crise-douro-vinhateiro\\\/#respond\"]}]},{\"@type\":\"WebPage\",\"@id\":\"https:\\\/\\\/fyno.pt\\\/pt\\\/news\\\/crise-douro-vinhateiro\\\/\",\"url\":\"https:\\\/\\\/fyno.pt\\\/pt\\\/news\\\/crise-douro-vinhateiro\\\/\",\"name\":\"crise no douro vinhateiro obriga viticultores a abandonar vinhas\",\"isPartOf\":{\"@id\":\"https:\\\/\\\/fyno.pt\\\/#website\"},\"primaryImageOfPage\":{\"@id\":\"https:\\\/\\\/fyno.pt\\\/pt\\\/news\\\/crise-douro-vinhateiro\\\/#primaryimage\"},\"image\":{\"@id\":\"https:\\\/\\\/fyno.pt\\\/pt\\\/news\\\/crise-douro-vinhateiro\\\/#primaryimage\"},\"thumbnailUrl\":\"https:\\\/\\\/fyno.pt\\\/wp-content\\\/uploads\\\/2026\\\/09\\\/cropped-cropped-cropped-alto_douro_vinhateiro_dsc00160_37170494401-1.jpg\",\"datePublished\":\"2026-09-02T06:47:34+00:00\",\"author\":{\"@id\":\"https:\\\/\\\/fyno.pt\\\/#\\\/schema\\\/person\\\/ab5b330ed5ed05f1b4a7b8e438f68187\"},\"description\":\"Viticultores do Douro enfrentam crise severa, abandonando vinhas devido a dificuldades financeiras e falta de compradores.\",\"breadcrumb\":{\"@id\":\"https:\\\/\\\/fyno.pt\\\/pt\\\/news\\\/crise-douro-vinhateiro\\\/#breadcrumb\"},\"inLanguage\":\"pt-PT\",\"potentialAction\":[{\"@type\":\"ReadAction\",\"target\":[\"https:\\\/\\\/fyno.pt\\\/pt\\\/news\\\/crise-douro-vinhateiro\\\/\"]}]},{\"@type\":\"ImageObject\",\"inLanguage\":\"pt-PT\",\"@id\":\"https:\\\/\\\/fyno.pt\\\/pt\\\/news\\\/crise-douro-vinhateiro\\\/#primaryimage\",\"url\":\"https:\\\/\\\/fyno.pt\\\/wp-content\\\/uploads\\\/2026\\\/09\\\/cropped-cropped-cropped-alto_douro_vinhateiro_dsc00160_37170494401-1.jpg\",\"contentUrl\":\"https:\\\/\\\/fyno.pt\\\/wp-content\\\/uploads\\\/2026\\\/09\\\/cropped-cropped-cropped-alto_douro_vinhateiro_dsc00160_37170494401-1.jpg\",\"width\":1200,\"height\":675,\"caption\":\"Foto: eco.sapo.pt\"},{\"@type\":\"BreadcrumbList\",\"@id\":\"https:\\\/\\\/fyno.pt\\\/pt\\\/news\\\/crise-douro-vinhateiro\\\/#breadcrumb\",\"itemListElement\":[{\"@type\":\"ListItem\",\"position\":1,\"name\":\"In\u00edcio\",\"item\":\"https:\\\/\\\/fyno.pt\\\/\"},{\"@type\":\"ListItem\",\"position\":2,\"name\":\"Crise no Douro Vinhateiro afeta viticultores que abandonam vinhas\"}]},{\"@type\":\"WebSite\",\"@id\":\"https:\\\/\\\/fyno.pt\\\/#website\",\"url\":\"https:\\\/\\\/fyno.pt\\\/\",\"name\":\"Fyno\",\"description\":\"Not\u00edcia e informa\u00e7\u00e3o\",\"potentialAction\":[{\"@type\":\"SearchAction\",\"target\":{\"@type\":\"EntryPoint\",\"urlTemplate\":\"https:\\\/\\\/fyno.pt\\\/?s={search_term_string}\"},\"query-input\":{\"@type\":\"PropertyValueSpecification\",\"valueRequired\":true,\"valueName\":\"search_term_string\"}}],\"inLanguage\":\"pt-PT\"},{\"@type\":\"Person\",\"@id\":\"https:\\\/\\\/fyno.pt\\\/#\\\/schema\\\/person\\\/ab5b330ed5ed05f1b4a7b8e438f68187\",\"name\":\"Fyno\",\"image\":{\"@type\":\"ImageObject\",\"inLanguage\":\"pt-PT\",\"@id\":\"https:\\\/\\\/fyno.pt\\\/wp-content\\\/litespeed\\\/avatar\\\/8f51870e8d94c234e288da840d914372.jpg?ver=1788205134\",\"url\":\"https:\\\/\\\/fyno.pt\\\/wp-content\\\/litespeed\\\/avatar\\\/8f51870e8d94c234e288da840d914372.jpg?ver=1788205134\",\"contentUrl\":\"https:\\\/\\\/fyno.pt\\\/wp-content\\\/litespeed\\\/avatar\\\/8f51870e8d94c234e288da840d914372.jpg?ver=1788205134\",\"caption\":\"Fyno\"},\"description\":\"A sua fonte de informa\u00e7\u00e3o.\",\"url\":\"https:\\\/\\\/fyno.pt\\\/pt\\\/author\\\/fynopt\\\/\"}]}<\/script>\n<!-- \/ Yoast SEO Premium plugin. -->","yoast_head_json":{"title":"crise no douro vinhateiro obriga viticultores a abandonar vinhas","description":"Viticultores do Douro enfrentam crise severa, abandonando vinhas devido a dificuldades financeiras e falta de compradores.","robots":{"index":"index","follow":"follow","max-snippet":"max-snippet:-1","max-image-preview":"max-image-preview:large","max-video-preview":"max-video-preview:-1"},"canonical":"https:\/\/fyno.pt\/pt\/news\/crise-douro-vinhateiro\/","og_locale":"pt_PT","og_type":"article","og_title":"Crise no Douro Vinhateiro afeta viticultores que abandonam vinhas","og_description":"Viticultores do Douro enfrentam crise severa, abandonando vinhas devido a dificuldades financeiras e falta de compradores.","og_url":"https:\/\/fyno.pt\/pt\/news\/crise-douro-vinhateiro\/","og_site_name":"Fyno","article_published_time":"2026-09-02T06:47:34+00:00","og_image":[{"width":1200,"height":675,"url":"https:\/\/fyno.pt\/wp-content\/uploads\/2026\/09\/cropped-cropped-cropped-alto_douro_vinhateiro_dsc00160_37170494401-1.jpg","type":"image\/jpeg"}],"author":"Fyno","twitter_card":"summary_large_image","twitter_misc":{"Escrito por":"Fyno","Tempo estimado de leitura":"1 minuto"},"schema":{"@context":"https:\/\/schema.org","@graph":[{"@type":"Article","@id":"https:\/\/fyno.pt\/pt\/news\/crise-douro-vinhateiro\/#article","isPartOf":{"@id":"https:\/\/fyno.pt\/pt\/news\/crise-douro-vinhateiro\/"},"author":{"name":"Fyno","@id":"https:\/\/fyno.pt\/#\/schema\/person\/ab5b330ed5ed05f1b4a7b8e438f68187"},"headline":"Crise no Douro Vinhateiro afeta viticultores que abandonam vinhas","datePublished":"2026-09-02T06:47:34+00:00","mainEntityOfPage":{"@id":"https:\/\/fyno.pt\/pt\/news\/crise-douro-vinhateiro\/"},"wordCount":271,"commentCount":0,"image":{"@id":"https:\/\/fyno.pt\/pt\/news\/crise-douro-vinhateiro\/#primaryimage"},"thumbnailUrl":"https:\/\/fyno.pt\/wp-content\/uploads\/2026\/09\/cropped-cropped-cropped-alto_douro_vinhateiro_dsc00160_37170494401-1.jpg","keywords":["crise","Douro","produtores","vinhas","viticultura"],"articleSection":["News"],"inLanguage":"pt-PT","potentialAction":[{"@type":"CommentAction","name":"Comment","target":["https:\/\/fyno.pt\/pt\/news\/crise-douro-vinhateiro\/#respond"]}]},{"@type":"WebPage","@id":"https:\/\/fyno.pt\/pt\/news\/crise-douro-vinhateiro\/","url":"https:\/\/fyno.pt\/pt\/news\/crise-douro-vinhateiro\/","name":"crise no douro vinhateiro obriga viticultores a abandonar vinhas","isPartOf":{"@id":"https:\/\/fyno.pt\/#website"},"primaryImageOfPage":{"@id":"https:\/\/fyno.pt\/pt\/news\/crise-douro-vinhateiro\/#primaryimage"},"image":{"@id":"https:\/\/fyno.pt\/pt\/news\/crise-douro-vinhateiro\/#primaryimage"},"thumbnailUrl":"https:\/\/fyno.pt\/wp-content\/uploads\/2026\/09\/cropped-cropped-cropped-alto_douro_vinhateiro_dsc00160_37170494401-1.jpg","datePublished":"2026-09-02T06:47:34+00:00","author":{"@id":"https:\/\/fyno.pt\/#\/schema\/person\/ab5b330ed5ed05f1b4a7b8e438f68187"},"description":"Viticultores do Douro enfrentam crise severa, abandonando vinhas devido a dificuldades financeiras e falta de compradores.","breadcrumb":{"@id":"https:\/\/fyno.pt\/pt\/news\/crise-douro-vinhateiro\/#breadcrumb"},"inLanguage":"pt-PT","potentialAction":[{"@type":"ReadAction","target":["https:\/\/fyno.pt\/pt\/news\/crise-douro-vinhateiro\/"]}]},{"@type":"ImageObject","inLanguage":"pt-PT","@id":"https:\/\/fyno.pt\/pt\/news\/crise-douro-vinhateiro\/#primaryimage","url":"https:\/\/fyno.pt\/wp-content\/uploads\/2026\/09\/cropped-cropped-cropped-alto_douro_vinhateiro_dsc00160_37170494401-1.jpg","contentUrl":"https:\/\/fyno.pt\/wp-content\/uploads\/2026\/09\/cropped-cropped-cropped-alto_douro_vinhateiro_dsc00160_37170494401-1.jpg","width":1200,"height":675,"caption":"Foto: eco.sapo.pt"},{"@type":"BreadcrumbList","@id":"https:\/\/fyno.pt\/pt\/news\/crise-douro-vinhateiro\/#breadcrumb","itemListElement":[{"@type":"ListItem","position":1,"name":"In\u00edcio","item":"https:\/\/fyno.pt\/"},{"@type":"ListItem","position":2,"name":"Crise no Douro Vinhateiro afeta viticultores que abandonam vinhas"}]},{"@type":"WebSite","@id":"https:\/\/fyno.pt\/#website","url":"https:\/\/fyno.pt\/","name":"Fyno","description":"Not\u00edcia e informa\u00e7\u00e3o","potentialAction":[{"@type":"SearchAction","target":{"@type":"EntryPoint","urlTemplate":"https:\/\/fyno.pt\/?s={search_term_string}"},"query-input":{"@type":"PropertyValueSpecification","valueRequired":true,"valueName":"search_term_string"}}],"inLanguage":"pt-PT"},{"@type":"Person","@id":"https:\/\/fyno.pt\/#\/schema\/person\/ab5b330ed5ed05f1b4a7b8e438f68187","name":"Fyno","image":{"@type":"ImageObject","inLanguage":"pt-PT","@id":"https:\/\/fyno.pt\/wp-content\/litespeed\/avatar\/8f51870e8d94c234e288da840d914372.jpg?ver=1788205134","url":"https:\/\/fyno.pt\/wp-content\/litespeed\/avatar\/8f51870e8d94c234e288da840d914372.jpg?ver=1788205134","contentUrl":"https:\/\/fyno.pt\/wp-content\/litespeed\/avatar\/8f51870e8d94c234e288da840d914372.jpg?ver=1788205134","caption":"Fyno"},"description":"A sua fonte de informa\u00e7\u00e3o.","url":"https:\/\/fyno.pt\/pt\/author\/fynopt\/"}]}},"_links":{"self":[{"href":"https:\/\/fyno.pt\/pt\/wp-json\/wp\/v2\/posts\/43551","targetHints":{"allow":["GET"]}}],"collection":[{"href":"https:\/\/fyno.pt\/pt\/wp-json\/wp\/v2\/posts"}],"about":[{"href":"https:\/\/fyno.pt\/pt\/wp-json\/wp\/v2\/types\/post"}],"author":[{"embeddable":true,"href":"https:\/\/fyno.pt\/pt\/wp-json\/wp\/v2\/users\/9"}],"replies":[{"embeddable":true,"href":"https:\/\/fyno.pt\/pt\/wp-json\/wp\/v2\/comments?post=43551"}],"version-history":[{"count":1,"href":"https:\/\/fyno.pt\/pt\/wp-json\/wp\/v2\/posts\/43551\/revisions"}],"predecessor-version":[{"id":43553,"href":"https:\/\/fyno.pt\/pt\/wp-json\/wp\/v2\/posts\/43551\/revisions\/43553"}],"wp:featuredmedia":[{"embeddable":true,"href":"https:\/\/fyno.pt\/pt\/wp-json\/wp\/v2\/media\/43552"}],"wp:attachment":[{"href":"https:\/\/fyno.pt\/pt\/wp-json\/wp\/v2\/media?parent=43551"}],"wp:term":[{"taxonomy":"category","embeddable":true,"href":"https:\/\/fyno.pt\/pt\/wp-json\/wp\/v2\/categories?post=43551"},{"taxonomy":"post_tag","embeddable":true,"href":"https:\/\/fyno.pt\/pt\/wp-json\/wp\/v2\/tags?post=43551"}],"curies":[{"name":"wp","href":"https:\/\/api.w.org\/{rel}","templated":true}]}}