{"id":43539,"date":"2026-09-02T01:44:45","date_gmt":"2026-09-02T04:44:45","guid":{"rendered":"https:\/\/fyno.pt\/?p=43539"},"modified":"2026-09-02T01:44:45","modified_gmt":"2026-09-02T04:44:45","slug":"amnistia-internacional-solicita-ajuda-angolanos-seca-namibia","status":"publish","type":"post","link":"https:\/\/fyno.pt\/pt\/news\/amnistia-internacional-solicita-ajuda-angolanos-seca-namibia\/","title":{"rendered":"Amnistia Internacional pede ajuda a angolanos afetados pela seca na Nam\u00edbia"},"content":{"rendered":"<p>A Amnistia Internacional (AI) divulgou hoje um relat\u00f3rio que chama aten\u00e7\u00e3o para as condi\u00e7\u00f5es prec\u00e1rias enfrentadas por milhares de angolanos que, devido \u00e0 seca, est\u00e3o migrando para a Nam\u00edbia. O documento destaca a urg\u00eancia de uma resposta humanit\u00e1ria e a necessidade de solidariedade internacional para lidar com a situa\u00e7\u00e3o alarmante desses indiv\u00edduos.<\/p>\n\n\n\n<h2 class=\"wp-block-heading\">Condi\u00e7\u00f5es de vida prec\u00e1rias<\/h2>\n\n\n\n<p>O relat\u00f3rio da AI descreve as condi\u00e7\u00f5es desumanas em que vivem os angolanos que buscam ref\u00fagio. A escassez de \u00e1gua e alimentos, agravada pela crise clim\u00e1tica, tem for\u00e7ado muitos a deixar suas casas em busca de melhores condi\u00e7\u00f5es de vida.<\/p>\n\n\n\n<h2 class=\"wp-block-heading\">Apelo por solidariedade internacional<\/h2>\n\n\n\n<p>A organiza\u00e7\u00e3o enfatiza que a resposta a essa crise deve ser uma prioridade para a comunidade internacional, que deve agir rapidamente para fornecer assist\u00eancia humanit\u00e1ria a esses migrantes. A Amnistia Internacional refor\u00e7a que \u00e9 fundamental que a situa\u00e7\u00e3o seja monitorada e que a ajuda chegue a quem mais precisa.<\/p>\n\n\n\n<p>Al\u00e9m disso, o relat\u00f3rio pede que os governos e organiza\u00e7\u00f5es n\u00e3o governamentais se unam para desenvolver estrat\u00e9gias que ajudem a mitigar os efeitos da seca e melhorem as condi\u00e7\u00f5es de vida nas regi\u00f5es mais afetadas.<\/p>\n\n\n\n<p>A situa\u00e7\u00e3o dos angolanos que se deslocam para a Nam\u00edbia \u00e9 um reflexo das dificuldades enfrentadas por muitos em diversas partes do mundo devido a mudan\u00e7as clim\u00e1ticas e crises humanit\u00e1rias. A Amnistia Internacional destaca que a solidariedade e o apoio internacional s\u00e3o cruciais para enfrentar esses desafios.<\/p>","protected":false},"excerpt":{"rendered":"<p>Organiza\u00e7\u00e3o destaca a necessidade de aten\u00e7\u00e3o humanit\u00e1ria para os que buscam abrigo.<\/p>","protected":false},"author":9,"featured_media":43540,"comment_status":"open","ping_status":"open","sticky":false,"template":"","format":"standard","meta":{"footnotes":""},"categories":[560],"tags":[2004,2001,2005,2003,2002],"class_list":["post-43539","post","type-post","status-publish","format-standard","has-post-thumbnail","hentry","category-news","tag-ajuda-humanitaria","tag-amnistia-internacional","tag-crise-climatica","tag-namibia","tag-seca"],"yoast_head":"<!-- This site is optimized with the Yoast SEO Premium plugin v27.9 (Yoast SEO v27.9) - https:\/\/yoast.com\/product\/yoast-seo-premium-wordpress\/ -->\n<title>amnistia internacional alerta sobre crise de seca na nam\u00edbia<\/title>\n<meta name=\"description\" content=\"A Amnistia Internacional pede ajuda aos angolanos afetados pela seca na Nam\u00edbia, destacando a urg\u00eancia de resposta humanit\u00e1ria.\" \/>\n<meta name=\"robots\" content=\"index, follow, max-snippet:-1, max-image-preview:large, max-video-preview:-1\" \/>\n<link rel=\"canonical\" href=\"https:\/\/fyno.pt\/pt\/news\/amnistia-internacional-solicita-ajuda-angolanos-seca-namibia\/\" \/>\n<meta property=\"og:locale\" content=\"pt_PT\" \/>\n<meta property=\"og:type\" content=\"article\" \/>\n<meta property=\"og:title\" content=\"Amnistia Internacional pede ajuda a angolanos afetados pela seca na Nam\u00edbia\" \/>\n<meta property=\"og:description\" content=\"A Amnistia Internacional pede ajuda aos angolanos afetados pela seca na Nam\u00edbia, destacando a urg\u00eancia de resposta humanit\u00e1ria.\" \/>\n<meta property=\"og:url\" content=\"https:\/\/fyno.pt\/pt\/news\/amnistia-internacional-solicita-ajuda-angolanos-seca-namibia\/\" \/>\n<meta property=\"og:site_name\" content=\"Fyno\" \/>\n<meta property=\"article:published_time\" content=\"2026-09-02T04:44:45+00:00\" \/>\n<meta property=\"og:image\" content=\"https:\/\/fyno.pt\/wp-content\/uploads\/2026\/09\/generica-lusa-politica-08-1.jpg\" \/>\n\t<meta property=\"og:image:width\" content=\"1200\" \/>\n\t<meta property=\"og:image:height\" content=\"630\" \/>\n\t<meta property=\"og:image:type\" content=\"image\/webp\" \/>\n<meta name=\"author\" content=\"Fyno\" \/>\n<meta name=\"twitter:card\" content=\"summary_large_image\" \/>\n<meta name=\"twitter:label1\" content=\"Escrito por\" \/>\n\t<meta name=\"twitter:data1\" content=\"Fyno\" \/>\n\t<meta name=\"twitter:label2\" content=\"Tempo estimado de leitura\" \/>\n\t<meta name=\"twitter:data2\" content=\"1 minuto\" \/>\n<script type=\"application\/ld+json\" class=\"yoast-schema-graph\">{\"@context\":\"https:\\\/\\\/schema.org\",\"@graph\":[{\"@type\":\"Article\",\"@id\":\"https:\\\/\\\/fyno.pt\\\/news\\\/amnistia-internacional-solicita-ajuda-angolanos-seca-namibia\\\/#article\",\"isPartOf\":{\"@id\":\"https:\\\/\\\/fyno.pt\\\/news\\\/amnistia-internacional-solicita-ajuda-angolanos-seca-namibia\\\/\"},\"author\":{\"name\":\"Fyno\",\"@id\":\"https:\\\/\\\/fyno.pt\\\/#\\\/schema\\\/person\\\/ab5b330ed5ed05f1b4a7b8e438f68187\"},\"headline\":\"Amnistia Internacional pede ajuda a angolanos afetados pela seca na Nam\u00edbia\",\"datePublished\":\"2026-09-02T04:44:45+00:00\",\"mainEntityOfPage\":{\"@id\":\"https:\\\/\\\/fyno.pt\\\/news\\\/amnistia-internacional-solicita-ajuda-angolanos-seca-namibia\\\/\"},\"wordCount\":276,\"commentCount\":0,\"image\":{\"@id\":\"https:\\\/\\\/fyno.pt\\\/news\\\/amnistia-internacional-solicita-ajuda-angolanos-seca-namibia\\\/#primaryimage\"},\"thumbnailUrl\":\"https:\\\/\\\/fyno.pt\\\/wp-content\\\/uploads\\\/2026\\\/09\\\/generica-lusa-politica-08-1.jpg\",\"keywords\":[\"ajuda humanit\u00e1ria\",\"Amnistia Internacional\",\"crise clim\u00e1tica\",\"Nam\u00edbia\",\"seca\"],\"articleSection\":[\"News\"],\"inLanguage\":\"pt-PT\",\"potentialAction\":[{\"@type\":\"CommentAction\",\"name\":\"Comment\",\"target\":[\"https:\\\/\\\/fyno.pt\\\/news\\\/amnistia-internacional-solicita-ajuda-angolanos-seca-namibia\\\/#respond\"]}]},{\"@type\":\"WebPage\",\"@id\":\"https:\\\/\\\/fyno.pt\\\/news\\\/amnistia-internacional-solicita-ajuda-angolanos-seca-namibia\\\/\",\"url\":\"https:\\\/\\\/fyno.pt\\\/news\\\/amnistia-internacional-solicita-ajuda-angolanos-seca-namibia\\\/\",\"name\":\"amnistia internacional alerta sobre crise de seca na nam\u00edbia\",\"isPartOf\":{\"@id\":\"https:\\\/\\\/fyno.pt\\\/#website\"},\"primaryImageOfPage\":{\"@id\":\"https:\\\/\\\/fyno.pt\\\/news\\\/amnistia-internacional-solicita-ajuda-angolanos-seca-namibia\\\/#primaryimage\"},\"image\":{\"@id\":\"https:\\\/\\\/fyno.pt\\\/news\\\/amnistia-internacional-solicita-ajuda-angolanos-seca-namibia\\\/#primaryimage\"},\"thumbnailUrl\":\"https:\\\/\\\/fyno.pt\\\/wp-content\\\/uploads\\\/2026\\\/09\\\/generica-lusa-politica-08-1.jpg\",\"datePublished\":\"2026-09-02T04:44:45+00:00\",\"author\":{\"@id\":\"https:\\\/\\\/fyno.pt\\\/#\\\/schema\\\/person\\\/ab5b330ed5ed05f1b4a7b8e438f68187\"},\"description\":\"A Amnistia Internacional pede ajuda aos angolanos afetados pela seca na Nam\u00edbia, destacando a urg\u00eancia de resposta humanit\u00e1ria.\",\"breadcrumb\":{\"@id\":\"https:\\\/\\\/fyno.pt\\\/news\\\/amnistia-internacional-solicita-ajuda-angolanos-seca-namibia\\\/#breadcrumb\"},\"inLanguage\":\"pt-PT\",\"potentialAction\":[{\"@type\":\"ReadAction\",\"target\":[\"https:\\\/\\\/fyno.pt\\\/news\\\/amnistia-internacional-solicita-ajuda-angolanos-seca-namibia\\\/\"]}]},{\"@type\":\"ImageObject\",\"inLanguage\":\"pt-PT\",\"@id\":\"https:\\\/\\\/fyno.pt\\\/news\\\/amnistia-internacional-solicita-ajuda-angolanos-seca-namibia\\\/#primaryimage\",\"url\":\"https:\\\/\\\/fyno.pt\\\/wp-content\\\/uploads\\\/2026\\\/09\\\/generica-lusa-politica-08-1.jpg\",\"contentUrl\":\"https:\\\/\\\/fyno.pt\\\/wp-content\\\/uploads\\\/2026\\\/09\\\/generica-lusa-politica-08-1.jpg\",\"width\":1200,\"height\":630,\"caption\":\"Amnistia Internacional pede prote\u00e7\u00e3o de angolanos empurrados pela seca para a Nam\u00edbia\"},{\"@type\":\"BreadcrumbList\",\"@id\":\"https:\\\/\\\/fyno.pt\\\/news\\\/amnistia-internacional-solicita-ajuda-angolanos-seca-namibia\\\/#breadcrumb\",\"itemListElement\":[{\"@type\":\"ListItem\",\"position\":1,\"name\":\"In\u00edcio\",\"item\":\"https:\\\/\\\/fyno.pt\\\/\"},{\"@type\":\"ListItem\",\"position\":2,\"name\":\"Amnistia Internacional pede ajuda a angolanos afetados pela seca na Nam\u00edbia\"}]},{\"@type\":\"WebSite\",\"@id\":\"https:\\\/\\\/fyno.pt\\\/#website\",\"url\":\"https:\\\/\\\/fyno.pt\\\/\",\"name\":\"Fyno\",\"description\":\"Not\u00edcia e informa\u00e7\u00e3o\",\"potentialAction\":[{\"@type\":\"SearchAction\",\"target\":{\"@type\":\"EntryPoint\",\"urlTemplate\":\"https:\\\/\\\/fyno.pt\\\/?s={search_term_string}\"},\"query-input\":{\"@type\":\"PropertyValueSpecification\",\"valueRequired\":true,\"valueName\":\"search_term_string\"}}],\"inLanguage\":\"pt-PT\"},{\"@type\":\"Person\",\"@id\":\"https:\\\/\\\/fyno.pt\\\/#\\\/schema\\\/person\\\/ab5b330ed5ed05f1b4a7b8e438f68187\",\"name\":\"Fyno\",\"image\":{\"@type\":\"ImageObject\",\"inLanguage\":\"pt-PT\",\"@id\":\"https:\\\/\\\/fyno.pt\\\/wp-content\\\/litespeed\\\/avatar\\\/8f51870e8d94c234e288da840d914372.jpg?ver=1788205134\",\"url\":\"https:\\\/\\\/fyno.pt\\\/wp-content\\\/litespeed\\\/avatar\\\/8f51870e8d94c234e288da840d914372.jpg?ver=1788205134\",\"contentUrl\":\"https:\\\/\\\/fyno.pt\\\/wp-content\\\/litespeed\\\/avatar\\\/8f51870e8d94c234e288da840d914372.jpg?ver=1788205134\",\"caption\":\"Fyno\"},\"description\":\"A sua fonte de informa\u00e7\u00e3o.\",\"url\":\"https:\\\/\\\/fyno.pt\\\/pt\\\/author\\\/fynopt\\\/\"}]}<\/script>\n<!-- \/ Yoast SEO Premium plugin. -->","yoast_head_json":{"title":"amnistia internacional alerta sobre crise de seca na nam\u00edbia","description":"A Amnistia Internacional pede ajuda aos angolanos afetados pela seca na Nam\u00edbia, destacando a urg\u00eancia de resposta humanit\u00e1ria.","robots":{"index":"index","follow":"follow","max-snippet":"max-snippet:-1","max-image-preview":"max-image-preview:large","max-video-preview":"max-video-preview:-1"},"canonical":"https:\/\/fyno.pt\/pt\/news\/amnistia-internacional-solicita-ajuda-angolanos-seca-namibia\/","og_locale":"pt_PT","og_type":"article","og_title":"Amnistia Internacional pede ajuda a angolanos afetados pela seca na Nam\u00edbia","og_description":"A Amnistia Internacional pede ajuda aos angolanos afetados pela seca na Nam\u00edbia, destacando a urg\u00eancia de resposta humanit\u00e1ria.","og_url":"https:\/\/fyno.pt\/pt\/news\/amnistia-internacional-solicita-ajuda-angolanos-seca-namibia\/","og_site_name":"Fyno","article_published_time":"2026-09-02T04:44:45+00:00","og_image":[{"width":1200,"height":630,"url":"https:\/\/fyno.pt\/wp-content\/uploads\/2026\/09\/generica-lusa-politica-08-1.jpg","type":"image\/webp"}],"author":"Fyno","twitter_card":"summary_large_image","twitter_misc":{"Escrito por":"Fyno","Tempo estimado de leitura":"1 minuto"},"schema":{"@context":"https:\/\/schema.org","@graph":[{"@type":"Article","@id":"https:\/\/fyno.pt\/news\/amnistia-internacional-solicita-ajuda-angolanos-seca-namibia\/#article","isPartOf":{"@id":"https:\/\/fyno.pt\/news\/amnistia-internacional-solicita-ajuda-angolanos-seca-namibia\/"},"author":{"name":"Fyno","@id":"https:\/\/fyno.pt\/#\/schema\/person\/ab5b330ed5ed05f1b4a7b8e438f68187"},"headline":"Amnistia Internacional pede ajuda a angolanos afetados pela seca na Nam\u00edbia","datePublished":"2026-09-02T04:44:45+00:00","mainEntityOfPage":{"@id":"https:\/\/fyno.pt\/news\/amnistia-internacional-solicita-ajuda-angolanos-seca-namibia\/"},"wordCount":276,"commentCount":0,"image":{"@id":"https:\/\/fyno.pt\/news\/amnistia-internacional-solicita-ajuda-angolanos-seca-namibia\/#primaryimage"},"thumbnailUrl":"https:\/\/fyno.pt\/wp-content\/uploads\/2026\/09\/generica-lusa-politica-08-1.jpg","keywords":["ajuda humanit\u00e1ria","Amnistia Internacional","crise clim\u00e1tica","Nam\u00edbia","seca"],"articleSection":["News"],"inLanguage":"pt-PT","potentialAction":[{"@type":"CommentAction","name":"Comment","target":["https:\/\/fyno.pt\/news\/amnistia-internacional-solicita-ajuda-angolanos-seca-namibia\/#respond"]}]},{"@type":"WebPage","@id":"https:\/\/fyno.pt\/news\/amnistia-internacional-solicita-ajuda-angolanos-seca-namibia\/","url":"https:\/\/fyno.pt\/news\/amnistia-internacional-solicita-ajuda-angolanos-seca-namibia\/","name":"amnistia internacional alerta sobre crise de seca na nam\u00edbia","isPartOf":{"@id":"https:\/\/fyno.pt\/#website"},"primaryImageOfPage":{"@id":"https:\/\/fyno.pt\/news\/amnistia-internacional-solicita-ajuda-angolanos-seca-namibia\/#primaryimage"},"image":{"@id":"https:\/\/fyno.pt\/news\/amnistia-internacional-solicita-ajuda-angolanos-seca-namibia\/#primaryimage"},"thumbnailUrl":"https:\/\/fyno.pt\/wp-content\/uploads\/2026\/09\/generica-lusa-politica-08-1.jpg","datePublished":"2026-09-02T04:44:45+00:00","author":{"@id":"https:\/\/fyno.pt\/#\/schema\/person\/ab5b330ed5ed05f1b4a7b8e438f68187"},"description":"A Amnistia Internacional pede ajuda aos angolanos afetados pela seca na Nam\u00edbia, destacando a urg\u00eancia de resposta humanit\u00e1ria.","breadcrumb":{"@id":"https:\/\/fyno.pt\/news\/amnistia-internacional-solicita-ajuda-angolanos-seca-namibia\/#breadcrumb"},"inLanguage":"pt-PT","potentialAction":[{"@type":"ReadAction","target":["https:\/\/fyno.pt\/news\/amnistia-internacional-solicita-ajuda-angolanos-seca-namibia\/"]}]},{"@type":"ImageObject","inLanguage":"pt-PT","@id":"https:\/\/fyno.pt\/news\/amnistia-internacional-solicita-ajuda-angolanos-seca-namibia\/#primaryimage","url":"https:\/\/fyno.pt\/wp-content\/uploads\/2026\/09\/generica-lusa-politica-08-1.jpg","contentUrl":"https:\/\/fyno.pt\/wp-content\/uploads\/2026\/09\/generica-lusa-politica-08-1.jpg","width":1200,"height":630,"caption":"Amnistia Internacional pede prote\u00e7\u00e3o de angolanos empurrados pela seca para a Nam\u00edbia"},{"@type":"BreadcrumbList","@id":"https:\/\/fyno.pt\/news\/amnistia-internacional-solicita-ajuda-angolanos-seca-namibia\/#breadcrumb","itemListElement":[{"@type":"ListItem","position":1,"name":"In\u00edcio","item":"https:\/\/fyno.pt\/"},{"@type":"ListItem","position":2,"name":"Amnistia Internacional pede ajuda a angolanos afetados pela seca na Nam\u00edbia"}]},{"@type":"WebSite","@id":"https:\/\/fyno.pt\/#website","url":"https:\/\/fyno.pt\/","name":"Fyno","description":"Not\u00edcia e informa\u00e7\u00e3o","potentialAction":[{"@type":"SearchAction","target":{"@type":"EntryPoint","urlTemplate":"https:\/\/fyno.pt\/?s={search_term_string}"},"query-input":{"@type":"PropertyValueSpecification","valueRequired":true,"valueName":"search_term_string"}}],"inLanguage":"pt-PT"},{"@type":"Person","@id":"https:\/\/fyno.pt\/#\/schema\/person\/ab5b330ed5ed05f1b4a7b8e438f68187","name":"Fyno","image":{"@type":"ImageObject","inLanguage":"pt-PT","@id":"https:\/\/fyno.pt\/wp-content\/litespeed\/avatar\/8f51870e8d94c234e288da840d914372.jpg?ver=1788205134","url":"https:\/\/fyno.pt\/wp-content\/litespeed\/avatar\/8f51870e8d94c234e288da840d914372.jpg?ver=1788205134","contentUrl":"https:\/\/fyno.pt\/wp-content\/litespeed\/avatar\/8f51870e8d94c234e288da840d914372.jpg?ver=1788205134","caption":"Fyno"},"description":"A sua fonte de informa\u00e7\u00e3o.","url":"https:\/\/fyno.pt\/pt\/author\/fynopt\/"}]}},"_links":{"self":[{"href":"https:\/\/fyno.pt\/pt\/wp-json\/wp\/v2\/posts\/43539","targetHints":{"allow":["GET"]}}],"collection":[{"href":"https:\/\/fyno.pt\/pt\/wp-json\/wp\/v2\/posts"}],"about":[{"href":"https:\/\/fyno.pt\/pt\/wp-json\/wp\/v2\/types\/post"}],"author":[{"embeddable":true,"href":"https:\/\/fyno.pt\/pt\/wp-json\/wp\/v2\/users\/9"}],"replies":[{"embeddable":true,"href":"https:\/\/fyno.pt\/pt\/wp-json\/wp\/v2\/comments?post=43539"}],"version-history":[{"count":1,"href":"https:\/\/fyno.pt\/pt\/wp-json\/wp\/v2\/posts\/43539\/revisions"}],"predecessor-version":[{"id":43541,"href":"https:\/\/fyno.pt\/pt\/wp-json\/wp\/v2\/posts\/43539\/revisions\/43541"}],"wp:featuredmedia":[{"embeddable":true,"href":"https:\/\/fyno.pt\/pt\/wp-json\/wp\/v2\/media\/43540"}],"wp:attachment":[{"href":"https:\/\/fyno.pt\/pt\/wp-json\/wp\/v2\/media?parent=43539"}],"wp:term":[{"taxonomy":"category","embeddable":true,"href":"https:\/\/fyno.pt\/pt\/wp-json\/wp\/v2\/categories?post=43539"},{"taxonomy":"post_tag","embeddable":true,"href":"https:\/\/fyno.pt\/pt\/wp-json\/wp\/v2\/tags?post=43539"}],"curies":[{"name":"wp","href":"https:\/\/api.w.org\/{rel}","templated":true}]}}