{"id":43536,"date":"2026-09-02T01:14:34","date_gmt":"2026-09-02T04:14:34","guid":{"rendered":"https:\/\/fyno.pt\/pt\/?p=43536"},"modified":"2026-09-02T01:14:34","modified_gmt":"2026-09-02T04:14:34","slug":"camara-resolucao-litigios-contratacao-publica","status":"publish","type":"post","link":"https:\/\/fyno.pt\/pt\/news\/camara-resolucao-litigios-contratacao-publica\/","title":{"rendered":"Proposta de lei busca criar c\u00e2mara de Resolu\u00e7\u00e3o de Lit\u00edgios de Contrata\u00e7\u00e3o P\u00fablica"},"content":{"rendered":"<p>Uma nova proposta de lei foi apresentada na Assembleia da Rep\u00fablica com o objetivo de estabelecer uma C\u00e2mara de Resolu\u00e7\u00e3o de Lit\u00edgios de Contrata\u00e7\u00e3o P\u00fablica. Esta iniciativa, que se insere na esfera do Minist\u00e9rio da Justi\u00e7a, visa criar uma autoridade administrativa independente para a resolu\u00e7\u00e3o de lit\u00edgios tanto pr\u00e9-contratuais quanto contratuais.<\/p>\n\n\n\n<h2 class=\"wp-block-heading\">Objetivos da proposta<\/h2>\n\n\n\n<p>A proposta, identificada como Proposta de Lei n.\u00ba 99\/XVII\/1, reconhece a necessidade de um mecanismo mais eficaz para tratar disputas envolvendo contratos p\u00fablicos. A cria\u00e7\u00e3o dessa c\u00e2mara \u00e9 vista como uma forma de descentralizar a gest\u00e3o desses lit\u00edgios, promovendo uma abordagem mais \u00e1gil e especializada.<\/p>\n\n\n\n<h2 class=\"wp-block-heading\">Funcionamento da c\u00e2mara<\/h2>\n\n\n\n<p>A nova c\u00e2mara funcionar\u00e1 com a inten\u00e7\u00e3o de desonerar os tribunais de casos que poderiam ser resolvidos administrativamente. Isso permitir\u00e1 que as partes envolvidas em lit\u00edgios contratuais busquem solu\u00e7\u00f5es mais r\u00e1pidas e menos burocr\u00e1ticas, contribuindo para a efici\u00eancia do sistema de contrata\u00e7\u00e3o p\u00fablica.<\/p>\n\n\n\n<h2 class=\"wp-block-heading\">Pr\u00f3ximos passos<\/h2>\n\n\n\n<p>Agora, a proposta seguir\u00e1 o processo legislativo, onde ser\u00e1 discutida e analisada pelos parlamentares. A expectativa \u00e9 de que, se aprovada, a C\u00e2mara de Resolu\u00e7\u00e3o de Lit\u00edgios de Contrata\u00e7\u00e3o P\u00fablica possa iniciar suas atividades em um futuro pr\u00f3ximo, trazendo benef\u00edcios tanto para a administra\u00e7\u00e3o p\u00fablica quanto para os cidad\u00e3os.<\/p>","protected":false},"excerpt":{"rendered":"<p>Nova institui\u00e7\u00e3o visa resolver conflitos contratuais de forma independente<\/p>","protected":false},"author":9,"featured_media":43537,"comment_status":"open","ping_status":"open","sticky":false,"template":"","format":"standard","meta":{"footnotes":""},"categories":[560],"tags":[1999,1996,2000,1998,1997],"class_list":["post-43536","post","type-post","status-publish","format-standard","has-post-thumbnail","hentry","category-news","tag-assembleia","tag-contratacao-publica","tag-justica","tag-lei","tag-litigios"],"yoast_head":"<!-- This site is optimized with the Yoast SEO Premium plugin v27.9 (Yoast SEO v27.9) - https:\/\/yoast.com\/product\/yoast-seo-premium-wordpress\/ -->\n<title>nova c\u00e2mara visa resolver lit\u00edgios de contrata\u00e7\u00e3o p\u00fablica<\/title>\n<meta name=\"description\" content=\"Nova proposta de lei cria C\u00e2mara de Resolu\u00e7\u00e3o de Lit\u00edgios de Contrata\u00e7\u00e3o P\u00fablica para agilizar a resolu\u00e7\u00e3o de disputas.\" \/>\n<meta name=\"robots\" content=\"index, follow, max-snippet:-1, max-image-preview:large, max-video-preview:-1\" \/>\n<link rel=\"canonical\" href=\"https:\/\/fyno.pt\/pt\/news\/camara-resolucao-litigios-contratacao-publica\/\" \/>\n<meta property=\"og:locale\" content=\"pt_PT\" \/>\n<meta property=\"og:type\" content=\"article\" \/>\n<meta property=\"og:title\" content=\"Proposta de lei busca criar c\u00e2mara de Resolu\u00e7\u00e3o de Lit\u00edgios de Contrata\u00e7\u00e3o P\u00fablica\" \/>\n<meta property=\"og:description\" content=\"Nova proposta de lei cria C\u00e2mara de Resolu\u00e7\u00e3o de Lit\u00edgios de Contrata\u00e7\u00e3o P\u00fablica para agilizar a resolu\u00e7\u00e3o de disputas.\" \/>\n<meta property=\"og:url\" content=\"https:\/\/fyno.pt\/pt\/news\/camara-resolucao-litigios-contratacao-publica\/\" \/>\n<meta property=\"og:site_name\" content=\"Fyno\" \/>\n<meta property=\"article:published_time\" content=\"2026-09-02T04:14:34+00:00\" \/>\n<meta property=\"og:image\" content=\"https:\/\/fyno.pt\/wp-content\/uploads\/2026\/09\/830b86142a9c4dbae0e1fd8b7813531cf10d91b3-1.jpg\" \/>\n\t<meta property=\"og:image:width\" content=\"354\" \/>\n\t<meta property=\"og:image:height\" content=\"354\" \/>\n\t<meta property=\"og:image:type\" content=\"image\/jpeg\" \/>\n<meta name=\"author\" content=\"Fyno\" \/>\n<meta name=\"twitter:card\" content=\"summary_large_image\" \/>\n<meta name=\"twitter:label1\" content=\"Escrito por\" \/>\n\t<meta name=\"twitter:data1\" content=\"Fyno\" \/>\n\t<meta name=\"twitter:label2\" content=\"Tempo estimado de leitura\" \/>\n\t<meta name=\"twitter:data2\" content=\"1 minuto\" \/>\n<script type=\"application\/ld+json\" class=\"yoast-schema-graph\">{\"@context\":\"https:\\\/\\\/schema.org\",\"@graph\":[{\"@type\":\"Article\",\"@id\":\"https:\\\/\\\/fyno.pt\\\/pt\\\/news\\\/camara-resolucao-litigios-contratacao-publica\\\/#article\",\"isPartOf\":{\"@id\":\"https:\\\/\\\/fyno.pt\\\/pt\\\/news\\\/camara-resolucao-litigios-contratacao-publica\\\/\"},\"author\":{\"name\":\"Fyno\",\"@id\":\"https:\\\/\\\/fyno.pt\\\/#\\\/schema\\\/person\\\/ab5b330ed5ed05f1b4a7b8e438f68187\"},\"headline\":\"Proposta de lei busca criar c\u00e2mara de Resolu\u00e7\u00e3o de Lit\u00edgios de Contrata\u00e7\u00e3o P\u00fablica\",\"datePublished\":\"2026-09-02T04:14:34+00:00\",\"mainEntityOfPage\":{\"@id\":\"https:\\\/\\\/fyno.pt\\\/pt\\\/news\\\/camara-resolucao-litigios-contratacao-publica\\\/\"},\"wordCount\":249,\"commentCount\":0,\"image\":{\"@id\":\"https:\\\/\\\/fyno.pt\\\/pt\\\/news\\\/camara-resolucao-litigios-contratacao-publica\\\/#primaryimage\"},\"thumbnailUrl\":\"https:\\\/\\\/fyno.pt\\\/wp-content\\\/uploads\\\/2026\\\/09\\\/830b86142a9c4dbae0e1fd8b7813531cf10d91b3-1.jpg\",\"keywords\":[\"assembleia\",\"contrata\u00e7\u00e3o p\u00fablica\",\"justi\u00e7a\",\"lei\",\"lit\u00edgios\"],\"articleSection\":[\"News\"],\"inLanguage\":\"pt-PT\",\"potentialAction\":[{\"@type\":\"CommentAction\",\"name\":\"Comment\",\"target\":[\"https:\\\/\\\/fyno.pt\\\/pt\\\/news\\\/camara-resolucao-litigios-contratacao-publica\\\/#respond\"]}]},{\"@type\":\"WebPage\",\"@id\":\"https:\\\/\\\/fyno.pt\\\/pt\\\/news\\\/camara-resolucao-litigios-contratacao-publica\\\/\",\"url\":\"https:\\\/\\\/fyno.pt\\\/pt\\\/news\\\/camara-resolucao-litigios-contratacao-publica\\\/\",\"name\":\"nova c\u00e2mara visa resolver lit\u00edgios de contrata\u00e7\u00e3o p\u00fablica\",\"isPartOf\":{\"@id\":\"https:\\\/\\\/fyno.pt\\\/#website\"},\"primaryImageOfPage\":{\"@id\":\"https:\\\/\\\/fyno.pt\\\/pt\\\/news\\\/camara-resolucao-litigios-contratacao-publica\\\/#primaryimage\"},\"image\":{\"@id\":\"https:\\\/\\\/fyno.pt\\\/pt\\\/news\\\/camara-resolucao-litigios-contratacao-publica\\\/#primaryimage\"},\"thumbnailUrl\":\"https:\\\/\\\/fyno.pt\\\/wp-content\\\/uploads\\\/2026\\\/09\\\/830b86142a9c4dbae0e1fd8b7813531cf10d91b3-1.jpg\",\"datePublished\":\"2026-09-02T04:14:34+00:00\",\"author\":{\"@id\":\"https:\\\/\\\/fyno.pt\\\/#\\\/schema\\\/person\\\/ab5b330ed5ed05f1b4a7b8e438f68187\"},\"description\":\"Nova proposta de lei cria C\u00e2mara de Resolu\u00e7\u00e3o de Lit\u00edgios de Contrata\u00e7\u00e3o P\u00fablica para agilizar a resolu\u00e7\u00e3o de disputas.\",\"breadcrumb\":{\"@id\":\"https:\\\/\\\/fyno.pt\\\/pt\\\/news\\\/camara-resolucao-litigios-contratacao-publica\\\/#breadcrumb\"},\"inLanguage\":\"pt-PT\",\"potentialAction\":[{\"@type\":\"ReadAction\",\"target\":[\"https:\\\/\\\/fyno.pt\\\/pt\\\/news\\\/camara-resolucao-litigios-contratacao-publica\\\/\"]}]},{\"@type\":\"ImageObject\",\"inLanguage\":\"pt-PT\",\"@id\":\"https:\\\/\\\/fyno.pt\\\/pt\\\/news\\\/camara-resolucao-litigios-contratacao-publica\\\/#primaryimage\",\"url\":\"https:\\\/\\\/fyno.pt\\\/wp-content\\\/uploads\\\/2026\\\/09\\\/830b86142a9c4dbae0e1fd8b7813531cf10d91b3-1.jpg\",\"contentUrl\":\"https:\\\/\\\/fyno.pt\\\/wp-content\\\/uploads\\\/2026\\\/09\\\/830b86142a9c4dbae0e1fd8b7813531cf10d91b3-1.jpg\",\"width\":354,\"height\":354,\"caption\":\"Di\u00e1rio de Not\u00edcias\"},{\"@type\":\"BreadcrumbList\",\"@id\":\"https:\\\/\\\/fyno.pt\\\/pt\\\/news\\\/camara-resolucao-litigios-contratacao-publica\\\/#breadcrumb\",\"itemListElement\":[{\"@type\":\"ListItem\",\"position\":1,\"name\":\"In\u00edcio\",\"item\":\"https:\\\/\\\/fyno.pt\\\/\"},{\"@type\":\"ListItem\",\"position\":2,\"name\":\"Proposta de lei busca criar c\u00e2mara de Resolu\u00e7\u00e3o de Lit\u00edgios de Contrata\u00e7\u00e3o P\u00fablica\"}]},{\"@type\":\"WebSite\",\"@id\":\"https:\\\/\\\/fyno.pt\\\/#website\",\"url\":\"https:\\\/\\\/fyno.pt\\\/\",\"name\":\"Fyno\",\"description\":\"Not\u00edcia e informa\u00e7\u00e3o\",\"potentialAction\":[{\"@type\":\"SearchAction\",\"target\":{\"@type\":\"EntryPoint\",\"urlTemplate\":\"https:\\\/\\\/fyno.pt\\\/?s={search_term_string}\"},\"query-input\":{\"@type\":\"PropertyValueSpecification\",\"valueRequired\":true,\"valueName\":\"search_term_string\"}}],\"inLanguage\":\"pt-PT\"},{\"@type\":\"Person\",\"@id\":\"https:\\\/\\\/fyno.pt\\\/#\\\/schema\\\/person\\\/ab5b330ed5ed05f1b4a7b8e438f68187\",\"name\":\"Fyno\",\"image\":{\"@type\":\"ImageObject\",\"inLanguage\":\"pt-PT\",\"@id\":\"https:\\\/\\\/fyno.pt\\\/wp-content\\\/litespeed\\\/avatar\\\/8f51870e8d94c234e288da840d914372.jpg?ver=1788205134\",\"url\":\"https:\\\/\\\/fyno.pt\\\/wp-content\\\/litespeed\\\/avatar\\\/8f51870e8d94c234e288da840d914372.jpg?ver=1788205134\",\"contentUrl\":\"https:\\\/\\\/fyno.pt\\\/wp-content\\\/litespeed\\\/avatar\\\/8f51870e8d94c234e288da840d914372.jpg?ver=1788205134\",\"caption\":\"Fyno\"},\"description\":\"A sua fonte de informa\u00e7\u00e3o.\",\"url\":\"https:\\\/\\\/fyno.pt\\\/pt\\\/author\\\/fynopt\\\/\"}]}<\/script>\n<!-- \/ Yoast SEO Premium plugin. -->","yoast_head_json":{"title":"nova c\u00e2mara visa resolver lit\u00edgios de contrata\u00e7\u00e3o p\u00fablica","description":"Nova proposta de lei cria C\u00e2mara de Resolu\u00e7\u00e3o de Lit\u00edgios de Contrata\u00e7\u00e3o P\u00fablica para agilizar a resolu\u00e7\u00e3o de disputas.","robots":{"index":"index","follow":"follow","max-snippet":"max-snippet:-1","max-image-preview":"max-image-preview:large","max-video-preview":"max-video-preview:-1"},"canonical":"https:\/\/fyno.pt\/pt\/news\/camara-resolucao-litigios-contratacao-publica\/","og_locale":"pt_PT","og_type":"article","og_title":"Proposta de lei busca criar c\u00e2mara de Resolu\u00e7\u00e3o de Lit\u00edgios de Contrata\u00e7\u00e3o P\u00fablica","og_description":"Nova proposta de lei cria C\u00e2mara de Resolu\u00e7\u00e3o de Lit\u00edgios de Contrata\u00e7\u00e3o P\u00fablica para agilizar a resolu\u00e7\u00e3o de disputas.","og_url":"https:\/\/fyno.pt\/pt\/news\/camara-resolucao-litigios-contratacao-publica\/","og_site_name":"Fyno","article_published_time":"2026-09-02T04:14:34+00:00","og_image":[{"width":354,"height":354,"url":"https:\/\/fyno.pt\/wp-content\/uploads\/2026\/09\/830b86142a9c4dbae0e1fd8b7813531cf10d91b3-1.jpg","type":"image\/jpeg"}],"author":"Fyno","twitter_card":"summary_large_image","twitter_misc":{"Escrito por":"Fyno","Tempo estimado de leitura":"1 minuto"},"schema":{"@context":"https:\/\/schema.org","@graph":[{"@type":"Article","@id":"https:\/\/fyno.pt\/pt\/news\/camara-resolucao-litigios-contratacao-publica\/#article","isPartOf":{"@id":"https:\/\/fyno.pt\/pt\/news\/camara-resolucao-litigios-contratacao-publica\/"},"author":{"name":"Fyno","@id":"https:\/\/fyno.pt\/#\/schema\/person\/ab5b330ed5ed05f1b4a7b8e438f68187"},"headline":"Proposta de lei busca criar c\u00e2mara de Resolu\u00e7\u00e3o de Lit\u00edgios de Contrata\u00e7\u00e3o P\u00fablica","datePublished":"2026-09-02T04:14:34+00:00","mainEntityOfPage":{"@id":"https:\/\/fyno.pt\/pt\/news\/camara-resolucao-litigios-contratacao-publica\/"},"wordCount":249,"commentCount":0,"image":{"@id":"https:\/\/fyno.pt\/pt\/news\/camara-resolucao-litigios-contratacao-publica\/#primaryimage"},"thumbnailUrl":"https:\/\/fyno.pt\/wp-content\/uploads\/2026\/09\/830b86142a9c4dbae0e1fd8b7813531cf10d91b3-1.jpg","keywords":["assembleia","contrata\u00e7\u00e3o p\u00fablica","justi\u00e7a","lei","lit\u00edgios"],"articleSection":["News"],"inLanguage":"pt-PT","potentialAction":[{"@type":"CommentAction","name":"Comment","target":["https:\/\/fyno.pt\/pt\/news\/camara-resolucao-litigios-contratacao-publica\/#respond"]}]},{"@type":"WebPage","@id":"https:\/\/fyno.pt\/pt\/news\/camara-resolucao-litigios-contratacao-publica\/","url":"https:\/\/fyno.pt\/pt\/news\/camara-resolucao-litigios-contratacao-publica\/","name":"nova c\u00e2mara visa resolver lit\u00edgios de contrata\u00e7\u00e3o p\u00fablica","isPartOf":{"@id":"https:\/\/fyno.pt\/#website"},"primaryImageOfPage":{"@id":"https:\/\/fyno.pt\/pt\/news\/camara-resolucao-litigios-contratacao-publica\/#primaryimage"},"image":{"@id":"https:\/\/fyno.pt\/pt\/news\/camara-resolucao-litigios-contratacao-publica\/#primaryimage"},"thumbnailUrl":"https:\/\/fyno.pt\/wp-content\/uploads\/2026\/09\/830b86142a9c4dbae0e1fd8b7813531cf10d91b3-1.jpg","datePublished":"2026-09-02T04:14:34+00:00","author":{"@id":"https:\/\/fyno.pt\/#\/schema\/person\/ab5b330ed5ed05f1b4a7b8e438f68187"},"description":"Nova proposta de lei cria C\u00e2mara de Resolu\u00e7\u00e3o de Lit\u00edgios de Contrata\u00e7\u00e3o P\u00fablica para agilizar a resolu\u00e7\u00e3o de disputas.","breadcrumb":{"@id":"https:\/\/fyno.pt\/pt\/news\/camara-resolucao-litigios-contratacao-publica\/#breadcrumb"},"inLanguage":"pt-PT","potentialAction":[{"@type":"ReadAction","target":["https:\/\/fyno.pt\/pt\/news\/camara-resolucao-litigios-contratacao-publica\/"]}]},{"@type":"ImageObject","inLanguage":"pt-PT","@id":"https:\/\/fyno.pt\/pt\/news\/camara-resolucao-litigios-contratacao-publica\/#primaryimage","url":"https:\/\/fyno.pt\/wp-content\/uploads\/2026\/09\/830b86142a9c4dbae0e1fd8b7813531cf10d91b3-1.jpg","contentUrl":"https:\/\/fyno.pt\/wp-content\/uploads\/2026\/09\/830b86142a9c4dbae0e1fd8b7813531cf10d91b3-1.jpg","width":354,"height":354,"caption":"Di\u00e1rio de Not\u00edcias"},{"@type":"BreadcrumbList","@id":"https:\/\/fyno.pt\/pt\/news\/camara-resolucao-litigios-contratacao-publica\/#breadcrumb","itemListElement":[{"@type":"ListItem","position":1,"name":"In\u00edcio","item":"https:\/\/fyno.pt\/"},{"@type":"ListItem","position":2,"name":"Proposta de lei busca criar c\u00e2mara de Resolu\u00e7\u00e3o de Lit\u00edgios de Contrata\u00e7\u00e3o P\u00fablica"}]},{"@type":"WebSite","@id":"https:\/\/fyno.pt\/#website","url":"https:\/\/fyno.pt\/","name":"Fyno","description":"Not\u00edcia e informa\u00e7\u00e3o","potentialAction":[{"@type":"SearchAction","target":{"@type":"EntryPoint","urlTemplate":"https:\/\/fyno.pt\/?s={search_term_string}"},"query-input":{"@type":"PropertyValueSpecification","valueRequired":true,"valueName":"search_term_string"}}],"inLanguage":"pt-PT"},{"@type":"Person","@id":"https:\/\/fyno.pt\/#\/schema\/person\/ab5b330ed5ed05f1b4a7b8e438f68187","name":"Fyno","image":{"@type":"ImageObject","inLanguage":"pt-PT","@id":"https:\/\/fyno.pt\/wp-content\/litespeed\/avatar\/8f51870e8d94c234e288da840d914372.jpg?ver=1788205134","url":"https:\/\/fyno.pt\/wp-content\/litespeed\/avatar\/8f51870e8d94c234e288da840d914372.jpg?ver=1788205134","contentUrl":"https:\/\/fyno.pt\/wp-content\/litespeed\/avatar\/8f51870e8d94c234e288da840d914372.jpg?ver=1788205134","caption":"Fyno"},"description":"A sua fonte de informa\u00e7\u00e3o.","url":"https:\/\/fyno.pt\/pt\/author\/fynopt\/"}]}},"_links":{"self":[{"href":"https:\/\/fyno.pt\/pt\/wp-json\/wp\/v2\/posts\/43536","targetHints":{"allow":["GET"]}}],"collection":[{"href":"https:\/\/fyno.pt\/pt\/wp-json\/wp\/v2\/posts"}],"about":[{"href":"https:\/\/fyno.pt\/pt\/wp-json\/wp\/v2\/types\/post"}],"author":[{"embeddable":true,"href":"https:\/\/fyno.pt\/pt\/wp-json\/wp\/v2\/users\/9"}],"replies":[{"embeddable":true,"href":"https:\/\/fyno.pt\/pt\/wp-json\/wp\/v2\/comments?post=43536"}],"version-history":[{"count":1,"href":"https:\/\/fyno.pt\/pt\/wp-json\/wp\/v2\/posts\/43536\/revisions"}],"predecessor-version":[{"id":43538,"href":"https:\/\/fyno.pt\/pt\/wp-json\/wp\/v2\/posts\/43536\/revisions\/43538"}],"wp:featuredmedia":[{"embeddable":true,"href":"https:\/\/fyno.pt\/pt\/wp-json\/wp\/v2\/media\/43537"}],"wp:attachment":[{"href":"https:\/\/fyno.pt\/pt\/wp-json\/wp\/v2\/media?parent=43536"}],"wp:term":[{"taxonomy":"category","embeddable":true,"href":"https:\/\/fyno.pt\/pt\/wp-json\/wp\/v2\/categories?post=43536"},{"taxonomy":"post_tag","embeddable":true,"href":"https:\/\/fyno.pt\/pt\/wp-json\/wp\/v2\/tags?post=43536"}],"curies":[{"name":"wp","href":"https:\/\/api.w.org\/{rel}","templated":true}]}}