{"id":43525,"date":"2026-09-01T23:07:45","date_gmt":"2026-09-02T02:07:45","guid":{"rendered":"https:\/\/fyno.pt\/?p=43525"},"modified":"2026-09-01T23:07:45","modified_gmt":"2026-09-02T02:07:45","slug":"taiwan-alerta-preparativos-militares-china","status":"publish","type":"post","link":"https:\/\/fyno.pt\/pt\/news\/taiwan-alerta-preparativos-militares-china\/","title":{"rendered":"Taiwan alerta sobre intensifica\u00e7\u00e3o de preparativos militares da China"},"content":{"rendered":"<p>O minist\u00e9rio da Defesa de Taiwan informou que o Ex\u00e9rcito da China est\u00e1 intensificando seus esfor\u00e7os para um poss\u00edvel bloqueio da ilha. Essa movimenta\u00e7\u00e3o militar inclui a concentra\u00e7\u00e3o de exerc\u00edcios nas rotas a\u00e9reas e mar\u00edtimas que envolvem o territ\u00f3rio taiwan\u00eas.<\/p>\n\n\n\n<h2 class=\"wp-block-heading\">Preparativos Militares<\/h2>\n\n\n\n<p>As autoridades taiwanesas observaram um aumento nas atividades do Ex\u00e9rcito chin\u00eas, o que levanta preocupa\u00e7\u00f5es sobre uma poss\u00edvel escalada nas tens\u00f5es entre os dois lados. Os exerc\u00edcios militares t\u00eam sido direcionados para o controle das \u00e1reas a\u00e9reas e mar\u00edtimas, o que pode indicar uma estrat\u00e9gia de bloqueio.<\/p>\n\n\n\n<h2 class=\"wp-block-heading\">Contexto da Tens\u00e3o<\/h2>\n\n\n\n<p>A rela\u00e7\u00e3o entre Taiwan e China permanece tensa, com Pequim considerando a ilha uma prov\u00edncia rebelde. Taiwan, por sua vez, defende sua soberania e tem buscado apoio internacional para garantir sua seguran\u00e7a. A intensifica\u00e7\u00e3o dos exerc\u00edcios militares pela China \u00e9 vista como um sinal de que Pequim est\u00e1 se preparando para poss\u00edveis a\u00e7\u00f5es mais agressivas.<\/p>\n\n\n\n<p>Diante desse cen\u00e1rio, Taiwan reafirma sua disposi\u00e7\u00e3o de defender seu territ\u00f3rio e manter a estabilidade na regi\u00e3o. O minist\u00e9rio da Defesa continua monitorando de perto as atividades militares da China e est\u00e1 em constante comunica\u00e7\u00e3o com aliados para coordenar estrat\u00e9gias de seguran\u00e7a.<\/p>","protected":false},"excerpt":{"rendered":"<p>Defesa de Taiwan destaca foco do Ex\u00e9rcito chin\u00eas em bloquear rotas a\u00e9reas e mar\u00edtimas.<\/p>","protected":false},"author":9,"featured_media":43526,"comment_status":"open","ping_status":"open","sticky":false,"template":"","format":"standard","meta":{"footnotes":""},"categories":[560],"tags":[1981,1982,1823,1980,1983],"class_list":["post-43525","post","type-post","status-publish","format-standard","has-post-thumbnail","hentry","category-news","tag-china","tag-militar","tag-seguranca","tag-taiwan","tag-tensoes"],"yoast_head":"<!-- This site is optimized with the Yoast SEO Premium plugin v27.9 (Yoast SEO v27.9) - https:\/\/yoast.com\/product\/yoast-seo-premium-wordpress\/ -->\n<title>Taiwan denuncia aumento de preparativos militares da China<\/title>\n<meta name=\"description\" content=\"Taiwan informa sobre intensifica\u00e7\u00e3o de a\u00e7\u00f5es militares da China e poss\u00edveis riscos de bloqueio da ilha, levantando preocupa\u00e7\u00f5es sobre a seguran\u00e7a regional.\" \/>\n<meta name=\"robots\" content=\"index, follow, max-snippet:-1, max-image-preview:large, max-video-preview:-1\" \/>\n<link rel=\"canonical\" href=\"https:\/\/fyno.pt\/pt\/news\/taiwan-alerta-preparativos-militares-china\/\" \/>\n<meta property=\"og:locale\" content=\"pt_PT\" \/>\n<meta property=\"og:type\" content=\"article\" \/>\n<meta property=\"og:title\" content=\"Taiwan alerta sobre intensifica\u00e7\u00e3o de preparativos militares da China\" \/>\n<meta property=\"og:description\" content=\"Taiwan informa sobre intensifica\u00e7\u00e3o de a\u00e7\u00f5es militares da China e poss\u00edveis riscos de bloqueio da ilha, levantando preocupa\u00e7\u00f5es sobre a seguran\u00e7a regional.\" \/>\n<meta property=\"og:url\" content=\"https:\/\/fyno.pt\/pt\/news\/taiwan-alerta-preparativos-militares-china\/\" \/>\n<meta property=\"og:site_name\" content=\"Fyno\" \/>\n<meta property=\"article:published_time\" content=\"2026-09-02T02:07:45+00:00\" \/>\n<meta property=\"og:image\" content=\"https:\/\/fyno.pt\/wp-content\/uploads\/2026\/09\/generica-lusa-internacional-08.jpg\" \/>\n\t<meta property=\"og:image:width\" content=\"1200\" \/>\n\t<meta property=\"og:image:height\" content=\"630\" \/>\n\t<meta property=\"og:image:type\" content=\"image\/webp\" \/>\n<meta name=\"author\" content=\"Fyno\" \/>\n<meta name=\"twitter:card\" content=\"summary_large_image\" \/>\n<meta name=\"twitter:label1\" content=\"Escrito por\" \/>\n\t<meta name=\"twitter:data1\" content=\"Fyno\" \/>\n\t<meta name=\"twitter:label2\" content=\"Tempo estimado de leitura\" \/>\n\t<meta name=\"twitter:data2\" content=\"1 minuto\" \/>\n<script type=\"application\/ld+json\" class=\"yoast-schema-graph\">{\"@context\":\"https:\\\/\\\/schema.org\",\"@graph\":[{\"@type\":\"Article\",\"@id\":\"https:\\\/\\\/fyno.pt\\\/news\\\/taiwan-alerta-preparativos-militares-china\\\/#article\",\"isPartOf\":{\"@id\":\"https:\\\/\\\/fyno.pt\\\/news\\\/taiwan-alerta-preparativos-militares-china\\\/\"},\"author\":{\"name\":\"Fyno\",\"@id\":\"https:\\\/\\\/fyno.pt\\\/#\\\/schema\\\/person\\\/ab5b330ed5ed05f1b4a7b8e438f68187\"},\"headline\":\"Taiwan alerta sobre intensifica\u00e7\u00e3o de preparativos militares da China\",\"datePublished\":\"2026-09-02T02:07:45+00:00\",\"mainEntityOfPage\":{\"@id\":\"https:\\\/\\\/fyno.pt\\\/news\\\/taiwan-alerta-preparativos-militares-china\\\/\"},\"wordCount\":235,\"commentCount\":0,\"image\":{\"@id\":\"https:\\\/\\\/fyno.pt\\\/news\\\/taiwan-alerta-preparativos-militares-china\\\/#primaryimage\"},\"thumbnailUrl\":\"https:\\\/\\\/fyno.pt\\\/wp-content\\\/uploads\\\/2026\\\/09\\\/generica-lusa-internacional-08.jpg\",\"keywords\":[\"China\",\"militar\",\"seguran\u00e7a\",\"Taiwan\",\"tens\u00f5es\"],\"articleSection\":[\"News\"],\"inLanguage\":\"pt-PT\",\"potentialAction\":[{\"@type\":\"CommentAction\",\"name\":\"Comment\",\"target\":[\"https:\\\/\\\/fyno.pt\\\/news\\\/taiwan-alerta-preparativos-militares-china\\\/#respond\"]}]},{\"@type\":\"WebPage\",\"@id\":\"https:\\\/\\\/fyno.pt\\\/news\\\/taiwan-alerta-preparativos-militares-china\\\/\",\"url\":\"https:\\\/\\\/fyno.pt\\\/news\\\/taiwan-alerta-preparativos-militares-china\\\/\",\"name\":\"Taiwan denuncia aumento de preparativos militares da China\",\"isPartOf\":{\"@id\":\"https:\\\/\\\/fyno.pt\\\/#website\"},\"primaryImageOfPage\":{\"@id\":\"https:\\\/\\\/fyno.pt\\\/news\\\/taiwan-alerta-preparativos-militares-china\\\/#primaryimage\"},\"image\":{\"@id\":\"https:\\\/\\\/fyno.pt\\\/news\\\/taiwan-alerta-preparativos-militares-china\\\/#primaryimage\"},\"thumbnailUrl\":\"https:\\\/\\\/fyno.pt\\\/wp-content\\\/uploads\\\/2026\\\/09\\\/generica-lusa-internacional-08.jpg\",\"datePublished\":\"2026-09-02T02:07:45+00:00\",\"author\":{\"@id\":\"https:\\\/\\\/fyno.pt\\\/#\\\/schema\\\/person\\\/ab5b330ed5ed05f1b4a7b8e438f68187\"},\"description\":\"Taiwan informa sobre intensifica\u00e7\u00e3o de a\u00e7\u00f5es militares da China e poss\u00edveis riscos de bloqueio da ilha, levantando preocupa\u00e7\u00f5es sobre a seguran\u00e7a regional.\",\"breadcrumb\":{\"@id\":\"https:\\\/\\\/fyno.pt\\\/news\\\/taiwan-alerta-preparativos-militares-china\\\/#breadcrumb\"},\"inLanguage\":\"pt-PT\",\"potentialAction\":[{\"@type\":\"ReadAction\",\"target\":[\"https:\\\/\\\/fyno.pt\\\/news\\\/taiwan-alerta-preparativos-militares-china\\\/\"]}]},{\"@type\":\"ImageObject\",\"inLanguage\":\"pt-PT\",\"@id\":\"https:\\\/\\\/fyno.pt\\\/news\\\/taiwan-alerta-preparativos-militares-china\\\/#primaryimage\",\"url\":\"https:\\\/\\\/fyno.pt\\\/wp-content\\\/uploads\\\/2026\\\/09\\\/generica-lusa-internacional-08.jpg\",\"contentUrl\":\"https:\\\/\\\/fyno.pt\\\/wp-content\\\/uploads\\\/2026\\\/09\\\/generica-lusa-internacional-08.jpg\",\"width\":1200,\"height\":630,\"caption\":\"Taiwan diz que China est\u00e1 a intensificar preparativos para eventual bloqueio da ilha\"},{\"@type\":\"BreadcrumbList\",\"@id\":\"https:\\\/\\\/fyno.pt\\\/news\\\/taiwan-alerta-preparativos-militares-china\\\/#breadcrumb\",\"itemListElement\":[{\"@type\":\"ListItem\",\"position\":1,\"name\":\"In\u00edcio\",\"item\":\"https:\\\/\\\/fyno.pt\\\/\"},{\"@type\":\"ListItem\",\"position\":2,\"name\":\"Taiwan alerta sobre intensifica\u00e7\u00e3o de preparativos militares da China\"}]},{\"@type\":\"WebSite\",\"@id\":\"https:\\\/\\\/fyno.pt\\\/#website\",\"url\":\"https:\\\/\\\/fyno.pt\\\/\",\"name\":\"Fyno\",\"description\":\"Not\u00edcia e informa\u00e7\u00e3o\",\"potentialAction\":[{\"@type\":\"SearchAction\",\"target\":{\"@type\":\"EntryPoint\",\"urlTemplate\":\"https:\\\/\\\/fyno.pt\\\/?s={search_term_string}\"},\"query-input\":{\"@type\":\"PropertyValueSpecification\",\"valueRequired\":true,\"valueName\":\"search_term_string\"}}],\"inLanguage\":\"pt-PT\"},{\"@type\":\"Person\",\"@id\":\"https:\\\/\\\/fyno.pt\\\/#\\\/schema\\\/person\\\/ab5b330ed5ed05f1b4a7b8e438f68187\",\"name\":\"Fyno\",\"image\":{\"@type\":\"ImageObject\",\"inLanguage\":\"pt-PT\",\"@id\":\"https:\\\/\\\/fyno.pt\\\/wp-content\\\/litespeed\\\/avatar\\\/8f51870e8d94c234e288da840d914372.jpg?ver=1788205134\",\"url\":\"https:\\\/\\\/fyno.pt\\\/wp-content\\\/litespeed\\\/avatar\\\/8f51870e8d94c234e288da840d914372.jpg?ver=1788205134\",\"contentUrl\":\"https:\\\/\\\/fyno.pt\\\/wp-content\\\/litespeed\\\/avatar\\\/8f51870e8d94c234e288da840d914372.jpg?ver=1788205134\",\"caption\":\"Fyno\"},\"description\":\"A sua fonte de informa\u00e7\u00e3o.\",\"url\":\"https:\\\/\\\/fyno.pt\\\/pt\\\/author\\\/fynopt\\\/\"}]}<\/script>\n<!-- \/ Yoast SEO Premium plugin. -->","yoast_head_json":{"title":"Taiwan denuncia aumento de preparativos militares da China","description":"Taiwan informa sobre intensifica\u00e7\u00e3o de a\u00e7\u00f5es militares da China e poss\u00edveis riscos de bloqueio da ilha, levantando preocupa\u00e7\u00f5es sobre a seguran\u00e7a regional.","robots":{"index":"index","follow":"follow","max-snippet":"max-snippet:-1","max-image-preview":"max-image-preview:large","max-video-preview":"max-video-preview:-1"},"canonical":"https:\/\/fyno.pt\/pt\/news\/taiwan-alerta-preparativos-militares-china\/","og_locale":"pt_PT","og_type":"article","og_title":"Taiwan alerta sobre intensifica\u00e7\u00e3o de preparativos militares da China","og_description":"Taiwan informa sobre intensifica\u00e7\u00e3o de a\u00e7\u00f5es militares da China e poss\u00edveis riscos de bloqueio da ilha, levantando preocupa\u00e7\u00f5es sobre a seguran\u00e7a regional.","og_url":"https:\/\/fyno.pt\/pt\/news\/taiwan-alerta-preparativos-militares-china\/","og_site_name":"Fyno","article_published_time":"2026-09-02T02:07:45+00:00","og_image":[{"width":1200,"height":630,"url":"https:\/\/fyno.pt\/wp-content\/uploads\/2026\/09\/generica-lusa-internacional-08.jpg","type":"image\/webp"}],"author":"Fyno","twitter_card":"summary_large_image","twitter_misc":{"Escrito por":"Fyno","Tempo estimado de leitura":"1 minuto"},"schema":{"@context":"https:\/\/schema.org","@graph":[{"@type":"Article","@id":"https:\/\/fyno.pt\/news\/taiwan-alerta-preparativos-militares-china\/#article","isPartOf":{"@id":"https:\/\/fyno.pt\/news\/taiwan-alerta-preparativos-militares-china\/"},"author":{"name":"Fyno","@id":"https:\/\/fyno.pt\/#\/schema\/person\/ab5b330ed5ed05f1b4a7b8e438f68187"},"headline":"Taiwan alerta sobre intensifica\u00e7\u00e3o de preparativos militares da China","datePublished":"2026-09-02T02:07:45+00:00","mainEntityOfPage":{"@id":"https:\/\/fyno.pt\/news\/taiwan-alerta-preparativos-militares-china\/"},"wordCount":235,"commentCount":0,"image":{"@id":"https:\/\/fyno.pt\/news\/taiwan-alerta-preparativos-militares-china\/#primaryimage"},"thumbnailUrl":"https:\/\/fyno.pt\/wp-content\/uploads\/2026\/09\/generica-lusa-internacional-08.jpg","keywords":["China","militar","seguran\u00e7a","Taiwan","tens\u00f5es"],"articleSection":["News"],"inLanguage":"pt-PT","potentialAction":[{"@type":"CommentAction","name":"Comment","target":["https:\/\/fyno.pt\/news\/taiwan-alerta-preparativos-militares-china\/#respond"]}]},{"@type":"WebPage","@id":"https:\/\/fyno.pt\/news\/taiwan-alerta-preparativos-militares-china\/","url":"https:\/\/fyno.pt\/news\/taiwan-alerta-preparativos-militares-china\/","name":"Taiwan denuncia aumento de preparativos militares da China","isPartOf":{"@id":"https:\/\/fyno.pt\/#website"},"primaryImageOfPage":{"@id":"https:\/\/fyno.pt\/news\/taiwan-alerta-preparativos-militares-china\/#primaryimage"},"image":{"@id":"https:\/\/fyno.pt\/news\/taiwan-alerta-preparativos-militares-china\/#primaryimage"},"thumbnailUrl":"https:\/\/fyno.pt\/wp-content\/uploads\/2026\/09\/generica-lusa-internacional-08.jpg","datePublished":"2026-09-02T02:07:45+00:00","author":{"@id":"https:\/\/fyno.pt\/#\/schema\/person\/ab5b330ed5ed05f1b4a7b8e438f68187"},"description":"Taiwan informa sobre intensifica\u00e7\u00e3o de a\u00e7\u00f5es militares da China e poss\u00edveis riscos de bloqueio da ilha, levantando preocupa\u00e7\u00f5es sobre a seguran\u00e7a regional.","breadcrumb":{"@id":"https:\/\/fyno.pt\/news\/taiwan-alerta-preparativos-militares-china\/#breadcrumb"},"inLanguage":"pt-PT","potentialAction":[{"@type":"ReadAction","target":["https:\/\/fyno.pt\/news\/taiwan-alerta-preparativos-militares-china\/"]}]},{"@type":"ImageObject","inLanguage":"pt-PT","@id":"https:\/\/fyno.pt\/news\/taiwan-alerta-preparativos-militares-china\/#primaryimage","url":"https:\/\/fyno.pt\/wp-content\/uploads\/2026\/09\/generica-lusa-internacional-08.jpg","contentUrl":"https:\/\/fyno.pt\/wp-content\/uploads\/2026\/09\/generica-lusa-internacional-08.jpg","width":1200,"height":630,"caption":"Taiwan diz que China est\u00e1 a intensificar preparativos para eventual bloqueio da ilha"},{"@type":"BreadcrumbList","@id":"https:\/\/fyno.pt\/news\/taiwan-alerta-preparativos-militares-china\/#breadcrumb","itemListElement":[{"@type":"ListItem","position":1,"name":"In\u00edcio","item":"https:\/\/fyno.pt\/"},{"@type":"ListItem","position":2,"name":"Taiwan alerta sobre intensifica\u00e7\u00e3o de preparativos militares da China"}]},{"@type":"WebSite","@id":"https:\/\/fyno.pt\/#website","url":"https:\/\/fyno.pt\/","name":"Fyno","description":"Not\u00edcia e informa\u00e7\u00e3o","potentialAction":[{"@type":"SearchAction","target":{"@type":"EntryPoint","urlTemplate":"https:\/\/fyno.pt\/?s={search_term_string}"},"query-input":{"@type":"PropertyValueSpecification","valueRequired":true,"valueName":"search_term_string"}}],"inLanguage":"pt-PT"},{"@type":"Person","@id":"https:\/\/fyno.pt\/#\/schema\/person\/ab5b330ed5ed05f1b4a7b8e438f68187","name":"Fyno","image":{"@type":"ImageObject","inLanguage":"pt-PT","@id":"https:\/\/fyno.pt\/wp-content\/litespeed\/avatar\/8f51870e8d94c234e288da840d914372.jpg?ver=1788205134","url":"https:\/\/fyno.pt\/wp-content\/litespeed\/avatar\/8f51870e8d94c234e288da840d914372.jpg?ver=1788205134","contentUrl":"https:\/\/fyno.pt\/wp-content\/litespeed\/avatar\/8f51870e8d94c234e288da840d914372.jpg?ver=1788205134","caption":"Fyno"},"description":"A sua fonte de informa\u00e7\u00e3o.","url":"https:\/\/fyno.pt\/pt\/author\/fynopt\/"}]}},"_links":{"self":[{"href":"https:\/\/fyno.pt\/pt\/wp-json\/wp\/v2\/posts\/43525","targetHints":{"allow":["GET"]}}],"collection":[{"href":"https:\/\/fyno.pt\/pt\/wp-json\/wp\/v2\/posts"}],"about":[{"href":"https:\/\/fyno.pt\/pt\/wp-json\/wp\/v2\/types\/post"}],"author":[{"embeddable":true,"href":"https:\/\/fyno.pt\/pt\/wp-json\/wp\/v2\/users\/9"}],"replies":[{"embeddable":true,"href":"https:\/\/fyno.pt\/pt\/wp-json\/wp\/v2\/comments?post=43525"}],"version-history":[{"count":1,"href":"https:\/\/fyno.pt\/pt\/wp-json\/wp\/v2\/posts\/43525\/revisions"}],"predecessor-version":[{"id":43527,"href":"https:\/\/fyno.pt\/pt\/wp-json\/wp\/v2\/posts\/43525\/revisions\/43527"}],"wp:featuredmedia":[{"embeddable":true,"href":"https:\/\/fyno.pt\/pt\/wp-json\/wp\/v2\/media\/43526"}],"wp:attachment":[{"href":"https:\/\/fyno.pt\/pt\/wp-json\/wp\/v2\/media?parent=43525"}],"wp:term":[{"taxonomy":"category","embeddable":true,"href":"https:\/\/fyno.pt\/pt\/wp-json\/wp\/v2\/categories?post=43525"},{"taxonomy":"post_tag","embeddable":true,"href":"https:\/\/fyno.pt\/pt\/wp-json\/wp\/v2\/tags?post=43525"}],"curies":[{"name":"wp","href":"https:\/\/api.w.org\/{rel}","templated":true}]}}