{"id":43507,"date":"2026-09-01T20:35:01","date_gmt":"2026-09-01T23:35:01","guid":{"rendered":"https:\/\/fyno.pt\/pt\/?p=43507"},"modified":"2026-09-01T20:35:01","modified_gmt":"2026-09-01T23:35:01","slug":"barcelos-homenagem-fernando-reis","status":"publish","type":"post","link":"https:\/\/fyno.pt\/pt\/mundo\/barcelos-homenagem-fernando-reis\/","title":{"rendered":"Barcelos presta homenagem a Fernando Reis por sua contribui\u00e7\u00e3o \u00e0 cidade"},"content":{"rendered":"<p>O Munic\u00edpio de Barcelos homenageou, nesta segunda-feira, mais de uma centena de autarcas, destacando Fernando Reis, que liderou a cidade por 20 anos. A cerim\u00f4nia, que ocorreu em um contexto de celebra\u00e7\u00e3o dos 50 anos do Poder Local democr\u00e1tico, incluiu a entrega da Medalha de Honra da Cidade (Grau Prata) aos homenageados.<\/p>\n\n\n\n<h2 class=\"wp-block-heading\">Reconhecimento ao legado de Fernando Reis<\/h2>\n\n\n\n<p>Durante a cerim\u00f4nia, o atual presidente da C\u00e2mara Municipal, M\u00e1rio Constantino, enfatizou a import\u00e2ncia da Medalha de M\u00e9rito Municipal concedida a Fernando Reis, ressaltando sua vis\u00e3o de desenvolvimento e contribui\u00e7\u00e3o significativa para a transforma\u00e7\u00e3o de Barcelos. Constantino citou obras marcantes realizadas sob a lideran\u00e7a de Reis, como a requalifica\u00e7\u00e3o do Centro Hist\u00f3rico, a recupera\u00e7\u00e3o dos Pa\u00e7os do Concelho e a constru\u00e7\u00e3o de infraestrutura essencial, como a Variante Circular \u00e0 Cidade e o Est\u00e1dio Cidade de Barcelos.<\/p>\n\n\n\n<p>Al\u00e9m disso, M\u00e1rio Constantino destacou a moderniza\u00e7\u00e3o dos centros c\u00edvicos das freguesias e a constru\u00e7\u00e3o de escolas nas localidades de Manhente, Fragoso, Vila Cova e Vila Seca, evidenciando o papel de Reis na amplia\u00e7\u00e3o do acesso \u00e0 educa\u00e7\u00e3o. O ex-autarca tamb\u00e9m foi mencionado como um impulsionador da cria\u00e7\u00e3o do Instituto Polit\u00e9cnico do C\u00e1vado e do Ave, fortalecendo o ensino superior na regi\u00e3o.<\/p>\n\n\n\n<h2 class=\"wp-block-heading\">Investimentos e desenvolvimento cont\u00ednuo<\/h2>\n\n\n\n<p>Na mesma ocasi\u00e3o, M\u00e1rio Constantino abordou os atuais investimentos do Munic\u00edpio, que abrangem diversas \u00e1reas. Ele informou que os investimentos em edif\u00edcios escolares superam 20 milh\u00f5es de euros, considerando projetos j\u00e1 conclu\u00eddos e aqueles em andamento. Na \u00e1rea da sa\u00fade, destacou a constru\u00e7\u00e3o de um novo Centro de Sa\u00fade de Barcelos, com um investimento superior a 13 milh\u00f5es de euros.<\/p>\n\n\n\n<p>O autarca tamb\u00e9m mencionou os esfor\u00e7os em habita\u00e7\u00e3o, com 33 milh\u00f5es de euros destinados a 196 novas moradias, al\u00e9m de investimentos significativos em saneamento e tratamento de \u00e1guas residuais, totalizando mais de 40 milh\u00f5es de euros. A expans\u00e3o das redes de saneamento em diversas freguesias foi um ponto importante na fala de Constantino.<\/p>\n\n\n\n<h2 class=\"wp-block-heading\">Destaques e conclus\u00e3o da cerim\u00f4nia<\/h2>\n\n\n\n<p>No evento, al\u00e9m de Fernando Reis, foram homenageados outros autarcas com longos per\u00edodos de servi\u00e7o, como Jos\u00e9 Cardoso Rodrigues, que contabiliza 47 anos de dedica\u00e7\u00e3o. M\u00e1rio Constantino finalizou sua fala afirmando que o desenvolvimento local \u00e9 um processo cont\u00ednuo, destacando que honrar os antecessores \u00e9 uma responsabilidade dos atuais gestores.<\/p>","protected":false},"excerpt":{"rendered":"<p>Cerim\u00f4nia destaca ex-autarca e mais de cem homenageados pelos servi\u00e7os prestados<\/p>","protected":false},"author":9,"featured_media":43508,"comment_status":"open","ping_status":"open","sticky":false,"template":"","format":"standard","meta":{"footnotes":""},"categories":[51],"tags":[1959,1148,1960,814,1961],"class_list":["post-43507","post","type-post","status-publish","format-standard","has-post-thumbnail","hentry","category-mundo","tag-barcelos","tag-desenvolvimento","tag-fernando-reis","tag-homenagem","tag-poder-local"],"yoast_head":"<!-- This site is optimized with the Yoast SEO Premium plugin v27.9 (Yoast SEO v27.9) - https:\/\/yoast.com\/product\/yoast-seo-premium-wordpress\/ -->\n<title>Barcelos homenageia Fernando Reis por suas contribui\u00e7\u00f5es \u00e0 cidade<\/title>\n<meta name=\"description\" content=\"Barcelos homenageia Fernando Reis por 20 anos de lideran\u00e7a e contribui\u00e7\u00f5es significativas ao desenvolvimento da cidade.\" \/>\n<meta name=\"robots\" content=\"index, follow, max-snippet:-1, max-image-preview:large, max-video-preview:-1\" \/>\n<link rel=\"canonical\" href=\"https:\/\/fyno.pt\/pt\/mundo\/barcelos-homenagem-fernando-reis\/\" \/>\n<meta property=\"og:locale\" content=\"pt_PT\" \/>\n<meta property=\"og:type\" content=\"article\" \/>\n<meta property=\"og:title\" content=\"Barcelos presta homenagem a Fernando Reis por sua contribui\u00e7\u00e3o \u00e0 cidade\" \/>\n<meta property=\"og:description\" content=\"Barcelos homenageia Fernando Reis por 20 anos de lideran\u00e7a e contribui\u00e7\u00f5es significativas ao desenvolvimento da cidade.\" \/>\n<meta property=\"og:url\" content=\"https:\/\/fyno.pt\/pt\/mundo\/barcelos-homenagem-fernando-reis\/\" \/>\n<meta property=\"og:site_name\" content=\"Fyno\" \/>\n<meta property=\"article:published_time\" content=\"2026-09-01T23:35:01+00:00\" \/>\n<meta property=\"og:image\" content=\"https:\/\/fyno.pt\/wp-content\/uploads\/2026\/09\/fernando-reis-1160x630-1.jpg\" \/>\n\t<meta property=\"og:image:width\" content=\"1160\" \/>\n\t<meta property=\"og:image:height\" content=\"630\" \/>\n\t<meta property=\"og:image:type\" content=\"image\/jpeg\" \/>\n<meta name=\"author\" content=\"Fyno\" \/>\n<meta name=\"twitter:card\" content=\"summary_large_image\" \/>\n<meta name=\"twitter:label1\" content=\"Escrito por\" \/>\n\t<meta name=\"twitter:data1\" content=\"Fyno\" \/>\n\t<meta name=\"twitter:label2\" content=\"Tempo estimado de leitura\" \/>\n\t<meta name=\"twitter:data2\" content=\"2 minutos\" \/>\n<script type=\"application\/ld+json\" class=\"yoast-schema-graph\">{\"@context\":\"https:\\\/\\\/schema.org\",\"@graph\":[{\"@type\":\"Article\",\"@id\":\"https:\\\/\\\/fyno.pt\\\/pt\\\/mundo\\\/barcelos-homenagem-fernando-reis\\\/#article\",\"isPartOf\":{\"@id\":\"https:\\\/\\\/fyno.pt\\\/pt\\\/mundo\\\/barcelos-homenagem-fernando-reis\\\/\"},\"author\":{\"name\":\"Fyno\",\"@id\":\"https:\\\/\\\/fyno.pt\\\/#\\\/schema\\\/person\\\/ab5b330ed5ed05f1b4a7b8e438f68187\"},\"headline\":\"Barcelos presta homenagem a Fernando Reis por sua contribui\u00e7\u00e3o \u00e0 cidade\",\"datePublished\":\"2026-09-01T23:35:01+00:00\",\"mainEntityOfPage\":{\"@id\":\"https:\\\/\\\/fyno.pt\\\/pt\\\/mundo\\\/barcelos-homenagem-fernando-reis\\\/\"},\"wordCount\":424,\"commentCount\":0,\"image\":{\"@id\":\"https:\\\/\\\/fyno.pt\\\/pt\\\/mundo\\\/barcelos-homenagem-fernando-reis\\\/#primaryimage\"},\"thumbnailUrl\":\"https:\\\/\\\/fyno.pt\\\/wp-content\\\/uploads\\\/2026\\\/09\\\/fernando-reis-1160x630-1.jpg\",\"keywords\":[\"Barcelos\",\"desenvolvimento\",\"Fernando Reis\",\"Homenagem\",\"Poder Local\"],\"articleSection\":[\"Mundo\"],\"inLanguage\":\"pt-PT\",\"potentialAction\":[{\"@type\":\"CommentAction\",\"name\":\"Comment\",\"target\":[\"https:\\\/\\\/fyno.pt\\\/pt\\\/mundo\\\/barcelos-homenagem-fernando-reis\\\/#respond\"]}]},{\"@type\":\"WebPage\",\"@id\":\"https:\\\/\\\/fyno.pt\\\/pt\\\/mundo\\\/barcelos-homenagem-fernando-reis\\\/\",\"url\":\"https:\\\/\\\/fyno.pt\\\/pt\\\/mundo\\\/barcelos-homenagem-fernando-reis\\\/\",\"name\":\"Barcelos homenageia Fernando Reis por suas contribui\u00e7\u00f5es \u00e0 cidade\",\"isPartOf\":{\"@id\":\"https:\\\/\\\/fyno.pt\\\/#website\"},\"primaryImageOfPage\":{\"@id\":\"https:\\\/\\\/fyno.pt\\\/pt\\\/mundo\\\/barcelos-homenagem-fernando-reis\\\/#primaryimage\"},\"image\":{\"@id\":\"https:\\\/\\\/fyno.pt\\\/pt\\\/mundo\\\/barcelos-homenagem-fernando-reis\\\/#primaryimage\"},\"thumbnailUrl\":\"https:\\\/\\\/fyno.pt\\\/wp-content\\\/uploads\\\/2026\\\/09\\\/fernando-reis-1160x630-1.jpg\",\"datePublished\":\"2026-09-01T23:35:01+00:00\",\"author\":{\"@id\":\"https:\\\/\\\/fyno.pt\\\/#\\\/schema\\\/person\\\/ab5b330ed5ed05f1b4a7b8e438f68187\"},\"description\":\"Barcelos homenageia Fernando Reis por 20 anos de lideran\u00e7a e contribui\u00e7\u00f5es significativas ao desenvolvimento da cidade.\",\"breadcrumb\":{\"@id\":\"https:\\\/\\\/fyno.pt\\\/pt\\\/mundo\\\/barcelos-homenagem-fernando-reis\\\/#breadcrumb\"},\"inLanguage\":\"pt-PT\",\"potentialAction\":[{\"@type\":\"ReadAction\",\"target\":[\"https:\\\/\\\/fyno.pt\\\/pt\\\/mundo\\\/barcelos-homenagem-fernando-reis\\\/\"]}]},{\"@type\":\"ImageObject\",\"inLanguage\":\"pt-PT\",\"@id\":\"https:\\\/\\\/fyno.pt\\\/pt\\\/mundo\\\/barcelos-homenagem-fernando-reis\\\/#primaryimage\",\"url\":\"https:\\\/\\\/fyno.pt\\\/wp-content\\\/uploads\\\/2026\\\/09\\\/fernando-reis-1160x630-1.jpg\",\"contentUrl\":\"https:\\\/\\\/fyno.pt\\\/wp-content\\\/uploads\\\/2026\\\/09\\\/fernando-reis-1160x630-1.jpg\",\"width\":1160,\"height\":630,\"caption\":\"Foto: CM Barcelos\"},{\"@type\":\"BreadcrumbList\",\"@id\":\"https:\\\/\\\/fyno.pt\\\/pt\\\/mundo\\\/barcelos-homenagem-fernando-reis\\\/#breadcrumb\",\"itemListElement\":[{\"@type\":\"ListItem\",\"position\":1,\"name\":\"In\u00edcio\",\"item\":\"https:\\\/\\\/fyno.pt\\\/\"},{\"@type\":\"ListItem\",\"position\":2,\"name\":\"Barcelos presta homenagem a Fernando Reis por sua contribui\u00e7\u00e3o \u00e0 cidade\"}]},{\"@type\":\"WebSite\",\"@id\":\"https:\\\/\\\/fyno.pt\\\/#website\",\"url\":\"https:\\\/\\\/fyno.pt\\\/\",\"name\":\"Fyno\",\"description\":\"Not\u00edcia e informa\u00e7\u00e3o\",\"potentialAction\":[{\"@type\":\"SearchAction\",\"target\":{\"@type\":\"EntryPoint\",\"urlTemplate\":\"https:\\\/\\\/fyno.pt\\\/?s={search_term_string}\"},\"query-input\":{\"@type\":\"PropertyValueSpecification\",\"valueRequired\":true,\"valueName\":\"search_term_string\"}}],\"inLanguage\":\"pt-PT\"},{\"@type\":\"Person\",\"@id\":\"https:\\\/\\\/fyno.pt\\\/#\\\/schema\\\/person\\\/ab5b330ed5ed05f1b4a7b8e438f68187\",\"name\":\"Fyno\",\"image\":{\"@type\":\"ImageObject\",\"inLanguage\":\"pt-PT\",\"@id\":\"https:\\\/\\\/fyno.pt\\\/wp-content\\\/litespeed\\\/avatar\\\/8f51870e8d94c234e288da840d914372.jpg?ver=1788205134\",\"url\":\"https:\\\/\\\/fyno.pt\\\/wp-content\\\/litespeed\\\/avatar\\\/8f51870e8d94c234e288da840d914372.jpg?ver=1788205134\",\"contentUrl\":\"https:\\\/\\\/fyno.pt\\\/wp-content\\\/litespeed\\\/avatar\\\/8f51870e8d94c234e288da840d914372.jpg?ver=1788205134\",\"caption\":\"Fyno\"},\"description\":\"A sua fonte de informa\u00e7\u00e3o.\",\"url\":\"https:\\\/\\\/fyno.pt\\\/pt\\\/author\\\/fynopt\\\/\"}]}<\/script>\n<!-- \/ Yoast SEO Premium plugin. -->","yoast_head_json":{"title":"Barcelos homenageia Fernando Reis por suas contribui\u00e7\u00f5es \u00e0 cidade","description":"Barcelos homenageia Fernando Reis por 20 anos de lideran\u00e7a e contribui\u00e7\u00f5es significativas ao desenvolvimento da cidade.","robots":{"index":"index","follow":"follow","max-snippet":"max-snippet:-1","max-image-preview":"max-image-preview:large","max-video-preview":"max-video-preview:-1"},"canonical":"https:\/\/fyno.pt\/pt\/mundo\/barcelos-homenagem-fernando-reis\/","og_locale":"pt_PT","og_type":"article","og_title":"Barcelos presta homenagem a Fernando Reis por sua contribui\u00e7\u00e3o \u00e0 cidade","og_description":"Barcelos homenageia Fernando Reis por 20 anos de lideran\u00e7a e contribui\u00e7\u00f5es significativas ao desenvolvimento da cidade.","og_url":"https:\/\/fyno.pt\/pt\/mundo\/barcelos-homenagem-fernando-reis\/","og_site_name":"Fyno","article_published_time":"2026-09-01T23:35:01+00:00","og_image":[{"width":1160,"height":630,"url":"https:\/\/fyno.pt\/wp-content\/uploads\/2026\/09\/fernando-reis-1160x630-1.jpg","type":"image\/jpeg"}],"author":"Fyno","twitter_card":"summary_large_image","twitter_misc":{"Escrito por":"Fyno","Tempo estimado de leitura":"2 minutos"},"schema":{"@context":"https:\/\/schema.org","@graph":[{"@type":"Article","@id":"https:\/\/fyno.pt\/pt\/mundo\/barcelos-homenagem-fernando-reis\/#article","isPartOf":{"@id":"https:\/\/fyno.pt\/pt\/mundo\/barcelos-homenagem-fernando-reis\/"},"author":{"name":"Fyno","@id":"https:\/\/fyno.pt\/#\/schema\/person\/ab5b330ed5ed05f1b4a7b8e438f68187"},"headline":"Barcelos presta homenagem a Fernando Reis por sua contribui\u00e7\u00e3o \u00e0 cidade","datePublished":"2026-09-01T23:35:01+00:00","mainEntityOfPage":{"@id":"https:\/\/fyno.pt\/pt\/mundo\/barcelos-homenagem-fernando-reis\/"},"wordCount":424,"commentCount":0,"image":{"@id":"https:\/\/fyno.pt\/pt\/mundo\/barcelos-homenagem-fernando-reis\/#primaryimage"},"thumbnailUrl":"https:\/\/fyno.pt\/wp-content\/uploads\/2026\/09\/fernando-reis-1160x630-1.jpg","keywords":["Barcelos","desenvolvimento","Fernando Reis","Homenagem","Poder Local"],"articleSection":["Mundo"],"inLanguage":"pt-PT","potentialAction":[{"@type":"CommentAction","name":"Comment","target":["https:\/\/fyno.pt\/pt\/mundo\/barcelos-homenagem-fernando-reis\/#respond"]}]},{"@type":"WebPage","@id":"https:\/\/fyno.pt\/pt\/mundo\/barcelos-homenagem-fernando-reis\/","url":"https:\/\/fyno.pt\/pt\/mundo\/barcelos-homenagem-fernando-reis\/","name":"Barcelos homenageia Fernando Reis por suas contribui\u00e7\u00f5es \u00e0 cidade","isPartOf":{"@id":"https:\/\/fyno.pt\/#website"},"primaryImageOfPage":{"@id":"https:\/\/fyno.pt\/pt\/mundo\/barcelos-homenagem-fernando-reis\/#primaryimage"},"image":{"@id":"https:\/\/fyno.pt\/pt\/mundo\/barcelos-homenagem-fernando-reis\/#primaryimage"},"thumbnailUrl":"https:\/\/fyno.pt\/wp-content\/uploads\/2026\/09\/fernando-reis-1160x630-1.jpg","datePublished":"2026-09-01T23:35:01+00:00","author":{"@id":"https:\/\/fyno.pt\/#\/schema\/person\/ab5b330ed5ed05f1b4a7b8e438f68187"},"description":"Barcelos homenageia Fernando Reis por 20 anos de lideran\u00e7a e contribui\u00e7\u00f5es significativas ao desenvolvimento da cidade.","breadcrumb":{"@id":"https:\/\/fyno.pt\/pt\/mundo\/barcelos-homenagem-fernando-reis\/#breadcrumb"},"inLanguage":"pt-PT","potentialAction":[{"@type":"ReadAction","target":["https:\/\/fyno.pt\/pt\/mundo\/barcelos-homenagem-fernando-reis\/"]}]},{"@type":"ImageObject","inLanguage":"pt-PT","@id":"https:\/\/fyno.pt\/pt\/mundo\/barcelos-homenagem-fernando-reis\/#primaryimage","url":"https:\/\/fyno.pt\/wp-content\/uploads\/2026\/09\/fernando-reis-1160x630-1.jpg","contentUrl":"https:\/\/fyno.pt\/wp-content\/uploads\/2026\/09\/fernando-reis-1160x630-1.jpg","width":1160,"height":630,"caption":"Foto: CM Barcelos"},{"@type":"BreadcrumbList","@id":"https:\/\/fyno.pt\/pt\/mundo\/barcelos-homenagem-fernando-reis\/#breadcrumb","itemListElement":[{"@type":"ListItem","position":1,"name":"In\u00edcio","item":"https:\/\/fyno.pt\/"},{"@type":"ListItem","position":2,"name":"Barcelos presta homenagem a Fernando Reis por sua contribui\u00e7\u00e3o \u00e0 cidade"}]},{"@type":"WebSite","@id":"https:\/\/fyno.pt\/#website","url":"https:\/\/fyno.pt\/","name":"Fyno","description":"Not\u00edcia e informa\u00e7\u00e3o","potentialAction":[{"@type":"SearchAction","target":{"@type":"EntryPoint","urlTemplate":"https:\/\/fyno.pt\/?s={search_term_string}"},"query-input":{"@type":"PropertyValueSpecification","valueRequired":true,"valueName":"search_term_string"}}],"inLanguage":"pt-PT"},{"@type":"Person","@id":"https:\/\/fyno.pt\/#\/schema\/person\/ab5b330ed5ed05f1b4a7b8e438f68187","name":"Fyno","image":{"@type":"ImageObject","inLanguage":"pt-PT","@id":"https:\/\/fyno.pt\/wp-content\/litespeed\/avatar\/8f51870e8d94c234e288da840d914372.jpg?ver=1788205134","url":"https:\/\/fyno.pt\/wp-content\/litespeed\/avatar\/8f51870e8d94c234e288da840d914372.jpg?ver=1788205134","contentUrl":"https:\/\/fyno.pt\/wp-content\/litespeed\/avatar\/8f51870e8d94c234e288da840d914372.jpg?ver=1788205134","caption":"Fyno"},"description":"A sua fonte de informa\u00e7\u00e3o.","url":"https:\/\/fyno.pt\/pt\/author\/fynopt\/"}]}},"_links":{"self":[{"href":"https:\/\/fyno.pt\/pt\/wp-json\/wp\/v2\/posts\/43507","targetHints":{"allow":["GET"]}}],"collection":[{"href":"https:\/\/fyno.pt\/pt\/wp-json\/wp\/v2\/posts"}],"about":[{"href":"https:\/\/fyno.pt\/pt\/wp-json\/wp\/v2\/types\/post"}],"author":[{"embeddable":true,"href":"https:\/\/fyno.pt\/pt\/wp-json\/wp\/v2\/users\/9"}],"replies":[{"embeddable":true,"href":"https:\/\/fyno.pt\/pt\/wp-json\/wp\/v2\/comments?post=43507"}],"version-history":[{"count":1,"href":"https:\/\/fyno.pt\/pt\/wp-json\/wp\/v2\/posts\/43507\/revisions"}],"predecessor-version":[{"id":43509,"href":"https:\/\/fyno.pt\/pt\/wp-json\/wp\/v2\/posts\/43507\/revisions\/43509"}],"wp:featuredmedia":[{"embeddable":true,"href":"https:\/\/fyno.pt\/pt\/wp-json\/wp\/v2\/media\/43508"}],"wp:attachment":[{"href":"https:\/\/fyno.pt\/pt\/wp-json\/wp\/v2\/media?parent=43507"}],"wp:term":[{"taxonomy":"category","embeddable":true,"href":"https:\/\/fyno.pt\/pt\/wp-json\/wp\/v2\/categories?post=43507"},{"taxonomy":"post_tag","embeddable":true,"href":"https:\/\/fyno.pt\/pt\/wp-json\/wp\/v2\/tags?post=43507"}],"curies":[{"name":"wp","href":"https:\/\/api.w.org\/{rel}","templated":true}]}}