{"id":43501,"date":"2026-09-01T20:04:52","date_gmt":"2026-09-01T23:04:52","guid":{"rendered":"https:\/\/fyno.pt\/pt\/?p=43501"},"modified":"2026-09-01T20:04:52","modified_gmt":"2026-09-01T23:04:52","slug":"ponte-de-lima-modernizacao-escolas","status":"publish","type":"post","link":"https:\/\/fyno.pt\/pt\/mundo\/ponte-de-lima-modernizacao-escolas\/","title":{"rendered":"Ponte de Lima investe 1 milh\u00e3o na moderniza\u00e7\u00e3o tecnol\u00f3gica das escolas"},"content":{"rendered":"<p>A C\u00e2mara Municipal de Ponte de Lima anunciou um investimento de aproximadamente um milh\u00e3o de euros voltado para a moderniza\u00e7\u00e3o tecnol\u00f3gica das escolas no munic\u00edpio. A iniciativa, revelada em comunicado, visa fortalecer as condi\u00e7\u00f5es de aprendizagem e fornecer melhores recursos para alunos, professores e profissionais da educa\u00e7\u00e3o, em resposta \u00e0s demandas de um ambiente educacional cada vez mais tecnol\u00f3gico.<\/p>\n\n\n\n<h2 class=\"wp-block-heading\">Detalhes do investimento<\/h2>\n\n\n\n<p>Este projeto \u00e9 parte da candidatura NORTE2030-FEDER 02906700, que recebeu uma taxa de financiamento aprovada de 85%. Conforme informa\u00e7\u00f5es da autarquia, a interven\u00e7\u00e3o abrange diversas melhorias tecnol\u00f3gicas, incluindo a instala\u00e7\u00e3o de redes de comunica\u00e7\u00e3o de \u00faltima gera\u00e7\u00e3o, renova\u00e7\u00e3o de espa\u00e7os de inform\u00e1tica e a implementa\u00e7\u00e3o de pain\u00e9is interativos de alta defini\u00e7\u00e3o.<\/p>\n\n\n\n<p>A moderniza\u00e7\u00e3o tamb\u00e9m inclui a introdu\u00e7\u00e3o de equipamentos de rob\u00f3tica educativa, criando um ambiente de aprendizado mais inovador e alinhado \u00e0s novas metodologias de ensino. Nas escolas do Jardim de Inf\u00e2ncia e do 1.\u00ba Ciclo do Ensino B\u00e1sico, foram instalados 159 pain\u00e9is interativos, 345 computadores, 14 kits educativos de rob\u00f3tica e programa\u00e7\u00e3o e 125 pontos de acesso Wi-Fi.<\/p>\n\n\n\n<h2 class=\"wp-block-heading\">Salas de Aula do Futuro<\/h2>\n\n\n\n<p>As melhorias visam transformar as salas de aula em verdadeiras &#039;Salas de Aula do Futuro&#039;, substituindo quadros tradicionais por pain\u00e9is interativos de grandes dimens\u00f5es com resolu\u00e7\u00e3o 4K e introduzindo novos computadores de alto desempenho. Salas de Tecnologias de Informa\u00e7\u00e3o e Comunica\u00e7\u00e3o tamb\u00e9m receber\u00e3o centenas de laptops modernos, com o intuito de proporcionar aos alunos condi\u00e7\u00f5es ideais para seu desenvolvimento.<\/p>\n\n\n\n<p>A iniciativa abrange ainda um foco na rob\u00f3tica educativa e na programa\u00e7\u00e3o, com a introdu\u00e7\u00e3o de sistemas modulares de aprendizagem e rob\u00f4s equipados com Intelig\u00eancia Artificial. Essas ferramentas permitir\u00e3o aos alunos explorar a intersec\u00e7\u00e3o entre programa\u00e7\u00e3o e express\u00e3o art\u00edstica.<\/p>\n\n\n\n<h2 class=\"wp-block-heading\">Capacita\u00e7\u00e3o e seguran\u00e7a<\/h2>\n\n\n\n<p>Para garantir a efic\u00e1cia desse projeto, est\u00e1 previsto um programa de capacita\u00e7\u00e3o intensivo de 84 horas para educadores, a fim de desenvolver as compet\u00eancias necess\u00e1rias para integrar essas novas ferramentas nas pr\u00e1ticas educativas. Al\u00e9m disso, a rede inform\u00e1tica escolar ser\u00e1 substancialmente melhorada, com a instala\u00e7\u00e3o de pontos de acesso Wi-Fi 7, que proporcionar\u00e3o uma conex\u00e3o mais r\u00e1pida e segura, mesmo com m\u00faltiplos dispositivos conectados simultaneamente.<\/p>\n\n\n\n<p>Com essas a\u00e7\u00f5es, a autarquia busca n\u00e3o apenas modernizar as infraestruturas, mas tamb\u00e9m criar um ambiente digital seguro e eficiente para toda a comunidade educativa, assegurando altos n\u00edveis de prote\u00e7\u00e3o para os dados escolares.<\/p>","protected":false},"excerpt":{"rendered":"<p>C\u00e2mara Municipal visa melhorar recursos educativos e criar &#8216;Salas de Aula do Futuro&#8217;.<\/p>","protected":false},"author":9,"featured_media":43502,"comment_status":"open","ping_status":"open","sticky":false,"template":"","format":"standard","meta":{"footnotes":""},"categories":[51],"tags":[634,636,1953,1952,623],"class_list":["post-43501","post","type-post","status-publish","format-standard","has-post-thumbnail","hentry","category-mundo","tag-educacao","tag-escolas","tag-modernizacao","tag-ponte-de-lima","tag-tecnologia"],"yoast_head":"<!-- This site is optimized with the Yoast SEO Premium plugin v27.9 (Yoast SEO v27.9) - https:\/\/yoast.com\/product\/yoast-seo-premium-wordpress\/ -->\n<title>Ponte de Lima investe 1 milh\u00e3o na moderniza\u00e7\u00e3o tecnol\u00f3gica das escolas<\/title>\n<meta name=\"description\" content=\"Ponte de Lima investe 1 milh\u00e3o em tecnologia para modernizar escolas e melhorar aprendizado com equipamentos inovadores.\" \/>\n<meta name=\"robots\" content=\"index, follow, max-snippet:-1, max-image-preview:large, max-video-preview:-1\" \/>\n<link rel=\"canonical\" href=\"https:\/\/fyno.pt\/pt\/mundo\/ponte-de-lima-modernizacao-escolas\/\" \/>\n<meta property=\"og:locale\" content=\"pt_PT\" \/>\n<meta property=\"og:type\" content=\"article\" \/>\n<meta property=\"og:title\" content=\"Ponte de Lima investe 1 milh\u00e3o na moderniza\u00e7\u00e3o tecnol\u00f3gica das escolas\" \/>\n<meta property=\"og:description\" content=\"Ponte de Lima investe 1 milh\u00e3o em tecnologia para modernizar escolas e melhorar aprendizado com equipamentos inovadores.\" \/>\n<meta property=\"og:url\" content=\"https:\/\/fyno.pt\/pt\/mundo\/ponte-de-lima-modernizacao-escolas\/\" \/>\n<meta property=\"og:site_name\" content=\"Fyno\" \/>\n<meta property=\"article:published_time\" content=\"2026-09-01T23:04:52+00:00\" \/>\n<meta property=\"og:image\" content=\"https:\/\/fyno.pt\/wp-content\/uploads\/2026\/09\/escola-ponte-de-lima-1160x630-1.jpg\" \/>\n\t<meta property=\"og:image:width\" content=\"1160\" \/>\n\t<meta property=\"og:image:height\" content=\"630\" \/>\n\t<meta property=\"og:image:type\" content=\"image\/jpeg\" \/>\n<meta name=\"author\" content=\"Fyno\" \/>\n<meta name=\"twitter:card\" content=\"summary_large_image\" \/>\n<meta name=\"twitter:label1\" content=\"Escrito por\" \/>\n\t<meta name=\"twitter:data1\" content=\"Fyno\" \/>\n\t<meta name=\"twitter:label2\" content=\"Tempo estimado de leitura\" \/>\n\t<meta name=\"twitter:data2\" content=\"2 minutos\" \/>\n<script type=\"application\/ld+json\" class=\"yoast-schema-graph\">{\"@context\":\"https:\\\/\\\/schema.org\",\"@graph\":[{\"@type\":\"Article\",\"@id\":\"https:\\\/\\\/fyno.pt\\\/pt\\\/mundo\\\/ponte-de-lima-modernizacao-escolas\\\/#article\",\"isPartOf\":{\"@id\":\"https:\\\/\\\/fyno.pt\\\/pt\\\/mundo\\\/ponte-de-lima-modernizacao-escolas\\\/\"},\"author\":{\"name\":\"Fyno\",\"@id\":\"https:\\\/\\\/fyno.pt\\\/#\\\/schema\\\/person\\\/ab5b330ed5ed05f1b4a7b8e438f68187\"},\"headline\":\"Ponte de Lima investe 1 milh\u00e3o na moderniza\u00e7\u00e3o tecnol\u00f3gica das escolas\",\"datePublished\":\"2026-09-01T23:04:52+00:00\",\"mainEntityOfPage\":{\"@id\":\"https:\\\/\\\/fyno.pt\\\/pt\\\/mundo\\\/ponte-de-lima-modernizacao-escolas\\\/\"},\"wordCount\":446,\"commentCount\":0,\"image\":{\"@id\":\"https:\\\/\\\/fyno.pt\\\/pt\\\/mundo\\\/ponte-de-lima-modernizacao-escolas\\\/#primaryimage\"},\"thumbnailUrl\":\"https:\\\/\\\/fyno.pt\\\/wp-content\\\/uploads\\\/2026\\\/09\\\/escola-ponte-de-lima-1160x630-1.jpg\",\"keywords\":[\"Educa\u00e7\u00e3o\",\"escolas\",\"moderniza\u00e7\u00e3o\",\"Ponte de Lima\",\"tecnologia\"],\"articleSection\":[\"Mundo\"],\"inLanguage\":\"pt-PT\",\"potentialAction\":[{\"@type\":\"CommentAction\",\"name\":\"Comment\",\"target\":[\"https:\\\/\\\/fyno.pt\\\/pt\\\/mundo\\\/ponte-de-lima-modernizacao-escolas\\\/#respond\"]}]},{\"@type\":\"WebPage\",\"@id\":\"https:\\\/\\\/fyno.pt\\\/pt\\\/mundo\\\/ponte-de-lima-modernizacao-escolas\\\/\",\"url\":\"https:\\\/\\\/fyno.pt\\\/pt\\\/mundo\\\/ponte-de-lima-modernizacao-escolas\\\/\",\"name\":\"Ponte de Lima investe 1 milh\u00e3o na moderniza\u00e7\u00e3o tecnol\u00f3gica das escolas\",\"isPartOf\":{\"@id\":\"https:\\\/\\\/fyno.pt\\\/#website\"},\"primaryImageOfPage\":{\"@id\":\"https:\\\/\\\/fyno.pt\\\/pt\\\/mundo\\\/ponte-de-lima-modernizacao-escolas\\\/#primaryimage\"},\"image\":{\"@id\":\"https:\\\/\\\/fyno.pt\\\/pt\\\/mundo\\\/ponte-de-lima-modernizacao-escolas\\\/#primaryimage\"},\"thumbnailUrl\":\"https:\\\/\\\/fyno.pt\\\/wp-content\\\/uploads\\\/2026\\\/09\\\/escola-ponte-de-lima-1160x630-1.jpg\",\"datePublished\":\"2026-09-01T23:04:52+00:00\",\"author\":{\"@id\":\"https:\\\/\\\/fyno.pt\\\/#\\\/schema\\\/person\\\/ab5b330ed5ed05f1b4a7b8e438f68187\"},\"description\":\"Ponte de Lima investe 1 milh\u00e3o em tecnologia para modernizar escolas e melhorar aprendizado com equipamentos inovadores.\",\"breadcrumb\":{\"@id\":\"https:\\\/\\\/fyno.pt\\\/pt\\\/mundo\\\/ponte-de-lima-modernizacao-escolas\\\/#breadcrumb\"},\"inLanguage\":\"pt-PT\",\"potentialAction\":[{\"@type\":\"ReadAction\",\"target\":[\"https:\\\/\\\/fyno.pt\\\/pt\\\/mundo\\\/ponte-de-lima-modernizacao-escolas\\\/\"]}]},{\"@type\":\"ImageObject\",\"inLanguage\":\"pt-PT\",\"@id\":\"https:\\\/\\\/fyno.pt\\\/pt\\\/mundo\\\/ponte-de-lima-modernizacao-escolas\\\/#primaryimage\",\"url\":\"https:\\\/\\\/fyno.pt\\\/wp-content\\\/uploads\\\/2026\\\/09\\\/escola-ponte-de-lima-1160x630-1.jpg\",\"contentUrl\":\"https:\\\/\\\/fyno.pt\\\/wp-content\\\/uploads\\\/2026\\\/09\\\/escola-ponte-de-lima-1160x630-1.jpg\",\"width\":1160,\"height\":630,\"caption\":\"Foto: CM Ponte de Lima\"},{\"@type\":\"BreadcrumbList\",\"@id\":\"https:\\\/\\\/fyno.pt\\\/pt\\\/mundo\\\/ponte-de-lima-modernizacao-escolas\\\/#breadcrumb\",\"itemListElement\":[{\"@type\":\"ListItem\",\"position\":1,\"name\":\"In\u00edcio\",\"item\":\"https:\\\/\\\/fyno.pt\\\/\"},{\"@type\":\"ListItem\",\"position\":2,\"name\":\"Ponte de Lima investe 1 milh\u00e3o na moderniza\u00e7\u00e3o tecnol\u00f3gica das escolas\"}]},{\"@type\":\"WebSite\",\"@id\":\"https:\\\/\\\/fyno.pt\\\/#website\",\"url\":\"https:\\\/\\\/fyno.pt\\\/\",\"name\":\"Fyno\",\"description\":\"Not\u00edcia e informa\u00e7\u00e3o\",\"potentialAction\":[{\"@type\":\"SearchAction\",\"target\":{\"@type\":\"EntryPoint\",\"urlTemplate\":\"https:\\\/\\\/fyno.pt\\\/?s={search_term_string}\"},\"query-input\":{\"@type\":\"PropertyValueSpecification\",\"valueRequired\":true,\"valueName\":\"search_term_string\"}}],\"inLanguage\":\"pt-PT\"},{\"@type\":\"Person\",\"@id\":\"https:\\\/\\\/fyno.pt\\\/#\\\/schema\\\/person\\\/ab5b330ed5ed05f1b4a7b8e438f68187\",\"name\":\"Fyno\",\"image\":{\"@type\":\"ImageObject\",\"inLanguage\":\"pt-PT\",\"@id\":\"https:\\\/\\\/fyno.pt\\\/wp-content\\\/litespeed\\\/avatar\\\/8f51870e8d94c234e288da840d914372.jpg?ver=1788205134\",\"url\":\"https:\\\/\\\/fyno.pt\\\/wp-content\\\/litespeed\\\/avatar\\\/8f51870e8d94c234e288da840d914372.jpg?ver=1788205134\",\"contentUrl\":\"https:\\\/\\\/fyno.pt\\\/wp-content\\\/litespeed\\\/avatar\\\/8f51870e8d94c234e288da840d914372.jpg?ver=1788205134\",\"caption\":\"Fyno\"},\"description\":\"A sua fonte de informa\u00e7\u00e3o.\",\"url\":\"https:\\\/\\\/fyno.pt\\\/pt\\\/author\\\/fynopt\\\/\"}]}<\/script>\n<!-- \/ Yoast SEO Premium plugin. -->","yoast_head_json":{"title":"Ponte de Lima investe 1 milh\u00e3o na moderniza\u00e7\u00e3o tecnol\u00f3gica das escolas","description":"Ponte de Lima investe 1 milh\u00e3o em tecnologia para modernizar escolas e melhorar aprendizado com equipamentos inovadores.","robots":{"index":"index","follow":"follow","max-snippet":"max-snippet:-1","max-image-preview":"max-image-preview:large","max-video-preview":"max-video-preview:-1"},"canonical":"https:\/\/fyno.pt\/pt\/mundo\/ponte-de-lima-modernizacao-escolas\/","og_locale":"pt_PT","og_type":"article","og_title":"Ponte de Lima investe 1 milh\u00e3o na moderniza\u00e7\u00e3o tecnol\u00f3gica das escolas","og_description":"Ponte de Lima investe 1 milh\u00e3o em tecnologia para modernizar escolas e melhorar aprendizado com equipamentos inovadores.","og_url":"https:\/\/fyno.pt\/pt\/mundo\/ponte-de-lima-modernizacao-escolas\/","og_site_name":"Fyno","article_published_time":"2026-09-01T23:04:52+00:00","og_image":[{"width":1160,"height":630,"url":"https:\/\/fyno.pt\/wp-content\/uploads\/2026\/09\/escola-ponte-de-lima-1160x630-1.jpg","type":"image\/jpeg"}],"author":"Fyno","twitter_card":"summary_large_image","twitter_misc":{"Escrito por":"Fyno","Tempo estimado de leitura":"2 minutos"},"schema":{"@context":"https:\/\/schema.org","@graph":[{"@type":"Article","@id":"https:\/\/fyno.pt\/pt\/mundo\/ponte-de-lima-modernizacao-escolas\/#article","isPartOf":{"@id":"https:\/\/fyno.pt\/pt\/mundo\/ponte-de-lima-modernizacao-escolas\/"},"author":{"name":"Fyno","@id":"https:\/\/fyno.pt\/#\/schema\/person\/ab5b330ed5ed05f1b4a7b8e438f68187"},"headline":"Ponte de Lima investe 1 milh\u00e3o na moderniza\u00e7\u00e3o tecnol\u00f3gica das escolas","datePublished":"2026-09-01T23:04:52+00:00","mainEntityOfPage":{"@id":"https:\/\/fyno.pt\/pt\/mundo\/ponte-de-lima-modernizacao-escolas\/"},"wordCount":446,"commentCount":0,"image":{"@id":"https:\/\/fyno.pt\/pt\/mundo\/ponte-de-lima-modernizacao-escolas\/#primaryimage"},"thumbnailUrl":"https:\/\/fyno.pt\/wp-content\/uploads\/2026\/09\/escola-ponte-de-lima-1160x630-1.jpg","keywords":["Educa\u00e7\u00e3o","escolas","moderniza\u00e7\u00e3o","Ponte de Lima","tecnologia"],"articleSection":["Mundo"],"inLanguage":"pt-PT","potentialAction":[{"@type":"CommentAction","name":"Comment","target":["https:\/\/fyno.pt\/pt\/mundo\/ponte-de-lima-modernizacao-escolas\/#respond"]}]},{"@type":"WebPage","@id":"https:\/\/fyno.pt\/pt\/mundo\/ponte-de-lima-modernizacao-escolas\/","url":"https:\/\/fyno.pt\/pt\/mundo\/ponte-de-lima-modernizacao-escolas\/","name":"Ponte de Lima investe 1 milh\u00e3o na moderniza\u00e7\u00e3o tecnol\u00f3gica das escolas","isPartOf":{"@id":"https:\/\/fyno.pt\/#website"},"primaryImageOfPage":{"@id":"https:\/\/fyno.pt\/pt\/mundo\/ponte-de-lima-modernizacao-escolas\/#primaryimage"},"image":{"@id":"https:\/\/fyno.pt\/pt\/mundo\/ponte-de-lima-modernizacao-escolas\/#primaryimage"},"thumbnailUrl":"https:\/\/fyno.pt\/wp-content\/uploads\/2026\/09\/escola-ponte-de-lima-1160x630-1.jpg","datePublished":"2026-09-01T23:04:52+00:00","author":{"@id":"https:\/\/fyno.pt\/#\/schema\/person\/ab5b330ed5ed05f1b4a7b8e438f68187"},"description":"Ponte de Lima investe 1 milh\u00e3o em tecnologia para modernizar escolas e melhorar aprendizado com equipamentos inovadores.","breadcrumb":{"@id":"https:\/\/fyno.pt\/pt\/mundo\/ponte-de-lima-modernizacao-escolas\/#breadcrumb"},"inLanguage":"pt-PT","potentialAction":[{"@type":"ReadAction","target":["https:\/\/fyno.pt\/pt\/mundo\/ponte-de-lima-modernizacao-escolas\/"]}]},{"@type":"ImageObject","inLanguage":"pt-PT","@id":"https:\/\/fyno.pt\/pt\/mundo\/ponte-de-lima-modernizacao-escolas\/#primaryimage","url":"https:\/\/fyno.pt\/wp-content\/uploads\/2026\/09\/escola-ponte-de-lima-1160x630-1.jpg","contentUrl":"https:\/\/fyno.pt\/wp-content\/uploads\/2026\/09\/escola-ponte-de-lima-1160x630-1.jpg","width":1160,"height":630,"caption":"Foto: CM Ponte de Lima"},{"@type":"BreadcrumbList","@id":"https:\/\/fyno.pt\/pt\/mundo\/ponte-de-lima-modernizacao-escolas\/#breadcrumb","itemListElement":[{"@type":"ListItem","position":1,"name":"In\u00edcio","item":"https:\/\/fyno.pt\/"},{"@type":"ListItem","position":2,"name":"Ponte de Lima investe 1 milh\u00e3o na moderniza\u00e7\u00e3o tecnol\u00f3gica das escolas"}]},{"@type":"WebSite","@id":"https:\/\/fyno.pt\/#website","url":"https:\/\/fyno.pt\/","name":"Fyno","description":"Not\u00edcia e informa\u00e7\u00e3o","potentialAction":[{"@type":"SearchAction","target":{"@type":"EntryPoint","urlTemplate":"https:\/\/fyno.pt\/?s={search_term_string}"},"query-input":{"@type":"PropertyValueSpecification","valueRequired":true,"valueName":"search_term_string"}}],"inLanguage":"pt-PT"},{"@type":"Person","@id":"https:\/\/fyno.pt\/#\/schema\/person\/ab5b330ed5ed05f1b4a7b8e438f68187","name":"Fyno","image":{"@type":"ImageObject","inLanguage":"pt-PT","@id":"https:\/\/fyno.pt\/wp-content\/litespeed\/avatar\/8f51870e8d94c234e288da840d914372.jpg?ver=1788205134","url":"https:\/\/fyno.pt\/wp-content\/litespeed\/avatar\/8f51870e8d94c234e288da840d914372.jpg?ver=1788205134","contentUrl":"https:\/\/fyno.pt\/wp-content\/litespeed\/avatar\/8f51870e8d94c234e288da840d914372.jpg?ver=1788205134","caption":"Fyno"},"description":"A sua fonte de informa\u00e7\u00e3o.","url":"https:\/\/fyno.pt\/pt\/author\/fynopt\/"}]}},"_links":{"self":[{"href":"https:\/\/fyno.pt\/pt\/wp-json\/wp\/v2\/posts\/43501","targetHints":{"allow":["GET"]}}],"collection":[{"href":"https:\/\/fyno.pt\/pt\/wp-json\/wp\/v2\/posts"}],"about":[{"href":"https:\/\/fyno.pt\/pt\/wp-json\/wp\/v2\/types\/post"}],"author":[{"embeddable":true,"href":"https:\/\/fyno.pt\/pt\/wp-json\/wp\/v2\/users\/9"}],"replies":[{"embeddable":true,"href":"https:\/\/fyno.pt\/pt\/wp-json\/wp\/v2\/comments?post=43501"}],"version-history":[{"count":1,"href":"https:\/\/fyno.pt\/pt\/wp-json\/wp\/v2\/posts\/43501\/revisions"}],"predecessor-version":[{"id":43503,"href":"https:\/\/fyno.pt\/pt\/wp-json\/wp\/v2\/posts\/43501\/revisions\/43503"}],"wp:featuredmedia":[{"embeddable":true,"href":"https:\/\/fyno.pt\/pt\/wp-json\/wp\/v2\/media\/43502"}],"wp:attachment":[{"href":"https:\/\/fyno.pt\/pt\/wp-json\/wp\/v2\/media?parent=43501"}],"wp:term":[{"taxonomy":"category","embeddable":true,"href":"https:\/\/fyno.pt\/pt\/wp-json\/wp\/v2\/categories?post=43501"},{"taxonomy":"post_tag","embeddable":true,"href":"https:\/\/fyno.pt\/pt\/wp-json\/wp\/v2\/tags?post=43501"}],"curies":[{"name":"wp","href":"https:\/\/api.w.org\/{rel}","templated":true}]}}