{"id":43495,"date":"2026-09-01T19:34:29","date_gmt":"2026-09-01T22:34:29","guid":{"rendered":"https:\/\/fyno.pt\/pt\/?p=43495"},"modified":"2026-09-01T19:34:29","modified_gmt":"2026-09-01T22:34:29","slug":"chapelaria-jupiter-106-anos","status":"publish","type":"post","link":"https:\/\/fyno.pt\/pt\/mundo\/chapelaria-jupiter-106-anos\/","title":{"rendered":"Chapelaria J\u00fapiter em Guimar\u00e3es completa 106 anos e \u00e9 tradi\u00e7\u00e3o familiar"},"content":{"rendered":"<p>A chapelaria J\u00fapiter, localizada em Guimar\u00e3es, celebrou recentemente seu 106.\u00ba anivers\u00e1rio, marcando uma hist\u00f3ria que se estende desde 1920. O estabelecimento, que j\u00e1 \u00e9 administrado pela terceira gera\u00e7\u00e3o da mesma fam\u00edlia, \u00e9 considerado um \u00edcone da cidade.<\/p>\n\n\n\n<h2 class=\"wp-block-heading\">Hist\u00f3ria e tradi\u00e7\u00e3o familiar<\/h2>\n\n\n\n<p>Avelino Faria, que trabalha na chapelaria desde os 14 anos, compartilha um pouco sobre a trajet\u00f3ria da loja. &quot;Isto vem do tempo do meu av\u00f4 e depois com o meu pai, agora comigo&quot;, diz ele, que combina sua paix\u00e3o por chap\u00e9us e guarda-chuvas com seus estudos.<\/p>\n\n\n\n<p>Faria destaca: &quot;A minha vida \u00e9 guarda-chuva, chap\u00e9us e estar aqui at\u00e9 agora&quot;. Esse v\u00ednculo geracional \u00e9 um reflexo do compromisso da fam\u00edlia em manter viva a tradi\u00e7\u00e3o da chapelaria.<\/p>\n\n\n\n<h2 class=\"wp-block-heading\">Um marco na cidade<\/h2>\n\n\n\n<p>A chapelaria J\u00fapiter \u00e9 a \u00fanica do g\u00eanero em Guimar\u00e3es e uma das raras do pa\u00eds com mais de um s\u00e9culo de exist\u00eancia. A C\u00e2mara Municipal reconhece que o local atrai clientes de diversas regi\u00f5es, todos em busca de um produto que simboliza a longevidade e a tradi\u00e7\u00e3o que a loja representa.<\/p>\n\n\n\n<p>Para muitos, a visita \u00e0 J\u00fapiter vai al\u00e9m da compra de um chap\u00e9u ou guarda-chuva. &quot;Entre quem entra \u00e0 procura de um chap\u00e9u e quem regressa para mais um guarda-chuva, h\u00e1 uma hist\u00f3ria que se repete h\u00e1 gera\u00e7\u00f5es&quot;, observam os representantes da C\u00e2mara, ressaltando que a loja faz parte da mem\u00f3ria coletiva da cidade.<\/p>\n\n\n\n<h2 class=\"wp-block-heading\">Um legado que perdura<\/h2>\n\n\n\n<p>Com sua rica hist\u00f3ria e o saber acumulado ao longo dos anos, a chapelaria J\u00fapiter n\u00e3o \u00e9 apenas um com\u00e9rcio; ela \u00e9 um peda\u00e7o da hist\u00f3ria de Guimar\u00e3es, simbolizando a continuidade de um of\u00edcio que ainda encanta visitantes.<\/p>","protected":false},"excerpt":{"rendered":"<p>Estabelecimento, que opera desde 1920, \u00e9 um marco na cidade e j\u00e1 est\u00e1 na terceira gera\u00e7\u00e3o da mesma fam\u00edlia.<\/p>","protected":false},"author":9,"featured_media":43496,"comment_status":"open","ping_status":"open","sticky":false,"template":"","format":"standard","meta":{"footnotes":""},"categories":[51],"tags":[1945,1947,1942,807,1946],"class_list":["post-43495","post","type-post","status-publish","format-standard","has-post-thumbnail","hentry","category-mundo","tag-chapelaria","tag-familia","tag-guimaraes","tag-historia","tag-tradicao"],"yoast_head":"<!-- This site is optimized with the Yoast SEO Premium plugin v27.9 (Yoast SEO v27.9) - https:\/\/yoast.com\/product\/yoast-seo-premium-wordpress\/ -->\n<title>chapelaria j\u00fapiter celebra 106 anos de tradi\u00e7\u00e3o em guimar\u00e3es<\/title>\n<meta name=\"description\" content=\"Chapelaria J\u00fapiter em Guimar\u00e3es completa 106 anos, mantendo a tradi\u00e7\u00e3o familiar e atraindo clientes de v\u00e1rias regi\u00f5es.\" \/>\n<meta name=\"robots\" content=\"index, follow, max-snippet:-1, max-image-preview:large, max-video-preview:-1\" \/>\n<link rel=\"canonical\" href=\"https:\/\/fyno.pt\/pt\/mundo\/chapelaria-jupiter-106-anos\/\" \/>\n<meta property=\"og:locale\" content=\"pt_PT\" \/>\n<meta property=\"og:type\" content=\"article\" \/>\n<meta property=\"og:title\" content=\"Chapelaria J\u00fapiter em Guimar\u00e3es completa 106 anos e \u00e9 tradi\u00e7\u00e3o familiar\" \/>\n<meta property=\"og:description\" content=\"Chapelaria J\u00fapiter em Guimar\u00e3es completa 106 anos, mantendo a tradi\u00e7\u00e3o familiar e atraindo clientes de v\u00e1rias regi\u00f5es.\" \/>\n<meta property=\"og:url\" content=\"https:\/\/fyno.pt\/pt\/mundo\/chapelaria-jupiter-106-anos\/\" \/>\n<meta property=\"og:site_name\" content=\"Fyno\" \/>\n<meta property=\"article:published_time\" content=\"2026-09-01T22:34:29+00:00\" \/>\n<meta property=\"og:image\" content=\"https:\/\/fyno.pt\/wp-content\/uploads\/2026\/09\/790826327_1264493822408478_7679723420917754783_n-1024x683-1.jpeg\" \/>\n\t<meta property=\"og:image:width\" content=\"1024\" \/>\n\t<meta property=\"og:image:height\" content=\"683\" \/>\n\t<meta property=\"og:image:type\" content=\"image\/jpeg\" \/>\n<meta name=\"author\" content=\"Fyno\" \/>\n<meta name=\"twitter:card\" content=\"summary_large_image\" \/>\n<meta name=\"twitter:label1\" content=\"Escrito por\" \/>\n\t<meta name=\"twitter:data1\" content=\"Fyno\" \/>\n\t<meta name=\"twitter:label2\" content=\"Tempo estimado de leitura\" \/>\n\t<meta name=\"twitter:data2\" content=\"2 minutos\" \/>\n<script type=\"application\/ld+json\" class=\"yoast-schema-graph\">{\"@context\":\"https:\\\/\\\/schema.org\",\"@graph\":[{\"@type\":\"Article\",\"@id\":\"https:\\\/\\\/fyno.pt\\\/pt\\\/mundo\\\/chapelaria-jupiter-106-anos\\\/#article\",\"isPartOf\":{\"@id\":\"https:\\\/\\\/fyno.pt\\\/pt\\\/mundo\\\/chapelaria-jupiter-106-anos\\\/\"},\"author\":{\"name\":\"Fyno\",\"@id\":\"https:\\\/\\\/fyno.pt\\\/#\\\/schema\\\/person\\\/ab5b330ed5ed05f1b4a7b8e438f68187\"},\"headline\":\"Chapelaria J\u00fapiter em Guimar\u00e3es completa 106 anos e \u00e9 tradi\u00e7\u00e3o familiar\",\"datePublished\":\"2026-09-01T22:34:29+00:00\",\"mainEntityOfPage\":{\"@id\":\"https:\\\/\\\/fyno.pt\\\/pt\\\/mundo\\\/chapelaria-jupiter-106-anos\\\/\"},\"wordCount\":315,\"commentCount\":0,\"image\":{\"@id\":\"https:\\\/\\\/fyno.pt\\\/pt\\\/mundo\\\/chapelaria-jupiter-106-anos\\\/#primaryimage\"},\"thumbnailUrl\":\"https:\\\/\\\/fyno.pt\\\/wp-content\\\/uploads\\\/2026\\\/09\\\/790826327_1264493822408478_7679723420917754783_n-1024x683-1.jpeg\",\"keywords\":[\"chapelaria\",\"fam\u00edlia\",\"Guimar\u00e3es\",\"Hist\u00f3ria\",\"tradi\u00e7\u00e3o\"],\"articleSection\":[\"Mundo\"],\"inLanguage\":\"pt-PT\",\"potentialAction\":[{\"@type\":\"CommentAction\",\"name\":\"Comment\",\"target\":[\"https:\\\/\\\/fyno.pt\\\/pt\\\/mundo\\\/chapelaria-jupiter-106-anos\\\/#respond\"]}]},{\"@type\":\"WebPage\",\"@id\":\"https:\\\/\\\/fyno.pt\\\/pt\\\/mundo\\\/chapelaria-jupiter-106-anos\\\/\",\"url\":\"https:\\\/\\\/fyno.pt\\\/pt\\\/mundo\\\/chapelaria-jupiter-106-anos\\\/\",\"name\":\"chapelaria j\u00fapiter celebra 106 anos de tradi\u00e7\u00e3o em guimar\u00e3es\",\"isPartOf\":{\"@id\":\"https:\\\/\\\/fyno.pt\\\/#website\"},\"primaryImageOfPage\":{\"@id\":\"https:\\\/\\\/fyno.pt\\\/pt\\\/mundo\\\/chapelaria-jupiter-106-anos\\\/#primaryimage\"},\"image\":{\"@id\":\"https:\\\/\\\/fyno.pt\\\/pt\\\/mundo\\\/chapelaria-jupiter-106-anos\\\/#primaryimage\"},\"thumbnailUrl\":\"https:\\\/\\\/fyno.pt\\\/wp-content\\\/uploads\\\/2026\\\/09\\\/790826327_1264493822408478_7679723420917754783_n-1024x683-1.jpeg\",\"datePublished\":\"2026-09-01T22:34:29+00:00\",\"author\":{\"@id\":\"https:\\\/\\\/fyno.pt\\\/#\\\/schema\\\/person\\\/ab5b330ed5ed05f1b4a7b8e438f68187\"},\"description\":\"Chapelaria J\u00fapiter em Guimar\u00e3es completa 106 anos, mantendo a tradi\u00e7\u00e3o familiar e atraindo clientes de v\u00e1rias regi\u00f5es.\",\"breadcrumb\":{\"@id\":\"https:\\\/\\\/fyno.pt\\\/pt\\\/mundo\\\/chapelaria-jupiter-106-anos\\\/#breadcrumb\"},\"inLanguage\":\"pt-PT\",\"potentialAction\":[{\"@type\":\"ReadAction\",\"target\":[\"https:\\\/\\\/fyno.pt\\\/pt\\\/mundo\\\/chapelaria-jupiter-106-anos\\\/\"]}]},{\"@type\":\"ImageObject\",\"inLanguage\":\"pt-PT\",\"@id\":\"https:\\\/\\\/fyno.pt\\\/pt\\\/mundo\\\/chapelaria-jupiter-106-anos\\\/#primaryimage\",\"url\":\"https:\\\/\\\/fyno.pt\\\/wp-content\\\/uploads\\\/2026\\\/09\\\/790826327_1264493822408478_7679723420917754783_n-1024x683-1.jpeg\",\"contentUrl\":\"https:\\\/\\\/fyno.pt\\\/wp-content\\\/uploads\\\/2026\\\/09\\\/790826327_1264493822408478_7679723420917754783_n-1024x683-1.jpeg\",\"width\":1024,\"height\":683,\"caption\":\"Esta chapelaria em Guimar\u00e3es j\u00e1 vai na terceira gera\u00e7\u00e3o da mesma fam\u00edlia e chegou aos 106 anos\"},{\"@type\":\"BreadcrumbList\",\"@id\":\"https:\\\/\\\/fyno.pt\\\/pt\\\/mundo\\\/chapelaria-jupiter-106-anos\\\/#breadcrumb\",\"itemListElement\":[{\"@type\":\"ListItem\",\"position\":1,\"name\":\"In\u00edcio\",\"item\":\"https:\\\/\\\/fyno.pt\\\/\"},{\"@type\":\"ListItem\",\"position\":2,\"name\":\"Chapelaria J\u00fapiter em Guimar\u00e3es completa 106 anos e \u00e9 tradi\u00e7\u00e3o familiar\"}]},{\"@type\":\"WebSite\",\"@id\":\"https:\\\/\\\/fyno.pt\\\/#website\",\"url\":\"https:\\\/\\\/fyno.pt\\\/\",\"name\":\"Fyno\",\"description\":\"Not\u00edcia e informa\u00e7\u00e3o\",\"potentialAction\":[{\"@type\":\"SearchAction\",\"target\":{\"@type\":\"EntryPoint\",\"urlTemplate\":\"https:\\\/\\\/fyno.pt\\\/?s={search_term_string}\"},\"query-input\":{\"@type\":\"PropertyValueSpecification\",\"valueRequired\":true,\"valueName\":\"search_term_string\"}}],\"inLanguage\":\"pt-PT\"},{\"@type\":\"Person\",\"@id\":\"https:\\\/\\\/fyno.pt\\\/#\\\/schema\\\/person\\\/ab5b330ed5ed05f1b4a7b8e438f68187\",\"name\":\"Fyno\",\"image\":{\"@type\":\"ImageObject\",\"inLanguage\":\"pt-PT\",\"@id\":\"https:\\\/\\\/fyno.pt\\\/wp-content\\\/litespeed\\\/avatar\\\/8f51870e8d94c234e288da840d914372.jpg?ver=1788205134\",\"url\":\"https:\\\/\\\/fyno.pt\\\/wp-content\\\/litespeed\\\/avatar\\\/8f51870e8d94c234e288da840d914372.jpg?ver=1788205134\",\"contentUrl\":\"https:\\\/\\\/fyno.pt\\\/wp-content\\\/litespeed\\\/avatar\\\/8f51870e8d94c234e288da840d914372.jpg?ver=1788205134\",\"caption\":\"Fyno\"},\"description\":\"A sua fonte de informa\u00e7\u00e3o.\",\"url\":\"https:\\\/\\\/fyno.pt\\\/pt\\\/author\\\/fynopt\\\/\"}]}<\/script>\n<!-- \/ Yoast SEO Premium plugin. -->","yoast_head_json":{"title":"chapelaria j\u00fapiter celebra 106 anos de tradi\u00e7\u00e3o em guimar\u00e3es","description":"Chapelaria J\u00fapiter em Guimar\u00e3es completa 106 anos, mantendo a tradi\u00e7\u00e3o familiar e atraindo clientes de v\u00e1rias regi\u00f5es.","robots":{"index":"index","follow":"follow","max-snippet":"max-snippet:-1","max-image-preview":"max-image-preview:large","max-video-preview":"max-video-preview:-1"},"canonical":"https:\/\/fyno.pt\/pt\/mundo\/chapelaria-jupiter-106-anos\/","og_locale":"pt_PT","og_type":"article","og_title":"Chapelaria J\u00fapiter em Guimar\u00e3es completa 106 anos e \u00e9 tradi\u00e7\u00e3o familiar","og_description":"Chapelaria J\u00fapiter em Guimar\u00e3es completa 106 anos, mantendo a tradi\u00e7\u00e3o familiar e atraindo clientes de v\u00e1rias regi\u00f5es.","og_url":"https:\/\/fyno.pt\/pt\/mundo\/chapelaria-jupiter-106-anos\/","og_site_name":"Fyno","article_published_time":"2026-09-01T22:34:29+00:00","og_image":[{"width":1024,"height":683,"url":"https:\/\/fyno.pt\/wp-content\/uploads\/2026\/09\/790826327_1264493822408478_7679723420917754783_n-1024x683-1.jpeg","type":"image\/jpeg"}],"author":"Fyno","twitter_card":"summary_large_image","twitter_misc":{"Escrito por":"Fyno","Tempo estimado de leitura":"2 minutos"},"schema":{"@context":"https:\/\/schema.org","@graph":[{"@type":"Article","@id":"https:\/\/fyno.pt\/pt\/mundo\/chapelaria-jupiter-106-anos\/#article","isPartOf":{"@id":"https:\/\/fyno.pt\/pt\/mundo\/chapelaria-jupiter-106-anos\/"},"author":{"name":"Fyno","@id":"https:\/\/fyno.pt\/#\/schema\/person\/ab5b330ed5ed05f1b4a7b8e438f68187"},"headline":"Chapelaria J\u00fapiter em Guimar\u00e3es completa 106 anos e \u00e9 tradi\u00e7\u00e3o familiar","datePublished":"2026-09-01T22:34:29+00:00","mainEntityOfPage":{"@id":"https:\/\/fyno.pt\/pt\/mundo\/chapelaria-jupiter-106-anos\/"},"wordCount":315,"commentCount":0,"image":{"@id":"https:\/\/fyno.pt\/pt\/mundo\/chapelaria-jupiter-106-anos\/#primaryimage"},"thumbnailUrl":"https:\/\/fyno.pt\/wp-content\/uploads\/2026\/09\/790826327_1264493822408478_7679723420917754783_n-1024x683-1.jpeg","keywords":["chapelaria","fam\u00edlia","Guimar\u00e3es","Hist\u00f3ria","tradi\u00e7\u00e3o"],"articleSection":["Mundo"],"inLanguage":"pt-PT","potentialAction":[{"@type":"CommentAction","name":"Comment","target":["https:\/\/fyno.pt\/pt\/mundo\/chapelaria-jupiter-106-anos\/#respond"]}]},{"@type":"WebPage","@id":"https:\/\/fyno.pt\/pt\/mundo\/chapelaria-jupiter-106-anos\/","url":"https:\/\/fyno.pt\/pt\/mundo\/chapelaria-jupiter-106-anos\/","name":"chapelaria j\u00fapiter celebra 106 anos de tradi\u00e7\u00e3o em guimar\u00e3es","isPartOf":{"@id":"https:\/\/fyno.pt\/#website"},"primaryImageOfPage":{"@id":"https:\/\/fyno.pt\/pt\/mundo\/chapelaria-jupiter-106-anos\/#primaryimage"},"image":{"@id":"https:\/\/fyno.pt\/pt\/mundo\/chapelaria-jupiter-106-anos\/#primaryimage"},"thumbnailUrl":"https:\/\/fyno.pt\/wp-content\/uploads\/2026\/09\/790826327_1264493822408478_7679723420917754783_n-1024x683-1.jpeg","datePublished":"2026-09-01T22:34:29+00:00","author":{"@id":"https:\/\/fyno.pt\/#\/schema\/person\/ab5b330ed5ed05f1b4a7b8e438f68187"},"description":"Chapelaria J\u00fapiter em Guimar\u00e3es completa 106 anos, mantendo a tradi\u00e7\u00e3o familiar e atraindo clientes de v\u00e1rias regi\u00f5es.","breadcrumb":{"@id":"https:\/\/fyno.pt\/pt\/mundo\/chapelaria-jupiter-106-anos\/#breadcrumb"},"inLanguage":"pt-PT","potentialAction":[{"@type":"ReadAction","target":["https:\/\/fyno.pt\/pt\/mundo\/chapelaria-jupiter-106-anos\/"]}]},{"@type":"ImageObject","inLanguage":"pt-PT","@id":"https:\/\/fyno.pt\/pt\/mundo\/chapelaria-jupiter-106-anos\/#primaryimage","url":"https:\/\/fyno.pt\/wp-content\/uploads\/2026\/09\/790826327_1264493822408478_7679723420917754783_n-1024x683-1.jpeg","contentUrl":"https:\/\/fyno.pt\/wp-content\/uploads\/2026\/09\/790826327_1264493822408478_7679723420917754783_n-1024x683-1.jpeg","width":1024,"height":683,"caption":"Esta chapelaria em Guimar\u00e3es j\u00e1 vai na terceira gera\u00e7\u00e3o da mesma fam\u00edlia e chegou aos 106 anos"},{"@type":"BreadcrumbList","@id":"https:\/\/fyno.pt\/pt\/mundo\/chapelaria-jupiter-106-anos\/#breadcrumb","itemListElement":[{"@type":"ListItem","position":1,"name":"In\u00edcio","item":"https:\/\/fyno.pt\/"},{"@type":"ListItem","position":2,"name":"Chapelaria J\u00fapiter em Guimar\u00e3es completa 106 anos e \u00e9 tradi\u00e7\u00e3o familiar"}]},{"@type":"WebSite","@id":"https:\/\/fyno.pt\/#website","url":"https:\/\/fyno.pt\/","name":"Fyno","description":"Not\u00edcia e informa\u00e7\u00e3o","potentialAction":[{"@type":"SearchAction","target":{"@type":"EntryPoint","urlTemplate":"https:\/\/fyno.pt\/?s={search_term_string}"},"query-input":{"@type":"PropertyValueSpecification","valueRequired":true,"valueName":"search_term_string"}}],"inLanguage":"pt-PT"},{"@type":"Person","@id":"https:\/\/fyno.pt\/#\/schema\/person\/ab5b330ed5ed05f1b4a7b8e438f68187","name":"Fyno","image":{"@type":"ImageObject","inLanguage":"pt-PT","@id":"https:\/\/fyno.pt\/wp-content\/litespeed\/avatar\/8f51870e8d94c234e288da840d914372.jpg?ver=1788205134","url":"https:\/\/fyno.pt\/wp-content\/litespeed\/avatar\/8f51870e8d94c234e288da840d914372.jpg?ver=1788205134","contentUrl":"https:\/\/fyno.pt\/wp-content\/litespeed\/avatar\/8f51870e8d94c234e288da840d914372.jpg?ver=1788205134","caption":"Fyno"},"description":"A sua fonte de informa\u00e7\u00e3o.","url":"https:\/\/fyno.pt\/pt\/author\/fynopt\/"}]}},"_links":{"self":[{"href":"https:\/\/fyno.pt\/pt\/wp-json\/wp\/v2\/posts\/43495","targetHints":{"allow":["GET"]}}],"collection":[{"href":"https:\/\/fyno.pt\/pt\/wp-json\/wp\/v2\/posts"}],"about":[{"href":"https:\/\/fyno.pt\/pt\/wp-json\/wp\/v2\/types\/post"}],"author":[{"embeddable":true,"href":"https:\/\/fyno.pt\/pt\/wp-json\/wp\/v2\/users\/9"}],"replies":[{"embeddable":true,"href":"https:\/\/fyno.pt\/pt\/wp-json\/wp\/v2\/comments?post=43495"}],"version-history":[{"count":1,"href":"https:\/\/fyno.pt\/pt\/wp-json\/wp\/v2\/posts\/43495\/revisions"}],"predecessor-version":[{"id":43497,"href":"https:\/\/fyno.pt\/pt\/wp-json\/wp\/v2\/posts\/43495\/revisions\/43497"}],"wp:featuredmedia":[{"embeddable":true,"href":"https:\/\/fyno.pt\/pt\/wp-json\/wp\/v2\/media\/43496"}],"wp:attachment":[{"href":"https:\/\/fyno.pt\/pt\/wp-json\/wp\/v2\/media?parent=43495"}],"wp:term":[{"taxonomy":"category","embeddable":true,"href":"https:\/\/fyno.pt\/pt\/wp-json\/wp\/v2\/categories?post=43495"},{"taxonomy":"post_tag","embeddable":true,"href":"https:\/\/fyno.pt\/pt\/wp-json\/wp\/v2\/tags?post=43495"}],"curies":[{"name":"wp","href":"https:\/\/api.w.org\/{rel}","templated":true}]}}