{"id":43489,"date":"2026-09-01T19:04:13","date_gmt":"2026-09-01T22:04:13","guid":{"rendered":"https:\/\/fyno.pt\/pt\/?p=43489"},"modified":"2026-09-01T19:04:13","modified_gmt":"2026-09-01T22:04:13","slug":"ciclista-acidente-ecopista-guimaraes-fafe","status":"publish","type":"post","link":"https:\/\/fyno.pt\/pt\/mundo\/ciclista-acidente-ecopista-guimaraes-fafe\/","title":{"rendered":"Ciclista sofre grave acidente na ecopista Guimar\u00e3es-Fafe"},"content":{"rendered":"<p>Um ciclista de 38 anos ficou gravemente ferido ap\u00f3s um acidente na ecopista Guimar\u00e3es-Fafe, ocorrido no in\u00edcio da noite de ter\u00e7a-feira. O homem, que pedalava sozinho, perdeu o controle e caiu, mas conseguiu contatar os bombeiros para pedir ajuda.<\/p>\n\n\n\n<h2 class=\"wp-block-heading\">Acidente e resgate<\/h2>\n\n\n\n<p>Apesar de ter conseguido ligar para os servi\u00e7os de emerg\u00eancia, a v\u00edtima estava desorientada e n\u00e3o conseguiu informar com precis\u00e3o sua localiza\u00e7\u00e3o. Diante dessa situa\u00e7\u00e3o, os bombeiros mobilizaram uma moto-quatro, recentemente doada \u00e0 corpora\u00e7\u00e3o, para percorrer a antiga linha de trem em busca do ciclista.<\/p>\n\n\n\n<p>Ap\u00f3s um tempo de procura, os agentes localizaram o homem ca\u00eddo pr\u00f3ximo ao apeadeiro desativado de Fareja, que fica no munic\u00edpio de Fafe, perto da divisa com Guimar\u00e3es. O ciclista recebeu atendimento imediato no local.<\/p>\n\n\n\n<h2 class=\"wp-block-heading\">Transporte para o hospital<\/h2>\n\n\n\n<p>Ap\u00f3s os primeiros socorros, ele foi levado ao Hospital Senhora da Oliveira, em Guimar\u00e3es, onde ficou sob avalia\u00e7\u00e3o m\u00e9dica devido a suspeitas de m\u00faltiplas fraturas. A Guarda Nacional Republicana (GNR) registrou a ocorr\u00eancia e est\u00e1 investigando as circunst\u00e2ncias do acidente.<\/p>\n\n\n\n<p>Ainda n\u00e3o se sabe o que exatamente causou o despiste do ciclista, e as autoridades seguem em busca de mais informa\u00e7\u00f5es para esclarecer o caso.<\/p>","protected":false},"excerpt":{"rendered":"<p>Homem de 38 anos ficou ferido ap\u00f3s despiste e acionou bombeiros, mas estava desorientado.<\/p>","protected":false},"author":9,"featured_media":43490,"comment_status":"open","ping_status":"open","sticky":false,"template":"","format":"standard","meta":{"footnotes":""},"categories":[51],"tags":[1940,1939,1821,1942,1941],"class_list":["post-43489","post","type-post","status-publish","format-standard","has-post-thumbnail","hentry","category-mundo","tag-acidente","tag-ciclista","tag-fafe","tag-guimaraes","tag-resgate"],"yoast_head":"<!-- This site is optimized with the Yoast SEO Premium plugin v27.9 (Yoast SEO v27.9) - https:\/\/yoast.com\/product\/yoast-seo-premium-wordpress\/ -->\n<title>ciclista fica gravemente ferido em acidente na ecopista guimar\u00e3es-fafe<\/title>\n<meta name=\"description\" content=\"Ciclista de 38 anos sofre grave acidente na ecopista Guimar\u00e3es-Fafe e \u00e9 resgatado pelos bombeiros.\" \/>\n<meta name=\"robots\" content=\"index, follow, max-snippet:-1, max-image-preview:large, max-video-preview:-1\" \/>\n<link rel=\"canonical\" href=\"https:\/\/fyno.pt\/pt\/mundo\/ciclista-acidente-ecopista-guimaraes-fafe\/\" \/>\n<meta property=\"og:locale\" content=\"pt_PT\" \/>\n<meta property=\"og:type\" content=\"article\" \/>\n<meta property=\"og:title\" content=\"Ciclista sofre grave acidente na ecopista Guimar\u00e3es-Fafe\" \/>\n<meta property=\"og:description\" content=\"Ciclista de 38 anos sofre grave acidente na ecopista Guimar\u00e3es-Fafe e \u00e9 resgatado pelos bombeiros.\" \/>\n<meta property=\"og:url\" content=\"https:\/\/fyno.pt\/pt\/mundo\/ciclista-acidente-ecopista-guimaraes-fafe\/\" \/>\n<meta property=\"og:site_name\" content=\"Fyno\" \/>\n<meta property=\"article:published_time\" content=\"2026-09-01T22:04:13+00:00\" \/>\n<meta property=\"og:image\" content=\"https:\/\/fyno.pt\/wp-content\/uploads\/2026\/09\/bombeiros-fafe-1160x630-1.jpg\" \/>\n\t<meta property=\"og:image:width\" content=\"1160\" \/>\n\t<meta property=\"og:image:height\" content=\"630\" \/>\n\t<meta property=\"og:image:type\" content=\"image\/jpeg\" \/>\n<meta name=\"author\" content=\"Fyno\" \/>\n<meta name=\"twitter:card\" content=\"summary_large_image\" \/>\n<meta name=\"twitter:label1\" content=\"Escrito por\" \/>\n\t<meta name=\"twitter:data1\" content=\"Fyno\" \/>\n\t<meta name=\"twitter:label2\" content=\"Tempo estimado de leitura\" \/>\n\t<meta name=\"twitter:data2\" content=\"1 minuto\" \/>\n<script type=\"application\/ld+json\" class=\"yoast-schema-graph\">{\"@context\":\"https:\\\/\\\/schema.org\",\"@graph\":[{\"@type\":\"Article\",\"@id\":\"https:\\\/\\\/fyno.pt\\\/pt\\\/mundo\\\/ciclista-acidente-ecopista-guimaraes-fafe\\\/#article\",\"isPartOf\":{\"@id\":\"https:\\\/\\\/fyno.pt\\\/pt\\\/mundo\\\/ciclista-acidente-ecopista-guimaraes-fafe\\\/\"},\"author\":{\"name\":\"Fyno\",\"@id\":\"https:\\\/\\\/fyno.pt\\\/#\\\/schema\\\/person\\\/ab5b330ed5ed05f1b4a7b8e438f68187\"},\"headline\":\"Ciclista sofre grave acidente na ecopista Guimar\u00e3es-Fafe\",\"datePublished\":\"2026-09-01T22:04:13+00:00\",\"mainEntityOfPage\":{\"@id\":\"https:\\\/\\\/fyno.pt\\\/pt\\\/mundo\\\/ciclista-acidente-ecopista-guimaraes-fafe\\\/\"},\"wordCount\":223,\"commentCount\":0,\"image\":{\"@id\":\"https:\\\/\\\/fyno.pt\\\/pt\\\/mundo\\\/ciclista-acidente-ecopista-guimaraes-fafe\\\/#primaryimage\"},\"thumbnailUrl\":\"https:\\\/\\\/fyno.pt\\\/wp-content\\\/uploads\\\/2026\\\/09\\\/bombeiros-fafe-1160x630-1.jpg\",\"keywords\":[\"acidente\",\"ciclista\",\"Fafe\",\"Guimar\u00e3es\",\"resgate\"],\"articleSection\":[\"Mundo\"],\"inLanguage\":\"pt-PT\",\"potentialAction\":[{\"@type\":\"CommentAction\",\"name\":\"Comment\",\"target\":[\"https:\\\/\\\/fyno.pt\\\/pt\\\/mundo\\\/ciclista-acidente-ecopista-guimaraes-fafe\\\/#respond\"]}]},{\"@type\":\"WebPage\",\"@id\":\"https:\\\/\\\/fyno.pt\\\/pt\\\/mundo\\\/ciclista-acidente-ecopista-guimaraes-fafe\\\/\",\"url\":\"https:\\\/\\\/fyno.pt\\\/pt\\\/mundo\\\/ciclista-acidente-ecopista-guimaraes-fafe\\\/\",\"name\":\"ciclista fica gravemente ferido em acidente na ecopista guimar\u00e3es-fafe\",\"isPartOf\":{\"@id\":\"https:\\\/\\\/fyno.pt\\\/#website\"},\"primaryImageOfPage\":{\"@id\":\"https:\\\/\\\/fyno.pt\\\/pt\\\/mundo\\\/ciclista-acidente-ecopista-guimaraes-fafe\\\/#primaryimage\"},\"image\":{\"@id\":\"https:\\\/\\\/fyno.pt\\\/pt\\\/mundo\\\/ciclista-acidente-ecopista-guimaraes-fafe\\\/#primaryimage\"},\"thumbnailUrl\":\"https:\\\/\\\/fyno.pt\\\/wp-content\\\/uploads\\\/2026\\\/09\\\/bombeiros-fafe-1160x630-1.jpg\",\"datePublished\":\"2026-09-01T22:04:13+00:00\",\"author\":{\"@id\":\"https:\\\/\\\/fyno.pt\\\/#\\\/schema\\\/person\\\/ab5b330ed5ed05f1b4a7b8e438f68187\"},\"description\":\"Ciclista de 38 anos sofre grave acidente na ecopista Guimar\u00e3es-Fafe e \u00e9 resgatado pelos bombeiros.\",\"breadcrumb\":{\"@id\":\"https:\\\/\\\/fyno.pt\\\/pt\\\/mundo\\\/ciclista-acidente-ecopista-guimaraes-fafe\\\/#breadcrumb\"},\"inLanguage\":\"pt-PT\",\"potentialAction\":[{\"@type\":\"ReadAction\",\"target\":[\"https:\\\/\\\/fyno.pt\\\/pt\\\/mundo\\\/ciclista-acidente-ecopista-guimaraes-fafe\\\/\"]}]},{\"@type\":\"ImageObject\",\"inLanguage\":\"pt-PT\",\"@id\":\"https:\\\/\\\/fyno.pt\\\/pt\\\/mundo\\\/ciclista-acidente-ecopista-guimaraes-fafe\\\/#primaryimage\",\"url\":\"https:\\\/\\\/fyno.pt\\\/wp-content\\\/uploads\\\/2026\\\/09\\\/bombeiros-fafe-1160x630-1.jpg\",\"contentUrl\":\"https:\\\/\\\/fyno.pt\\\/wp-content\\\/uploads\\\/2026\\\/09\\\/bombeiros-fafe-1160x630-1.jpg\",\"width\":1160,\"height\":630,\"caption\":\"Foto: Ivo Borges \\\/ O MINHO\"},{\"@type\":\"BreadcrumbList\",\"@id\":\"https:\\\/\\\/fyno.pt\\\/pt\\\/mundo\\\/ciclista-acidente-ecopista-guimaraes-fafe\\\/#breadcrumb\",\"itemListElement\":[{\"@type\":\"ListItem\",\"position\":1,\"name\":\"In\u00edcio\",\"item\":\"https:\\\/\\\/fyno.pt\\\/\"},{\"@type\":\"ListItem\",\"position\":2,\"name\":\"Ciclista sofre grave acidente na ecopista Guimar\u00e3es-Fafe\"}]},{\"@type\":\"WebSite\",\"@id\":\"https:\\\/\\\/fyno.pt\\\/#website\",\"url\":\"https:\\\/\\\/fyno.pt\\\/\",\"name\":\"Fyno\",\"description\":\"Not\u00edcia e informa\u00e7\u00e3o\",\"potentialAction\":[{\"@type\":\"SearchAction\",\"target\":{\"@type\":\"EntryPoint\",\"urlTemplate\":\"https:\\\/\\\/fyno.pt\\\/?s={search_term_string}\"},\"query-input\":{\"@type\":\"PropertyValueSpecification\",\"valueRequired\":true,\"valueName\":\"search_term_string\"}}],\"inLanguage\":\"pt-PT\"},{\"@type\":\"Person\",\"@id\":\"https:\\\/\\\/fyno.pt\\\/#\\\/schema\\\/person\\\/ab5b330ed5ed05f1b4a7b8e438f68187\",\"name\":\"Fyno\",\"image\":{\"@type\":\"ImageObject\",\"inLanguage\":\"pt-PT\",\"@id\":\"https:\\\/\\\/fyno.pt\\\/wp-content\\\/litespeed\\\/avatar\\\/8f51870e8d94c234e288da840d914372.jpg?ver=1788205134\",\"url\":\"https:\\\/\\\/fyno.pt\\\/wp-content\\\/litespeed\\\/avatar\\\/8f51870e8d94c234e288da840d914372.jpg?ver=1788205134\",\"contentUrl\":\"https:\\\/\\\/fyno.pt\\\/wp-content\\\/litespeed\\\/avatar\\\/8f51870e8d94c234e288da840d914372.jpg?ver=1788205134\",\"caption\":\"Fyno\"},\"description\":\"A sua fonte de informa\u00e7\u00e3o.\",\"url\":\"https:\\\/\\\/fyno.pt\\\/pt\\\/author\\\/fynopt\\\/\"}]}<\/script>\n<!-- \/ Yoast SEO Premium plugin. -->","yoast_head_json":{"title":"ciclista fica gravemente ferido em acidente na ecopista guimar\u00e3es-fafe","description":"Ciclista de 38 anos sofre grave acidente na ecopista Guimar\u00e3es-Fafe e \u00e9 resgatado pelos bombeiros.","robots":{"index":"index","follow":"follow","max-snippet":"max-snippet:-1","max-image-preview":"max-image-preview:large","max-video-preview":"max-video-preview:-1"},"canonical":"https:\/\/fyno.pt\/pt\/mundo\/ciclista-acidente-ecopista-guimaraes-fafe\/","og_locale":"pt_PT","og_type":"article","og_title":"Ciclista sofre grave acidente na ecopista Guimar\u00e3es-Fafe","og_description":"Ciclista de 38 anos sofre grave acidente na ecopista Guimar\u00e3es-Fafe e \u00e9 resgatado pelos bombeiros.","og_url":"https:\/\/fyno.pt\/pt\/mundo\/ciclista-acidente-ecopista-guimaraes-fafe\/","og_site_name":"Fyno","article_published_time":"2026-09-01T22:04:13+00:00","og_image":[{"width":1160,"height":630,"url":"https:\/\/fyno.pt\/wp-content\/uploads\/2026\/09\/bombeiros-fafe-1160x630-1.jpg","type":"image\/jpeg"}],"author":"Fyno","twitter_card":"summary_large_image","twitter_misc":{"Escrito por":"Fyno","Tempo estimado de leitura":"1 minuto"},"schema":{"@context":"https:\/\/schema.org","@graph":[{"@type":"Article","@id":"https:\/\/fyno.pt\/pt\/mundo\/ciclista-acidente-ecopista-guimaraes-fafe\/#article","isPartOf":{"@id":"https:\/\/fyno.pt\/pt\/mundo\/ciclista-acidente-ecopista-guimaraes-fafe\/"},"author":{"name":"Fyno","@id":"https:\/\/fyno.pt\/#\/schema\/person\/ab5b330ed5ed05f1b4a7b8e438f68187"},"headline":"Ciclista sofre grave acidente na ecopista Guimar\u00e3es-Fafe","datePublished":"2026-09-01T22:04:13+00:00","mainEntityOfPage":{"@id":"https:\/\/fyno.pt\/pt\/mundo\/ciclista-acidente-ecopista-guimaraes-fafe\/"},"wordCount":223,"commentCount":0,"image":{"@id":"https:\/\/fyno.pt\/pt\/mundo\/ciclista-acidente-ecopista-guimaraes-fafe\/#primaryimage"},"thumbnailUrl":"https:\/\/fyno.pt\/wp-content\/uploads\/2026\/09\/bombeiros-fafe-1160x630-1.jpg","keywords":["acidente","ciclista","Fafe","Guimar\u00e3es","resgate"],"articleSection":["Mundo"],"inLanguage":"pt-PT","potentialAction":[{"@type":"CommentAction","name":"Comment","target":["https:\/\/fyno.pt\/pt\/mundo\/ciclista-acidente-ecopista-guimaraes-fafe\/#respond"]}]},{"@type":"WebPage","@id":"https:\/\/fyno.pt\/pt\/mundo\/ciclista-acidente-ecopista-guimaraes-fafe\/","url":"https:\/\/fyno.pt\/pt\/mundo\/ciclista-acidente-ecopista-guimaraes-fafe\/","name":"ciclista fica gravemente ferido em acidente na ecopista guimar\u00e3es-fafe","isPartOf":{"@id":"https:\/\/fyno.pt\/#website"},"primaryImageOfPage":{"@id":"https:\/\/fyno.pt\/pt\/mundo\/ciclista-acidente-ecopista-guimaraes-fafe\/#primaryimage"},"image":{"@id":"https:\/\/fyno.pt\/pt\/mundo\/ciclista-acidente-ecopista-guimaraes-fafe\/#primaryimage"},"thumbnailUrl":"https:\/\/fyno.pt\/wp-content\/uploads\/2026\/09\/bombeiros-fafe-1160x630-1.jpg","datePublished":"2026-09-01T22:04:13+00:00","author":{"@id":"https:\/\/fyno.pt\/#\/schema\/person\/ab5b330ed5ed05f1b4a7b8e438f68187"},"description":"Ciclista de 38 anos sofre grave acidente na ecopista Guimar\u00e3es-Fafe e \u00e9 resgatado pelos bombeiros.","breadcrumb":{"@id":"https:\/\/fyno.pt\/pt\/mundo\/ciclista-acidente-ecopista-guimaraes-fafe\/#breadcrumb"},"inLanguage":"pt-PT","potentialAction":[{"@type":"ReadAction","target":["https:\/\/fyno.pt\/pt\/mundo\/ciclista-acidente-ecopista-guimaraes-fafe\/"]}]},{"@type":"ImageObject","inLanguage":"pt-PT","@id":"https:\/\/fyno.pt\/pt\/mundo\/ciclista-acidente-ecopista-guimaraes-fafe\/#primaryimage","url":"https:\/\/fyno.pt\/wp-content\/uploads\/2026\/09\/bombeiros-fafe-1160x630-1.jpg","contentUrl":"https:\/\/fyno.pt\/wp-content\/uploads\/2026\/09\/bombeiros-fafe-1160x630-1.jpg","width":1160,"height":630,"caption":"Foto: Ivo Borges \/ O MINHO"},{"@type":"BreadcrumbList","@id":"https:\/\/fyno.pt\/pt\/mundo\/ciclista-acidente-ecopista-guimaraes-fafe\/#breadcrumb","itemListElement":[{"@type":"ListItem","position":1,"name":"In\u00edcio","item":"https:\/\/fyno.pt\/"},{"@type":"ListItem","position":2,"name":"Ciclista sofre grave acidente na ecopista Guimar\u00e3es-Fafe"}]},{"@type":"WebSite","@id":"https:\/\/fyno.pt\/#website","url":"https:\/\/fyno.pt\/","name":"Fyno","description":"Not\u00edcia e informa\u00e7\u00e3o","potentialAction":[{"@type":"SearchAction","target":{"@type":"EntryPoint","urlTemplate":"https:\/\/fyno.pt\/?s={search_term_string}"},"query-input":{"@type":"PropertyValueSpecification","valueRequired":true,"valueName":"search_term_string"}}],"inLanguage":"pt-PT"},{"@type":"Person","@id":"https:\/\/fyno.pt\/#\/schema\/person\/ab5b330ed5ed05f1b4a7b8e438f68187","name":"Fyno","image":{"@type":"ImageObject","inLanguage":"pt-PT","@id":"https:\/\/fyno.pt\/wp-content\/litespeed\/avatar\/8f51870e8d94c234e288da840d914372.jpg?ver=1788205134","url":"https:\/\/fyno.pt\/wp-content\/litespeed\/avatar\/8f51870e8d94c234e288da840d914372.jpg?ver=1788205134","contentUrl":"https:\/\/fyno.pt\/wp-content\/litespeed\/avatar\/8f51870e8d94c234e288da840d914372.jpg?ver=1788205134","caption":"Fyno"},"description":"A sua fonte de informa\u00e7\u00e3o.","url":"https:\/\/fyno.pt\/pt\/author\/fynopt\/"}]}},"_links":{"self":[{"href":"https:\/\/fyno.pt\/pt\/wp-json\/wp\/v2\/posts\/43489","targetHints":{"allow":["GET"]}}],"collection":[{"href":"https:\/\/fyno.pt\/pt\/wp-json\/wp\/v2\/posts"}],"about":[{"href":"https:\/\/fyno.pt\/pt\/wp-json\/wp\/v2\/types\/post"}],"author":[{"embeddable":true,"href":"https:\/\/fyno.pt\/pt\/wp-json\/wp\/v2\/users\/9"}],"replies":[{"embeddable":true,"href":"https:\/\/fyno.pt\/pt\/wp-json\/wp\/v2\/comments?post=43489"}],"version-history":[{"count":1,"href":"https:\/\/fyno.pt\/pt\/wp-json\/wp\/v2\/posts\/43489\/revisions"}],"predecessor-version":[{"id":43491,"href":"https:\/\/fyno.pt\/pt\/wp-json\/wp\/v2\/posts\/43489\/revisions\/43491"}],"wp:featuredmedia":[{"embeddable":true,"href":"https:\/\/fyno.pt\/pt\/wp-json\/wp\/v2\/media\/43490"}],"wp:attachment":[{"href":"https:\/\/fyno.pt\/pt\/wp-json\/wp\/v2\/media?parent=43489"}],"wp:term":[{"taxonomy":"category","embeddable":true,"href":"https:\/\/fyno.pt\/pt\/wp-json\/wp\/v2\/categories?post=43489"},{"taxonomy":"post_tag","embeddable":true,"href":"https:\/\/fyno.pt\/pt\/wp-json\/wp\/v2\/tags?post=43489"}],"curies":[{"name":"wp","href":"https:\/\/api.w.org\/{rel}","templated":true}]}}