{"id":43477,"date":"2026-09-01T18:03:26","date_gmt":"2026-09-01T21:03:26","guid":{"rendered":"https:\/\/fyno.pt\/pt\/?p=43477"},"modified":"2026-09-01T18:03:26","modified_gmt":"2026-09-01T21:03:26","slug":"joao-marques-emprestado-torreense","status":"publish","type":"post","link":"https:\/\/fyno.pt\/pt\/mundo\/joao-marques-emprestado-torreense\/","title":{"rendered":"Jo\u00e3o Marques \u00e9 emprestado ao Torreense pelo SC Braga"},"content":{"rendered":"<p>O SC Braga confirmou hoje o empr\u00e9stimo do jogador Jo\u00e3o Marques ao Torreense, clube que compete na II Liga de futebol. O acordo inclui uma cl\u00e1usula de compra ao valor de 3,5 milh\u00f5es de euros, embora esta n\u00e3o seja vinculativa.<\/p>\n\n\n\n<h2 class=\"wp-block-heading\">Hist\u00f3rico e expectativas<\/h2>\n\n\n\n<p>Jo\u00e3o Marques, de 24 anos, j\u00e1 teve uma passagem pela primeira divis\u00e3o, onde jogou na \u00faltima temporada pelo Casa Pia, tamb\u00e9m por empr\u00e9stimo do Braga. Durante sua estadia, ele participou de 15 jogos e marcou um gol. Sua experi\u00eancia anterior inclui passagens por clubes como Vit\u00f3ria SC, Estoril Praia, Gil Vicente, al\u00e9m do pr\u00f3prio SC Braga.<\/p>\n\n\n\n<h2 class=\"wp-block-heading\">Expectativas no novo clube<\/h2>\n\n\n\n<p>O Torreense, que se sagrou campe\u00e3o da Ta\u00e7a de Portugal na \u00faltima temporada e, por isso, vai competir na fase de grupos da Liga Europa, v\u00ea em Jo\u00e3o Marques uma adi\u00e7\u00e3o valiosa ao elenco. O atleta expressou sua empolga\u00e7\u00e3o ao afirmar: &quot;Mal posso esperar para poder vestir a camisola azul-gren\u00e1!&quot;.<\/p>\n\n\n\n<p>O empr\u00e9stimo de Jo\u00e3o Marques \u00e9 v\u00e1lido at\u00e9 o final desta temporada. O SC Braga, em comunicado, desejou ao jogador &quot;felicidades pessoais e profissionais para esta nova fase da carreira&quot;.<\/p>\n\n\n\n<h2 class=\"wp-block-heading\">Pr\u00f3ximos desafios<\/h2>\n\n\n\n<p>Atualmente, o Torreense ocupa a 16\u00aa posi\u00e7\u00e3o na tabela da II Liga, acumulando apenas dois pontos em quatro partidas. O time retornar\u00e1 aos campos no pr\u00f3ximo s\u00e1bado, quando enfrentar\u00e1 o Benfica B, em um jogo marcado para as 15h30.<\/p>","protected":false},"excerpt":{"rendered":"<p>O jogador de 24 anos chega ao clube da II Liga com cl\u00e1usula de compra ao final da temporada.<\/p>","protected":false},"author":9,"featured_media":43478,"comment_status":"open","ping_status":"open","sticky":false,"template":"","format":"standard","meta":{"footnotes":""},"categories":[51],"tags":[595,1926,1923,1924,1925],"class_list":["post-43477","post","type-post","status-publish","format-standard","has-post-thumbnail","hentry","category-mundo","tag-futebol","tag-ii-liga","tag-joao-marques","tag-sc-braga","tag-torreense"],"yoast_head":"<!-- This site is optimized with the Yoast SEO Premium plugin v27.9 (Yoast SEO v27.9) - https:\/\/yoast.com\/product\/yoast-seo-premium-wordpress\/ -->\n<title>SC Braga empresta Jo\u00e3o Marques ao Torreense<\/title>\n<meta name=\"description\" content=\"SC Braga confirma empr\u00e9stimo de Jo\u00e3o Marques ao Torreense com cl\u00e1usula de compra de 3,5 milh\u00f5es de euros.\" \/>\n<meta name=\"robots\" content=\"index, follow, max-snippet:-1, max-image-preview:large, max-video-preview:-1\" \/>\n<link rel=\"canonical\" href=\"https:\/\/fyno.pt\/pt\/mundo\/joao-marques-emprestado-torreense\/\" \/>\n<meta property=\"og:locale\" content=\"pt_PT\" \/>\n<meta property=\"og:type\" content=\"article\" \/>\n<meta property=\"og:title\" content=\"Jo\u00e3o Marques \u00e9 emprestado ao Torreense pelo SC Braga\" \/>\n<meta property=\"og:description\" content=\"SC Braga confirma empr\u00e9stimo de Jo\u00e3o Marques ao Torreense com cl\u00e1usula de compra de 3,5 milh\u00f5es de euros.\" \/>\n<meta property=\"og:url\" content=\"https:\/\/fyno.pt\/pt\/mundo\/joao-marques-emprestado-torreense\/\" \/>\n<meta property=\"og:site_name\" content=\"Fyno\" \/>\n<meta property=\"article:published_time\" content=\"2026-09-01T21:03:26+00:00\" \/>\n<meta property=\"og:image\" content=\"https:\/\/fyno.pt\/wp-content\/uploads\/2026\/09\/joao-marques-1160x630-1.jpg\" \/>\n\t<meta property=\"og:image:width\" content=\"1160\" \/>\n\t<meta property=\"og:image:height\" content=\"630\" \/>\n\t<meta property=\"og:image:type\" content=\"image\/jpeg\" \/>\n<meta name=\"author\" content=\"Fyno\" \/>\n<meta name=\"twitter:card\" content=\"summary_large_image\" \/>\n<meta name=\"twitter:label1\" content=\"Escrito por\" \/>\n\t<meta name=\"twitter:data1\" content=\"Fyno\" \/>\n\t<meta name=\"twitter:label2\" content=\"Tempo estimado de leitura\" \/>\n\t<meta name=\"twitter:data2\" content=\"1 minuto\" \/>\n<script type=\"application\/ld+json\" class=\"yoast-schema-graph\">{\"@context\":\"https:\\\/\\\/schema.org\",\"@graph\":[{\"@type\":\"Article\",\"@id\":\"https:\\\/\\\/fyno.pt\\\/pt\\\/mundo\\\/joao-marques-emprestado-torreense\\\/#article\",\"isPartOf\":{\"@id\":\"https:\\\/\\\/fyno.pt\\\/pt\\\/mundo\\\/joao-marques-emprestado-torreense\\\/\"},\"author\":{\"name\":\"Fyno\",\"@id\":\"https:\\\/\\\/fyno.pt\\\/#\\\/schema\\\/person\\\/ab5b330ed5ed05f1b4a7b8e438f68187\"},\"headline\":\"Jo\u00e3o Marques \u00e9 emprestado ao Torreense pelo SC Braga\",\"datePublished\":\"2026-09-01T21:03:26+00:00\",\"mainEntityOfPage\":{\"@id\":\"https:\\\/\\\/fyno.pt\\\/pt\\\/mundo\\\/joao-marques-emprestado-torreense\\\/\"},\"wordCount\":258,\"commentCount\":0,\"image\":{\"@id\":\"https:\\\/\\\/fyno.pt\\\/pt\\\/mundo\\\/joao-marques-emprestado-torreense\\\/#primaryimage\"},\"thumbnailUrl\":\"https:\\\/\\\/fyno.pt\\\/wp-content\\\/uploads\\\/2026\\\/09\\\/joao-marques-1160x630-1.jpg\",\"keywords\":[\"Futebol\",\"II Liga\",\"Jo\u00e3o Marques\",\"SC Braga\",\"Torreense\"],\"articleSection\":[\"Mundo\"],\"inLanguage\":\"pt-PT\",\"potentialAction\":[{\"@type\":\"CommentAction\",\"name\":\"Comment\",\"target\":[\"https:\\\/\\\/fyno.pt\\\/pt\\\/mundo\\\/joao-marques-emprestado-torreense\\\/#respond\"]}]},{\"@type\":\"WebPage\",\"@id\":\"https:\\\/\\\/fyno.pt\\\/pt\\\/mundo\\\/joao-marques-emprestado-torreense\\\/\",\"url\":\"https:\\\/\\\/fyno.pt\\\/pt\\\/mundo\\\/joao-marques-emprestado-torreense\\\/\",\"name\":\"SC Braga empresta Jo\u00e3o Marques ao Torreense\",\"isPartOf\":{\"@id\":\"https:\\\/\\\/fyno.pt\\\/#website\"},\"primaryImageOfPage\":{\"@id\":\"https:\\\/\\\/fyno.pt\\\/pt\\\/mundo\\\/joao-marques-emprestado-torreense\\\/#primaryimage\"},\"image\":{\"@id\":\"https:\\\/\\\/fyno.pt\\\/pt\\\/mundo\\\/joao-marques-emprestado-torreense\\\/#primaryimage\"},\"thumbnailUrl\":\"https:\\\/\\\/fyno.pt\\\/wp-content\\\/uploads\\\/2026\\\/09\\\/joao-marques-1160x630-1.jpg\",\"datePublished\":\"2026-09-01T21:03:26+00:00\",\"author\":{\"@id\":\"https:\\\/\\\/fyno.pt\\\/#\\\/schema\\\/person\\\/ab5b330ed5ed05f1b4a7b8e438f68187\"},\"description\":\"SC Braga confirma empr\u00e9stimo de Jo\u00e3o Marques ao Torreense com cl\u00e1usula de compra de 3,5 milh\u00f5es de euros.\",\"breadcrumb\":{\"@id\":\"https:\\\/\\\/fyno.pt\\\/pt\\\/mundo\\\/joao-marques-emprestado-torreense\\\/#breadcrumb\"},\"inLanguage\":\"pt-PT\",\"potentialAction\":[{\"@type\":\"ReadAction\",\"target\":[\"https:\\\/\\\/fyno.pt\\\/pt\\\/mundo\\\/joao-marques-emprestado-torreense\\\/\"]}]},{\"@type\":\"ImageObject\",\"inLanguage\":\"pt-PT\",\"@id\":\"https:\\\/\\\/fyno.pt\\\/pt\\\/mundo\\\/joao-marques-emprestado-torreense\\\/#primaryimage\",\"url\":\"https:\\\/\\\/fyno.pt\\\/wp-content\\\/uploads\\\/2026\\\/09\\\/joao-marques-1160x630-1.jpg\",\"contentUrl\":\"https:\\\/\\\/fyno.pt\\\/wp-content\\\/uploads\\\/2026\\\/09\\\/joao-marques-1160x630-1.jpg\",\"width\":1160,\"height\":630,\"caption\":\"Foto: SCU Torrense\"},{\"@type\":\"BreadcrumbList\",\"@id\":\"https:\\\/\\\/fyno.pt\\\/pt\\\/mundo\\\/joao-marques-emprestado-torreense\\\/#breadcrumb\",\"itemListElement\":[{\"@type\":\"ListItem\",\"position\":1,\"name\":\"In\u00edcio\",\"item\":\"https:\\\/\\\/fyno.pt\\\/\"},{\"@type\":\"ListItem\",\"position\":2,\"name\":\"Jo\u00e3o Marques \u00e9 emprestado ao Torreense pelo SC Braga\"}]},{\"@type\":\"WebSite\",\"@id\":\"https:\\\/\\\/fyno.pt\\\/#website\",\"url\":\"https:\\\/\\\/fyno.pt\\\/\",\"name\":\"Fyno\",\"description\":\"Not\u00edcia e informa\u00e7\u00e3o\",\"potentialAction\":[{\"@type\":\"SearchAction\",\"target\":{\"@type\":\"EntryPoint\",\"urlTemplate\":\"https:\\\/\\\/fyno.pt\\\/?s={search_term_string}\"},\"query-input\":{\"@type\":\"PropertyValueSpecification\",\"valueRequired\":true,\"valueName\":\"search_term_string\"}}],\"inLanguage\":\"pt-PT\"},{\"@type\":\"Person\",\"@id\":\"https:\\\/\\\/fyno.pt\\\/#\\\/schema\\\/person\\\/ab5b330ed5ed05f1b4a7b8e438f68187\",\"name\":\"Fyno\",\"image\":{\"@type\":\"ImageObject\",\"inLanguage\":\"pt-PT\",\"@id\":\"https:\\\/\\\/fyno.pt\\\/wp-content\\\/litespeed\\\/avatar\\\/8f51870e8d94c234e288da840d914372.jpg?ver=1788205134\",\"url\":\"https:\\\/\\\/fyno.pt\\\/wp-content\\\/litespeed\\\/avatar\\\/8f51870e8d94c234e288da840d914372.jpg?ver=1788205134\",\"contentUrl\":\"https:\\\/\\\/fyno.pt\\\/wp-content\\\/litespeed\\\/avatar\\\/8f51870e8d94c234e288da840d914372.jpg?ver=1788205134\",\"caption\":\"Fyno\"},\"description\":\"A sua fonte de informa\u00e7\u00e3o.\",\"url\":\"https:\\\/\\\/fyno.pt\\\/pt\\\/author\\\/fynopt\\\/\"}]}<\/script>\n<!-- \/ Yoast SEO Premium plugin. -->","yoast_head_json":{"title":"SC Braga empresta Jo\u00e3o Marques ao Torreense","description":"SC Braga confirma empr\u00e9stimo de Jo\u00e3o Marques ao Torreense com cl\u00e1usula de compra de 3,5 milh\u00f5es de euros.","robots":{"index":"index","follow":"follow","max-snippet":"max-snippet:-1","max-image-preview":"max-image-preview:large","max-video-preview":"max-video-preview:-1"},"canonical":"https:\/\/fyno.pt\/pt\/mundo\/joao-marques-emprestado-torreense\/","og_locale":"pt_PT","og_type":"article","og_title":"Jo\u00e3o Marques \u00e9 emprestado ao Torreense pelo SC Braga","og_description":"SC Braga confirma empr\u00e9stimo de Jo\u00e3o Marques ao Torreense com cl\u00e1usula de compra de 3,5 milh\u00f5es de euros.","og_url":"https:\/\/fyno.pt\/pt\/mundo\/joao-marques-emprestado-torreense\/","og_site_name":"Fyno","article_published_time":"2026-09-01T21:03:26+00:00","og_image":[{"width":1160,"height":630,"url":"https:\/\/fyno.pt\/wp-content\/uploads\/2026\/09\/joao-marques-1160x630-1.jpg","type":"image\/jpeg"}],"author":"Fyno","twitter_card":"summary_large_image","twitter_misc":{"Escrito por":"Fyno","Tempo estimado de leitura":"1 minuto"},"schema":{"@context":"https:\/\/schema.org","@graph":[{"@type":"Article","@id":"https:\/\/fyno.pt\/pt\/mundo\/joao-marques-emprestado-torreense\/#article","isPartOf":{"@id":"https:\/\/fyno.pt\/pt\/mundo\/joao-marques-emprestado-torreense\/"},"author":{"name":"Fyno","@id":"https:\/\/fyno.pt\/#\/schema\/person\/ab5b330ed5ed05f1b4a7b8e438f68187"},"headline":"Jo\u00e3o Marques \u00e9 emprestado ao Torreense pelo SC Braga","datePublished":"2026-09-01T21:03:26+00:00","mainEntityOfPage":{"@id":"https:\/\/fyno.pt\/pt\/mundo\/joao-marques-emprestado-torreense\/"},"wordCount":258,"commentCount":0,"image":{"@id":"https:\/\/fyno.pt\/pt\/mundo\/joao-marques-emprestado-torreense\/#primaryimage"},"thumbnailUrl":"https:\/\/fyno.pt\/wp-content\/uploads\/2026\/09\/joao-marques-1160x630-1.jpg","keywords":["Futebol","II Liga","Jo\u00e3o Marques","SC Braga","Torreense"],"articleSection":["Mundo"],"inLanguage":"pt-PT","potentialAction":[{"@type":"CommentAction","name":"Comment","target":["https:\/\/fyno.pt\/pt\/mundo\/joao-marques-emprestado-torreense\/#respond"]}]},{"@type":"WebPage","@id":"https:\/\/fyno.pt\/pt\/mundo\/joao-marques-emprestado-torreense\/","url":"https:\/\/fyno.pt\/pt\/mundo\/joao-marques-emprestado-torreense\/","name":"SC Braga empresta Jo\u00e3o Marques ao Torreense","isPartOf":{"@id":"https:\/\/fyno.pt\/#website"},"primaryImageOfPage":{"@id":"https:\/\/fyno.pt\/pt\/mundo\/joao-marques-emprestado-torreense\/#primaryimage"},"image":{"@id":"https:\/\/fyno.pt\/pt\/mundo\/joao-marques-emprestado-torreense\/#primaryimage"},"thumbnailUrl":"https:\/\/fyno.pt\/wp-content\/uploads\/2026\/09\/joao-marques-1160x630-1.jpg","datePublished":"2026-09-01T21:03:26+00:00","author":{"@id":"https:\/\/fyno.pt\/#\/schema\/person\/ab5b330ed5ed05f1b4a7b8e438f68187"},"description":"SC Braga confirma empr\u00e9stimo de Jo\u00e3o Marques ao Torreense com cl\u00e1usula de compra de 3,5 milh\u00f5es de euros.","breadcrumb":{"@id":"https:\/\/fyno.pt\/pt\/mundo\/joao-marques-emprestado-torreense\/#breadcrumb"},"inLanguage":"pt-PT","potentialAction":[{"@type":"ReadAction","target":["https:\/\/fyno.pt\/pt\/mundo\/joao-marques-emprestado-torreense\/"]}]},{"@type":"ImageObject","inLanguage":"pt-PT","@id":"https:\/\/fyno.pt\/pt\/mundo\/joao-marques-emprestado-torreense\/#primaryimage","url":"https:\/\/fyno.pt\/wp-content\/uploads\/2026\/09\/joao-marques-1160x630-1.jpg","contentUrl":"https:\/\/fyno.pt\/wp-content\/uploads\/2026\/09\/joao-marques-1160x630-1.jpg","width":1160,"height":630,"caption":"Foto: SCU Torrense"},{"@type":"BreadcrumbList","@id":"https:\/\/fyno.pt\/pt\/mundo\/joao-marques-emprestado-torreense\/#breadcrumb","itemListElement":[{"@type":"ListItem","position":1,"name":"In\u00edcio","item":"https:\/\/fyno.pt\/"},{"@type":"ListItem","position":2,"name":"Jo\u00e3o Marques \u00e9 emprestado ao Torreense pelo SC Braga"}]},{"@type":"WebSite","@id":"https:\/\/fyno.pt\/#website","url":"https:\/\/fyno.pt\/","name":"Fyno","description":"Not\u00edcia e informa\u00e7\u00e3o","potentialAction":[{"@type":"SearchAction","target":{"@type":"EntryPoint","urlTemplate":"https:\/\/fyno.pt\/?s={search_term_string}"},"query-input":{"@type":"PropertyValueSpecification","valueRequired":true,"valueName":"search_term_string"}}],"inLanguage":"pt-PT"},{"@type":"Person","@id":"https:\/\/fyno.pt\/#\/schema\/person\/ab5b330ed5ed05f1b4a7b8e438f68187","name":"Fyno","image":{"@type":"ImageObject","inLanguage":"pt-PT","@id":"https:\/\/fyno.pt\/wp-content\/litespeed\/avatar\/8f51870e8d94c234e288da840d914372.jpg?ver=1788205134","url":"https:\/\/fyno.pt\/wp-content\/litespeed\/avatar\/8f51870e8d94c234e288da840d914372.jpg?ver=1788205134","contentUrl":"https:\/\/fyno.pt\/wp-content\/litespeed\/avatar\/8f51870e8d94c234e288da840d914372.jpg?ver=1788205134","caption":"Fyno"},"description":"A sua fonte de informa\u00e7\u00e3o.","url":"https:\/\/fyno.pt\/pt\/author\/fynopt\/"}]}},"_links":{"self":[{"href":"https:\/\/fyno.pt\/pt\/wp-json\/wp\/v2\/posts\/43477","targetHints":{"allow":["GET"]}}],"collection":[{"href":"https:\/\/fyno.pt\/pt\/wp-json\/wp\/v2\/posts"}],"about":[{"href":"https:\/\/fyno.pt\/pt\/wp-json\/wp\/v2\/types\/post"}],"author":[{"embeddable":true,"href":"https:\/\/fyno.pt\/pt\/wp-json\/wp\/v2\/users\/9"}],"replies":[{"embeddable":true,"href":"https:\/\/fyno.pt\/pt\/wp-json\/wp\/v2\/comments?post=43477"}],"version-history":[{"count":1,"href":"https:\/\/fyno.pt\/pt\/wp-json\/wp\/v2\/posts\/43477\/revisions"}],"predecessor-version":[{"id":43479,"href":"https:\/\/fyno.pt\/pt\/wp-json\/wp\/v2\/posts\/43477\/revisions\/43479"}],"wp:featuredmedia":[{"embeddable":true,"href":"https:\/\/fyno.pt\/pt\/wp-json\/wp\/v2\/media\/43478"}],"wp:attachment":[{"href":"https:\/\/fyno.pt\/pt\/wp-json\/wp\/v2\/media?parent=43477"}],"wp:term":[{"taxonomy":"category","embeddable":true,"href":"https:\/\/fyno.pt\/pt\/wp-json\/wp\/v2\/categories?post=43477"},{"taxonomy":"post_tag","embeddable":true,"href":"https:\/\/fyno.pt\/pt\/wp-json\/wp\/v2\/tags?post=43477"}],"curies":[{"name":"wp","href":"https:\/\/api.w.org\/{rel}","templated":true}]}}