{"id":43471,"date":"2026-09-01T17:33:11","date_gmt":"2026-09-01T20:33:11","guid":{"rendered":"https:\/\/fyno.pt\/?p=43471"},"modified":"2026-09-01T17:33:11","modified_gmt":"2026-09-01T20:33:11","slug":"epoca-balnear-mortes-portugal","status":"publish","type":"post","link":"https:\/\/fyno.pt\/pt\/mundo\/epoca-balnear-mortes-portugal\/","title":{"rendered":"\u00c9poca balnear registra 22 mortes em praias de Portugal, duas no Minho"},"content":{"rendered":"<p>A Autoridade Mar\u00edtima Nacional (AMN) reportou 22 mortes nas praias portuguesas durante os quatro meses da \u00e9poca balnear, que se estendeu de 1\u00ba de maio a 31 de agosto. Dentre estas fatalidades, duas ocorreram na regi\u00e3o do Minho. O balan\u00e7o, divulgado nesta ter\u00e7a-feira, tamb\u00e9m incluiu 1.285 salvamentos e 2.359 a\u00e7\u00f5es de primeiros-socorros.<\/p>\n\n\n\n<h2 class=\"wp-block-heading\">Causas das mortes<\/h2>\n\n\n\n<p>De acordo com o relat\u00f3rio da AMN, do total de mortes, 12 foram atribu\u00eddas a afogamentos. Dentre estas, tr\u00eas foram em praias mar\u00edtimas que contavam com vigil\u00e2ncia. Al\u00e9m disso, cinco ocorreram em praias n\u00e3o vigiadas e duas em \u00e1reas fora da \u00e9poca balnear, tamb\u00e9m sem supervis\u00e3o no momento dos acidentes. Outras duas mortes ocorreram em zonas mar\u00edtimas n\u00e3o vigiadas.<\/p>\n\n\n\n<p>No que diz respeito a causas n\u00e3o relacionadas com afogamentos, houve nove mortes por doen\u00e7as s\u00fabitas, sendo quatro em praias vigiadas, tr\u00eas em \u00e1reas n\u00e3o vigiadas e duas em praias fora da \u00e9poca balnear. A AMN ainda registrou uma morte de causa desconhecida em uma praia mar\u00edtima vigiada.<\/p>\n\n\n\n<h2 class=\"wp-block-heading\">Ocorr\u00eancias em agosto<\/h2>\n\n\n\n<p>Em agosto, foram registrados quatro casos de mortes, sendo que tr\u00eas deles se devem a doen\u00e7as s\u00fabitas, conforme informou a AMN. A entidade tamb\u00e9m mencionou que um banhista est\u00e1 desaparecido desde 28 de agosto, na Praia da Ursa, localizada no concelho de Sintra, no distrito de Lisboa.<\/p>\n\n\n\n<p>As mortes em praias vigiadas ocorreram nas praias do Peneco e de S\u00e3o Rafael, ambas em Portim\u00e3o, e na praia do Ourigo, no Douro. J\u00e1 os \u00f3bitos relacionados a doen\u00e7as s\u00fabitas foram na praia da Calif\u00f3rnia, em Sesimbra, nas Pedrinhas, em Esposende, na Figueirinha, em Set\u00fabal, e no Tarqu\u00ednio, na Costa da Caparica.<\/p>\n\n\n\n<h2 class=\"wp-block-heading\">Acidentes em \u00e1reas n\u00e3o vigiadas<\/h2>\n\n\n\n<p>Os acidentes fatais em praias n\u00e3o vigiadas inclu\u00edram um caso de doen\u00e7a s\u00fabita e outro de afogamento na Lagoa de Albufeira Interior, em Set\u00fabal, al\u00e9m de duas fatalidades em Azenhas do Guadiana, em M\u00e9rtola. Outros incidentes ocorreram na Ilha Morraceira de Lanhelas, na Praia de Porto Dinheiro, em Peniche, e nas praias do Cabe\u00e7o, em Vila Real de Santo Ant\u00f3nio, e de S\u00e3o Torpes Sul, em Sines.<\/p>\n\n\n\n<p>Fora da \u00e9poca balnear, mortes por doen\u00e7as s\u00fabitas foram registradas nas praias do Molhe Leste, em Peniche, e do Ourigo, no Douro, enquanto afogamentos ocorreram nas praias do Drag\u00e3o Vermelho, em Almada, e de Bitetos, no Douro. Al\u00e9m disso, a AMN registrou dois afogamentos em \u00e1reas n\u00e3o vigiadas no rio Douro.<\/p>","protected":false},"excerpt":{"rendered":"<p>Autoridade Mar\u00edtima Nacional divulga balan\u00e7o com salvamentos e primeiros-socorros realizados.<\/p>","protected":false},"author":9,"featured_media":43472,"comment_status":"open","ping_status":"open","sticky":false,"template":"","format":"standard","meta":{"footnotes":""},"categories":[51],"tags":[1920,565,808,1869,1921],"class_list":["post-43471","post","type-post","status-publish","format-standard","has-post-thumbnail","hentry","category-mundo","tag-afogamentos","tag-noticias","tag-portugal","tag-praias","tag-salvamentos"],"yoast_head":"<!-- This site is optimized with the Yoast SEO Premium plugin v27.9 (Yoast SEO v27.9) - https:\/\/yoast.com\/product\/yoast-seo-premium-wordpress\/ -->\n<title>\u00e9poca balnear em portugal registra 22 mortes em praias<\/title>\n<meta name=\"description\" content=\"A \u00e9poca balnear em Portugal registrou 22 mortes, com 12 por afogamentos e 9 por doen\u00e7as s\u00fabitas, segundo a AMN.\" \/>\n<meta name=\"robots\" content=\"index, follow, max-snippet:-1, max-image-preview:large, max-video-preview:-1\" \/>\n<link rel=\"canonical\" href=\"https:\/\/fyno.pt\/pt\/mundo\/epoca-balnear-mortes-portugal\/\" \/>\n<meta property=\"og:locale\" content=\"pt_PT\" \/>\n<meta property=\"og:type\" content=\"article\" \/>\n<meta property=\"og:title\" content=\"\u00c9poca balnear registra 22 mortes em praias de Portugal, duas no Minho\" \/>\n<meta property=\"og:description\" content=\"A \u00e9poca balnear em Portugal registrou 22 mortes, com 12 por afogamentos e 9 por doen\u00e7as s\u00fabitas, segundo a AMN.\" \/>\n<meta property=\"og:url\" content=\"https:\/\/fyno.pt\/pt\/mundo\/epoca-balnear-mortes-portugal\/\" \/>\n<meta property=\"og:site_name\" content=\"Fyno\" \/>\n<meta property=\"article:published_time\" content=\"2026-09-01T20:33:11+00:00\" \/>\n<meta property=\"og:image\" content=\"https:\/\/fyno.pt\/wp-content\/uploads\/2026\/09\/buscas-rio-minho-1160x630-1.jpg\" \/>\n\t<meta property=\"og:image:width\" content=\"1160\" \/>\n\t<meta property=\"og:image:height\" content=\"630\" \/>\n\t<meta property=\"og:image:type\" content=\"image\/jpeg\" \/>\n<meta name=\"author\" content=\"Fyno\" \/>\n<meta name=\"twitter:card\" content=\"summary_large_image\" \/>\n<meta name=\"twitter:label1\" content=\"Escrito por\" \/>\n\t<meta name=\"twitter:data1\" content=\"Fyno\" \/>\n\t<meta name=\"twitter:label2\" content=\"Tempo estimado de leitura\" \/>\n\t<meta name=\"twitter:data2\" content=\"2 minutos\" \/>\n<script type=\"application\/ld+json\" class=\"yoast-schema-graph\">{\"@context\":\"https:\\\/\\\/schema.org\",\"@graph\":[{\"@type\":\"Article\",\"@id\":\"https:\\\/\\\/fyno.pt\\\/mundo\\\/epoca-balnear-mortes-portugal\\\/#article\",\"isPartOf\":{\"@id\":\"https:\\\/\\\/fyno.pt\\\/mundo\\\/epoca-balnear-mortes-portugal\\\/\"},\"author\":{\"name\":\"Fyno\",\"@id\":\"https:\\\/\\\/fyno.pt\\\/#\\\/schema\\\/person\\\/ab5b330ed5ed05f1b4a7b8e438f68187\"},\"headline\":\"\u00c9poca balnear registra 22 mortes em praias de Portugal, duas no Minho\",\"datePublished\":\"2026-09-01T20:33:11+00:00\",\"mainEntityOfPage\":{\"@id\":\"https:\\\/\\\/fyno.pt\\\/mundo\\\/epoca-balnear-mortes-portugal\\\/\"},\"wordCount\":443,\"commentCount\":0,\"image\":{\"@id\":\"https:\\\/\\\/fyno.pt\\\/mundo\\\/epoca-balnear-mortes-portugal\\\/#primaryimage\"},\"thumbnailUrl\":\"https:\\\/\\\/fyno.pt\\\/wp-content\\\/uploads\\\/2026\\\/09\\\/buscas-rio-minho-1160x630-1.jpg\",\"keywords\":[\"afogamentos\",\"Not\u00edcias\",\"Portugal\",\"praias\",\"salvamentos\"],\"articleSection\":[\"Mundo\"],\"inLanguage\":\"pt-PT\",\"potentialAction\":[{\"@type\":\"CommentAction\",\"name\":\"Comment\",\"target\":[\"https:\\\/\\\/fyno.pt\\\/mundo\\\/epoca-balnear-mortes-portugal\\\/#respond\"]}]},{\"@type\":\"WebPage\",\"@id\":\"https:\\\/\\\/fyno.pt\\\/mundo\\\/epoca-balnear-mortes-portugal\\\/\",\"url\":\"https:\\\/\\\/fyno.pt\\\/mundo\\\/epoca-balnear-mortes-portugal\\\/\",\"name\":\"\u00e9poca balnear em portugal registra 22 mortes em praias\",\"isPartOf\":{\"@id\":\"https:\\\/\\\/fyno.pt\\\/#website\"},\"primaryImageOfPage\":{\"@id\":\"https:\\\/\\\/fyno.pt\\\/mundo\\\/epoca-balnear-mortes-portugal\\\/#primaryimage\"},\"image\":{\"@id\":\"https:\\\/\\\/fyno.pt\\\/mundo\\\/epoca-balnear-mortes-portugal\\\/#primaryimage\"},\"thumbnailUrl\":\"https:\\\/\\\/fyno.pt\\\/wp-content\\\/uploads\\\/2026\\\/09\\\/buscas-rio-minho-1160x630-1.jpg\",\"datePublished\":\"2026-09-01T20:33:11+00:00\",\"author\":{\"@id\":\"https:\\\/\\\/fyno.pt\\\/#\\\/schema\\\/person\\\/ab5b330ed5ed05f1b4a7b8e438f68187\"},\"description\":\"A \u00e9poca balnear em Portugal registrou 22 mortes, com 12 por afogamentos e 9 por doen\u00e7as s\u00fabitas, segundo a AMN.\",\"breadcrumb\":{\"@id\":\"https:\\\/\\\/fyno.pt\\\/mundo\\\/epoca-balnear-mortes-portugal\\\/#breadcrumb\"},\"inLanguage\":\"pt-PT\",\"potentialAction\":[{\"@type\":\"ReadAction\",\"target\":[\"https:\\\/\\\/fyno.pt\\\/mundo\\\/epoca-balnear-mortes-portugal\\\/\"]}]},{\"@type\":\"ImageObject\",\"inLanguage\":\"pt-PT\",\"@id\":\"https:\\\/\\\/fyno.pt\\\/mundo\\\/epoca-balnear-mortes-portugal\\\/#primaryimage\",\"url\":\"https:\\\/\\\/fyno.pt\\\/wp-content\\\/uploads\\\/2026\\\/09\\\/buscas-rio-minho-1160x630-1.jpg\",\"contentUrl\":\"https:\\\/\\\/fyno.pt\\\/wp-content\\\/uploads\\\/2026\\\/09\\\/buscas-rio-minho-1160x630-1.jpg\",\"width\":1160,\"height\":630,\"caption\":\"AMN \\\/ Arquivo\"},{\"@type\":\"BreadcrumbList\",\"@id\":\"https:\\\/\\\/fyno.pt\\\/mundo\\\/epoca-balnear-mortes-portugal\\\/#breadcrumb\",\"itemListElement\":[{\"@type\":\"ListItem\",\"position\":1,\"name\":\"In\u00edcio\",\"item\":\"https:\\\/\\\/fyno.pt\\\/\"},{\"@type\":\"ListItem\",\"position\":2,\"name\":\"\u00c9poca balnear registra 22 mortes em praias de Portugal, duas no Minho\"}]},{\"@type\":\"WebSite\",\"@id\":\"https:\\\/\\\/fyno.pt\\\/#website\",\"url\":\"https:\\\/\\\/fyno.pt\\\/\",\"name\":\"Fyno\",\"description\":\"Not\u00edcia e informa\u00e7\u00e3o\",\"potentialAction\":[{\"@type\":\"SearchAction\",\"target\":{\"@type\":\"EntryPoint\",\"urlTemplate\":\"https:\\\/\\\/fyno.pt\\\/?s={search_term_string}\"},\"query-input\":{\"@type\":\"PropertyValueSpecification\",\"valueRequired\":true,\"valueName\":\"search_term_string\"}}],\"inLanguage\":\"pt-PT\"},{\"@type\":\"Person\",\"@id\":\"https:\\\/\\\/fyno.pt\\\/#\\\/schema\\\/person\\\/ab5b330ed5ed05f1b4a7b8e438f68187\",\"name\":\"Fyno\",\"image\":{\"@type\":\"ImageObject\",\"inLanguage\":\"pt-PT\",\"@id\":\"https:\\\/\\\/fyno.pt\\\/wp-content\\\/litespeed\\\/avatar\\\/8f51870e8d94c234e288da840d914372.jpg?ver=1788205134\",\"url\":\"https:\\\/\\\/fyno.pt\\\/wp-content\\\/litespeed\\\/avatar\\\/8f51870e8d94c234e288da840d914372.jpg?ver=1788205134\",\"contentUrl\":\"https:\\\/\\\/fyno.pt\\\/wp-content\\\/litespeed\\\/avatar\\\/8f51870e8d94c234e288da840d914372.jpg?ver=1788205134\",\"caption\":\"Fyno\"},\"description\":\"A sua fonte de informa\u00e7\u00e3o.\",\"url\":\"https:\\\/\\\/fyno.pt\\\/pt\\\/author\\\/fynopt\\\/\"}]}<\/script>\n<!-- \/ Yoast SEO Premium plugin. -->","yoast_head_json":{"title":"\u00e9poca balnear em portugal registra 22 mortes em praias","description":"A \u00e9poca balnear em Portugal registrou 22 mortes, com 12 por afogamentos e 9 por doen\u00e7as s\u00fabitas, segundo a AMN.","robots":{"index":"index","follow":"follow","max-snippet":"max-snippet:-1","max-image-preview":"max-image-preview:large","max-video-preview":"max-video-preview:-1"},"canonical":"https:\/\/fyno.pt\/pt\/mundo\/epoca-balnear-mortes-portugal\/","og_locale":"pt_PT","og_type":"article","og_title":"\u00c9poca balnear registra 22 mortes em praias de Portugal, duas no Minho","og_description":"A \u00e9poca balnear em Portugal registrou 22 mortes, com 12 por afogamentos e 9 por doen\u00e7as s\u00fabitas, segundo a AMN.","og_url":"https:\/\/fyno.pt\/pt\/mundo\/epoca-balnear-mortes-portugal\/","og_site_name":"Fyno","article_published_time":"2026-09-01T20:33:11+00:00","og_image":[{"width":1160,"height":630,"url":"https:\/\/fyno.pt\/wp-content\/uploads\/2026\/09\/buscas-rio-minho-1160x630-1.jpg","type":"image\/jpeg"}],"author":"Fyno","twitter_card":"summary_large_image","twitter_misc":{"Escrito por":"Fyno","Tempo estimado de leitura":"2 minutos"},"schema":{"@context":"https:\/\/schema.org","@graph":[{"@type":"Article","@id":"https:\/\/fyno.pt\/mundo\/epoca-balnear-mortes-portugal\/#article","isPartOf":{"@id":"https:\/\/fyno.pt\/mundo\/epoca-balnear-mortes-portugal\/"},"author":{"name":"Fyno","@id":"https:\/\/fyno.pt\/#\/schema\/person\/ab5b330ed5ed05f1b4a7b8e438f68187"},"headline":"\u00c9poca balnear registra 22 mortes em praias de Portugal, duas no Minho","datePublished":"2026-09-01T20:33:11+00:00","mainEntityOfPage":{"@id":"https:\/\/fyno.pt\/mundo\/epoca-balnear-mortes-portugal\/"},"wordCount":443,"commentCount":0,"image":{"@id":"https:\/\/fyno.pt\/mundo\/epoca-balnear-mortes-portugal\/#primaryimage"},"thumbnailUrl":"https:\/\/fyno.pt\/wp-content\/uploads\/2026\/09\/buscas-rio-minho-1160x630-1.jpg","keywords":["afogamentos","Not\u00edcias","Portugal","praias","salvamentos"],"articleSection":["Mundo"],"inLanguage":"pt-PT","potentialAction":[{"@type":"CommentAction","name":"Comment","target":["https:\/\/fyno.pt\/mundo\/epoca-balnear-mortes-portugal\/#respond"]}]},{"@type":"WebPage","@id":"https:\/\/fyno.pt\/mundo\/epoca-balnear-mortes-portugal\/","url":"https:\/\/fyno.pt\/mundo\/epoca-balnear-mortes-portugal\/","name":"\u00e9poca balnear em portugal registra 22 mortes em praias","isPartOf":{"@id":"https:\/\/fyno.pt\/#website"},"primaryImageOfPage":{"@id":"https:\/\/fyno.pt\/mundo\/epoca-balnear-mortes-portugal\/#primaryimage"},"image":{"@id":"https:\/\/fyno.pt\/mundo\/epoca-balnear-mortes-portugal\/#primaryimage"},"thumbnailUrl":"https:\/\/fyno.pt\/wp-content\/uploads\/2026\/09\/buscas-rio-minho-1160x630-1.jpg","datePublished":"2026-09-01T20:33:11+00:00","author":{"@id":"https:\/\/fyno.pt\/#\/schema\/person\/ab5b330ed5ed05f1b4a7b8e438f68187"},"description":"A \u00e9poca balnear em Portugal registrou 22 mortes, com 12 por afogamentos e 9 por doen\u00e7as s\u00fabitas, segundo a AMN.","breadcrumb":{"@id":"https:\/\/fyno.pt\/mundo\/epoca-balnear-mortes-portugal\/#breadcrumb"},"inLanguage":"pt-PT","potentialAction":[{"@type":"ReadAction","target":["https:\/\/fyno.pt\/mundo\/epoca-balnear-mortes-portugal\/"]}]},{"@type":"ImageObject","inLanguage":"pt-PT","@id":"https:\/\/fyno.pt\/mundo\/epoca-balnear-mortes-portugal\/#primaryimage","url":"https:\/\/fyno.pt\/wp-content\/uploads\/2026\/09\/buscas-rio-minho-1160x630-1.jpg","contentUrl":"https:\/\/fyno.pt\/wp-content\/uploads\/2026\/09\/buscas-rio-minho-1160x630-1.jpg","width":1160,"height":630,"caption":"AMN \/ Arquivo"},{"@type":"BreadcrumbList","@id":"https:\/\/fyno.pt\/mundo\/epoca-balnear-mortes-portugal\/#breadcrumb","itemListElement":[{"@type":"ListItem","position":1,"name":"In\u00edcio","item":"https:\/\/fyno.pt\/"},{"@type":"ListItem","position":2,"name":"\u00c9poca balnear registra 22 mortes em praias de Portugal, duas no Minho"}]},{"@type":"WebSite","@id":"https:\/\/fyno.pt\/#website","url":"https:\/\/fyno.pt\/","name":"Fyno","description":"Not\u00edcia e informa\u00e7\u00e3o","potentialAction":[{"@type":"SearchAction","target":{"@type":"EntryPoint","urlTemplate":"https:\/\/fyno.pt\/?s={search_term_string}"},"query-input":{"@type":"PropertyValueSpecification","valueRequired":true,"valueName":"search_term_string"}}],"inLanguage":"pt-PT"},{"@type":"Person","@id":"https:\/\/fyno.pt\/#\/schema\/person\/ab5b330ed5ed05f1b4a7b8e438f68187","name":"Fyno","image":{"@type":"ImageObject","inLanguage":"pt-PT","@id":"https:\/\/fyno.pt\/wp-content\/litespeed\/avatar\/8f51870e8d94c234e288da840d914372.jpg?ver=1788205134","url":"https:\/\/fyno.pt\/wp-content\/litespeed\/avatar\/8f51870e8d94c234e288da840d914372.jpg?ver=1788205134","contentUrl":"https:\/\/fyno.pt\/wp-content\/litespeed\/avatar\/8f51870e8d94c234e288da840d914372.jpg?ver=1788205134","caption":"Fyno"},"description":"A sua fonte de informa\u00e7\u00e3o.","url":"https:\/\/fyno.pt\/pt\/author\/fynopt\/"}]}},"_links":{"self":[{"href":"https:\/\/fyno.pt\/pt\/wp-json\/wp\/v2\/posts\/43471","targetHints":{"allow":["GET"]}}],"collection":[{"href":"https:\/\/fyno.pt\/pt\/wp-json\/wp\/v2\/posts"}],"about":[{"href":"https:\/\/fyno.pt\/pt\/wp-json\/wp\/v2\/types\/post"}],"author":[{"embeddable":true,"href":"https:\/\/fyno.pt\/pt\/wp-json\/wp\/v2\/users\/9"}],"replies":[{"embeddable":true,"href":"https:\/\/fyno.pt\/pt\/wp-json\/wp\/v2\/comments?post=43471"}],"version-history":[{"count":1,"href":"https:\/\/fyno.pt\/pt\/wp-json\/wp\/v2\/posts\/43471\/revisions"}],"predecessor-version":[{"id":43473,"href":"https:\/\/fyno.pt\/pt\/wp-json\/wp\/v2\/posts\/43471\/revisions\/43473"}],"wp:featuredmedia":[{"embeddable":true,"href":"https:\/\/fyno.pt\/pt\/wp-json\/wp\/v2\/media\/43472"}],"wp:attachment":[{"href":"https:\/\/fyno.pt\/pt\/wp-json\/wp\/v2\/media?parent=43471"}],"wp:term":[{"taxonomy":"category","embeddable":true,"href":"https:\/\/fyno.pt\/pt\/wp-json\/wp\/v2\/categories?post=43471"},{"taxonomy":"post_tag","embeddable":true,"href":"https:\/\/fyno.pt\/pt\/wp-json\/wp\/v2\/tags?post=43471"}],"curies":[{"name":"wp","href":"https:\/\/api.w.org\/{rel}","templated":true}]}}