{"id":43468,"date":"2026-09-01T17:03:15","date_gmt":"2026-09-01T20:03:15","guid":{"rendered":"https:\/\/fyno.pt\/pt\/?p=43468"},"modified":"2026-09-01T17:03:15","modified_gmt":"2026-09-01T20:03:15","slug":"feminismo-e-psd","status":"publish","type":"post","link":"https:\/\/fyno.pt\/pt\/news\/feminismo-e-psd\/","title":{"rendered":"Feminismo e PSD: Uma rela\u00e7\u00e3o em questionamento"},"content":{"rendered":"<p>A presen\u00e7a de feministas no Partido Social Democrata (PSD) tem gerado discuss\u00f5es e reflex\u00f5es sobre a aceita\u00e7\u00e3o dessa identidade dentro da pol\u00edtica. O que leva a sociedade a questionar a compatibilidade entre o feminismo e as ideias do partido?<\/p>\n\n\n\n<h2 class=\"wp-block-heading\">A evolu\u00e7\u00e3o do feminismo no contexto pol\u00edtico<\/h2>\n\n\n\n<p>Nos \u00faltimos anos, o feminismo tem se espalhado por v\u00e1rias esferas, incluindo a pol\u00edtica. No entanto, a presen\u00e7a de feministas em partidos tradicionalmente conservadores, como o PSD, levanta quest\u00f5es sobre a aceita\u00e7\u00e3o e o espa\u00e7o que essas vozes ocupam. A luta pela igualdade de g\u00eanero, promovida por feministas, parece muitas vezes em desacordo com algumas posi\u00e7\u00f5es do partido.<\/p>\n\n\n\n<h2 class=\"wp-block-heading\">Desafios enfrentados<\/h2>\n\n\n\n<p>As feministas dentro do PSD enfrentam o desafio de conciliar suas cren\u00e7as com a ideologia do partido. Para muitos, a luta feminista deve ser uma prioridade em todas as esferas pol\u00edticas, mas como isso se encaixa em um contexto onde outras ideologias podem se sobrepor? Essa tens\u00e3o contribui para que a presen\u00e7a de feministas seja vista com estranhamento por alguns segmentos da sociedade.<\/p>\n\n\n\n<p>O questionamento sobre a presen\u00e7a de feministas no PSD n\u00e3o \u00e9 apenas uma reflex\u00e3o sobre o partido, mas tamb\u00e9m sobre a evolu\u00e7\u00e3o das pautas feministas e sua aceita\u00e7\u00e3o em diferentes contextos. \u00c0 medida que o feminismo avan\u00e7a, a pol\u00edtica deve se adaptar \u00e0s novas vozes que clamam por igualdade e justi\u00e7a.<\/p>","protected":false},"excerpt":{"rendered":"<p>Reflex\u00f5es sobre a presen\u00e7a de feministas no Partido Social Democrata<\/p>","protected":false},"author":9,"featured_media":43469,"comment_status":"open","ping_status":"open","sticky":false,"template":"","format":"standard","meta":{"footnotes":""},"categories":[560],"tags":[1916,1919,1918,1040,1917],"class_list":["post-43468","post","type-post","status-publish","format-standard","has-post-thumbnail","hentry","category-news","tag-feminismo","tag-genero","tag-igualdade","tag-politica","tag-psd"],"yoast_head":"<!-- This site is optimized with the Yoast SEO Premium plugin v27.9 (Yoast SEO v27.9) - https:\/\/yoast.com\/product\/yoast-seo-premium-wordpress\/ -->\n<title>feminismo e sua presen\u00e7a no partido social democrata<\/title>\n<meta name=\"description\" content=\"Discuss\u00f5es sobre a compatibilidade entre feminismo e o Partido Social Democrata (PSD) no Brasil.\" \/>\n<meta name=\"robots\" content=\"index, follow, max-snippet:-1, max-image-preview:large, max-video-preview:-1\" \/>\n<link rel=\"canonical\" href=\"https:\/\/fyno.pt\/pt\/news\/feminismo-e-psd\/\" \/>\n<meta property=\"og:locale\" content=\"pt_PT\" \/>\n<meta property=\"og:type\" content=\"article\" \/>\n<meta property=\"og:title\" content=\"Feminismo e PSD: Uma rela\u00e7\u00e3o em questionamento\" \/>\n<meta property=\"og:description\" content=\"Discuss\u00f5es sobre a compatibilidade entre feminismo e o Partido Social Democrata (PSD) no Brasil.\" \/>\n<meta property=\"og:url\" content=\"https:\/\/fyno.pt\/pt\/news\/feminismo-e-psd\/\" \/>\n<meta property=\"og:site_name\" content=\"Fyno\" \/>\n<meta property=\"article:published_time\" content=\"2026-09-01T20:03:15+00:00\" \/>\n<meta property=\"og:image\" content=\"https:\/\/fyno.pt\/wp-content\/uploads\/2026\/09\/b1dcd5c8ae94e68b88ebbaf693ffcd46ff817314.jpg\" \/>\n\t<meta property=\"og:image:width\" content=\"1200\" \/>\n\t<meta property=\"og:image:height\" content=\"800\" \/>\n\t<meta property=\"og:image:type\" content=\"image\/jpeg\" \/>\n<meta name=\"author\" content=\"Fyno\" \/>\n<meta name=\"twitter:card\" content=\"summary_large_image\" \/>\n<meta name=\"twitter:label1\" content=\"Escrito por\" \/>\n\t<meta name=\"twitter:data1\" content=\"Fyno\" \/>\n\t<meta name=\"twitter:label2\" content=\"Tempo estimado de leitura\" \/>\n\t<meta name=\"twitter:data2\" content=\"1 minuto\" \/>\n<script type=\"application\/ld+json\" class=\"yoast-schema-graph\">{\"@context\":\"https:\\\/\\\/schema.org\",\"@graph\":[{\"@type\":\"Article\",\"@id\":\"https:\\\/\\\/fyno.pt\\\/pt\\\/news\\\/feminismo-e-psd\\\/#article\",\"isPartOf\":{\"@id\":\"https:\\\/\\\/fyno.pt\\\/pt\\\/news\\\/feminismo-e-psd\\\/\"},\"author\":{\"name\":\"Fyno\",\"@id\":\"https:\\\/\\\/fyno.pt\\\/#\\\/schema\\\/person\\\/ab5b330ed5ed05f1b4a7b8e438f68187\"},\"headline\":\"Feminismo e PSD: Uma rela\u00e7\u00e3o em questionamento\",\"datePublished\":\"2026-09-01T20:03:15+00:00\",\"mainEntityOfPage\":{\"@id\":\"https:\\\/\\\/fyno.pt\\\/pt\\\/news\\\/feminismo-e-psd\\\/\"},\"wordCount\":254,\"commentCount\":0,\"image\":{\"@id\":\"https:\\\/\\\/fyno.pt\\\/pt\\\/news\\\/feminismo-e-psd\\\/#primaryimage\"},\"thumbnailUrl\":\"https:\\\/\\\/fyno.pt\\\/wp-content\\\/uploads\\\/2026\\\/09\\\/b1dcd5c8ae94e68b88ebbaf693ffcd46ff817314.jpg\",\"keywords\":[\"feminismo\",\"g\u00eanero\",\"igualdade\",\"pol\u00edtica\",\"PSD\"],\"articleSection\":[\"News\"],\"inLanguage\":\"pt-PT\",\"potentialAction\":[{\"@type\":\"CommentAction\",\"name\":\"Comment\",\"target\":[\"https:\\\/\\\/fyno.pt\\\/pt\\\/news\\\/feminismo-e-psd\\\/#respond\"]}]},{\"@type\":\"WebPage\",\"@id\":\"https:\\\/\\\/fyno.pt\\\/pt\\\/news\\\/feminismo-e-psd\\\/\",\"url\":\"https:\\\/\\\/fyno.pt\\\/pt\\\/news\\\/feminismo-e-psd\\\/\",\"name\":\"feminismo e sua presen\u00e7a no partido social democrata\",\"isPartOf\":{\"@id\":\"https:\\\/\\\/fyno.pt\\\/#website\"},\"primaryImageOfPage\":{\"@id\":\"https:\\\/\\\/fyno.pt\\\/pt\\\/news\\\/feminismo-e-psd\\\/#primaryimage\"},\"image\":{\"@id\":\"https:\\\/\\\/fyno.pt\\\/pt\\\/news\\\/feminismo-e-psd\\\/#primaryimage\"},\"thumbnailUrl\":\"https:\\\/\\\/fyno.pt\\\/wp-content\\\/uploads\\\/2026\\\/09\\\/b1dcd5c8ae94e68b88ebbaf693ffcd46ff817314.jpg\",\"datePublished\":\"2026-09-01T20:03:15+00:00\",\"author\":{\"@id\":\"https:\\\/\\\/fyno.pt\\\/#\\\/schema\\\/person\\\/ab5b330ed5ed05f1b4a7b8e438f68187\"},\"description\":\"Discuss\u00f5es sobre a compatibilidade entre feminismo e o Partido Social Democrata (PSD) no Brasil.\",\"breadcrumb\":{\"@id\":\"https:\\\/\\\/fyno.pt\\\/pt\\\/news\\\/feminismo-e-psd\\\/#breadcrumb\"},\"inLanguage\":\"pt-PT\",\"potentialAction\":[{\"@type\":\"ReadAction\",\"target\":[\"https:\\\/\\\/fyno.pt\\\/pt\\\/news\\\/feminismo-e-psd\\\/\"]}]},{\"@type\":\"ImageObject\",\"inLanguage\":\"pt-PT\",\"@id\":\"https:\\\/\\\/fyno.pt\\\/pt\\\/news\\\/feminismo-e-psd\\\/#primaryimage\",\"url\":\"https:\\\/\\\/fyno.pt\\\/wp-content\\\/uploads\\\/2026\\\/09\\\/b1dcd5c8ae94e68b88ebbaf693ffcd46ff817314.jpg\",\"contentUrl\":\"https:\\\/\\\/fyno.pt\\\/wp-content\\\/uploads\\\/2026\\\/09\\\/b1dcd5c8ae94e68b88ebbaf693ffcd46ff817314.jpg\",\"width\":1200,\"height\":800,\"caption\":\"Foto: sapo.pt\"},{\"@type\":\"BreadcrumbList\",\"@id\":\"https:\\\/\\\/fyno.pt\\\/pt\\\/news\\\/feminismo-e-psd\\\/#breadcrumb\",\"itemListElement\":[{\"@type\":\"ListItem\",\"position\":1,\"name\":\"In\u00edcio\",\"item\":\"https:\\\/\\\/fyno.pt\\\/\"},{\"@type\":\"ListItem\",\"position\":2,\"name\":\"Feminismo e PSD: Uma rela\u00e7\u00e3o em questionamento\"}]},{\"@type\":\"WebSite\",\"@id\":\"https:\\\/\\\/fyno.pt\\\/#website\",\"url\":\"https:\\\/\\\/fyno.pt\\\/\",\"name\":\"Fyno\",\"description\":\"Not\u00edcia e informa\u00e7\u00e3o\",\"potentialAction\":[{\"@type\":\"SearchAction\",\"target\":{\"@type\":\"EntryPoint\",\"urlTemplate\":\"https:\\\/\\\/fyno.pt\\\/?s={search_term_string}\"},\"query-input\":{\"@type\":\"PropertyValueSpecification\",\"valueRequired\":true,\"valueName\":\"search_term_string\"}}],\"inLanguage\":\"pt-PT\"},{\"@type\":\"Person\",\"@id\":\"https:\\\/\\\/fyno.pt\\\/#\\\/schema\\\/person\\\/ab5b330ed5ed05f1b4a7b8e438f68187\",\"name\":\"Fyno\",\"image\":{\"@type\":\"ImageObject\",\"inLanguage\":\"pt-PT\",\"@id\":\"https:\\\/\\\/fyno.pt\\\/wp-content\\\/litespeed\\\/avatar\\\/8f51870e8d94c234e288da840d914372.jpg?ver=1788205134\",\"url\":\"https:\\\/\\\/fyno.pt\\\/wp-content\\\/litespeed\\\/avatar\\\/8f51870e8d94c234e288da840d914372.jpg?ver=1788205134\",\"contentUrl\":\"https:\\\/\\\/fyno.pt\\\/wp-content\\\/litespeed\\\/avatar\\\/8f51870e8d94c234e288da840d914372.jpg?ver=1788205134\",\"caption\":\"Fyno\"},\"description\":\"A sua fonte de informa\u00e7\u00e3o.\",\"url\":\"https:\\\/\\\/fyno.pt\\\/pt\\\/author\\\/fynopt\\\/\"}]}<\/script>\n<!-- \/ Yoast SEO Premium plugin. -->","yoast_head_json":{"title":"feminismo e sua presen\u00e7a no partido social democrata","description":"Discuss\u00f5es sobre a compatibilidade entre feminismo e o Partido Social Democrata (PSD) no Brasil.","robots":{"index":"index","follow":"follow","max-snippet":"max-snippet:-1","max-image-preview":"max-image-preview:large","max-video-preview":"max-video-preview:-1"},"canonical":"https:\/\/fyno.pt\/pt\/news\/feminismo-e-psd\/","og_locale":"pt_PT","og_type":"article","og_title":"Feminismo e PSD: Uma rela\u00e7\u00e3o em questionamento","og_description":"Discuss\u00f5es sobre a compatibilidade entre feminismo e o Partido Social Democrata (PSD) no Brasil.","og_url":"https:\/\/fyno.pt\/pt\/news\/feminismo-e-psd\/","og_site_name":"Fyno","article_published_time":"2026-09-01T20:03:15+00:00","og_image":[{"width":1200,"height":800,"url":"https:\/\/fyno.pt\/wp-content\/uploads\/2026\/09\/b1dcd5c8ae94e68b88ebbaf693ffcd46ff817314.jpg","type":"image\/jpeg"}],"author":"Fyno","twitter_card":"summary_large_image","twitter_misc":{"Escrito por":"Fyno","Tempo estimado de leitura":"1 minuto"},"schema":{"@context":"https:\/\/schema.org","@graph":[{"@type":"Article","@id":"https:\/\/fyno.pt\/pt\/news\/feminismo-e-psd\/#article","isPartOf":{"@id":"https:\/\/fyno.pt\/pt\/news\/feminismo-e-psd\/"},"author":{"name":"Fyno","@id":"https:\/\/fyno.pt\/#\/schema\/person\/ab5b330ed5ed05f1b4a7b8e438f68187"},"headline":"Feminismo e PSD: Uma rela\u00e7\u00e3o em questionamento","datePublished":"2026-09-01T20:03:15+00:00","mainEntityOfPage":{"@id":"https:\/\/fyno.pt\/pt\/news\/feminismo-e-psd\/"},"wordCount":254,"commentCount":0,"image":{"@id":"https:\/\/fyno.pt\/pt\/news\/feminismo-e-psd\/#primaryimage"},"thumbnailUrl":"https:\/\/fyno.pt\/wp-content\/uploads\/2026\/09\/b1dcd5c8ae94e68b88ebbaf693ffcd46ff817314.jpg","keywords":["feminismo","g\u00eanero","igualdade","pol\u00edtica","PSD"],"articleSection":["News"],"inLanguage":"pt-PT","potentialAction":[{"@type":"CommentAction","name":"Comment","target":["https:\/\/fyno.pt\/pt\/news\/feminismo-e-psd\/#respond"]}]},{"@type":"WebPage","@id":"https:\/\/fyno.pt\/pt\/news\/feminismo-e-psd\/","url":"https:\/\/fyno.pt\/pt\/news\/feminismo-e-psd\/","name":"feminismo e sua presen\u00e7a no partido social democrata","isPartOf":{"@id":"https:\/\/fyno.pt\/#website"},"primaryImageOfPage":{"@id":"https:\/\/fyno.pt\/pt\/news\/feminismo-e-psd\/#primaryimage"},"image":{"@id":"https:\/\/fyno.pt\/pt\/news\/feminismo-e-psd\/#primaryimage"},"thumbnailUrl":"https:\/\/fyno.pt\/wp-content\/uploads\/2026\/09\/b1dcd5c8ae94e68b88ebbaf693ffcd46ff817314.jpg","datePublished":"2026-09-01T20:03:15+00:00","author":{"@id":"https:\/\/fyno.pt\/#\/schema\/person\/ab5b330ed5ed05f1b4a7b8e438f68187"},"description":"Discuss\u00f5es sobre a compatibilidade entre feminismo e o Partido Social Democrata (PSD) no Brasil.","breadcrumb":{"@id":"https:\/\/fyno.pt\/pt\/news\/feminismo-e-psd\/#breadcrumb"},"inLanguage":"pt-PT","potentialAction":[{"@type":"ReadAction","target":["https:\/\/fyno.pt\/pt\/news\/feminismo-e-psd\/"]}]},{"@type":"ImageObject","inLanguage":"pt-PT","@id":"https:\/\/fyno.pt\/pt\/news\/feminismo-e-psd\/#primaryimage","url":"https:\/\/fyno.pt\/wp-content\/uploads\/2026\/09\/b1dcd5c8ae94e68b88ebbaf693ffcd46ff817314.jpg","contentUrl":"https:\/\/fyno.pt\/wp-content\/uploads\/2026\/09\/b1dcd5c8ae94e68b88ebbaf693ffcd46ff817314.jpg","width":1200,"height":800,"caption":"Foto: sapo.pt"},{"@type":"BreadcrumbList","@id":"https:\/\/fyno.pt\/pt\/news\/feminismo-e-psd\/#breadcrumb","itemListElement":[{"@type":"ListItem","position":1,"name":"In\u00edcio","item":"https:\/\/fyno.pt\/"},{"@type":"ListItem","position":2,"name":"Feminismo e PSD: Uma rela\u00e7\u00e3o em questionamento"}]},{"@type":"WebSite","@id":"https:\/\/fyno.pt\/#website","url":"https:\/\/fyno.pt\/","name":"Fyno","description":"Not\u00edcia e informa\u00e7\u00e3o","potentialAction":[{"@type":"SearchAction","target":{"@type":"EntryPoint","urlTemplate":"https:\/\/fyno.pt\/?s={search_term_string}"},"query-input":{"@type":"PropertyValueSpecification","valueRequired":true,"valueName":"search_term_string"}}],"inLanguage":"pt-PT"},{"@type":"Person","@id":"https:\/\/fyno.pt\/#\/schema\/person\/ab5b330ed5ed05f1b4a7b8e438f68187","name":"Fyno","image":{"@type":"ImageObject","inLanguage":"pt-PT","@id":"https:\/\/fyno.pt\/wp-content\/litespeed\/avatar\/8f51870e8d94c234e288da840d914372.jpg?ver=1788205134","url":"https:\/\/fyno.pt\/wp-content\/litespeed\/avatar\/8f51870e8d94c234e288da840d914372.jpg?ver=1788205134","contentUrl":"https:\/\/fyno.pt\/wp-content\/litespeed\/avatar\/8f51870e8d94c234e288da840d914372.jpg?ver=1788205134","caption":"Fyno"},"description":"A sua fonte de informa\u00e7\u00e3o.","url":"https:\/\/fyno.pt\/pt\/author\/fynopt\/"}]}},"_links":{"self":[{"href":"https:\/\/fyno.pt\/pt\/wp-json\/wp\/v2\/posts\/43468","targetHints":{"allow":["GET"]}}],"collection":[{"href":"https:\/\/fyno.pt\/pt\/wp-json\/wp\/v2\/posts"}],"about":[{"href":"https:\/\/fyno.pt\/pt\/wp-json\/wp\/v2\/types\/post"}],"author":[{"embeddable":true,"href":"https:\/\/fyno.pt\/pt\/wp-json\/wp\/v2\/users\/9"}],"replies":[{"embeddable":true,"href":"https:\/\/fyno.pt\/pt\/wp-json\/wp\/v2\/comments?post=43468"}],"version-history":[{"count":1,"href":"https:\/\/fyno.pt\/pt\/wp-json\/wp\/v2\/posts\/43468\/revisions"}],"predecessor-version":[{"id":43470,"href":"https:\/\/fyno.pt\/pt\/wp-json\/wp\/v2\/posts\/43468\/revisions\/43470"}],"wp:featuredmedia":[{"embeddable":true,"href":"https:\/\/fyno.pt\/pt\/wp-json\/wp\/v2\/media\/43469"}],"wp:attachment":[{"href":"https:\/\/fyno.pt\/pt\/wp-json\/wp\/v2\/media?parent=43468"}],"wp:term":[{"taxonomy":"category","embeddable":true,"href":"https:\/\/fyno.pt\/pt\/wp-json\/wp\/v2\/categories?post=43468"},{"taxonomy":"post_tag","embeddable":true,"href":"https:\/\/fyno.pt\/pt\/wp-json\/wp\/v2\/tags?post=43468"}],"curies":[{"name":"wp","href":"https:\/\/api.w.org\/{rel}","templated":true}]}}