{"id":43462,"date":"2026-09-01T16:32:09","date_gmt":"2026-09-01T19:32:09","guid":{"rendered":"https:\/\/fyno.pt\/?p=43462"},"modified":"2026-09-01T16:32:09","modified_gmt":"2026-09-01T19:32:09","slug":"tim-cook-transfere-comando-apple","status":"publish","type":"post","link":"https:\/\/fyno.pt\/pt\/news\/tim-cook-transfere-comando-apple\/","title":{"rendered":"Tim Cook passa o comando da Apple para John Ternus ap\u00f3s 15 anos"},"content":{"rendered":"<p>Ap\u00f3s 15 anos liderando a Apple, Tim Cook transfere o comando para John Ternus. A mudan\u00e7a ocorre em um momento em que a empresa enfrenta uma s\u00e9rie de desafios significativos, desde a competi\u00e7\u00e3o acirrada no setor de intelig\u00eancia artificial at\u00e9 a necessidade de inova\u00e7\u00e3o em seus produtos.<\/p>\n\n\n\n<h2 class=\"wp-block-heading\">Mudan\u00e7as na Apple<\/h2>\n\n\n\n<p>Quando Tim Cook assumiu o cargo, a Apple era uma empresa em processo de transforma\u00e7\u00e3o, impulsionada pela vis\u00e3o de Steve Jobs. Hoje, sob a lideran\u00e7a de Ternus, a Apple apresenta um novo panorama, com produtos que v\u00e3o al\u00e9m dos tradicionais, como iPhones e Macs, incluindo uma crescente oferta em servi\u00e7os e solu\u00e7\u00f5es tecnol\u00f3gicas.<\/p>\n\n\n\n<h2 class=\"wp-block-heading\">Desafios para o novo CEO<\/h2>\n\n\n\n<p>John Ternus, que j\u00e1 desempenhou pap\u00e9is fundamentais dentro da Apple, agora se depara com a necessidade de responder a quest\u00f5es cr\u00edticas, como a r\u00e1pida evolu\u00e7\u00e3o da intelig\u00eancia artificial e a busca por inova\u00e7\u00f5es que mantenham a Apple competitiva em um mercado em constante mudan\u00e7a. Os pr\u00f3ximos passos de Ternus ser\u00e3o observados de perto pela ind\u00fastria e pelos consumidores.<\/p>\n\n\n\n<h2 class=\"wp-block-heading\">O legado de Tim Cook<\/h2>\n\n\n\n<p>O legado deixado por Tim Cook \u00e9 complexo e multifacetado. Ele n\u00e3o apenas consolidou a posi\u00e7\u00e3o da Apple como uma pot\u00eancia no setor tecnol\u00f3gico, mas tamb\u00e9m expandiu seu portf\u00f3lio, trazendo um foco maior em sustentabilidade e responsabilidade social. Ternus agora ter\u00e1 a tarefa de continuar esse legado enquanto navega por novas oportunidades e desafios.<\/p>\n\n\n\n<p>Com essa transi\u00e7\u00e3o, o futuro da Apple sob a lideran\u00e7a de John Ternus promete ser um per\u00edodo de adapta\u00e7\u00e3o e inova\u00e7\u00e3o, que poder\u00e1 definir a pr\u00f3xima fase da gigante tecnol\u00f3gica.<\/p>","protected":false},"excerpt":{"rendered":"<p>Novo CEO enfrenta desafios em um cen\u00e1rio tecnol\u00f3gico em constante mudan\u00e7a<\/p>","protected":false},"author":9,"featured_media":43463,"comment_status":"open","ping_status":"open","sticky":false,"template":"","format":"standard","meta":{"footnotes":""},"categories":[560],"tags":[29,1914,1127,623,1913],"class_list":["post-43462","post","type-post","status-publish","format-standard","has-post-thumbnail","hentry","category-news","tag-apple","tag-john-ternus","tag-lideranca","tag-tecnologia","tag-tim-cook"],"yoast_head":"<!-- This site is optimized with the Yoast SEO Premium plugin v27.9 (Yoast SEO v27.9) - https:\/\/yoast.com\/product\/yoast-seo-premium-wordpress\/ -->\n<title>Tim Cook entrega lideran\u00e7a da Apple a John Ternus<\/title>\n<meta name=\"description\" content=\"Tim Cook passa o comando da Apple para John Ternus ap\u00f3s 15 anos, em meio a desafios como a competi\u00e7\u00e3o em intelig\u00eancia artificial.\" \/>\n<meta name=\"robots\" content=\"index, follow, max-snippet:-1, max-image-preview:large, max-video-preview:-1\" \/>\n<link rel=\"canonical\" href=\"https:\/\/fyno.pt\/pt\/news\/tim-cook-transfere-comando-apple\/\" \/>\n<meta property=\"og:locale\" content=\"pt_PT\" \/>\n<meta property=\"og:type\" content=\"article\" \/>\n<meta property=\"og:title\" content=\"Tim Cook passa o comando da Apple para John Ternus ap\u00f3s 15 anos\" \/>\n<meta property=\"og:description\" content=\"Tim Cook passa o comando da Apple para John Ternus ap\u00f3s 15 anos, em meio a desafios como a competi\u00e7\u00e3o em intelig\u00eancia artificial.\" \/>\n<meta property=\"og:url\" content=\"https:\/\/fyno.pt\/pt\/news\/tim-cook-transfere-comando-apple\/\" \/>\n<meta property=\"og:site_name\" content=\"Fyno\" \/>\n<meta property=\"article:published_time\" content=\"2026-09-01T19:32:09+00:00\" \/>\n<meta property=\"og:image\" content=\"https:\/\/fyno.pt\/wp-content\/uploads\/2026\/09\/WWDC-scaled.jpg\" \/>\n\t<meta property=\"og:image:width\" content=\"1200\" \/>\n\t<meta property=\"og:image:height\" content=\"800\" \/>\n\t<meta property=\"og:image:type\" content=\"image\/jpeg\" \/>\n<meta name=\"author\" content=\"Fyno\" \/>\n<meta name=\"twitter:card\" content=\"summary_large_image\" \/>\n<meta name=\"twitter:label1\" content=\"Escrito por\" \/>\n\t<meta name=\"twitter:data1\" content=\"Fyno\" \/>\n\t<meta name=\"twitter:label2\" content=\"Tempo estimado de leitura\" \/>\n\t<meta name=\"twitter:data2\" content=\"1 minuto\" \/>\n<script type=\"application\/ld+json\" class=\"yoast-schema-graph\">{\"@context\":\"https:\\\/\\\/schema.org\",\"@graph\":[{\"@type\":\"Article\",\"@id\":\"https:\\\/\\\/fyno.pt\\\/news\\\/tim-cook-transfere-comando-apple\\\/#article\",\"isPartOf\":{\"@id\":\"https:\\\/\\\/fyno.pt\\\/news\\\/tim-cook-transfere-comando-apple\\\/\"},\"author\":{\"name\":\"Fyno\",\"@id\":\"https:\\\/\\\/fyno.pt\\\/#\\\/schema\\\/person\\\/ab5b330ed5ed05f1b4a7b8e438f68187\"},\"headline\":\"Tim Cook passa o comando da Apple para John Ternus ap\u00f3s 15 anos\",\"datePublished\":\"2026-09-01T19:32:09+00:00\",\"mainEntityOfPage\":{\"@id\":\"https:\\\/\\\/fyno.pt\\\/news\\\/tim-cook-transfere-comando-apple\\\/\"},\"wordCount\":305,\"commentCount\":0,\"image\":{\"@id\":\"https:\\\/\\\/fyno.pt\\\/news\\\/tim-cook-transfere-comando-apple\\\/#primaryimage\"},\"thumbnailUrl\":\"https:\\\/\\\/fyno.pt\\\/wp-content\\\/uploads\\\/2026\\\/09\\\/WWDC-scaled.jpg\",\"keywords\":[\"Apple\",\"John Ternus\",\"lideran\u00e7a\",\"tecnologia\",\"Tim Cook\"],\"articleSection\":[\"News\"],\"inLanguage\":\"pt-PT\",\"potentialAction\":[{\"@type\":\"CommentAction\",\"name\":\"Comment\",\"target\":[\"https:\\\/\\\/fyno.pt\\\/news\\\/tim-cook-transfere-comando-apple\\\/#respond\"]}]},{\"@type\":\"WebPage\",\"@id\":\"https:\\\/\\\/fyno.pt\\\/news\\\/tim-cook-transfere-comando-apple\\\/\",\"url\":\"https:\\\/\\\/fyno.pt\\\/news\\\/tim-cook-transfere-comando-apple\\\/\",\"name\":\"Tim Cook entrega lideran\u00e7a da Apple a John Ternus\",\"isPartOf\":{\"@id\":\"https:\\\/\\\/fyno.pt\\\/#website\"},\"primaryImageOfPage\":{\"@id\":\"https:\\\/\\\/fyno.pt\\\/news\\\/tim-cook-transfere-comando-apple\\\/#primaryimage\"},\"image\":{\"@id\":\"https:\\\/\\\/fyno.pt\\\/news\\\/tim-cook-transfere-comando-apple\\\/#primaryimage\"},\"thumbnailUrl\":\"https:\\\/\\\/fyno.pt\\\/wp-content\\\/uploads\\\/2026\\\/09\\\/WWDC-scaled.jpg\",\"datePublished\":\"2026-09-01T19:32:09+00:00\",\"author\":{\"@id\":\"https:\\\/\\\/fyno.pt\\\/#\\\/schema\\\/person\\\/ab5b330ed5ed05f1b4a7b8e438f68187\"},\"description\":\"Tim Cook passa o comando da Apple para John Ternus ap\u00f3s 15 anos, em meio a desafios como a competi\u00e7\u00e3o em intelig\u00eancia artificial.\",\"breadcrumb\":{\"@id\":\"https:\\\/\\\/fyno.pt\\\/news\\\/tim-cook-transfere-comando-apple\\\/#breadcrumb\"},\"inLanguage\":\"pt-PT\",\"potentialAction\":[{\"@type\":\"ReadAction\",\"target\":[\"https:\\\/\\\/fyno.pt\\\/news\\\/tim-cook-transfere-comando-apple\\\/\"]}]},{\"@type\":\"ImageObject\",\"inLanguage\":\"pt-PT\",\"@id\":\"https:\\\/\\\/fyno.pt\\\/news\\\/tim-cook-transfere-comando-apple\\\/#primaryimage\",\"url\":\"https:\\\/\\\/fyno.pt\\\/wp-content\\\/uploads\\\/2026\\\/09\\\/WWDC-scaled.jpg\",\"contentUrl\":\"https:\\\/\\\/fyno.pt\\\/wp-content\\\/uploads\\\/2026\\\/09\\\/WWDC-scaled.jpg\",\"width\":1200,\"height\":800,\"caption\":\"Foto: tek.sapo.pt\"},{\"@type\":\"BreadcrumbList\",\"@id\":\"https:\\\/\\\/fyno.pt\\\/news\\\/tim-cook-transfere-comando-apple\\\/#breadcrumb\",\"itemListElement\":[{\"@type\":\"ListItem\",\"position\":1,\"name\":\"In\u00edcio\",\"item\":\"https:\\\/\\\/fyno.pt\\\/\"},{\"@type\":\"ListItem\",\"position\":2,\"name\":\"Tim Cook passa o comando da Apple para John Ternus ap\u00f3s 15 anos\"}]},{\"@type\":\"WebSite\",\"@id\":\"https:\\\/\\\/fyno.pt\\\/#website\",\"url\":\"https:\\\/\\\/fyno.pt\\\/\",\"name\":\"Fyno\",\"description\":\"Not\u00edcia e informa\u00e7\u00e3o\",\"potentialAction\":[{\"@type\":\"SearchAction\",\"target\":{\"@type\":\"EntryPoint\",\"urlTemplate\":\"https:\\\/\\\/fyno.pt\\\/?s={search_term_string}\"},\"query-input\":{\"@type\":\"PropertyValueSpecification\",\"valueRequired\":true,\"valueName\":\"search_term_string\"}}],\"inLanguage\":\"pt-PT\"},{\"@type\":\"Person\",\"@id\":\"https:\\\/\\\/fyno.pt\\\/#\\\/schema\\\/person\\\/ab5b330ed5ed05f1b4a7b8e438f68187\",\"name\":\"Fyno\",\"image\":{\"@type\":\"ImageObject\",\"inLanguage\":\"pt-PT\",\"@id\":\"https:\\\/\\\/fyno.pt\\\/wp-content\\\/litespeed\\\/avatar\\\/8f51870e8d94c234e288da840d914372.jpg?ver=1788205134\",\"url\":\"https:\\\/\\\/fyno.pt\\\/wp-content\\\/litespeed\\\/avatar\\\/8f51870e8d94c234e288da840d914372.jpg?ver=1788205134\",\"contentUrl\":\"https:\\\/\\\/fyno.pt\\\/wp-content\\\/litespeed\\\/avatar\\\/8f51870e8d94c234e288da840d914372.jpg?ver=1788205134\",\"caption\":\"Fyno\"},\"description\":\"A sua fonte de informa\u00e7\u00e3o.\",\"url\":\"https:\\\/\\\/fyno.pt\\\/pt\\\/author\\\/fynopt\\\/\"}]}<\/script>\n<!-- \/ Yoast SEO Premium plugin. -->","yoast_head_json":{"title":"Tim Cook entrega lideran\u00e7a da Apple a John Ternus","description":"Tim Cook passa o comando da Apple para John Ternus ap\u00f3s 15 anos, em meio a desafios como a competi\u00e7\u00e3o em intelig\u00eancia artificial.","robots":{"index":"index","follow":"follow","max-snippet":"max-snippet:-1","max-image-preview":"max-image-preview:large","max-video-preview":"max-video-preview:-1"},"canonical":"https:\/\/fyno.pt\/pt\/news\/tim-cook-transfere-comando-apple\/","og_locale":"pt_PT","og_type":"article","og_title":"Tim Cook passa o comando da Apple para John Ternus ap\u00f3s 15 anos","og_description":"Tim Cook passa o comando da Apple para John Ternus ap\u00f3s 15 anos, em meio a desafios como a competi\u00e7\u00e3o em intelig\u00eancia artificial.","og_url":"https:\/\/fyno.pt\/pt\/news\/tim-cook-transfere-comando-apple\/","og_site_name":"Fyno","article_published_time":"2026-09-01T19:32:09+00:00","og_image":[{"width":1200,"height":800,"url":"https:\/\/fyno.pt\/wp-content\/uploads\/2026\/09\/WWDC-scaled.jpg","type":"image\/jpeg"}],"author":"Fyno","twitter_card":"summary_large_image","twitter_misc":{"Escrito por":"Fyno","Tempo estimado de leitura":"1 minuto"},"schema":{"@context":"https:\/\/schema.org","@graph":[{"@type":"Article","@id":"https:\/\/fyno.pt\/news\/tim-cook-transfere-comando-apple\/#article","isPartOf":{"@id":"https:\/\/fyno.pt\/news\/tim-cook-transfere-comando-apple\/"},"author":{"name":"Fyno","@id":"https:\/\/fyno.pt\/#\/schema\/person\/ab5b330ed5ed05f1b4a7b8e438f68187"},"headline":"Tim Cook passa o comando da Apple para John Ternus ap\u00f3s 15 anos","datePublished":"2026-09-01T19:32:09+00:00","mainEntityOfPage":{"@id":"https:\/\/fyno.pt\/news\/tim-cook-transfere-comando-apple\/"},"wordCount":305,"commentCount":0,"image":{"@id":"https:\/\/fyno.pt\/news\/tim-cook-transfere-comando-apple\/#primaryimage"},"thumbnailUrl":"https:\/\/fyno.pt\/wp-content\/uploads\/2026\/09\/WWDC-scaled.jpg","keywords":["Apple","John Ternus","lideran\u00e7a","tecnologia","Tim Cook"],"articleSection":["News"],"inLanguage":"pt-PT","potentialAction":[{"@type":"CommentAction","name":"Comment","target":["https:\/\/fyno.pt\/news\/tim-cook-transfere-comando-apple\/#respond"]}]},{"@type":"WebPage","@id":"https:\/\/fyno.pt\/news\/tim-cook-transfere-comando-apple\/","url":"https:\/\/fyno.pt\/news\/tim-cook-transfere-comando-apple\/","name":"Tim Cook entrega lideran\u00e7a da Apple a John Ternus","isPartOf":{"@id":"https:\/\/fyno.pt\/#website"},"primaryImageOfPage":{"@id":"https:\/\/fyno.pt\/news\/tim-cook-transfere-comando-apple\/#primaryimage"},"image":{"@id":"https:\/\/fyno.pt\/news\/tim-cook-transfere-comando-apple\/#primaryimage"},"thumbnailUrl":"https:\/\/fyno.pt\/wp-content\/uploads\/2026\/09\/WWDC-scaled.jpg","datePublished":"2026-09-01T19:32:09+00:00","author":{"@id":"https:\/\/fyno.pt\/#\/schema\/person\/ab5b330ed5ed05f1b4a7b8e438f68187"},"description":"Tim Cook passa o comando da Apple para John Ternus ap\u00f3s 15 anos, em meio a desafios como a competi\u00e7\u00e3o em intelig\u00eancia artificial.","breadcrumb":{"@id":"https:\/\/fyno.pt\/news\/tim-cook-transfere-comando-apple\/#breadcrumb"},"inLanguage":"pt-PT","potentialAction":[{"@type":"ReadAction","target":["https:\/\/fyno.pt\/news\/tim-cook-transfere-comando-apple\/"]}]},{"@type":"ImageObject","inLanguage":"pt-PT","@id":"https:\/\/fyno.pt\/news\/tim-cook-transfere-comando-apple\/#primaryimage","url":"https:\/\/fyno.pt\/wp-content\/uploads\/2026\/09\/WWDC-scaled.jpg","contentUrl":"https:\/\/fyno.pt\/wp-content\/uploads\/2026\/09\/WWDC-scaled.jpg","width":1200,"height":800,"caption":"Foto: tek.sapo.pt"},{"@type":"BreadcrumbList","@id":"https:\/\/fyno.pt\/news\/tim-cook-transfere-comando-apple\/#breadcrumb","itemListElement":[{"@type":"ListItem","position":1,"name":"In\u00edcio","item":"https:\/\/fyno.pt\/"},{"@type":"ListItem","position":2,"name":"Tim Cook passa o comando da Apple para John Ternus ap\u00f3s 15 anos"}]},{"@type":"WebSite","@id":"https:\/\/fyno.pt\/#website","url":"https:\/\/fyno.pt\/","name":"Fyno","description":"Not\u00edcia e informa\u00e7\u00e3o","potentialAction":[{"@type":"SearchAction","target":{"@type":"EntryPoint","urlTemplate":"https:\/\/fyno.pt\/?s={search_term_string}"},"query-input":{"@type":"PropertyValueSpecification","valueRequired":true,"valueName":"search_term_string"}}],"inLanguage":"pt-PT"},{"@type":"Person","@id":"https:\/\/fyno.pt\/#\/schema\/person\/ab5b330ed5ed05f1b4a7b8e438f68187","name":"Fyno","image":{"@type":"ImageObject","inLanguage":"pt-PT","@id":"https:\/\/fyno.pt\/wp-content\/litespeed\/avatar\/8f51870e8d94c234e288da840d914372.jpg?ver=1788205134","url":"https:\/\/fyno.pt\/wp-content\/litespeed\/avatar\/8f51870e8d94c234e288da840d914372.jpg?ver=1788205134","contentUrl":"https:\/\/fyno.pt\/wp-content\/litespeed\/avatar\/8f51870e8d94c234e288da840d914372.jpg?ver=1788205134","caption":"Fyno"},"description":"A sua fonte de informa\u00e7\u00e3o.","url":"https:\/\/fyno.pt\/pt\/author\/fynopt\/"}]}},"_links":{"self":[{"href":"https:\/\/fyno.pt\/pt\/wp-json\/wp\/v2\/posts\/43462","targetHints":{"allow":["GET"]}}],"collection":[{"href":"https:\/\/fyno.pt\/pt\/wp-json\/wp\/v2\/posts"}],"about":[{"href":"https:\/\/fyno.pt\/pt\/wp-json\/wp\/v2\/types\/post"}],"author":[{"embeddable":true,"href":"https:\/\/fyno.pt\/pt\/wp-json\/wp\/v2\/users\/9"}],"replies":[{"embeddable":true,"href":"https:\/\/fyno.pt\/pt\/wp-json\/wp\/v2\/comments?post=43462"}],"version-history":[{"count":1,"href":"https:\/\/fyno.pt\/pt\/wp-json\/wp\/v2\/posts\/43462\/revisions"}],"predecessor-version":[{"id":43464,"href":"https:\/\/fyno.pt\/pt\/wp-json\/wp\/v2\/posts\/43462\/revisions\/43464"}],"wp:featuredmedia":[{"embeddable":true,"href":"https:\/\/fyno.pt\/pt\/wp-json\/wp\/v2\/media\/43463"}],"wp:attachment":[{"href":"https:\/\/fyno.pt\/pt\/wp-json\/wp\/v2\/media?parent=43462"}],"wp:term":[{"taxonomy":"category","embeddable":true,"href":"https:\/\/fyno.pt\/pt\/wp-json\/wp\/v2\/categories?post=43462"},{"taxonomy":"post_tag","embeddable":true,"href":"https:\/\/fyno.pt\/pt\/wp-json\/wp\/v2\/tags?post=43462"}],"curies":[{"name":"wp","href":"https:\/\/api.w.org\/{rel}","templated":true}]}}