{"id":43457,"date":"2026-09-01T16:02:03","date_gmt":"2026-09-01T19:02:03","guid":{"rendered":"https:\/\/fyno.pt\/pt\/?p=43457"},"modified":"2026-09-01T16:02:03","modified_gmt":"2026-09-01T19:02:03","slug":"enzo-transferido-manchester-city","status":"publish","type":"post","link":"https:\/\/fyno.pt\/pt\/news\/enzo-transferido-manchester-city\/","title":{"rendered":"Enzo \u00e9 transferido para o Manchester City ap\u00f3s destaque no Mundial"},"content":{"rendered":"<p>O jogador Enzo foi transferido para o Manchester City, destacando-se como uma das promessas mais valiosas do futebol mundial ap\u00f3s sua participa\u00e7\u00e3o na Copa do Mundo. A movimenta\u00e7\u00e3o no mercado de transfer\u00eancias revela a crescente valoriza\u00e7\u00e3o do atleta, que j\u00e1 se destacou em sua passagem pelo Benfica.<\/p>\n\n\n\n<h2 class=\"wp-block-heading\">Destaque Mundial<\/h2>\n\n\n\n<p>Ap\u00f3s um desempenho marcante no torneio internacional, Enzo tornou-se um dos jogadores mais cobi\u00e7ados do futebol. Sua habilidade em campo e a capacidade de se destacar em momentos cruciais foram determinantes para que clubes de alto n\u00edvel o vissem como um investimento promissor.<\/p>\n\n\n\n<h2 class=\"wp-block-heading\">Transfer\u00eancia e Valoriza\u00e7\u00e3o<\/h2>\n\n\n\n<p>A transfer\u00eancia de Enzo para o Manchester City representa n\u00e3o apenas uma nova etapa em sua carreira, mas tamb\u00e9m a confirma\u00e7\u00e3o de seu valor crescente no cen\u00e1rio esportivo. Com dois recordes brit\u00e2nicos de transfer\u00eancias, o jogador reflete a din\u00e2mica do mercado que, ap\u00f3s grandes competi\u00e7\u00f5es, tende a inflacionar o pre\u00e7o dos atletas que se destacam.<\/p>\n\n\n\n<p>Embora n\u00e3o seja unanimidade entre especialistas, muitos reconhecem que a trajet\u00f3ria de Enzo, marcada por suas atua\u00e7\u00f5es, o coloca entre os jogadores mais valiosos da atualidade. O desafio agora ser\u00e1 mostrar que pode corresponder \u00e0s expectativas em um dos clubes mais tradicionais da Premier League.<\/p>","protected":false},"excerpt":{"rendered":"<p>Jogador se destaca como uma das promessas mais valiosas ap\u00f3s atuar na Copa do Mundo.<\/p>","protected":false},"author":9,"featured_media":43458,"comment_status":"open","ping_status":"open","sticky":false,"template":"","format":"standard","meta":{"footnotes":""},"categories":[560],"tags":[1066,1905,595,1906,1907],"class_list":["post-43457","post","type-post","status-publish","format-standard","has-post-thumbnail","hentry","category-news","tag-copa-do-mundo","tag-enzo","tag-futebol","tag-manchester-city","tag-transferencias"],"yoast_head":"<!-- This site is optimized with the Yoast SEO Premium plugin v27.9 (Yoast SEO v27.9) - https:\/\/yoast.com\/product\/yoast-seo-premium-wordpress\/ -->\n<title>Enzo \u00e9 transferido para o Manchester City ap\u00f3s destaque na Copa do Mundo<\/title>\n<meta name=\"description\" content=\"Enzo \u00e9 transferido para o Manchester City ap\u00f3s se destacar na Copa do Mundo, se tornando uma das promessas mais valiosas do futebol.\" \/>\n<meta name=\"robots\" content=\"index, follow, max-snippet:-1, max-image-preview:large, max-video-preview:-1\" \/>\n<link rel=\"canonical\" href=\"https:\/\/fyno.pt\/pt\/news\/enzo-transferido-manchester-city\/\" \/>\n<meta property=\"og:locale\" content=\"pt_PT\" \/>\n<meta property=\"og:type\" content=\"article\" \/>\n<meta property=\"og:title\" content=\"Enzo \u00e9 transferido para o Manchester City ap\u00f3s destaque no Mundial\" \/>\n<meta property=\"og:description\" content=\"Enzo \u00e9 transferido para o Manchester City ap\u00f3s se destacar na Copa do Mundo, se tornando uma das promessas mais valiosas do futebol.\" \/>\n<meta property=\"og:url\" content=\"https:\/\/fyno.pt\/pt\/news\/enzo-transferido-manchester-city\/\" \/>\n<meta property=\"og:site_name\" content=\"Fyno\" \/>\n<meta property=\"article:published_time\" content=\"2026-09-01T19:02:03+00:00\" \/>\n<meta property=\"og:image\" content=\"https:\/\/fyno.pt\/wp-content\/uploads\/2026\/09\/gettyimages-2273221384-scaled-1.jpg\" \/>\n\t<meta property=\"og:image:width\" content=\"1200\" \/>\n\t<meta property=\"og:image:height\" content=\"800\" \/>\n\t<meta property=\"og:image:type\" content=\"image\/jpeg\" \/>\n<meta name=\"author\" content=\"Fyno\" \/>\n<meta name=\"twitter:card\" content=\"summary_large_image\" \/>\n<meta name=\"twitter:label1\" content=\"Escrito por\" \/>\n\t<meta name=\"twitter:data1\" content=\"Fyno\" \/>\n\t<meta name=\"twitter:label2\" content=\"Tempo estimado de leitura\" \/>\n\t<meta name=\"twitter:data2\" content=\"1 minuto\" \/>\n<script type=\"application\/ld+json\" class=\"yoast-schema-graph\">{\"@context\":\"https:\\\/\\\/schema.org\",\"@graph\":[{\"@type\":\"Article\",\"@id\":\"https:\\\/\\\/fyno.pt\\\/pt\\\/news\\\/enzo-transferido-manchester-city\\\/#article\",\"isPartOf\":{\"@id\":\"https:\\\/\\\/fyno.pt\\\/pt\\\/news\\\/enzo-transferido-manchester-city\\\/\"},\"author\":{\"name\":\"Fyno\",\"@id\":\"https:\\\/\\\/fyno.pt\\\/#\\\/schema\\\/person\\\/ab5b330ed5ed05f1b4a7b8e438f68187\"},\"headline\":\"Enzo \u00e9 transferido para o Manchester City ap\u00f3s destaque no Mundial\",\"datePublished\":\"2026-09-01T19:02:03+00:00\",\"mainEntityOfPage\":{\"@id\":\"https:\\\/\\\/fyno.pt\\\/pt\\\/news\\\/enzo-transferido-manchester-city\\\/\"},\"wordCount\":230,\"commentCount\":0,\"image\":{\"@id\":\"https:\\\/\\\/fyno.pt\\\/pt\\\/news\\\/enzo-transferido-manchester-city\\\/#primaryimage\"},\"thumbnailUrl\":\"https:\\\/\\\/fyno.pt\\\/wp-content\\\/uploads\\\/2026\\\/09\\\/gettyimages-2273221384-scaled-1.jpg\",\"keywords\":[\"Copa do Mundo\",\"Enzo\",\"Futebol\",\"Manchester City\",\"transfer\u00eancias\"],\"articleSection\":[\"News\"],\"inLanguage\":\"pt-PT\",\"potentialAction\":[{\"@type\":\"CommentAction\",\"name\":\"Comment\",\"target\":[\"https:\\\/\\\/fyno.pt\\\/pt\\\/news\\\/enzo-transferido-manchester-city\\\/#respond\"]}]},{\"@type\":\"WebPage\",\"@id\":\"https:\\\/\\\/fyno.pt\\\/pt\\\/news\\\/enzo-transferido-manchester-city\\\/\",\"url\":\"https:\\\/\\\/fyno.pt\\\/pt\\\/news\\\/enzo-transferido-manchester-city\\\/\",\"name\":\"Enzo \u00e9 transferido para o Manchester City ap\u00f3s destaque na Copa do Mundo\",\"isPartOf\":{\"@id\":\"https:\\\/\\\/fyno.pt\\\/#website\"},\"primaryImageOfPage\":{\"@id\":\"https:\\\/\\\/fyno.pt\\\/pt\\\/news\\\/enzo-transferido-manchester-city\\\/#primaryimage\"},\"image\":{\"@id\":\"https:\\\/\\\/fyno.pt\\\/pt\\\/news\\\/enzo-transferido-manchester-city\\\/#primaryimage\"},\"thumbnailUrl\":\"https:\\\/\\\/fyno.pt\\\/wp-content\\\/uploads\\\/2026\\\/09\\\/gettyimages-2273221384-scaled-1.jpg\",\"datePublished\":\"2026-09-01T19:02:03+00:00\",\"author\":{\"@id\":\"https:\\\/\\\/fyno.pt\\\/#\\\/schema\\\/person\\\/ab5b330ed5ed05f1b4a7b8e438f68187\"},\"description\":\"Enzo \u00e9 transferido para o Manchester City ap\u00f3s se destacar na Copa do Mundo, se tornando uma das promessas mais valiosas do futebol.\",\"breadcrumb\":{\"@id\":\"https:\\\/\\\/fyno.pt\\\/pt\\\/news\\\/enzo-transferido-manchester-city\\\/#breadcrumb\"},\"inLanguage\":\"pt-PT\",\"potentialAction\":[{\"@type\":\"ReadAction\",\"target\":[\"https:\\\/\\\/fyno.pt\\\/pt\\\/news\\\/enzo-transferido-manchester-city\\\/\"]}]},{\"@type\":\"ImageObject\",\"inLanguage\":\"pt-PT\",\"@id\":\"https:\\\/\\\/fyno.pt\\\/pt\\\/news\\\/enzo-transferido-manchester-city\\\/#primaryimage\",\"url\":\"https:\\\/\\\/fyno.pt\\\/wp-content\\\/uploads\\\/2026\\\/09\\\/gettyimages-2273221384-scaled-1.jpg\",\"contentUrl\":\"https:\\\/\\\/fyno.pt\\\/wp-content\\\/uploads\\\/2026\\\/09\\\/gettyimages-2273221384-scaled-1.jpg\",\"width\":1200,\"height\":800,\"caption\":\"Enzo Fern\u00e1ndez chega ao Manchester City por 146 milh\u00f5es Cr\u00e9ditos:Chelsea FC via Getty Images\"},{\"@type\":\"BreadcrumbList\",\"@id\":\"https:\\\/\\\/fyno.pt\\\/pt\\\/news\\\/enzo-transferido-manchester-city\\\/#breadcrumb\",\"itemListElement\":[{\"@type\":\"ListItem\",\"position\":1,\"name\":\"In\u00edcio\",\"item\":\"https:\\\/\\\/fyno.pt\\\/\"},{\"@type\":\"ListItem\",\"position\":2,\"name\":\"Enzo \u00e9 transferido para o Manchester City ap\u00f3s destaque no Mundial\"}]},{\"@type\":\"WebSite\",\"@id\":\"https:\\\/\\\/fyno.pt\\\/#website\",\"url\":\"https:\\\/\\\/fyno.pt\\\/\",\"name\":\"Fyno\",\"description\":\"Not\u00edcia e informa\u00e7\u00e3o\",\"potentialAction\":[{\"@type\":\"SearchAction\",\"target\":{\"@type\":\"EntryPoint\",\"urlTemplate\":\"https:\\\/\\\/fyno.pt\\\/?s={search_term_string}\"},\"query-input\":{\"@type\":\"PropertyValueSpecification\",\"valueRequired\":true,\"valueName\":\"search_term_string\"}}],\"inLanguage\":\"pt-PT\"},{\"@type\":\"Person\",\"@id\":\"https:\\\/\\\/fyno.pt\\\/#\\\/schema\\\/person\\\/ab5b330ed5ed05f1b4a7b8e438f68187\",\"name\":\"Fyno\",\"image\":{\"@type\":\"ImageObject\",\"inLanguage\":\"pt-PT\",\"@id\":\"https:\\\/\\\/fyno.pt\\\/wp-content\\\/litespeed\\\/avatar\\\/8f51870e8d94c234e288da840d914372.jpg?ver=1788205134\",\"url\":\"https:\\\/\\\/fyno.pt\\\/wp-content\\\/litespeed\\\/avatar\\\/8f51870e8d94c234e288da840d914372.jpg?ver=1788205134\",\"contentUrl\":\"https:\\\/\\\/fyno.pt\\\/wp-content\\\/litespeed\\\/avatar\\\/8f51870e8d94c234e288da840d914372.jpg?ver=1788205134\",\"caption\":\"Fyno\"},\"description\":\"A sua fonte de informa\u00e7\u00e3o.\",\"url\":\"https:\\\/\\\/fyno.pt\\\/pt\\\/author\\\/fynopt\\\/\"}]}<\/script>\n<!-- \/ Yoast SEO Premium plugin. -->","yoast_head_json":{"title":"Enzo \u00e9 transferido para o Manchester City ap\u00f3s destaque na Copa do Mundo","description":"Enzo \u00e9 transferido para o Manchester City ap\u00f3s se destacar na Copa do Mundo, se tornando uma das promessas mais valiosas do futebol.","robots":{"index":"index","follow":"follow","max-snippet":"max-snippet:-1","max-image-preview":"max-image-preview:large","max-video-preview":"max-video-preview:-1"},"canonical":"https:\/\/fyno.pt\/pt\/news\/enzo-transferido-manchester-city\/","og_locale":"pt_PT","og_type":"article","og_title":"Enzo \u00e9 transferido para o Manchester City ap\u00f3s destaque no Mundial","og_description":"Enzo \u00e9 transferido para o Manchester City ap\u00f3s se destacar na Copa do Mundo, se tornando uma das promessas mais valiosas do futebol.","og_url":"https:\/\/fyno.pt\/pt\/news\/enzo-transferido-manchester-city\/","og_site_name":"Fyno","article_published_time":"2026-09-01T19:02:03+00:00","og_image":[{"width":1200,"height":800,"url":"https:\/\/fyno.pt\/wp-content\/uploads\/2026\/09\/gettyimages-2273221384-scaled-1.jpg","type":"image\/jpeg"}],"author":"Fyno","twitter_card":"summary_large_image","twitter_misc":{"Escrito por":"Fyno","Tempo estimado de leitura":"1 minuto"},"schema":{"@context":"https:\/\/schema.org","@graph":[{"@type":"Article","@id":"https:\/\/fyno.pt\/pt\/news\/enzo-transferido-manchester-city\/#article","isPartOf":{"@id":"https:\/\/fyno.pt\/pt\/news\/enzo-transferido-manchester-city\/"},"author":{"name":"Fyno","@id":"https:\/\/fyno.pt\/#\/schema\/person\/ab5b330ed5ed05f1b4a7b8e438f68187"},"headline":"Enzo \u00e9 transferido para o Manchester City ap\u00f3s destaque no Mundial","datePublished":"2026-09-01T19:02:03+00:00","mainEntityOfPage":{"@id":"https:\/\/fyno.pt\/pt\/news\/enzo-transferido-manchester-city\/"},"wordCount":230,"commentCount":0,"image":{"@id":"https:\/\/fyno.pt\/pt\/news\/enzo-transferido-manchester-city\/#primaryimage"},"thumbnailUrl":"https:\/\/fyno.pt\/wp-content\/uploads\/2026\/09\/gettyimages-2273221384-scaled-1.jpg","keywords":["Copa do Mundo","Enzo","Futebol","Manchester City","transfer\u00eancias"],"articleSection":["News"],"inLanguage":"pt-PT","potentialAction":[{"@type":"CommentAction","name":"Comment","target":["https:\/\/fyno.pt\/pt\/news\/enzo-transferido-manchester-city\/#respond"]}]},{"@type":"WebPage","@id":"https:\/\/fyno.pt\/pt\/news\/enzo-transferido-manchester-city\/","url":"https:\/\/fyno.pt\/pt\/news\/enzo-transferido-manchester-city\/","name":"Enzo \u00e9 transferido para o Manchester City ap\u00f3s destaque na Copa do Mundo","isPartOf":{"@id":"https:\/\/fyno.pt\/#website"},"primaryImageOfPage":{"@id":"https:\/\/fyno.pt\/pt\/news\/enzo-transferido-manchester-city\/#primaryimage"},"image":{"@id":"https:\/\/fyno.pt\/pt\/news\/enzo-transferido-manchester-city\/#primaryimage"},"thumbnailUrl":"https:\/\/fyno.pt\/wp-content\/uploads\/2026\/09\/gettyimages-2273221384-scaled-1.jpg","datePublished":"2026-09-01T19:02:03+00:00","author":{"@id":"https:\/\/fyno.pt\/#\/schema\/person\/ab5b330ed5ed05f1b4a7b8e438f68187"},"description":"Enzo \u00e9 transferido para o Manchester City ap\u00f3s se destacar na Copa do Mundo, se tornando uma das promessas mais valiosas do futebol.","breadcrumb":{"@id":"https:\/\/fyno.pt\/pt\/news\/enzo-transferido-manchester-city\/#breadcrumb"},"inLanguage":"pt-PT","potentialAction":[{"@type":"ReadAction","target":["https:\/\/fyno.pt\/pt\/news\/enzo-transferido-manchester-city\/"]}]},{"@type":"ImageObject","inLanguage":"pt-PT","@id":"https:\/\/fyno.pt\/pt\/news\/enzo-transferido-manchester-city\/#primaryimage","url":"https:\/\/fyno.pt\/wp-content\/uploads\/2026\/09\/gettyimages-2273221384-scaled-1.jpg","contentUrl":"https:\/\/fyno.pt\/wp-content\/uploads\/2026\/09\/gettyimages-2273221384-scaled-1.jpg","width":1200,"height":800,"caption":"Enzo Fern\u00e1ndez chega ao Manchester City por 146 milh\u00f5es Cr\u00e9ditos:Chelsea FC via Getty Images"},{"@type":"BreadcrumbList","@id":"https:\/\/fyno.pt\/pt\/news\/enzo-transferido-manchester-city\/#breadcrumb","itemListElement":[{"@type":"ListItem","position":1,"name":"In\u00edcio","item":"https:\/\/fyno.pt\/"},{"@type":"ListItem","position":2,"name":"Enzo \u00e9 transferido para o Manchester City ap\u00f3s destaque no Mundial"}]},{"@type":"WebSite","@id":"https:\/\/fyno.pt\/#website","url":"https:\/\/fyno.pt\/","name":"Fyno","description":"Not\u00edcia e informa\u00e7\u00e3o","potentialAction":[{"@type":"SearchAction","target":{"@type":"EntryPoint","urlTemplate":"https:\/\/fyno.pt\/?s={search_term_string}"},"query-input":{"@type":"PropertyValueSpecification","valueRequired":true,"valueName":"search_term_string"}}],"inLanguage":"pt-PT"},{"@type":"Person","@id":"https:\/\/fyno.pt\/#\/schema\/person\/ab5b330ed5ed05f1b4a7b8e438f68187","name":"Fyno","image":{"@type":"ImageObject","inLanguage":"pt-PT","@id":"https:\/\/fyno.pt\/wp-content\/litespeed\/avatar\/8f51870e8d94c234e288da840d914372.jpg?ver=1788205134","url":"https:\/\/fyno.pt\/wp-content\/litespeed\/avatar\/8f51870e8d94c234e288da840d914372.jpg?ver=1788205134","contentUrl":"https:\/\/fyno.pt\/wp-content\/litespeed\/avatar\/8f51870e8d94c234e288da840d914372.jpg?ver=1788205134","caption":"Fyno"},"description":"A sua fonte de informa\u00e7\u00e3o.","url":"https:\/\/fyno.pt\/pt\/author\/fynopt\/"}]}},"_links":{"self":[{"href":"https:\/\/fyno.pt\/pt\/wp-json\/wp\/v2\/posts\/43457","targetHints":{"allow":["GET"]}}],"collection":[{"href":"https:\/\/fyno.pt\/pt\/wp-json\/wp\/v2\/posts"}],"about":[{"href":"https:\/\/fyno.pt\/pt\/wp-json\/wp\/v2\/types\/post"}],"author":[{"embeddable":true,"href":"https:\/\/fyno.pt\/pt\/wp-json\/wp\/v2\/users\/9"}],"replies":[{"embeddable":true,"href":"https:\/\/fyno.pt\/pt\/wp-json\/wp\/v2\/comments?post=43457"}],"version-history":[{"count":1,"href":"https:\/\/fyno.pt\/pt\/wp-json\/wp\/v2\/posts\/43457\/revisions"}],"predecessor-version":[{"id":43459,"href":"https:\/\/fyno.pt\/pt\/wp-json\/wp\/v2\/posts\/43457\/revisions\/43459"}],"wp:featuredmedia":[{"embeddable":true,"href":"https:\/\/fyno.pt\/pt\/wp-json\/wp\/v2\/media\/43458"}],"wp:attachment":[{"href":"https:\/\/fyno.pt\/pt\/wp-json\/wp\/v2\/media?parent=43457"}],"wp:term":[{"taxonomy":"category","embeddable":true,"href":"https:\/\/fyno.pt\/pt\/wp-json\/wp\/v2\/categories?post=43457"},{"taxonomy":"post_tag","embeddable":true,"href":"https:\/\/fyno.pt\/pt\/wp-json\/wp\/v2\/tags?post=43457"}],"curies":[{"name":"wp","href":"https:\/\/api.w.org\/{rel}","templated":true}]}}