{"id":43448,"date":"2026-09-01T15:32:02","date_gmt":"2026-09-01T18:32:02","guid":{"rendered":"https:\/\/fyno.pt\/?p=43448"},"modified":"2026-09-01T15:32:02","modified_gmt":"2026-09-01T18:32:02","slug":"vusiongroup-aquisicao-ism","status":"publish","type":"post","link":"https:\/\/fyno.pt\/pt\/news\/vusiongroup-aquisicao-ism\/","title":{"rendered":"Vusiongroup informa sobre aquisi\u00e7\u00e3o do In Store Media Group \u00e0 Autoridade da Concorr\u00eancia"},"content":{"rendered":"<p>O VusionGroup comunicou \u00e0 Autoridade da Concorr\u00eancia (AdC) sobre a aquisi\u00e7\u00e3o do In Store Media Group (ISM) na data de hoje. O ISM atua na intermedia\u00e7\u00e3o publicit\u00e1ria voltada para o setor de varejo, oferecendo solu\u00e7\u00f5es para marcas que desejam se destacar em pontos de venda.<\/p>\n\n\n\n<h2 class=\"wp-block-heading\">Detalhes da Aquisi\u00e7\u00e3o<\/h2>\n\n\n\n<p>A notifica\u00e7\u00e3o \u00e0 AdC \u00e9 uma etapa importante no processo de compra, pois permite que a autoridade avalie a opera\u00e7\u00e3o em termos de concorr\u00eancia. O ISM se destaca por sua atua\u00e7\u00e3o no mercado publicit\u00e1rio, especialmente em ambientes de varejo, onde a visibilidade das marcas \u00e9 crucial para o sucesso das vendas.<\/p>\n\n\n\n<h2 class=\"wp-block-heading\">Impacto no Setor de Varejo<\/h2>\n\n\n\n<p>A aquisi\u00e7\u00e3o do ISM pelo VusionGroup pode trazer mudan\u00e7as significativas para o setor de publicidade no varejo. Com a integra\u00e7\u00e3o dos servi\u00e7os, espera-se que haja um fortalecimento das estrat\u00e9gias publicit\u00e1rias, ampliando as op\u00e7\u00f5es dispon\u00edveis para as empresas que buscam inovar em suas campanhas de marketing.<\/p>\n\n\n\n<p>Essa movimenta\u00e7\u00e3o \u00e9 parte de uma tend\u00eancia maior no mercado, onde as empresas buscam expandir suas opera\u00e7\u00f5es por meio de fus\u00f5es e aquisi\u00e7\u00f5es, visando aumentar a competitividade e a efici\u00eancia dos servi\u00e7os oferecidos.<\/p>","protected":false},"excerpt":{"rendered":"<p>A notifica\u00e7\u00e3o ocorreu hoje e envolve servi\u00e7os de intermedia\u00e7\u00e3o publicit\u00e1ria no varejo.<\/p>","protected":false},"author":9,"featured_media":43449,"comment_status":"open","ping_status":"open","sticky":false,"template":"","format":"standard","meta":{"footnotes":""},"categories":[560],"tags":[1899,1898,653,621,1897],"class_list":["post-43448","post","type-post","status-publish","format-standard","has-post-thumbnail","hentry","category-news","tag-concorrencia","tag-in-store-media-group","tag-publicidade","tag-varejo","tag-vusiongroup"],"yoast_head":"<!-- This site is optimized with the Yoast SEO Premium plugin v27.9 (Yoast SEO v27.9) - https:\/\/yoast.com\/product\/yoast-seo-premium-wordpress\/ -->\n<title>vusiongroup adquire in store media group e notifica autoridade da concorr\u00eancia<\/title>\n<meta name=\"description\" content=\"VusionGroup comunica aquisi\u00e7\u00e3o do In Store Media Group \u00e0 Autoridade da Concorr\u00eancia, impactando o setor publicit\u00e1rio no varejo.\" \/>\n<meta name=\"robots\" content=\"index, follow, max-snippet:-1, max-image-preview:large, max-video-preview:-1\" \/>\n<link rel=\"canonical\" href=\"https:\/\/fyno.pt\/pt\/news\/vusiongroup-aquisicao-ism\/\" \/>\n<meta property=\"og:locale\" content=\"pt_PT\" \/>\n<meta property=\"og:type\" content=\"article\" \/>\n<meta property=\"og:title\" content=\"Vusiongroup informa sobre aquisi\u00e7\u00e3o do In Store Media Group \u00e0 Autoridade da Concorr\u00eancia\" \/>\n<meta property=\"og:description\" content=\"VusionGroup comunica aquisi\u00e7\u00e3o do In Store Media Group \u00e0 Autoridade da Concorr\u00eancia, impactando o setor publicit\u00e1rio no varejo.\" \/>\n<meta property=\"og:url\" content=\"https:\/\/fyno.pt\/pt\/news\/vusiongroup-aquisicao-ism\/\" \/>\n<meta property=\"og:site_name\" content=\"Fyno\" \/>\n<meta property=\"article:published_time\" content=\"2026-09-01T18:32:02+00:00\" \/>\n<meta property=\"og:image\" content=\"https:\/\/fyno.pt\/wp-content\/uploads\/2026\/09\/generica-lusa-economia-02.jpg\" \/>\n\t<meta property=\"og:image:width\" content=\"1200\" \/>\n\t<meta property=\"og:image:height\" content=\"630\" \/>\n\t<meta property=\"og:image:type\" content=\"image\/webp\" \/>\n<meta name=\"author\" content=\"Fyno\" \/>\n<meta name=\"twitter:card\" content=\"summary_large_image\" \/>\n<meta name=\"twitter:label1\" content=\"Escrito por\" \/>\n\t<meta name=\"twitter:data1\" content=\"Fyno\" \/>\n\t<meta name=\"twitter:label2\" content=\"Tempo estimado de leitura\" \/>\n\t<meta name=\"twitter:data2\" content=\"1 minuto\" \/>\n<script type=\"application\/ld+json\" class=\"yoast-schema-graph\">{\"@context\":\"https:\\\/\\\/schema.org\",\"@graph\":[{\"@type\":\"Article\",\"@id\":\"https:\\\/\\\/fyno.pt\\\/news\\\/vusiongroup-aquisicao-ism\\\/#article\",\"isPartOf\":{\"@id\":\"https:\\\/\\\/fyno.pt\\\/news\\\/vusiongroup-aquisicao-ism\\\/\"},\"author\":{\"name\":\"Fyno\",\"@id\":\"https:\\\/\\\/fyno.pt\\\/#\\\/schema\\\/person\\\/ab5b330ed5ed05f1b4a7b8e438f68187\"},\"headline\":\"Vusiongroup informa sobre aquisi\u00e7\u00e3o do In Store Media Group \u00e0 Autoridade da Concorr\u00eancia\",\"datePublished\":\"2026-09-01T18:32:02+00:00\",\"mainEntityOfPage\":{\"@id\":\"https:\\\/\\\/fyno.pt\\\/news\\\/vusiongroup-aquisicao-ism\\\/\"},\"wordCount\":217,\"commentCount\":0,\"image\":{\"@id\":\"https:\\\/\\\/fyno.pt\\\/news\\\/vusiongroup-aquisicao-ism\\\/#primaryimage\"},\"thumbnailUrl\":\"https:\\\/\\\/fyno.pt\\\/wp-content\\\/uploads\\\/2026\\\/09\\\/generica-lusa-economia-02.jpg\",\"keywords\":[\"concorr\u00eancia\",\"In Store Media Group\",\"publicidade\",\"varejo\",\"VusionGroup\"],\"articleSection\":[\"News\"],\"inLanguage\":\"pt-PT\",\"potentialAction\":[{\"@type\":\"CommentAction\",\"name\":\"Comment\",\"target\":[\"https:\\\/\\\/fyno.pt\\\/news\\\/vusiongroup-aquisicao-ism\\\/#respond\"]}]},{\"@type\":\"WebPage\",\"@id\":\"https:\\\/\\\/fyno.pt\\\/news\\\/vusiongroup-aquisicao-ism\\\/\",\"url\":\"https:\\\/\\\/fyno.pt\\\/news\\\/vusiongroup-aquisicao-ism\\\/\",\"name\":\"vusiongroup adquire in store media group e notifica autoridade da concorr\u00eancia\",\"isPartOf\":{\"@id\":\"https:\\\/\\\/fyno.pt\\\/#website\"},\"primaryImageOfPage\":{\"@id\":\"https:\\\/\\\/fyno.pt\\\/news\\\/vusiongroup-aquisicao-ism\\\/#primaryimage\"},\"image\":{\"@id\":\"https:\\\/\\\/fyno.pt\\\/news\\\/vusiongroup-aquisicao-ism\\\/#primaryimage\"},\"thumbnailUrl\":\"https:\\\/\\\/fyno.pt\\\/wp-content\\\/uploads\\\/2026\\\/09\\\/generica-lusa-economia-02.jpg\",\"datePublished\":\"2026-09-01T18:32:02+00:00\",\"author\":{\"@id\":\"https:\\\/\\\/fyno.pt\\\/#\\\/schema\\\/person\\\/ab5b330ed5ed05f1b4a7b8e438f68187\"},\"description\":\"VusionGroup comunica aquisi\u00e7\u00e3o do In Store Media Group \u00e0 Autoridade da Concorr\u00eancia, impactando o setor publicit\u00e1rio no varejo.\",\"breadcrumb\":{\"@id\":\"https:\\\/\\\/fyno.pt\\\/news\\\/vusiongroup-aquisicao-ism\\\/#breadcrumb\"},\"inLanguage\":\"pt-PT\",\"potentialAction\":[{\"@type\":\"ReadAction\",\"target\":[\"https:\\\/\\\/fyno.pt\\\/news\\\/vusiongroup-aquisicao-ism\\\/\"]}]},{\"@type\":\"ImageObject\",\"inLanguage\":\"pt-PT\",\"@id\":\"https:\\\/\\\/fyno.pt\\\/news\\\/vusiongroup-aquisicao-ism\\\/#primaryimage\",\"url\":\"https:\\\/\\\/fyno.pt\\\/wp-content\\\/uploads\\\/2026\\\/09\\\/generica-lusa-economia-02.jpg\",\"contentUrl\":\"https:\\\/\\\/fyno.pt\\\/wp-content\\\/uploads\\\/2026\\\/09\\\/generica-lusa-economia-02.jpg\",\"width\":1200,\"height\":630,\"caption\":\"VusionGroup notifica Autoridade da Concorr\u00eancia da compra do ISM\"},{\"@type\":\"BreadcrumbList\",\"@id\":\"https:\\\/\\\/fyno.pt\\\/news\\\/vusiongroup-aquisicao-ism\\\/#breadcrumb\",\"itemListElement\":[{\"@type\":\"ListItem\",\"position\":1,\"name\":\"In\u00edcio\",\"item\":\"https:\\\/\\\/fyno.pt\\\/\"},{\"@type\":\"ListItem\",\"position\":2,\"name\":\"Vusiongroup informa sobre aquisi\u00e7\u00e3o do In Store Media Group \u00e0 Autoridade da Concorr\u00eancia\"}]},{\"@type\":\"WebSite\",\"@id\":\"https:\\\/\\\/fyno.pt\\\/#website\",\"url\":\"https:\\\/\\\/fyno.pt\\\/\",\"name\":\"Fyno\",\"description\":\"Not\u00edcia e informa\u00e7\u00e3o\",\"potentialAction\":[{\"@type\":\"SearchAction\",\"target\":{\"@type\":\"EntryPoint\",\"urlTemplate\":\"https:\\\/\\\/fyno.pt\\\/?s={search_term_string}\"},\"query-input\":{\"@type\":\"PropertyValueSpecification\",\"valueRequired\":true,\"valueName\":\"search_term_string\"}}],\"inLanguage\":\"pt-PT\"},{\"@type\":\"Person\",\"@id\":\"https:\\\/\\\/fyno.pt\\\/#\\\/schema\\\/person\\\/ab5b330ed5ed05f1b4a7b8e438f68187\",\"name\":\"Fyno\",\"image\":{\"@type\":\"ImageObject\",\"inLanguage\":\"pt-PT\",\"@id\":\"https:\\\/\\\/fyno.pt\\\/wp-content\\\/litespeed\\\/avatar\\\/8f51870e8d94c234e288da840d914372.jpg?ver=1788205134\",\"url\":\"https:\\\/\\\/fyno.pt\\\/wp-content\\\/litespeed\\\/avatar\\\/8f51870e8d94c234e288da840d914372.jpg?ver=1788205134\",\"contentUrl\":\"https:\\\/\\\/fyno.pt\\\/wp-content\\\/litespeed\\\/avatar\\\/8f51870e8d94c234e288da840d914372.jpg?ver=1788205134\",\"caption\":\"Fyno\"},\"description\":\"A sua fonte de informa\u00e7\u00e3o.\",\"url\":\"https:\\\/\\\/fyno.pt\\\/pt\\\/author\\\/fynopt\\\/\"}]}<\/script>\n<!-- \/ Yoast SEO Premium plugin. -->","yoast_head_json":{"title":"vusiongroup adquire in store media group e notifica autoridade da concorr\u00eancia","description":"VusionGroup comunica aquisi\u00e7\u00e3o do In Store Media Group \u00e0 Autoridade da Concorr\u00eancia, impactando o setor publicit\u00e1rio no varejo.","robots":{"index":"index","follow":"follow","max-snippet":"max-snippet:-1","max-image-preview":"max-image-preview:large","max-video-preview":"max-video-preview:-1"},"canonical":"https:\/\/fyno.pt\/pt\/news\/vusiongroup-aquisicao-ism\/","og_locale":"pt_PT","og_type":"article","og_title":"Vusiongroup informa sobre aquisi\u00e7\u00e3o do In Store Media Group \u00e0 Autoridade da Concorr\u00eancia","og_description":"VusionGroup comunica aquisi\u00e7\u00e3o do In Store Media Group \u00e0 Autoridade da Concorr\u00eancia, impactando o setor publicit\u00e1rio no varejo.","og_url":"https:\/\/fyno.pt\/pt\/news\/vusiongroup-aquisicao-ism\/","og_site_name":"Fyno","article_published_time":"2026-09-01T18:32:02+00:00","og_image":[{"width":1200,"height":630,"url":"https:\/\/fyno.pt\/wp-content\/uploads\/2026\/09\/generica-lusa-economia-02.jpg","type":"image\/webp"}],"author":"Fyno","twitter_card":"summary_large_image","twitter_misc":{"Escrito por":"Fyno","Tempo estimado de leitura":"1 minuto"},"schema":{"@context":"https:\/\/schema.org","@graph":[{"@type":"Article","@id":"https:\/\/fyno.pt\/news\/vusiongroup-aquisicao-ism\/#article","isPartOf":{"@id":"https:\/\/fyno.pt\/news\/vusiongroup-aquisicao-ism\/"},"author":{"name":"Fyno","@id":"https:\/\/fyno.pt\/#\/schema\/person\/ab5b330ed5ed05f1b4a7b8e438f68187"},"headline":"Vusiongroup informa sobre aquisi\u00e7\u00e3o do In Store Media Group \u00e0 Autoridade da Concorr\u00eancia","datePublished":"2026-09-01T18:32:02+00:00","mainEntityOfPage":{"@id":"https:\/\/fyno.pt\/news\/vusiongroup-aquisicao-ism\/"},"wordCount":217,"commentCount":0,"image":{"@id":"https:\/\/fyno.pt\/news\/vusiongroup-aquisicao-ism\/#primaryimage"},"thumbnailUrl":"https:\/\/fyno.pt\/wp-content\/uploads\/2026\/09\/generica-lusa-economia-02.jpg","keywords":["concorr\u00eancia","In Store Media Group","publicidade","varejo","VusionGroup"],"articleSection":["News"],"inLanguage":"pt-PT","potentialAction":[{"@type":"CommentAction","name":"Comment","target":["https:\/\/fyno.pt\/news\/vusiongroup-aquisicao-ism\/#respond"]}]},{"@type":"WebPage","@id":"https:\/\/fyno.pt\/news\/vusiongroup-aquisicao-ism\/","url":"https:\/\/fyno.pt\/news\/vusiongroup-aquisicao-ism\/","name":"vusiongroup adquire in store media group e notifica autoridade da concorr\u00eancia","isPartOf":{"@id":"https:\/\/fyno.pt\/#website"},"primaryImageOfPage":{"@id":"https:\/\/fyno.pt\/news\/vusiongroup-aquisicao-ism\/#primaryimage"},"image":{"@id":"https:\/\/fyno.pt\/news\/vusiongroup-aquisicao-ism\/#primaryimage"},"thumbnailUrl":"https:\/\/fyno.pt\/wp-content\/uploads\/2026\/09\/generica-lusa-economia-02.jpg","datePublished":"2026-09-01T18:32:02+00:00","author":{"@id":"https:\/\/fyno.pt\/#\/schema\/person\/ab5b330ed5ed05f1b4a7b8e438f68187"},"description":"VusionGroup comunica aquisi\u00e7\u00e3o do In Store Media Group \u00e0 Autoridade da Concorr\u00eancia, impactando o setor publicit\u00e1rio no varejo.","breadcrumb":{"@id":"https:\/\/fyno.pt\/news\/vusiongroup-aquisicao-ism\/#breadcrumb"},"inLanguage":"pt-PT","potentialAction":[{"@type":"ReadAction","target":["https:\/\/fyno.pt\/news\/vusiongroup-aquisicao-ism\/"]}]},{"@type":"ImageObject","inLanguage":"pt-PT","@id":"https:\/\/fyno.pt\/news\/vusiongroup-aquisicao-ism\/#primaryimage","url":"https:\/\/fyno.pt\/wp-content\/uploads\/2026\/09\/generica-lusa-economia-02.jpg","contentUrl":"https:\/\/fyno.pt\/wp-content\/uploads\/2026\/09\/generica-lusa-economia-02.jpg","width":1200,"height":630,"caption":"VusionGroup notifica Autoridade da Concorr\u00eancia da compra do ISM"},{"@type":"BreadcrumbList","@id":"https:\/\/fyno.pt\/news\/vusiongroup-aquisicao-ism\/#breadcrumb","itemListElement":[{"@type":"ListItem","position":1,"name":"In\u00edcio","item":"https:\/\/fyno.pt\/"},{"@type":"ListItem","position":2,"name":"Vusiongroup informa sobre aquisi\u00e7\u00e3o do In Store Media Group \u00e0 Autoridade da Concorr\u00eancia"}]},{"@type":"WebSite","@id":"https:\/\/fyno.pt\/#website","url":"https:\/\/fyno.pt\/","name":"Fyno","description":"Not\u00edcia e informa\u00e7\u00e3o","potentialAction":[{"@type":"SearchAction","target":{"@type":"EntryPoint","urlTemplate":"https:\/\/fyno.pt\/?s={search_term_string}"},"query-input":{"@type":"PropertyValueSpecification","valueRequired":true,"valueName":"search_term_string"}}],"inLanguage":"pt-PT"},{"@type":"Person","@id":"https:\/\/fyno.pt\/#\/schema\/person\/ab5b330ed5ed05f1b4a7b8e438f68187","name":"Fyno","image":{"@type":"ImageObject","inLanguage":"pt-PT","@id":"https:\/\/fyno.pt\/wp-content\/litespeed\/avatar\/8f51870e8d94c234e288da840d914372.jpg?ver=1788205134","url":"https:\/\/fyno.pt\/wp-content\/litespeed\/avatar\/8f51870e8d94c234e288da840d914372.jpg?ver=1788205134","contentUrl":"https:\/\/fyno.pt\/wp-content\/litespeed\/avatar\/8f51870e8d94c234e288da840d914372.jpg?ver=1788205134","caption":"Fyno"},"description":"A sua fonte de informa\u00e7\u00e3o.","url":"https:\/\/fyno.pt\/pt\/author\/fynopt\/"}]}},"_links":{"self":[{"href":"https:\/\/fyno.pt\/pt\/wp-json\/wp\/v2\/posts\/43448","targetHints":{"allow":["GET"]}}],"collection":[{"href":"https:\/\/fyno.pt\/pt\/wp-json\/wp\/v2\/posts"}],"about":[{"href":"https:\/\/fyno.pt\/pt\/wp-json\/wp\/v2\/types\/post"}],"author":[{"embeddable":true,"href":"https:\/\/fyno.pt\/pt\/wp-json\/wp\/v2\/users\/9"}],"replies":[{"embeddable":true,"href":"https:\/\/fyno.pt\/pt\/wp-json\/wp\/v2\/comments?post=43448"}],"version-history":[{"count":1,"href":"https:\/\/fyno.pt\/pt\/wp-json\/wp\/v2\/posts\/43448\/revisions"}],"predecessor-version":[{"id":43450,"href":"https:\/\/fyno.pt\/pt\/wp-json\/wp\/v2\/posts\/43448\/revisions\/43450"}],"wp:featuredmedia":[{"embeddable":true,"href":"https:\/\/fyno.pt\/pt\/wp-json\/wp\/v2\/media\/43449"}],"wp:attachment":[{"href":"https:\/\/fyno.pt\/pt\/wp-json\/wp\/v2\/media?parent=43448"}],"wp:term":[{"taxonomy":"category","embeddable":true,"href":"https:\/\/fyno.pt\/pt\/wp-json\/wp\/v2\/categories?post=43448"},{"taxonomy":"post_tag","embeddable":true,"href":"https:\/\/fyno.pt\/pt\/wp-json\/wp\/v2\/tags?post=43448"}],"curies":[{"name":"wp","href":"https:\/\/api.w.org\/{rel}","templated":true}]}}