{"id":43446,"date":"2026-09-01T15:31:45","date_gmt":"2026-09-01T18:31:45","guid":{"rendered":"https:\/\/fyno.pt\/?p=43446"},"modified":"2026-09-01T15:31:45","modified_gmt":"2026-09-01T18:31:45","slug":"braga-reboque-veiculos-abandonados","status":"publish","type":"post","link":"https:\/\/fyno.pt\/pt\/mundo\/braga-reboque-veiculos-abandonados\/","title":{"rendered":"Braga avisa sobre reboque de ve\u00edculos abandonados nas ruas"},"content":{"rendered":"<p>O Munic\u00edpio de Braga iniciou a pr\u00e1tica de colocar um aviso em ve\u00edculos que s\u00e3o considerados abandonados, permitindo que os propriet\u00e1rios retirem os carros antes que sejam rebocados. A medida visa regularizar a situa\u00e7\u00e3o das viaturas e evitar o desmantelamento.<\/p>\n\n\n\n<h2 class=\"wp-block-heading\">Objetivo da iniciativa<\/h2>\n\n\n\n<p>O vereador respons\u00e1vel pela Pol\u00edcia Municipal, Altino Bessa, afirmou que a a\u00e7\u00e3o cumpre a legisla\u00e7\u00e3o vigente e busca impedir a perman\u00eancia de ve\u00edculos em estado de abandono nas vias p\u00fablicas. Ao mesmo tempo, os propriet\u00e1rios t\u00eam a chance de demonstrar que seus carros n\u00e3o est\u00e3o abandonados, podendo mov\u00ea-los.<\/p>\n\n\n\n<h2 class=\"wp-block-heading\">Mudan\u00e7as no processo de reboque<\/h2>\n\n\n\n<p>At\u00e9 2025, a Pol\u00edcia Municipal estava autorizada a remover ve\u00edculos sem aviso pr\u00e9vio, enviando posteriormente uma notifica\u00e7\u00e3o ao propriet\u00e1rio para que retirasse o carro do parque de estacionamento da Bragaparques, localizado no Campo da Vinha. Os custos desse processo, que inclu\u00edam taxas de reboque e di\u00e1rias de perman\u00eancia, poderiam ultrapassar 200 euros.<\/p>\n\n\n\n<p>Em 2022, a Pol\u00edcia Municipal removeu 258 ve\u00edculos sob a alega\u00e7\u00e3o de abandono, resultando em uma arrecada\u00e7\u00e3o de 27 mil euros em taxas de reboque. Os valores cobrados inclu\u00edam 92 euros pela remo\u00e7\u00e3o e 25 euros por cada dia de estacionamento. Se o propriet\u00e1rio n\u00e3o pagasse, o carro seria enviado para desmontagem por uma empresa de sucatas.<\/p>\n\n\n\n<h2 class=\"wp-block-heading\">Caso em tribunal<\/h2>\n\n\n\n<p>Um cidad\u00e3o de Braga processou a C\u00e2mara Municipal, solicitando uma indeniza\u00e7\u00e3o de 16.942 euros, alegando que seu carro foi rebocado de forma indevida. Ele alega que utilizava o ve\u00edculo para suas desloca\u00e7\u00f5es pessoais e que estava estacionado temporariamente na rua devido a problemas na garagem.<\/p>\n\n\n\n<p>Ap\u00f3s o reboque, ele foi orientado a pagar as taxas de reboque e estacionamento. Em resposta \u00e0 a\u00e7\u00e3o, a C\u00e2mara Municipal defendeu que atuou dentro da legalidade, ressaltando que a responsabilidade de provar a ilegalidade e os danos alegados recai sobre o autor do processo.<\/p>\n\n\n\n<p>O julgamento do caso ainda n\u00e3o possui data marcada. A C\u00e2mara Municipal reafirmou que a remo\u00e7\u00e3o do ve\u00edculo foi realizada de acordo com o C\u00f3digo da Estrada e que n\u00e3o havia ind\u00edcios de que o ve\u00edculo n\u00e3o estava abandonado.<\/p>","protected":false},"excerpt":{"rendered":"<p>Munic\u00edpio coloca aviso em carros para permitir retirada antes do reboque.<\/p>","protected":false},"author":9,"featured_media":0,"comment_status":"open","ping_status":"open","sticky":false,"template":"","format":"standard","meta":{"footnotes":""},"categories":[51],"tags":[1894,1841,1896,1895,1658],"class_list":["post-43446","post","type-post","status-publish","format-standard","hentry","category-mundo","tag-abandonados","tag-braga","tag-policia-municipal","tag-reboque","tag-veiculos"],"yoast_head":"<!-- This site is optimized with the Yoast SEO Premium plugin v27.9 (Yoast SEO v27.9) - https:\/\/yoast.com\/product\/yoast-seo-premium-wordpress\/ -->\n<title>Braga inicia aviso em ve\u00edculos abandonados antes do reboque<\/title>\n<meta name=\"description\" content=\"Braga coloca aviso em ve\u00edculos abandonados antes do reboque, permitindo que propriet\u00e1rios retirem seus carros.\" \/>\n<meta name=\"robots\" content=\"index, follow, max-snippet:-1, max-image-preview:large, max-video-preview:-1\" \/>\n<link rel=\"canonical\" href=\"https:\/\/fyno.pt\/pt\/mundo\/braga-reboque-veiculos-abandonados\/\" \/>\n<meta property=\"og:locale\" content=\"pt_PT\" \/>\n<meta property=\"og:type\" content=\"article\" \/>\n<meta property=\"og:title\" content=\"Braga avisa sobre reboque de ve\u00edculos abandonados nas ruas\" \/>\n<meta property=\"og:description\" content=\"Braga coloca aviso em ve\u00edculos abandonados antes do reboque, permitindo que propriet\u00e1rios retirem seus carros.\" \/>\n<meta property=\"og:url\" content=\"https:\/\/fyno.pt\/pt\/mundo\/braga-reboque-veiculos-abandonados\/\" \/>\n<meta property=\"og:site_name\" content=\"Fyno\" \/>\n<meta property=\"article:published_time\" content=\"2026-09-01T18:31:45+00:00\" \/>\n<meta name=\"author\" content=\"Fyno\" \/>\n<meta name=\"twitter:card\" content=\"summary_large_image\" \/>\n<meta name=\"twitter:label1\" content=\"Escrito por\" \/>\n\t<meta name=\"twitter:data1\" content=\"Fyno\" \/>\n\t<meta name=\"twitter:label2\" content=\"Tempo estimado de leitura\" \/>\n\t<meta name=\"twitter:data2\" content=\"2 minutos\" \/>\n<script type=\"application\/ld+json\" class=\"yoast-schema-graph\">{\"@context\":\"https:\\\/\\\/schema.org\",\"@graph\":[{\"@type\":\"Article\",\"@id\":\"https:\\\/\\\/fyno.pt\\\/mundo\\\/braga-reboque-veiculos-abandonados\\\/#article\",\"isPartOf\":{\"@id\":\"https:\\\/\\\/fyno.pt\\\/mundo\\\/braga-reboque-veiculos-abandonados\\\/\"},\"author\":{\"name\":\"Fyno\",\"@id\":\"https:\\\/\\\/fyno.pt\\\/#\\\/schema\\\/person\\\/ab5b330ed5ed05f1b4a7b8e438f68187\"},\"headline\":\"Braga avisa sobre reboque de ve\u00edculos abandonados nas ruas\",\"datePublished\":\"2026-09-01T18:31:45+00:00\",\"mainEntityOfPage\":{\"@id\":\"https:\\\/\\\/fyno.pt\\\/mundo\\\/braga-reboque-veiculos-abandonados\\\/\"},\"wordCount\":390,\"commentCount\":0,\"keywords\":[\"abandonados\",\"Braga\",\"Pol\u00edcia Municipal\",\"reboque\",\"ve\u00edculos\"],\"articleSection\":[\"Mundo\"],\"inLanguage\":\"pt-PT\",\"potentialAction\":[{\"@type\":\"CommentAction\",\"name\":\"Comment\",\"target\":[\"https:\\\/\\\/fyno.pt\\\/mundo\\\/braga-reboque-veiculos-abandonados\\\/#respond\"]}]},{\"@type\":\"WebPage\",\"@id\":\"https:\\\/\\\/fyno.pt\\\/mundo\\\/braga-reboque-veiculos-abandonados\\\/\",\"url\":\"https:\\\/\\\/fyno.pt\\\/mundo\\\/braga-reboque-veiculos-abandonados\\\/\",\"name\":\"Braga inicia aviso em ve\u00edculos abandonados antes do reboque\",\"isPartOf\":{\"@id\":\"https:\\\/\\\/fyno.pt\\\/#website\"},\"datePublished\":\"2026-09-01T18:31:45+00:00\",\"author\":{\"@id\":\"https:\\\/\\\/fyno.pt\\\/#\\\/schema\\\/person\\\/ab5b330ed5ed05f1b4a7b8e438f68187\"},\"description\":\"Braga coloca aviso em ve\u00edculos abandonados antes do reboque, permitindo que propriet\u00e1rios retirem seus carros.\",\"breadcrumb\":{\"@id\":\"https:\\\/\\\/fyno.pt\\\/mundo\\\/braga-reboque-veiculos-abandonados\\\/#breadcrumb\"},\"inLanguage\":\"pt-PT\",\"potentialAction\":[{\"@type\":\"ReadAction\",\"target\":[\"https:\\\/\\\/fyno.pt\\\/mundo\\\/braga-reboque-veiculos-abandonados\\\/\"]}]},{\"@type\":\"BreadcrumbList\",\"@id\":\"https:\\\/\\\/fyno.pt\\\/mundo\\\/braga-reboque-veiculos-abandonados\\\/#breadcrumb\",\"itemListElement\":[{\"@type\":\"ListItem\",\"position\":1,\"name\":\"In\u00edcio\",\"item\":\"https:\\\/\\\/fyno.pt\\\/\"},{\"@type\":\"ListItem\",\"position\":2,\"name\":\"Braga avisa sobre reboque de ve\u00edculos abandonados nas ruas\"}]},{\"@type\":\"WebSite\",\"@id\":\"https:\\\/\\\/fyno.pt\\\/#website\",\"url\":\"https:\\\/\\\/fyno.pt\\\/\",\"name\":\"Fyno\",\"description\":\"Not\u00edcia e informa\u00e7\u00e3o\",\"potentialAction\":[{\"@type\":\"SearchAction\",\"target\":{\"@type\":\"EntryPoint\",\"urlTemplate\":\"https:\\\/\\\/fyno.pt\\\/?s={search_term_string}\"},\"query-input\":{\"@type\":\"PropertyValueSpecification\",\"valueRequired\":true,\"valueName\":\"search_term_string\"}}],\"inLanguage\":\"pt-PT\"},{\"@type\":\"Person\",\"@id\":\"https:\\\/\\\/fyno.pt\\\/#\\\/schema\\\/person\\\/ab5b330ed5ed05f1b4a7b8e438f68187\",\"name\":\"Fyno\",\"image\":{\"@type\":\"ImageObject\",\"inLanguage\":\"pt-PT\",\"@id\":\"https:\\\/\\\/fyno.pt\\\/wp-content\\\/litespeed\\\/avatar\\\/8f51870e8d94c234e288da840d914372.jpg?ver=1788205134\",\"url\":\"https:\\\/\\\/fyno.pt\\\/wp-content\\\/litespeed\\\/avatar\\\/8f51870e8d94c234e288da840d914372.jpg?ver=1788205134\",\"contentUrl\":\"https:\\\/\\\/fyno.pt\\\/wp-content\\\/litespeed\\\/avatar\\\/8f51870e8d94c234e288da840d914372.jpg?ver=1788205134\",\"caption\":\"Fyno\"},\"description\":\"A sua fonte de informa\u00e7\u00e3o.\",\"url\":\"https:\\\/\\\/fyno.pt\\\/pt\\\/author\\\/fynopt\\\/\"}]}<\/script>\n<!-- \/ Yoast SEO Premium plugin. -->","yoast_head_json":{"title":"Braga inicia aviso em ve\u00edculos abandonados antes do reboque","description":"Braga coloca aviso em ve\u00edculos abandonados antes do reboque, permitindo que propriet\u00e1rios retirem seus carros.","robots":{"index":"index","follow":"follow","max-snippet":"max-snippet:-1","max-image-preview":"max-image-preview:large","max-video-preview":"max-video-preview:-1"},"canonical":"https:\/\/fyno.pt\/pt\/mundo\/braga-reboque-veiculos-abandonados\/","og_locale":"pt_PT","og_type":"article","og_title":"Braga avisa sobre reboque de ve\u00edculos abandonados nas ruas","og_description":"Braga coloca aviso em ve\u00edculos abandonados antes do reboque, permitindo que propriet\u00e1rios retirem seus carros.","og_url":"https:\/\/fyno.pt\/pt\/mundo\/braga-reboque-veiculos-abandonados\/","og_site_name":"Fyno","article_published_time":"2026-09-01T18:31:45+00:00","author":"Fyno","twitter_card":"summary_large_image","twitter_misc":{"Escrito por":"Fyno","Tempo estimado de leitura":"2 minutos"},"schema":{"@context":"https:\/\/schema.org","@graph":[{"@type":"Article","@id":"https:\/\/fyno.pt\/mundo\/braga-reboque-veiculos-abandonados\/#article","isPartOf":{"@id":"https:\/\/fyno.pt\/mundo\/braga-reboque-veiculos-abandonados\/"},"author":{"name":"Fyno","@id":"https:\/\/fyno.pt\/#\/schema\/person\/ab5b330ed5ed05f1b4a7b8e438f68187"},"headline":"Braga avisa sobre reboque de ve\u00edculos abandonados nas ruas","datePublished":"2026-09-01T18:31:45+00:00","mainEntityOfPage":{"@id":"https:\/\/fyno.pt\/mundo\/braga-reboque-veiculos-abandonados\/"},"wordCount":390,"commentCount":0,"keywords":["abandonados","Braga","Pol\u00edcia Municipal","reboque","ve\u00edculos"],"articleSection":["Mundo"],"inLanguage":"pt-PT","potentialAction":[{"@type":"CommentAction","name":"Comment","target":["https:\/\/fyno.pt\/mundo\/braga-reboque-veiculos-abandonados\/#respond"]}]},{"@type":"WebPage","@id":"https:\/\/fyno.pt\/mundo\/braga-reboque-veiculos-abandonados\/","url":"https:\/\/fyno.pt\/mundo\/braga-reboque-veiculos-abandonados\/","name":"Braga inicia aviso em ve\u00edculos abandonados antes do reboque","isPartOf":{"@id":"https:\/\/fyno.pt\/#website"},"datePublished":"2026-09-01T18:31:45+00:00","author":{"@id":"https:\/\/fyno.pt\/#\/schema\/person\/ab5b330ed5ed05f1b4a7b8e438f68187"},"description":"Braga coloca aviso em ve\u00edculos abandonados antes do reboque, permitindo que propriet\u00e1rios retirem seus carros.","breadcrumb":{"@id":"https:\/\/fyno.pt\/mundo\/braga-reboque-veiculos-abandonados\/#breadcrumb"},"inLanguage":"pt-PT","potentialAction":[{"@type":"ReadAction","target":["https:\/\/fyno.pt\/mundo\/braga-reboque-veiculos-abandonados\/"]}]},{"@type":"BreadcrumbList","@id":"https:\/\/fyno.pt\/mundo\/braga-reboque-veiculos-abandonados\/#breadcrumb","itemListElement":[{"@type":"ListItem","position":1,"name":"In\u00edcio","item":"https:\/\/fyno.pt\/"},{"@type":"ListItem","position":2,"name":"Braga avisa sobre reboque de ve\u00edculos abandonados nas ruas"}]},{"@type":"WebSite","@id":"https:\/\/fyno.pt\/#website","url":"https:\/\/fyno.pt\/","name":"Fyno","description":"Not\u00edcia e informa\u00e7\u00e3o","potentialAction":[{"@type":"SearchAction","target":{"@type":"EntryPoint","urlTemplate":"https:\/\/fyno.pt\/?s={search_term_string}"},"query-input":{"@type":"PropertyValueSpecification","valueRequired":true,"valueName":"search_term_string"}}],"inLanguage":"pt-PT"},{"@type":"Person","@id":"https:\/\/fyno.pt\/#\/schema\/person\/ab5b330ed5ed05f1b4a7b8e438f68187","name":"Fyno","image":{"@type":"ImageObject","inLanguage":"pt-PT","@id":"https:\/\/fyno.pt\/wp-content\/litespeed\/avatar\/8f51870e8d94c234e288da840d914372.jpg?ver=1788205134","url":"https:\/\/fyno.pt\/wp-content\/litespeed\/avatar\/8f51870e8d94c234e288da840d914372.jpg?ver=1788205134","contentUrl":"https:\/\/fyno.pt\/wp-content\/litespeed\/avatar\/8f51870e8d94c234e288da840d914372.jpg?ver=1788205134","caption":"Fyno"},"description":"A sua fonte de informa\u00e7\u00e3o.","url":"https:\/\/fyno.pt\/pt\/author\/fynopt\/"}]}},"_links":{"self":[{"href":"https:\/\/fyno.pt\/pt\/wp-json\/wp\/v2\/posts\/43446","targetHints":{"allow":["GET"]}}],"collection":[{"href":"https:\/\/fyno.pt\/pt\/wp-json\/wp\/v2\/posts"}],"about":[{"href":"https:\/\/fyno.pt\/pt\/wp-json\/wp\/v2\/types\/post"}],"author":[{"embeddable":true,"href":"https:\/\/fyno.pt\/pt\/wp-json\/wp\/v2\/users\/9"}],"replies":[{"embeddable":true,"href":"https:\/\/fyno.pt\/pt\/wp-json\/wp\/v2\/comments?post=43446"}],"version-history":[{"count":1,"href":"https:\/\/fyno.pt\/pt\/wp-json\/wp\/v2\/posts\/43446\/revisions"}],"predecessor-version":[{"id":43447,"href":"https:\/\/fyno.pt\/pt\/wp-json\/wp\/v2\/posts\/43446\/revisions\/43447"}],"wp:attachment":[{"href":"https:\/\/fyno.pt\/pt\/wp-json\/wp\/v2\/media?parent=43446"}],"wp:term":[{"taxonomy":"category","embeddable":true,"href":"https:\/\/fyno.pt\/pt\/wp-json\/wp\/v2\/categories?post=43446"},{"taxonomy":"post_tag","embeddable":true,"href":"https:\/\/fyno.pt\/pt\/wp-json\/wp\/v2\/tags?post=43446"}],"curies":[{"name":"wp","href":"https:\/\/api.w.org\/{rel}","templated":true}]}}