{"id":43435,"date":"2026-09-01T15:01:49","date_gmt":"2026-09-01T18:01:49","guid":{"rendered":"https:\/\/fyno.pt\/?p=43435"},"modified":"2026-09-01T15:01:49","modified_gmt":"2026-09-01T18:01:49","slug":"crescimento-mercado-automotivo-agosto","status":"publish","type":"post","link":"https:\/\/fyno.pt\/pt\/news\/crescimento-mercado-automotivo-agosto\/","title":{"rendered":"Crescimento de 10,3% no mercado automotivo at\u00e9 agosto com novos ve\u00edculos"},"content":{"rendered":"<p>Entre janeiro e agosto de 2026, o mercado automotivo registrou a circula\u00e7\u00e3o de 197.632 novos ve\u00edculos, um crescimento de 10,3% em compara\u00e7\u00e3o ao mesmo per\u00edodo do ano anterior, conforme comunicado da associa\u00e7\u00e3o do setor.<\/p>\n\n\n\n<h2 class=\"wp-block-heading\">Dados do setor automotivo<\/h2>\n\n\n\n<p>A associa\u00e7\u00e3o destacou que o aumento no n\u00famero de ve\u00edculos em circula\u00e7\u00e3o reflete uma recupera\u00e7\u00e3o no mercado, que tem se mostrado resiliente diante de desafios econ\u00f4micos. A tend\u00eancia \u00e9 vista como um sinal positivo para o setor, que busca se reerguer ap\u00f3s per\u00edodos de baixa.<\/p>\n\n\n\n<h2 class=\"wp-block-heading\">Expectativas futuras<\/h2>\n\n\n\n<p>Com o crescimento cont\u00ednuo, as expectativas para o restante do ano s\u00e3o otimistas. A associa\u00e7\u00e3o acredita que, se as condi\u00e7\u00f5es econ\u00f4micas se mantiverem favor\u00e1veis, o mercado pode continuar a se expandir, atraindo novos consumidores e investidores.<\/p>","protected":false},"excerpt":{"rendered":"<p>Associa\u00e7\u00e3o revela que 197.632 autom\u00f3veis foram registrados entre janeiro e agosto de 2026.<\/p>","protected":false},"author":9,"featured_media":43436,"comment_status":"open","ping_status":"open","sticky":false,"template":"","format":"standard","meta":{"footnotes":""},"categories":[560],"tags":[1884,622,1664,1885,1886],"class_list":["post-43435","post","type-post","status-publish","format-standard","has-post-thumbnail","hentry","category-news","tag-crescimento","tag-economia","tag-mercado-automotivo","tag-novos-veiculos","tag-setor-automotivo"],"yoast_head":"<!-- This site is optimized with the Yoast SEO Premium plugin v27.9 (Yoast SEO v27.9) - https:\/\/yoast.com\/product\/yoast-seo-premium-wordpress\/ -->\n<title>mercado automotivo cresce 10,3% at\u00e9 agosto de 2026<\/title>\n<meta name=\"description\" content=\"Mercado automotivo cresce 10,3% at\u00e9 agosto com 197.632 novos ve\u00edculos, sinalizando recupera\u00e7\u00e3o do setor.\" \/>\n<meta name=\"robots\" content=\"index, follow, max-snippet:-1, max-image-preview:large, max-video-preview:-1\" \/>\n<link rel=\"canonical\" href=\"https:\/\/fyno.pt\/pt\/news\/crescimento-mercado-automotivo-agosto\/\" \/>\n<meta property=\"og:locale\" content=\"pt_PT\" \/>\n<meta property=\"og:type\" content=\"article\" \/>\n<meta property=\"og:title\" content=\"Crescimento de 10,3% no mercado automotivo at\u00e9 agosto com novos ve\u00edculos\" \/>\n<meta property=\"og:description\" content=\"Mercado automotivo cresce 10,3% at\u00e9 agosto com 197.632 novos ve\u00edculos, sinalizando recupera\u00e7\u00e3o do setor.\" \/>\n<meta property=\"og:url\" content=\"https:\/\/fyno.pt\/pt\/news\/crescimento-mercado-automotivo-agosto\/\" \/>\n<meta property=\"og:site_name\" content=\"Fyno\" \/>\n<meta property=\"article:published_time\" content=\"2026-09-01T18:01:49+00:00\" \/>\n<meta property=\"og:image\" content=\"https:\/\/fyno.pt\/wp-content\/uploads\/2026\/09\/carros-clientes.png\" \/>\n\t<meta property=\"og:image:width\" content=\"960\" \/>\n\t<meta property=\"og:image:height\" content=\"600\" \/>\n\t<meta property=\"og:image:type\" content=\"image\/png\" \/>\n<meta name=\"author\" content=\"Fyno\" \/>\n<meta name=\"twitter:card\" content=\"summary_large_image\" \/>\n<meta name=\"twitter:label1\" content=\"Escrito por\" \/>\n\t<meta name=\"twitter:data1\" content=\"Fyno\" \/>\n\t<meta name=\"twitter:label2\" content=\"Tempo estimado de leitura\" \/>\n\t<meta name=\"twitter:data2\" content=\"1 minuto\" \/>\n<script type=\"application\/ld+json\" class=\"yoast-schema-graph\">{\"@context\":\"https:\\\/\\\/schema.org\",\"@graph\":[{\"@type\":\"Article\",\"@id\":\"https:\\\/\\\/fyno.pt\\\/news\\\/crescimento-mercado-automotivo-agosto\\\/#article\",\"isPartOf\":{\"@id\":\"https:\\\/\\\/fyno.pt\\\/news\\\/crescimento-mercado-automotivo-agosto\\\/\"},\"author\":{\"name\":\"Fyno\",\"@id\":\"https:\\\/\\\/fyno.pt\\\/#\\\/schema\\\/person\\\/ab5b330ed5ed05f1b4a7b8e438f68187\"},\"headline\":\"Crescimento de 10,3% no mercado automotivo at\u00e9 agosto com novos ve\u00edculos\",\"datePublished\":\"2026-09-01T18:01:49+00:00\",\"mainEntityOfPage\":{\"@id\":\"https:\\\/\\\/fyno.pt\\\/news\\\/crescimento-mercado-automotivo-agosto\\\/\"},\"wordCount\":148,\"commentCount\":0,\"image\":{\"@id\":\"https:\\\/\\\/fyno.pt\\\/news\\\/crescimento-mercado-automotivo-agosto\\\/#primaryimage\"},\"thumbnailUrl\":\"https:\\\/\\\/fyno.pt\\\/wp-content\\\/uploads\\\/2026\\\/09\\\/carros-clientes.png\",\"keywords\":[\"crescimento\",\"economia\",\"mercado automotivo\",\"novos ve\u00edculos\",\"setor automotivo\"],\"articleSection\":[\"News\"],\"inLanguage\":\"pt-PT\",\"potentialAction\":[{\"@type\":\"CommentAction\",\"name\":\"Comment\",\"target\":[\"https:\\\/\\\/fyno.pt\\\/news\\\/crescimento-mercado-automotivo-agosto\\\/#respond\"]}]},{\"@type\":\"WebPage\",\"@id\":\"https:\\\/\\\/fyno.pt\\\/news\\\/crescimento-mercado-automotivo-agosto\\\/\",\"url\":\"https:\\\/\\\/fyno.pt\\\/news\\\/crescimento-mercado-automotivo-agosto\\\/\",\"name\":\"mercado automotivo cresce 10,3% at\u00e9 agosto de 2026\",\"isPartOf\":{\"@id\":\"https:\\\/\\\/fyno.pt\\\/#website\"},\"primaryImageOfPage\":{\"@id\":\"https:\\\/\\\/fyno.pt\\\/news\\\/crescimento-mercado-automotivo-agosto\\\/#primaryimage\"},\"image\":{\"@id\":\"https:\\\/\\\/fyno.pt\\\/news\\\/crescimento-mercado-automotivo-agosto\\\/#primaryimage\"},\"thumbnailUrl\":\"https:\\\/\\\/fyno.pt\\\/wp-content\\\/uploads\\\/2026\\\/09\\\/carros-clientes.png\",\"datePublished\":\"2026-09-01T18:01:49+00:00\",\"author\":{\"@id\":\"https:\\\/\\\/fyno.pt\\\/#\\\/schema\\\/person\\\/ab5b330ed5ed05f1b4a7b8e438f68187\"},\"description\":\"Mercado automotivo cresce 10,3% at\u00e9 agosto com 197.632 novos ve\u00edculos, sinalizando recupera\u00e7\u00e3o do setor.\",\"breadcrumb\":{\"@id\":\"https:\\\/\\\/fyno.pt\\\/news\\\/crescimento-mercado-automotivo-agosto\\\/#breadcrumb\"},\"inLanguage\":\"pt-PT\",\"potentialAction\":[{\"@type\":\"ReadAction\",\"target\":[\"https:\\\/\\\/fyno.pt\\\/news\\\/crescimento-mercado-automotivo-agosto\\\/\"]}]},{\"@type\":\"ImageObject\",\"inLanguage\":\"pt-PT\",\"@id\":\"https:\\\/\\\/fyno.pt\\\/news\\\/crescimento-mercado-automotivo-agosto\\\/#primaryimage\",\"url\":\"https:\\\/\\\/fyno.pt\\\/wp-content\\\/uploads\\\/2026\\\/09\\\/carros-clientes.png\",\"contentUrl\":\"https:\\\/\\\/fyno.pt\\\/wp-content\\\/uploads\\\/2026\\\/09\\\/carros-clientes.png\",\"width\":960,\"height\":600,\"caption\":\"Foto: sapo.pt\"},{\"@type\":\"BreadcrumbList\",\"@id\":\"https:\\\/\\\/fyno.pt\\\/news\\\/crescimento-mercado-automotivo-agosto\\\/#breadcrumb\",\"itemListElement\":[{\"@type\":\"ListItem\",\"position\":1,\"name\":\"In\u00edcio\",\"item\":\"https:\\\/\\\/fyno.pt\\\/\"},{\"@type\":\"ListItem\",\"position\":2,\"name\":\"Crescimento de 10,3% no mercado automotivo at\u00e9 agosto com novos ve\u00edculos\"}]},{\"@type\":\"WebSite\",\"@id\":\"https:\\\/\\\/fyno.pt\\\/#website\",\"url\":\"https:\\\/\\\/fyno.pt\\\/\",\"name\":\"Fyno\",\"description\":\"Not\u00edcia e informa\u00e7\u00e3o\",\"potentialAction\":[{\"@type\":\"SearchAction\",\"target\":{\"@type\":\"EntryPoint\",\"urlTemplate\":\"https:\\\/\\\/fyno.pt\\\/?s={search_term_string}\"},\"query-input\":{\"@type\":\"PropertyValueSpecification\",\"valueRequired\":true,\"valueName\":\"search_term_string\"}}],\"inLanguage\":\"pt-PT\"},{\"@type\":\"Person\",\"@id\":\"https:\\\/\\\/fyno.pt\\\/#\\\/schema\\\/person\\\/ab5b330ed5ed05f1b4a7b8e438f68187\",\"name\":\"Fyno\",\"image\":{\"@type\":\"ImageObject\",\"inLanguage\":\"pt-PT\",\"@id\":\"https:\\\/\\\/fyno.pt\\\/wp-content\\\/litespeed\\\/avatar\\\/8f51870e8d94c234e288da840d914372.jpg?ver=1788205134\",\"url\":\"https:\\\/\\\/fyno.pt\\\/wp-content\\\/litespeed\\\/avatar\\\/8f51870e8d94c234e288da840d914372.jpg?ver=1788205134\",\"contentUrl\":\"https:\\\/\\\/fyno.pt\\\/wp-content\\\/litespeed\\\/avatar\\\/8f51870e8d94c234e288da840d914372.jpg?ver=1788205134\",\"caption\":\"Fyno\"},\"description\":\"A sua fonte de informa\u00e7\u00e3o.\",\"url\":\"https:\\\/\\\/fyno.pt\\\/pt\\\/author\\\/fynopt\\\/\"}]}<\/script>\n<!-- \/ Yoast SEO Premium plugin. -->","yoast_head_json":{"title":"mercado automotivo cresce 10,3% at\u00e9 agosto de 2026","description":"Mercado automotivo cresce 10,3% at\u00e9 agosto com 197.632 novos ve\u00edculos, sinalizando recupera\u00e7\u00e3o do setor.","robots":{"index":"index","follow":"follow","max-snippet":"max-snippet:-1","max-image-preview":"max-image-preview:large","max-video-preview":"max-video-preview:-1"},"canonical":"https:\/\/fyno.pt\/pt\/news\/crescimento-mercado-automotivo-agosto\/","og_locale":"pt_PT","og_type":"article","og_title":"Crescimento de 10,3% no mercado automotivo at\u00e9 agosto com novos ve\u00edculos","og_description":"Mercado automotivo cresce 10,3% at\u00e9 agosto com 197.632 novos ve\u00edculos, sinalizando recupera\u00e7\u00e3o do setor.","og_url":"https:\/\/fyno.pt\/pt\/news\/crescimento-mercado-automotivo-agosto\/","og_site_name":"Fyno","article_published_time":"2026-09-01T18:01:49+00:00","og_image":[{"width":960,"height":600,"url":"https:\/\/fyno.pt\/wp-content\/uploads\/2026\/09\/carros-clientes.png","type":"image\/png"}],"author":"Fyno","twitter_card":"summary_large_image","twitter_misc":{"Escrito por":"Fyno","Tempo estimado de leitura":"1 minuto"},"schema":{"@context":"https:\/\/schema.org","@graph":[{"@type":"Article","@id":"https:\/\/fyno.pt\/news\/crescimento-mercado-automotivo-agosto\/#article","isPartOf":{"@id":"https:\/\/fyno.pt\/news\/crescimento-mercado-automotivo-agosto\/"},"author":{"name":"Fyno","@id":"https:\/\/fyno.pt\/#\/schema\/person\/ab5b330ed5ed05f1b4a7b8e438f68187"},"headline":"Crescimento de 10,3% no mercado automotivo at\u00e9 agosto com novos ve\u00edculos","datePublished":"2026-09-01T18:01:49+00:00","mainEntityOfPage":{"@id":"https:\/\/fyno.pt\/news\/crescimento-mercado-automotivo-agosto\/"},"wordCount":148,"commentCount":0,"image":{"@id":"https:\/\/fyno.pt\/news\/crescimento-mercado-automotivo-agosto\/#primaryimage"},"thumbnailUrl":"https:\/\/fyno.pt\/wp-content\/uploads\/2026\/09\/carros-clientes.png","keywords":["crescimento","economia","mercado automotivo","novos ve\u00edculos","setor automotivo"],"articleSection":["News"],"inLanguage":"pt-PT","potentialAction":[{"@type":"CommentAction","name":"Comment","target":["https:\/\/fyno.pt\/news\/crescimento-mercado-automotivo-agosto\/#respond"]}]},{"@type":"WebPage","@id":"https:\/\/fyno.pt\/news\/crescimento-mercado-automotivo-agosto\/","url":"https:\/\/fyno.pt\/news\/crescimento-mercado-automotivo-agosto\/","name":"mercado automotivo cresce 10,3% at\u00e9 agosto de 2026","isPartOf":{"@id":"https:\/\/fyno.pt\/#website"},"primaryImageOfPage":{"@id":"https:\/\/fyno.pt\/news\/crescimento-mercado-automotivo-agosto\/#primaryimage"},"image":{"@id":"https:\/\/fyno.pt\/news\/crescimento-mercado-automotivo-agosto\/#primaryimage"},"thumbnailUrl":"https:\/\/fyno.pt\/wp-content\/uploads\/2026\/09\/carros-clientes.png","datePublished":"2026-09-01T18:01:49+00:00","author":{"@id":"https:\/\/fyno.pt\/#\/schema\/person\/ab5b330ed5ed05f1b4a7b8e438f68187"},"description":"Mercado automotivo cresce 10,3% at\u00e9 agosto com 197.632 novos ve\u00edculos, sinalizando recupera\u00e7\u00e3o do setor.","breadcrumb":{"@id":"https:\/\/fyno.pt\/news\/crescimento-mercado-automotivo-agosto\/#breadcrumb"},"inLanguage":"pt-PT","potentialAction":[{"@type":"ReadAction","target":["https:\/\/fyno.pt\/news\/crescimento-mercado-automotivo-agosto\/"]}]},{"@type":"ImageObject","inLanguage":"pt-PT","@id":"https:\/\/fyno.pt\/news\/crescimento-mercado-automotivo-agosto\/#primaryimage","url":"https:\/\/fyno.pt\/wp-content\/uploads\/2026\/09\/carros-clientes.png","contentUrl":"https:\/\/fyno.pt\/wp-content\/uploads\/2026\/09\/carros-clientes.png","width":960,"height":600,"caption":"Foto: sapo.pt"},{"@type":"BreadcrumbList","@id":"https:\/\/fyno.pt\/news\/crescimento-mercado-automotivo-agosto\/#breadcrumb","itemListElement":[{"@type":"ListItem","position":1,"name":"In\u00edcio","item":"https:\/\/fyno.pt\/"},{"@type":"ListItem","position":2,"name":"Crescimento de 10,3% no mercado automotivo at\u00e9 agosto com novos ve\u00edculos"}]},{"@type":"WebSite","@id":"https:\/\/fyno.pt\/#website","url":"https:\/\/fyno.pt\/","name":"Fyno","description":"Not\u00edcia e informa\u00e7\u00e3o","potentialAction":[{"@type":"SearchAction","target":{"@type":"EntryPoint","urlTemplate":"https:\/\/fyno.pt\/?s={search_term_string}"},"query-input":{"@type":"PropertyValueSpecification","valueRequired":true,"valueName":"search_term_string"}}],"inLanguage":"pt-PT"},{"@type":"Person","@id":"https:\/\/fyno.pt\/#\/schema\/person\/ab5b330ed5ed05f1b4a7b8e438f68187","name":"Fyno","image":{"@type":"ImageObject","inLanguage":"pt-PT","@id":"https:\/\/fyno.pt\/wp-content\/litespeed\/avatar\/8f51870e8d94c234e288da840d914372.jpg?ver=1788205134","url":"https:\/\/fyno.pt\/wp-content\/litespeed\/avatar\/8f51870e8d94c234e288da840d914372.jpg?ver=1788205134","contentUrl":"https:\/\/fyno.pt\/wp-content\/litespeed\/avatar\/8f51870e8d94c234e288da840d914372.jpg?ver=1788205134","caption":"Fyno"},"description":"A sua fonte de informa\u00e7\u00e3o.","url":"https:\/\/fyno.pt\/pt\/author\/fynopt\/"}]}},"_links":{"self":[{"href":"https:\/\/fyno.pt\/pt\/wp-json\/wp\/v2\/posts\/43435","targetHints":{"allow":["GET"]}}],"collection":[{"href":"https:\/\/fyno.pt\/pt\/wp-json\/wp\/v2\/posts"}],"about":[{"href":"https:\/\/fyno.pt\/pt\/wp-json\/wp\/v2\/types\/post"}],"author":[{"embeddable":true,"href":"https:\/\/fyno.pt\/pt\/wp-json\/wp\/v2\/users\/9"}],"replies":[{"embeddable":true,"href":"https:\/\/fyno.pt\/pt\/wp-json\/wp\/v2\/comments?post=43435"}],"version-history":[{"count":1,"href":"https:\/\/fyno.pt\/pt\/wp-json\/wp\/v2\/posts\/43435\/revisions"}],"predecessor-version":[{"id":43437,"href":"https:\/\/fyno.pt\/pt\/wp-json\/wp\/v2\/posts\/43435\/revisions\/43437"}],"wp:featuredmedia":[{"embeddable":true,"href":"https:\/\/fyno.pt\/pt\/wp-json\/wp\/v2\/media\/43436"}],"wp:attachment":[{"href":"https:\/\/fyno.pt\/pt\/wp-json\/wp\/v2\/media?parent=43435"}],"wp:term":[{"taxonomy":"category","embeddable":true,"href":"https:\/\/fyno.pt\/pt\/wp-json\/wp\/v2\/categories?post=43435"},{"taxonomy":"post_tag","embeddable":true,"href":"https:\/\/fyno.pt\/pt\/wp-json\/wp\/v2\/tags?post=43435"}],"curies":[{"name":"wp","href":"https:\/\/api.w.org\/{rel}","templated":true}]}}