{"id":43429,"date":"2026-09-01T14:30:49","date_gmt":"2026-09-01T17:30:49","guid":{"rendered":"https:\/\/fyno.pt\/pt\/?p=43429"},"modified":"2026-09-01T14:30:49","modified_gmt":"2026-09-01T17:30:49","slug":"governo-reconhece-falhas-sistema-volta","status":"publish","type":"post","link":"https:\/\/fyno.pt\/pt\/mundo\/governo-reconhece-falhas-sistema-volta\/","title":{"rendered":"Governo reconhece falhas no Sistema Volta e busca solu\u00e7\u00f5es"},"content":{"rendered":"<p>A ministra do Ambiente, Maria da Gra\u00e7a Carvalho, reconheceu nesta ter\u00e7a-feira problemas na implementa\u00e7\u00e3o do Sistema Volta, especialmente em rela\u00e7\u00e3o ao descarte de embalagens na via p\u00fablica. Ela afirmou que as dificuldades est\u00e3o sendo analisadas e solucionadas individualmente.<\/p>\n\n\n\n<h2 class=\"wp-block-heading\">Desafios identificados<\/h2>\n\n\n\n<p>Durante uma coletiva de imprensa em Bruxelas, ap\u00f3s reuni\u00f5es na Comiss\u00e3o Europeia, a ministra explicou que o Sistema Volta \u00e9 um modelo europeu que ser\u00e1 adotado em todos os pa\u00edses da Uni\u00e3o Europeia. &quot;Fomos o 18.\u00ba pa\u00eds a implementar esse sistema. Em todos eles, no in\u00edcio, houve perturba\u00e7\u00f5es&quot;, destacou Carvalho, ressaltando a import\u00e2ncia do sistema para a reutiliza\u00e7\u00e3o de garrafas pl\u00e1sticas e latas.<\/p>\n\n\n\n<p>Ela mencionou que v\u00e1rios problemas j\u00e1 foram detectados, mas que muitos deles foram solucionados. A ministra enfatizou a necessidade de uma fiscaliza\u00e7\u00e3o eficaz, especialmente em grandes eventos e festivais, que foram apontados como uma das principais fontes de problemas no sistema.<\/p>\n\n\n\n<h2 class=\"wp-block-heading\">Solu\u00e7\u00f5es em andamento<\/h2>\n\n\n\n<p>Para evitar que pessoas remexam o lixo em busca de embalagens para reembolso, Carvalho informou que est\u00e3o sendo estudadas alternativas, como a instala\u00e7\u00e3o de recipientes espec\u00edficos pr\u00f3ximos aos locais de descarte. Al\u00e9m disso, reuni\u00f5es est\u00e3o ocorrendo com representantes do setor de hotelaria e restaura\u00e7\u00e3o para superar dificuldades na implementa\u00e7\u00e3o do sistema.<\/p>\n\n\n\n<p>A ministra refor\u00e7ou que o processo de transi\u00e7\u00e3o ainda est\u00e1 em andamento e que a colabora\u00e7\u00e3o dos munic\u00edpios \u00e9 essencial, principalmente na localiza\u00e7\u00e3o das m\u00e1quinas de coleta e no monitoramento do funcionamento do sistema. A fiscaliza\u00e7\u00e3o \u00e9 uma responsabilidade compartilhada entre a SDR Portugal, entidade gestora do Sistema de Dep\u00f3sito e Reembolso, e os munic\u00edpios.<\/p>\n\n\n\n<h2 class=\"wp-block-heading\">Investimentos e metas<\/h2>\n\n\n\n<p>Carvalho tamb\u00e9m defendeu a amplia\u00e7\u00e3o do n\u00famero de m\u00e1quinas de recolha, especialmente as de maior porte, j\u00e1 que a falta de pontos de entrega tem contribu\u00eddo para os problemas observados. Desde a sua implementa\u00e7\u00e3o em abril de 2026, o Sistema Volta abrange embalagens de bebidas de uso \u00fanico, com um dep\u00f3sito de 10 c\u00eantimos por embalagem, que \u00e9 devolvido ao consumidor na entrega em pontos de coleta.<\/p>\n\n\n\n<p>Por fim, a ministra alertou que, no \u00faltimo ano, Portugal gastou cerca de 200 milh\u00f5es de euros com pl\u00e1stico n\u00e3o reciclado, totalizando aproximadamente 600 milh\u00f5es de euros nos \u00faltimos tr\u00eas anos. Esses valores refletem os custos associados ao n\u00e3o cumprimento das metas de gest\u00e3o de res\u00edduos, que o sistema visa atender.<\/p>","protected":false},"excerpt":{"rendered":"<p>Ministra do Ambiente destaca desafios na implementa\u00e7\u00e3o e fiscaliza\u00e7\u00e3o do sistema de reciclagem.<\/p>","protected":false},"author":9,"featured_media":43430,"comment_status":"open","ping_status":"open","sticky":false,"template":"","format":"standard","meta":{"footnotes":""},"categories":[51],"tags":[1877,1878,1876,808,1875],"class_list":["post-43429","post","type-post","status-publish","format-standard","has-post-thumbnail","hentry","category-mundo","tag-descarte","tag-embalagens","tag-meio-ambiente","tag-portugal","tag-sistema-volta"],"yoast_head":"<!-- This site is optimized with the Yoast SEO Premium plugin v27.9 (Yoast SEO v27.9) - https:\/\/yoast.com\/product\/yoast-seo-premium-wordpress\/ -->\n<title>governo admite falhas no sistema volta e busca melhorias<\/title>\n<meta name=\"description\" content=\"Governo admite problemas no Sistema Volta e busca solu\u00e7\u00f5es para descarte de embalagens em via p\u00fablica.\" \/>\n<meta name=\"robots\" content=\"index, follow, max-snippet:-1, max-image-preview:large, max-video-preview:-1\" \/>\n<link rel=\"canonical\" href=\"https:\/\/fyno.pt\/pt\/mundo\/governo-reconhece-falhas-sistema-volta\/\" \/>\n<meta property=\"og:locale\" content=\"pt_PT\" \/>\n<meta property=\"og:type\" content=\"article\" \/>\n<meta property=\"og:title\" content=\"Governo reconhece falhas no Sistema Volta e busca solu\u00e7\u00f5es\" \/>\n<meta property=\"og:description\" content=\"Governo admite problemas no Sistema Volta e busca solu\u00e7\u00f5es para descarte de embalagens em via p\u00fablica.\" \/>\n<meta property=\"og:url\" content=\"https:\/\/fyno.pt\/pt\/mundo\/governo-reconhece-falhas-sistema-volta\/\" \/>\n<meta property=\"og:site_name\" content=\"Fyno\" \/>\n<meta property=\"article:published_time\" content=\"2026-09-01T17:30:49+00:00\" \/>\n<meta property=\"og:image\" content=\"https:\/\/fyno.pt\/wp-content\/uploads\/2026\/09\/sistema-volta-1160x630-1.jpg\" \/>\n\t<meta property=\"og:image:width\" content=\"1160\" \/>\n\t<meta property=\"og:image:height\" content=\"630\" \/>\n\t<meta property=\"og:image:type\" content=\"image\/jpeg\" \/>\n<meta name=\"author\" content=\"Fyno\" \/>\n<meta name=\"twitter:card\" content=\"summary_large_image\" \/>\n<meta name=\"twitter:label1\" content=\"Escrito por\" \/>\n\t<meta name=\"twitter:data1\" content=\"Fyno\" \/>\n\t<meta name=\"twitter:label2\" content=\"Tempo estimado de leitura\" \/>\n\t<meta name=\"twitter:data2\" content=\"2 minutos\" \/>\n<script type=\"application\/ld+json\" class=\"yoast-schema-graph\">{\"@context\":\"https:\\\/\\\/schema.org\",\"@graph\":[{\"@type\":\"Article\",\"@id\":\"https:\\\/\\\/fyno.pt\\\/pt\\\/mundo\\\/governo-reconhece-falhas-sistema-volta\\\/#article\",\"isPartOf\":{\"@id\":\"https:\\\/\\\/fyno.pt\\\/pt\\\/mundo\\\/governo-reconhece-falhas-sistema-volta\\\/\"},\"author\":{\"name\":\"Fyno\",\"@id\":\"https:\\\/\\\/fyno.pt\\\/#\\\/schema\\\/person\\\/ab5b330ed5ed05f1b4a7b8e438f68187\"},\"headline\":\"Governo reconhece falhas no Sistema Volta e busca solu\u00e7\u00f5es\",\"datePublished\":\"2026-09-01T17:30:49+00:00\",\"mainEntityOfPage\":{\"@id\":\"https:\\\/\\\/fyno.pt\\\/pt\\\/mundo\\\/governo-reconhece-falhas-sistema-volta\\\/\"},\"wordCount\":431,\"commentCount\":0,\"image\":{\"@id\":\"https:\\\/\\\/fyno.pt\\\/pt\\\/mundo\\\/governo-reconhece-falhas-sistema-volta\\\/#primaryimage\"},\"thumbnailUrl\":\"https:\\\/\\\/fyno.pt\\\/wp-content\\\/uploads\\\/2026\\\/09\\\/sistema-volta-1160x630-1.jpg\",\"keywords\":[\"descarte\",\"embalagens\",\"meio ambiente\",\"Portugal\",\"Sistema Volta\"],\"articleSection\":[\"Mundo\"],\"inLanguage\":\"pt-PT\",\"potentialAction\":[{\"@type\":\"CommentAction\",\"name\":\"Comment\",\"target\":[\"https:\\\/\\\/fyno.pt\\\/pt\\\/mundo\\\/governo-reconhece-falhas-sistema-volta\\\/#respond\"]}]},{\"@type\":\"WebPage\",\"@id\":\"https:\\\/\\\/fyno.pt\\\/pt\\\/mundo\\\/governo-reconhece-falhas-sistema-volta\\\/\",\"url\":\"https:\\\/\\\/fyno.pt\\\/pt\\\/mundo\\\/governo-reconhece-falhas-sistema-volta\\\/\",\"name\":\"governo admite falhas no sistema volta e busca melhorias\",\"isPartOf\":{\"@id\":\"https:\\\/\\\/fyno.pt\\\/#website\"},\"primaryImageOfPage\":{\"@id\":\"https:\\\/\\\/fyno.pt\\\/pt\\\/mundo\\\/governo-reconhece-falhas-sistema-volta\\\/#primaryimage\"},\"image\":{\"@id\":\"https:\\\/\\\/fyno.pt\\\/pt\\\/mundo\\\/governo-reconhece-falhas-sistema-volta\\\/#primaryimage\"},\"thumbnailUrl\":\"https:\\\/\\\/fyno.pt\\\/wp-content\\\/uploads\\\/2026\\\/09\\\/sistema-volta-1160x630-1.jpg\",\"datePublished\":\"2026-09-01T17:30:49+00:00\",\"author\":{\"@id\":\"https:\\\/\\\/fyno.pt\\\/#\\\/schema\\\/person\\\/ab5b330ed5ed05f1b4a7b8e438f68187\"},\"description\":\"Governo admite problemas no Sistema Volta e busca solu\u00e7\u00f5es para descarte de embalagens em via p\u00fablica.\",\"breadcrumb\":{\"@id\":\"https:\\\/\\\/fyno.pt\\\/pt\\\/mundo\\\/governo-reconhece-falhas-sistema-volta\\\/#breadcrumb\"},\"inLanguage\":\"pt-PT\",\"potentialAction\":[{\"@type\":\"ReadAction\",\"target\":[\"https:\\\/\\\/fyno.pt\\\/pt\\\/mundo\\\/governo-reconhece-falhas-sistema-volta\\\/\"]}]},{\"@type\":\"ImageObject\",\"inLanguage\":\"pt-PT\",\"@id\":\"https:\\\/\\\/fyno.pt\\\/pt\\\/mundo\\\/governo-reconhece-falhas-sistema-volta\\\/#primaryimage\",\"url\":\"https:\\\/\\\/fyno.pt\\\/wp-content\\\/uploads\\\/2026\\\/09\\\/sistema-volta-1160x630-1.jpg\",\"contentUrl\":\"https:\\\/\\\/fyno.pt\\\/wp-content\\\/uploads\\\/2026\\\/09\\\/sistema-volta-1160x630-1.jpg\",\"width\":1160,\"height\":630,\"caption\":\"CM Barcelos \\\/ Arquivo\"},{\"@type\":\"BreadcrumbList\",\"@id\":\"https:\\\/\\\/fyno.pt\\\/pt\\\/mundo\\\/governo-reconhece-falhas-sistema-volta\\\/#breadcrumb\",\"itemListElement\":[{\"@type\":\"ListItem\",\"position\":1,\"name\":\"In\u00edcio\",\"item\":\"https:\\\/\\\/fyno.pt\\\/\"},{\"@type\":\"ListItem\",\"position\":2,\"name\":\"Governo reconhece falhas no Sistema Volta e busca solu\u00e7\u00f5es\"}]},{\"@type\":\"WebSite\",\"@id\":\"https:\\\/\\\/fyno.pt\\\/#website\",\"url\":\"https:\\\/\\\/fyno.pt\\\/\",\"name\":\"Fyno\",\"description\":\"Not\u00edcia e informa\u00e7\u00e3o\",\"potentialAction\":[{\"@type\":\"SearchAction\",\"target\":{\"@type\":\"EntryPoint\",\"urlTemplate\":\"https:\\\/\\\/fyno.pt\\\/?s={search_term_string}\"},\"query-input\":{\"@type\":\"PropertyValueSpecification\",\"valueRequired\":true,\"valueName\":\"search_term_string\"}}],\"inLanguage\":\"pt-PT\"},{\"@type\":\"Person\",\"@id\":\"https:\\\/\\\/fyno.pt\\\/#\\\/schema\\\/person\\\/ab5b330ed5ed05f1b4a7b8e438f68187\",\"name\":\"Fyno\",\"image\":{\"@type\":\"ImageObject\",\"inLanguage\":\"pt-PT\",\"@id\":\"https:\\\/\\\/fyno.pt\\\/wp-content\\\/litespeed\\\/avatar\\\/8f51870e8d94c234e288da840d914372.jpg?ver=1788205134\",\"url\":\"https:\\\/\\\/fyno.pt\\\/wp-content\\\/litespeed\\\/avatar\\\/8f51870e8d94c234e288da840d914372.jpg?ver=1788205134\",\"contentUrl\":\"https:\\\/\\\/fyno.pt\\\/wp-content\\\/litespeed\\\/avatar\\\/8f51870e8d94c234e288da840d914372.jpg?ver=1788205134\",\"caption\":\"Fyno\"},\"description\":\"A sua fonte de informa\u00e7\u00e3o.\",\"url\":\"https:\\\/\\\/fyno.pt\\\/pt\\\/author\\\/fynopt\\\/\"}]}<\/script>\n<!-- \/ Yoast SEO Premium plugin. -->","yoast_head_json":{"title":"governo admite falhas no sistema volta e busca melhorias","description":"Governo admite problemas no Sistema Volta e busca solu\u00e7\u00f5es para descarte de embalagens em via p\u00fablica.","robots":{"index":"index","follow":"follow","max-snippet":"max-snippet:-1","max-image-preview":"max-image-preview:large","max-video-preview":"max-video-preview:-1"},"canonical":"https:\/\/fyno.pt\/pt\/mundo\/governo-reconhece-falhas-sistema-volta\/","og_locale":"pt_PT","og_type":"article","og_title":"Governo reconhece falhas no Sistema Volta e busca solu\u00e7\u00f5es","og_description":"Governo admite problemas no Sistema Volta e busca solu\u00e7\u00f5es para descarte de embalagens em via p\u00fablica.","og_url":"https:\/\/fyno.pt\/pt\/mundo\/governo-reconhece-falhas-sistema-volta\/","og_site_name":"Fyno","article_published_time":"2026-09-01T17:30:49+00:00","og_image":[{"width":1160,"height":630,"url":"https:\/\/fyno.pt\/wp-content\/uploads\/2026\/09\/sistema-volta-1160x630-1.jpg","type":"image\/jpeg"}],"author":"Fyno","twitter_card":"summary_large_image","twitter_misc":{"Escrito por":"Fyno","Tempo estimado de leitura":"2 minutos"},"schema":{"@context":"https:\/\/schema.org","@graph":[{"@type":"Article","@id":"https:\/\/fyno.pt\/pt\/mundo\/governo-reconhece-falhas-sistema-volta\/#article","isPartOf":{"@id":"https:\/\/fyno.pt\/pt\/mundo\/governo-reconhece-falhas-sistema-volta\/"},"author":{"name":"Fyno","@id":"https:\/\/fyno.pt\/#\/schema\/person\/ab5b330ed5ed05f1b4a7b8e438f68187"},"headline":"Governo reconhece falhas no Sistema Volta e busca solu\u00e7\u00f5es","datePublished":"2026-09-01T17:30:49+00:00","mainEntityOfPage":{"@id":"https:\/\/fyno.pt\/pt\/mundo\/governo-reconhece-falhas-sistema-volta\/"},"wordCount":431,"commentCount":0,"image":{"@id":"https:\/\/fyno.pt\/pt\/mundo\/governo-reconhece-falhas-sistema-volta\/#primaryimage"},"thumbnailUrl":"https:\/\/fyno.pt\/wp-content\/uploads\/2026\/09\/sistema-volta-1160x630-1.jpg","keywords":["descarte","embalagens","meio ambiente","Portugal","Sistema Volta"],"articleSection":["Mundo"],"inLanguage":"pt-PT","potentialAction":[{"@type":"CommentAction","name":"Comment","target":["https:\/\/fyno.pt\/pt\/mundo\/governo-reconhece-falhas-sistema-volta\/#respond"]}]},{"@type":"WebPage","@id":"https:\/\/fyno.pt\/pt\/mundo\/governo-reconhece-falhas-sistema-volta\/","url":"https:\/\/fyno.pt\/pt\/mundo\/governo-reconhece-falhas-sistema-volta\/","name":"governo admite falhas no sistema volta e busca melhorias","isPartOf":{"@id":"https:\/\/fyno.pt\/#website"},"primaryImageOfPage":{"@id":"https:\/\/fyno.pt\/pt\/mundo\/governo-reconhece-falhas-sistema-volta\/#primaryimage"},"image":{"@id":"https:\/\/fyno.pt\/pt\/mundo\/governo-reconhece-falhas-sistema-volta\/#primaryimage"},"thumbnailUrl":"https:\/\/fyno.pt\/wp-content\/uploads\/2026\/09\/sistema-volta-1160x630-1.jpg","datePublished":"2026-09-01T17:30:49+00:00","author":{"@id":"https:\/\/fyno.pt\/#\/schema\/person\/ab5b330ed5ed05f1b4a7b8e438f68187"},"description":"Governo admite problemas no Sistema Volta e busca solu\u00e7\u00f5es para descarte de embalagens em via p\u00fablica.","breadcrumb":{"@id":"https:\/\/fyno.pt\/pt\/mundo\/governo-reconhece-falhas-sistema-volta\/#breadcrumb"},"inLanguage":"pt-PT","potentialAction":[{"@type":"ReadAction","target":["https:\/\/fyno.pt\/pt\/mundo\/governo-reconhece-falhas-sistema-volta\/"]}]},{"@type":"ImageObject","inLanguage":"pt-PT","@id":"https:\/\/fyno.pt\/pt\/mundo\/governo-reconhece-falhas-sistema-volta\/#primaryimage","url":"https:\/\/fyno.pt\/wp-content\/uploads\/2026\/09\/sistema-volta-1160x630-1.jpg","contentUrl":"https:\/\/fyno.pt\/wp-content\/uploads\/2026\/09\/sistema-volta-1160x630-1.jpg","width":1160,"height":630,"caption":"CM Barcelos \/ Arquivo"},{"@type":"BreadcrumbList","@id":"https:\/\/fyno.pt\/pt\/mundo\/governo-reconhece-falhas-sistema-volta\/#breadcrumb","itemListElement":[{"@type":"ListItem","position":1,"name":"In\u00edcio","item":"https:\/\/fyno.pt\/"},{"@type":"ListItem","position":2,"name":"Governo reconhece falhas no Sistema Volta e busca solu\u00e7\u00f5es"}]},{"@type":"WebSite","@id":"https:\/\/fyno.pt\/#website","url":"https:\/\/fyno.pt\/","name":"Fyno","description":"Not\u00edcia e informa\u00e7\u00e3o","potentialAction":[{"@type":"SearchAction","target":{"@type":"EntryPoint","urlTemplate":"https:\/\/fyno.pt\/?s={search_term_string}"},"query-input":{"@type":"PropertyValueSpecification","valueRequired":true,"valueName":"search_term_string"}}],"inLanguage":"pt-PT"},{"@type":"Person","@id":"https:\/\/fyno.pt\/#\/schema\/person\/ab5b330ed5ed05f1b4a7b8e438f68187","name":"Fyno","image":{"@type":"ImageObject","inLanguage":"pt-PT","@id":"https:\/\/fyno.pt\/wp-content\/litespeed\/avatar\/8f51870e8d94c234e288da840d914372.jpg?ver=1788205134","url":"https:\/\/fyno.pt\/wp-content\/litespeed\/avatar\/8f51870e8d94c234e288da840d914372.jpg?ver=1788205134","contentUrl":"https:\/\/fyno.pt\/wp-content\/litespeed\/avatar\/8f51870e8d94c234e288da840d914372.jpg?ver=1788205134","caption":"Fyno"},"description":"A sua fonte de informa\u00e7\u00e3o.","url":"https:\/\/fyno.pt\/pt\/author\/fynopt\/"}]}},"_links":{"self":[{"href":"https:\/\/fyno.pt\/pt\/wp-json\/wp\/v2\/posts\/43429","targetHints":{"allow":["GET"]}}],"collection":[{"href":"https:\/\/fyno.pt\/pt\/wp-json\/wp\/v2\/posts"}],"about":[{"href":"https:\/\/fyno.pt\/pt\/wp-json\/wp\/v2\/types\/post"}],"author":[{"embeddable":true,"href":"https:\/\/fyno.pt\/pt\/wp-json\/wp\/v2\/users\/9"}],"replies":[{"embeddable":true,"href":"https:\/\/fyno.pt\/pt\/wp-json\/wp\/v2\/comments?post=43429"}],"version-history":[{"count":1,"href":"https:\/\/fyno.pt\/pt\/wp-json\/wp\/v2\/posts\/43429\/revisions"}],"predecessor-version":[{"id":43431,"href":"https:\/\/fyno.pt\/pt\/wp-json\/wp\/v2\/posts\/43429\/revisions\/43431"}],"wp:featuredmedia":[{"embeddable":true,"href":"https:\/\/fyno.pt\/pt\/wp-json\/wp\/v2\/media\/43430"}],"wp:attachment":[{"href":"https:\/\/fyno.pt\/pt\/wp-json\/wp\/v2\/media?parent=43429"}],"wp:term":[{"taxonomy":"category","embeddable":true,"href":"https:\/\/fyno.pt\/pt\/wp-json\/wp\/v2\/categories?post=43429"},{"taxonomy":"post_tag","embeddable":true,"href":"https:\/\/fyno.pt\/pt\/wp-json\/wp\/v2\/tags?post=43429"}],"curies":[{"name":"wp","href":"https:\/\/api.w.org\/{rel}","templated":true}]}}