{"id":43426,"date":"2026-09-01T14:00:53","date_gmt":"2026-09-01T17:00:53","guid":{"rendered":"https:\/\/fyno.pt\/?p=43426"},"modified":"2026-09-01T14:00:53","modified_gmt":"2026-09-01T17:00:53","slug":"parlamento-europeu-ia-cultura","status":"publish","type":"post","link":"https:\/\/fyno.pt\/pt\/news\/parlamento-europeu-ia-cultura\/","title":{"rendered":"Parlamento Europeu discute impacto da IA na cultura com mais de 30 entidades"},"content":{"rendered":"<p>O Parlamento Europeu promoveu uma audi\u00eancia p\u00fablica em Bruxelas, liderada pelo eurodeputado H\u00e9lder Sousa Silva, com o objetivo de discutir o impacto da intelig\u00eancia artificial (IA) na cultura. O evento contou com a participa\u00e7\u00e3o de mais de 30 entidades, incluindo criadores, editores, plataformas tecnol\u00f3gicas e consumidores, e visa a elabora\u00e7\u00e3o de um relat\u00f3rio de iniciativa sobre o tema.<\/p>\n\n\n\n<h2 class=\"wp-block-heading\">Participa\u00e7\u00e3o diversificada<\/h2>\n\n\n\n<p>Durante a audi\u00eancia, diversas vozes foram ouvidas, refletindo a complexidade das quest\u00f5es que envolvem a utiliza\u00e7\u00e3o da IA na produ\u00e7\u00e3o cultural. Os participantes apresentaram suas perspectivas sobre como a tecnologia pode afetar a cria\u00e7\u00e3o, distribui\u00e7\u00e3o e consumo de conte\u00fados culturais, al\u00e9m de discutir os desafios e oportunidades que surgem com a ado\u00e7\u00e3o dessas ferramentas.<\/p>\n\n\n\n<h2 class=\"wp-block-heading\">Objetivo do relat\u00f3rio<\/h2>\n\n\n\n<p>O relat\u00f3rio, que est\u00e1 sendo preparado a partir das contribui\u00e7\u00f5es coletadas na audi\u00eancia, busca abordar a necessidade de uma regula\u00e7\u00e3o que proteja tanto os direitos dos criadores quanto a experi\u00eancia dos consumidores. A discuss\u00e3o \u00e9 essencial para garantir que a evolu\u00e7\u00e3o tecnol\u00f3gica n\u00e3o comprometa a diversidade e a qualidade cultural na Europa.<\/p>","protected":false},"excerpt":{"rendered":"<p>Audi\u00eancia p\u00fablica em Bruxelas re\u00fane criadores, editores e consumidores para debate sobre regula\u00e7\u00e3o da IA.<\/p>","protected":false},"author":9,"featured_media":43427,"comment_status":"open","ping_status":"open","sticky":false,"template":"","format":"standard","meta":{"footnotes":""},"categories":[560],"tags":[795,1442,1873,1874,623],"class_list":["post-43426","post","type-post","status-publish","format-standard","has-post-thumbnail","hentry","category-news","tag-cultura","tag-inteligencia-artificial","tag-parlamento-europeu","tag-regulacao","tag-tecnologia"],"yoast_head":"<!-- This site is optimized with the Yoast SEO Premium plugin v27.9 (Yoast SEO v27.9) - https:\/\/yoast.com\/product\/yoast-seo-premium-wordpress\/ -->\n<title>parlamento europeu debate impacto da ia na cultura<\/title>\n<meta name=\"description\" content=\"Audi\u00eancia p\u00fablica discute como a IA impacta a cultura, com a participa\u00e7\u00e3o de mais de 30 entidades no Parlamento Europeu.\" \/>\n<meta name=\"robots\" content=\"index, follow, max-snippet:-1, max-image-preview:large, max-video-preview:-1\" \/>\n<link rel=\"canonical\" href=\"https:\/\/fyno.pt\/pt\/news\/parlamento-europeu-ia-cultura\/\" \/>\n<meta property=\"og:locale\" content=\"pt_PT\" \/>\n<meta property=\"og:type\" content=\"article\" \/>\n<meta property=\"og:title\" content=\"Parlamento Europeu discute impacto da IA na cultura com mais de 30 entidades\" \/>\n<meta property=\"og:description\" content=\"Audi\u00eancia p\u00fablica discute como a IA impacta a cultura, com a participa\u00e7\u00e3o de mais de 30 entidades no Parlamento Europeu.\" \/>\n<meta property=\"og:url\" content=\"https:\/\/fyno.pt\/pt\/news\/parlamento-europeu-ia-cultura\/\" \/>\n<meta property=\"og:site_name\" content=\"Fyno\" \/>\n<meta property=\"article:published_time\" content=\"2026-09-01T17:00:53+00:00\" \/>\n<meta name=\"author\" content=\"Fyno\" \/>\n<meta name=\"twitter:card\" content=\"summary_large_image\" \/>\n<meta name=\"twitter:label1\" content=\"Escrito por\" \/>\n\t<meta name=\"twitter:data1\" content=\"Fyno\" \/>\n\t<meta name=\"twitter:label2\" content=\"Tempo estimado de leitura\" \/>\n\t<meta name=\"twitter:data2\" content=\"1 minuto\" \/>\n<script type=\"application\/ld+json\" class=\"yoast-schema-graph\">{\"@context\":\"https:\\\/\\\/schema.org\",\"@graph\":[{\"@type\":\"Article\",\"@id\":\"https:\\\/\\\/fyno.pt\\\/news\\\/parlamento-europeu-ia-cultura\\\/#article\",\"isPartOf\":{\"@id\":\"https:\\\/\\\/fyno.pt\\\/news\\\/parlamento-europeu-ia-cultura\\\/\"},\"author\":{\"name\":\"Fyno\",\"@id\":\"https:\\\/\\\/fyno.pt\\\/#\\\/schema\\\/person\\\/ab5b330ed5ed05f1b4a7b8e438f68187\"},\"headline\":\"Parlamento Europeu discute impacto da IA na cultura com mais de 30 entidades\",\"datePublished\":\"2026-09-01T17:00:53+00:00\",\"mainEntityOfPage\":{\"@id\":\"https:\\\/\\\/fyno.pt\\\/news\\\/parlamento-europeu-ia-cultura\\\/\"},\"wordCount\":207,\"commentCount\":0,\"image\":{\"@id\":\"https:\\\/\\\/fyno.pt\\\/news\\\/parlamento-europeu-ia-cultura\\\/#primaryimage\"},\"thumbnailUrl\":\"https:\\\/\\\/fyno.pt\\\/wp-content\\\/uploads\\\/2026\\\/09\\\/WhatsApp-Image-2026-09-01-at-17.26.10.jpeg\",\"keywords\":[\"cultura\",\"Intelig\u00eancia Artificial\",\"Parlamento Europeu\",\"regula\u00e7\u00e3o\",\"tecnologia\"],\"articleSection\":[\"News\"],\"inLanguage\":\"pt-PT\",\"potentialAction\":[{\"@type\":\"CommentAction\",\"name\":\"Comment\",\"target\":[\"https:\\\/\\\/fyno.pt\\\/news\\\/parlamento-europeu-ia-cultura\\\/#respond\"]}]},{\"@type\":\"WebPage\",\"@id\":\"https:\\\/\\\/fyno.pt\\\/news\\\/parlamento-europeu-ia-cultura\\\/\",\"url\":\"https:\\\/\\\/fyno.pt\\\/news\\\/parlamento-europeu-ia-cultura\\\/\",\"name\":\"parlamento europeu debate impacto da ia na cultura\",\"isPartOf\":{\"@id\":\"https:\\\/\\\/fyno.pt\\\/#website\"},\"primaryImageOfPage\":{\"@id\":\"https:\\\/\\\/fyno.pt\\\/news\\\/parlamento-europeu-ia-cultura\\\/#primaryimage\"},\"image\":{\"@id\":\"https:\\\/\\\/fyno.pt\\\/news\\\/parlamento-europeu-ia-cultura\\\/#primaryimage\"},\"thumbnailUrl\":\"https:\\\/\\\/fyno.pt\\\/wp-content\\\/uploads\\\/2026\\\/09\\\/WhatsApp-Image-2026-09-01-at-17.26.10.jpeg\",\"datePublished\":\"2026-09-01T17:00:53+00:00\",\"author\":{\"@id\":\"https:\\\/\\\/fyno.pt\\\/#\\\/schema\\\/person\\\/ab5b330ed5ed05f1b4a7b8e438f68187\"},\"description\":\"Audi\u00eancia p\u00fablica discute como a IA impacta a cultura, com a participa\u00e7\u00e3o de mais de 30 entidades no Parlamento Europeu.\",\"breadcrumb\":{\"@id\":\"https:\\\/\\\/fyno.pt\\\/news\\\/parlamento-europeu-ia-cultura\\\/#breadcrumb\"},\"inLanguage\":\"pt-PT\",\"potentialAction\":[{\"@type\":\"ReadAction\",\"target\":[\"https:\\\/\\\/fyno.pt\\\/news\\\/parlamento-europeu-ia-cultura\\\/\"]}]},{\"@type\":\"ImageObject\",\"inLanguage\":\"pt-PT\",\"@id\":\"https:\\\/\\\/fyno.pt\\\/news\\\/parlamento-europeu-ia-cultura\\\/#primaryimage\",\"url\":\"https:\\\/\\\/fyno.pt\\\/wp-content\\\/uploads\\\/2026\\\/09\\\/WhatsApp-Image-2026-09-01-at-17.26.10.jpeg\",\"contentUrl\":\"https:\\\/\\\/fyno.pt\\\/wp-content\\\/uploads\\\/2026\\\/09\\\/WhatsApp-Image-2026-09-01-at-17.26.10.jpeg\",\"width\":1067,\"height\":800,\"caption\":\"Regula\u00e7\u00e3o. Parlamento Europeu ausculta mais de 30 entidades sobre o impacto da IA na culturaCr\u00e9ditos:Parlamento Europeu\"},{\"@type\":\"BreadcrumbList\",\"@id\":\"https:\\\/\\\/fyno.pt\\\/news\\\/parlamento-europeu-ia-cultura\\\/#breadcrumb\",\"itemListElement\":[{\"@type\":\"ListItem\",\"position\":1,\"name\":\"In\u00edcio\",\"item\":\"https:\\\/\\\/fyno.pt\\\/\"},{\"@type\":\"ListItem\",\"position\":2,\"name\":\"Parlamento Europeu discute impacto da IA na cultura com mais de 30 entidades\"}]},{\"@type\":\"WebSite\",\"@id\":\"https:\\\/\\\/fyno.pt\\\/#website\",\"url\":\"https:\\\/\\\/fyno.pt\\\/\",\"name\":\"Fyno\",\"description\":\"Not\u00edcia e informa\u00e7\u00e3o\",\"potentialAction\":[{\"@type\":\"SearchAction\",\"target\":{\"@type\":\"EntryPoint\",\"urlTemplate\":\"https:\\\/\\\/fyno.pt\\\/?s={search_term_string}\"},\"query-input\":{\"@type\":\"PropertyValueSpecification\",\"valueRequired\":true,\"valueName\":\"search_term_string\"}}],\"inLanguage\":\"pt-PT\"},{\"@type\":\"Person\",\"@id\":\"https:\\\/\\\/fyno.pt\\\/#\\\/schema\\\/person\\\/ab5b330ed5ed05f1b4a7b8e438f68187\",\"name\":\"Fyno\",\"image\":{\"@type\":\"ImageObject\",\"inLanguage\":\"pt-PT\",\"@id\":\"https:\\\/\\\/fyno.pt\\\/wp-content\\\/litespeed\\\/avatar\\\/8f51870e8d94c234e288da840d914372.jpg?ver=1788205134\",\"url\":\"https:\\\/\\\/fyno.pt\\\/wp-content\\\/litespeed\\\/avatar\\\/8f51870e8d94c234e288da840d914372.jpg?ver=1788205134\",\"contentUrl\":\"https:\\\/\\\/fyno.pt\\\/wp-content\\\/litespeed\\\/avatar\\\/8f51870e8d94c234e288da840d914372.jpg?ver=1788205134\",\"caption\":\"Fyno\"},\"description\":\"A sua fonte de informa\u00e7\u00e3o.\",\"url\":\"https:\\\/\\\/fyno.pt\\\/pt\\\/author\\\/fynopt\\\/\"}]}<\/script>\n<!-- \/ Yoast SEO Premium plugin. -->","yoast_head_json":{"title":"parlamento europeu debate impacto da ia na cultura","description":"Audi\u00eancia p\u00fablica discute como a IA impacta a cultura, com a participa\u00e7\u00e3o de mais de 30 entidades no Parlamento Europeu.","robots":{"index":"index","follow":"follow","max-snippet":"max-snippet:-1","max-image-preview":"max-image-preview:large","max-video-preview":"max-video-preview:-1"},"canonical":"https:\/\/fyno.pt\/pt\/news\/parlamento-europeu-ia-cultura\/","og_locale":"pt_PT","og_type":"article","og_title":"Parlamento Europeu discute impacto da IA na cultura com mais de 30 entidades","og_description":"Audi\u00eancia p\u00fablica discute como a IA impacta a cultura, com a participa\u00e7\u00e3o de mais de 30 entidades no Parlamento Europeu.","og_url":"https:\/\/fyno.pt\/pt\/news\/parlamento-europeu-ia-cultura\/","og_site_name":"Fyno","article_published_time":"2026-09-01T17:00:53+00:00","author":"Fyno","twitter_card":"summary_large_image","twitter_misc":{"Escrito por":"Fyno","Tempo estimado de leitura":"1 minuto"},"schema":{"@context":"https:\/\/schema.org","@graph":[{"@type":"Article","@id":"https:\/\/fyno.pt\/news\/parlamento-europeu-ia-cultura\/#article","isPartOf":{"@id":"https:\/\/fyno.pt\/news\/parlamento-europeu-ia-cultura\/"},"author":{"name":"Fyno","@id":"https:\/\/fyno.pt\/#\/schema\/person\/ab5b330ed5ed05f1b4a7b8e438f68187"},"headline":"Parlamento Europeu discute impacto da IA na cultura com mais de 30 entidades","datePublished":"2026-09-01T17:00:53+00:00","mainEntityOfPage":{"@id":"https:\/\/fyno.pt\/news\/parlamento-europeu-ia-cultura\/"},"wordCount":207,"commentCount":0,"image":{"@id":"https:\/\/fyno.pt\/news\/parlamento-europeu-ia-cultura\/#primaryimage"},"thumbnailUrl":"https:\/\/fyno.pt\/wp-content\/uploads\/2026\/09\/WhatsApp-Image-2026-09-01-at-17.26.10.jpeg","keywords":["cultura","Intelig\u00eancia Artificial","Parlamento Europeu","regula\u00e7\u00e3o","tecnologia"],"articleSection":["News"],"inLanguage":"pt-PT","potentialAction":[{"@type":"CommentAction","name":"Comment","target":["https:\/\/fyno.pt\/news\/parlamento-europeu-ia-cultura\/#respond"]}]},{"@type":"WebPage","@id":"https:\/\/fyno.pt\/news\/parlamento-europeu-ia-cultura\/","url":"https:\/\/fyno.pt\/news\/parlamento-europeu-ia-cultura\/","name":"parlamento europeu debate impacto da ia na cultura","isPartOf":{"@id":"https:\/\/fyno.pt\/#website"},"primaryImageOfPage":{"@id":"https:\/\/fyno.pt\/news\/parlamento-europeu-ia-cultura\/#primaryimage"},"image":{"@id":"https:\/\/fyno.pt\/news\/parlamento-europeu-ia-cultura\/#primaryimage"},"thumbnailUrl":"https:\/\/fyno.pt\/wp-content\/uploads\/2026\/09\/WhatsApp-Image-2026-09-01-at-17.26.10.jpeg","datePublished":"2026-09-01T17:00:53+00:00","author":{"@id":"https:\/\/fyno.pt\/#\/schema\/person\/ab5b330ed5ed05f1b4a7b8e438f68187"},"description":"Audi\u00eancia p\u00fablica discute como a IA impacta a cultura, com a participa\u00e7\u00e3o de mais de 30 entidades no Parlamento Europeu.","breadcrumb":{"@id":"https:\/\/fyno.pt\/news\/parlamento-europeu-ia-cultura\/#breadcrumb"},"inLanguage":"pt-PT","potentialAction":[{"@type":"ReadAction","target":["https:\/\/fyno.pt\/news\/parlamento-europeu-ia-cultura\/"]}]},{"@type":"ImageObject","inLanguage":"pt-PT","@id":"https:\/\/fyno.pt\/news\/parlamento-europeu-ia-cultura\/#primaryimage","url":"https:\/\/fyno.pt\/wp-content\/uploads\/2026\/09\/WhatsApp-Image-2026-09-01-at-17.26.10.jpeg","contentUrl":"https:\/\/fyno.pt\/wp-content\/uploads\/2026\/09\/WhatsApp-Image-2026-09-01-at-17.26.10.jpeg","width":1067,"height":800,"caption":"Regula\u00e7\u00e3o. Parlamento Europeu ausculta mais de 30 entidades sobre o impacto da IA na culturaCr\u00e9ditos:Parlamento Europeu"},{"@type":"BreadcrumbList","@id":"https:\/\/fyno.pt\/news\/parlamento-europeu-ia-cultura\/#breadcrumb","itemListElement":[{"@type":"ListItem","position":1,"name":"In\u00edcio","item":"https:\/\/fyno.pt\/"},{"@type":"ListItem","position":2,"name":"Parlamento Europeu discute impacto da IA na cultura com mais de 30 entidades"}]},{"@type":"WebSite","@id":"https:\/\/fyno.pt\/#website","url":"https:\/\/fyno.pt\/","name":"Fyno","description":"Not\u00edcia e informa\u00e7\u00e3o","potentialAction":[{"@type":"SearchAction","target":{"@type":"EntryPoint","urlTemplate":"https:\/\/fyno.pt\/?s={search_term_string}"},"query-input":{"@type":"PropertyValueSpecification","valueRequired":true,"valueName":"search_term_string"}}],"inLanguage":"pt-PT"},{"@type":"Person","@id":"https:\/\/fyno.pt\/#\/schema\/person\/ab5b330ed5ed05f1b4a7b8e438f68187","name":"Fyno","image":{"@type":"ImageObject","inLanguage":"pt-PT","@id":"https:\/\/fyno.pt\/wp-content\/litespeed\/avatar\/8f51870e8d94c234e288da840d914372.jpg?ver=1788205134","url":"https:\/\/fyno.pt\/wp-content\/litespeed\/avatar\/8f51870e8d94c234e288da840d914372.jpg?ver=1788205134","contentUrl":"https:\/\/fyno.pt\/wp-content\/litespeed\/avatar\/8f51870e8d94c234e288da840d914372.jpg?ver=1788205134","caption":"Fyno"},"description":"A sua fonte de informa\u00e7\u00e3o.","url":"https:\/\/fyno.pt\/pt\/author\/fynopt\/"}]}},"_links":{"self":[{"href":"https:\/\/fyno.pt\/pt\/wp-json\/wp\/v2\/posts\/43426","targetHints":{"allow":["GET"]}}],"collection":[{"href":"https:\/\/fyno.pt\/pt\/wp-json\/wp\/v2\/posts"}],"about":[{"href":"https:\/\/fyno.pt\/pt\/wp-json\/wp\/v2\/types\/post"}],"author":[{"embeddable":true,"href":"https:\/\/fyno.pt\/pt\/wp-json\/wp\/v2\/users\/9"}],"replies":[{"embeddable":true,"href":"https:\/\/fyno.pt\/pt\/wp-json\/wp\/v2\/comments?post=43426"}],"version-history":[{"count":1,"href":"https:\/\/fyno.pt\/pt\/wp-json\/wp\/v2\/posts\/43426\/revisions"}],"predecessor-version":[{"id":43428,"href":"https:\/\/fyno.pt\/pt\/wp-json\/wp\/v2\/posts\/43426\/revisions\/43428"}],"wp:featuredmedia":[{"embeddable":true,"href":"https:\/\/fyno.pt\/pt\/wp-json\/wp\/v2\/media\/43427"}],"wp:attachment":[{"href":"https:\/\/fyno.pt\/pt\/wp-json\/wp\/v2\/media?parent=43426"}],"wp:term":[{"taxonomy":"category","embeddable":true,"href":"https:\/\/fyno.pt\/pt\/wp-json\/wp\/v2\/categories?post=43426"},{"taxonomy":"post_tag","embeddable":true,"href":"https:\/\/fyno.pt\/pt\/wp-json\/wp\/v2\/tags?post=43426"}],"curies":[{"name":"wp","href":"https:\/\/api.w.org\/{rel}","templated":true}]}}