{"id":43423,"date":"2026-09-01T14:00:39","date_gmt":"2026-09-01T17:00:39","guid":{"rendered":"https:\/\/fyno.pt\/?p=43423"},"modified":"2026-09-01T14:00:39","modified_gmt":"2026-09-01T17:00:39","slug":"praias-povoa-varzim-banhos-desaconselhados","status":"publish","type":"post","link":"https:\/\/fyno.pt\/pt\/mundo\/praias-povoa-varzim-banhos-desaconselhados\/","title":{"rendered":"Praias da P\u00f3voa de Varzim t\u00eam banhos desaconselhados por contamina\u00e7\u00e3o"},"content":{"rendered":"<p>A partir de hoje, a Ag\u00eancia Portuguesa do Ambiente (APA) desaconselha os banhos em tr\u00eas praias da P\u00f3voa de Varzim, no distrito do Porto, devido \u00e0 contamina\u00e7\u00e3o microbiol\u00f3gica da \u00e1gua.<\/p>\n\n\n\n<h2 class=\"wp-block-heading\">Praias afetadas<\/h2>\n\n\n\n<p>As praias afetadas pelo alerta s\u00e3o a Praia da Codixeira, a Praia da Lagoa e a Zona Urbana Sul II. O aviso foi publicado na p\u00e1gina oficial da APA, que informa sobre a qualidade da \u00e1gua nesses locais.<\/p>\n\n\n\n<h2 class=\"wp-block-heading\">Motivo do desaconselhamento<\/h2>\n\n\n\n<p>O desaconselhamento se deve \u00e0 presen\u00e7a de &#039;valores elevados&#039; de enterococos intestinais e\/ou E. coli, que podem representar riscos \u00e0 sa\u00fade dos banhistas. A APA recomenda que a popula\u00e7\u00e3o evite o contato com a \u00e1gua at\u00e9 que novas an\u00e1lises sejam realizadas e a situa\u00e7\u00e3o seja normalizada.<\/p>\n\n\n\n<h2 class=\"wp-block-heading\">Pr\u00f3ximos passos<\/h2>\n\n\n\n<p>As autoridades continuar\u00e3o a monitorar a qualidade da \u00e1gua nas praias afetadas e fornecer\u00e3o atualiza\u00e7\u00f5es assim que novos resultados forem obtidos. A popula\u00e7\u00e3o \u00e9 orientada a acompanhar os comunicados da APA para mais informa\u00e7\u00f5es.<\/p>","protected":false},"excerpt":{"rendered":"<p>Ag\u00eancia Portuguesa do Ambiente alerta sobre qualidade da \u00e1gua em tr\u00eas locais da regi\u00e3o.<\/p>","protected":false},"author":9,"featured_media":43424,"comment_status":"open","ping_status":"open","sticky":false,"template":"","format":"standard","meta":{"footnotes":""},"categories":[51],"tags":[1872,1871,1870,1868,1869],"class_list":["post-43423","post","type-post","status-publish","format-standard","has-post-thumbnail","hentry","category-mundo","tag-apa","tag-banhos","tag-contaminacao","tag-povoa-de-varzim","tag-praias"],"yoast_head":"<!-- This site is optimized with the Yoast SEO Premium plugin v27.9 (Yoast SEO v27.9) - https:\/\/yoast.com\/product\/yoast-seo-premium-wordpress\/ -->\n<title>ag\u00eancia portuguesa do ambiente desaconselha banhos em praias da p\u00f3voa de varzim<\/title>\n<meta name=\"description\" content=\"Praias da P\u00f3voa de Varzim s\u00e3o desaconselhadas para banhos devido \u00e0 contamina\u00e7\u00e3o microbiol\u00f3gica da \u00e1gua.\" \/>\n<meta name=\"robots\" content=\"index, follow, max-snippet:-1, max-image-preview:large, max-video-preview:-1\" \/>\n<link rel=\"canonical\" href=\"https:\/\/fyno.pt\/pt\/mundo\/praias-povoa-varzim-banhos-desaconselhados\/\" \/>\n<meta property=\"og:locale\" content=\"pt_PT\" \/>\n<meta property=\"og:type\" content=\"article\" \/>\n<meta property=\"og:title\" content=\"Praias da P\u00f3voa de Varzim t\u00eam banhos desaconselhados por contamina\u00e7\u00e3o\" \/>\n<meta property=\"og:description\" content=\"Praias da P\u00f3voa de Varzim s\u00e3o desaconselhadas para banhos devido \u00e0 contamina\u00e7\u00e3o microbiol\u00f3gica da \u00e1gua.\" \/>\n<meta property=\"og:url\" content=\"https:\/\/fyno.pt\/pt\/mundo\/praias-povoa-varzim-banhos-desaconselhados\/\" \/>\n<meta property=\"og:site_name\" content=\"Fyno\" \/>\n<meta property=\"article:published_time\" content=\"2026-09-01T17:00:39+00:00\" \/>\n<meta property=\"og:image\" content=\"https:\/\/fyno.pt\/wp-content\/uploads\/2026\/09\/Zona-Urbana-Sul-II-povoa-de-varzim-praia-1160x630-1.jpg\" \/>\n\t<meta property=\"og:image:width\" content=\"1160\" \/>\n\t<meta property=\"og:image:height\" content=\"630\" \/>\n\t<meta property=\"og:image:type\" content=\"image\/jpeg\" \/>\n<meta name=\"author\" content=\"Fyno\" \/>\n<meta name=\"twitter:card\" content=\"summary_large_image\" \/>\n<meta name=\"twitter:label1\" content=\"Escrito por\" \/>\n\t<meta name=\"twitter:data1\" content=\"Fyno\" \/>\n\t<meta name=\"twitter:label2\" content=\"Tempo estimado de leitura\" \/>\n\t<meta name=\"twitter:data2\" content=\"1 minuto\" \/>\n<script type=\"application\/ld+json\" class=\"yoast-schema-graph\">{\"@context\":\"https:\\\/\\\/schema.org\",\"@graph\":[{\"@type\":\"Article\",\"@id\":\"https:\\\/\\\/fyno.pt\\\/mundo\\\/praias-povoa-varzim-banhos-desaconselhados\\\/#article\",\"isPartOf\":{\"@id\":\"https:\\\/\\\/fyno.pt\\\/mundo\\\/praias-povoa-varzim-banhos-desaconselhados\\\/\"},\"author\":{\"name\":\"Fyno\",\"@id\":\"https:\\\/\\\/fyno.pt\\\/#\\\/schema\\\/person\\\/ab5b330ed5ed05f1b4a7b8e438f68187\"},\"headline\":\"Praias da P\u00f3voa de Varzim t\u00eam banhos desaconselhados por contamina\u00e7\u00e3o\",\"datePublished\":\"2026-09-01T17:00:39+00:00\",\"mainEntityOfPage\":{\"@id\":\"https:\\\/\\\/fyno.pt\\\/mundo\\\/praias-povoa-varzim-banhos-desaconselhados\\\/\"},\"wordCount\":183,\"commentCount\":0,\"image\":{\"@id\":\"https:\\\/\\\/fyno.pt\\\/mundo\\\/praias-povoa-varzim-banhos-desaconselhados\\\/#primaryimage\"},\"thumbnailUrl\":\"https:\\\/\\\/fyno.pt\\\/wp-content\\\/uploads\\\/2026\\\/09\\\/Zona-Urbana-Sul-II-povoa-de-varzim-praia-1160x630-1.jpg\",\"keywords\":[\"APA\",\"banhos\",\"contamina\u00e7\u00e3o\",\"P\u00f3voa de Varzim\",\"praias\"],\"articleSection\":[\"Mundo\"],\"inLanguage\":\"pt-PT\",\"potentialAction\":[{\"@type\":\"CommentAction\",\"name\":\"Comment\",\"target\":[\"https:\\\/\\\/fyno.pt\\\/mundo\\\/praias-povoa-varzim-banhos-desaconselhados\\\/#respond\"]}]},{\"@type\":\"WebPage\",\"@id\":\"https:\\\/\\\/fyno.pt\\\/mundo\\\/praias-povoa-varzim-banhos-desaconselhados\\\/\",\"url\":\"https:\\\/\\\/fyno.pt\\\/mundo\\\/praias-povoa-varzim-banhos-desaconselhados\\\/\",\"name\":\"ag\u00eancia portuguesa do ambiente desaconselha banhos em praias da p\u00f3voa de varzim\",\"isPartOf\":{\"@id\":\"https:\\\/\\\/fyno.pt\\\/#website\"},\"primaryImageOfPage\":{\"@id\":\"https:\\\/\\\/fyno.pt\\\/mundo\\\/praias-povoa-varzim-banhos-desaconselhados\\\/#primaryimage\"},\"image\":{\"@id\":\"https:\\\/\\\/fyno.pt\\\/mundo\\\/praias-povoa-varzim-banhos-desaconselhados\\\/#primaryimage\"},\"thumbnailUrl\":\"https:\\\/\\\/fyno.pt\\\/wp-content\\\/uploads\\\/2026\\\/09\\\/Zona-Urbana-Sul-II-povoa-de-varzim-praia-1160x630-1.jpg\",\"datePublished\":\"2026-09-01T17:00:39+00:00\",\"author\":{\"@id\":\"https:\\\/\\\/fyno.pt\\\/#\\\/schema\\\/person\\\/ab5b330ed5ed05f1b4a7b8e438f68187\"},\"description\":\"Praias da P\u00f3voa de Varzim s\u00e3o desaconselhadas para banhos devido \u00e0 contamina\u00e7\u00e3o microbiol\u00f3gica da \u00e1gua.\",\"breadcrumb\":{\"@id\":\"https:\\\/\\\/fyno.pt\\\/mundo\\\/praias-povoa-varzim-banhos-desaconselhados\\\/#breadcrumb\"},\"inLanguage\":\"pt-PT\",\"potentialAction\":[{\"@type\":\"ReadAction\",\"target\":[\"https:\\\/\\\/fyno.pt\\\/mundo\\\/praias-povoa-varzim-banhos-desaconselhados\\\/\"]}]},{\"@type\":\"ImageObject\",\"inLanguage\":\"pt-PT\",\"@id\":\"https:\\\/\\\/fyno.pt\\\/mundo\\\/praias-povoa-varzim-banhos-desaconselhados\\\/#primaryimage\",\"url\":\"https:\\\/\\\/fyno.pt\\\/wp-content\\\/uploads\\\/2026\\\/09\\\/Zona-Urbana-Sul-II-povoa-de-varzim-praia-1160x630-1.jpg\",\"contentUrl\":\"https:\\\/\\\/fyno.pt\\\/wp-content\\\/uploads\\\/2026\\\/09\\\/Zona-Urbana-Sul-II-povoa-de-varzim-praia-1160x630-1.jpg\",\"width\":1160,\"height\":630,\"caption\":\"Foto: CM P\u00f3voa de Varzim \\\/ O MINHO\"},{\"@type\":\"BreadcrumbList\",\"@id\":\"https:\\\/\\\/fyno.pt\\\/mundo\\\/praias-povoa-varzim-banhos-desaconselhados\\\/#breadcrumb\",\"itemListElement\":[{\"@type\":\"ListItem\",\"position\":1,\"name\":\"In\u00edcio\",\"item\":\"https:\\\/\\\/fyno.pt\\\/\"},{\"@type\":\"ListItem\",\"position\":2,\"name\":\"Praias da P\u00f3voa de Varzim t\u00eam banhos desaconselhados por contamina\u00e7\u00e3o\"}]},{\"@type\":\"WebSite\",\"@id\":\"https:\\\/\\\/fyno.pt\\\/#website\",\"url\":\"https:\\\/\\\/fyno.pt\\\/\",\"name\":\"Fyno\",\"description\":\"Not\u00edcia e informa\u00e7\u00e3o\",\"potentialAction\":[{\"@type\":\"SearchAction\",\"target\":{\"@type\":\"EntryPoint\",\"urlTemplate\":\"https:\\\/\\\/fyno.pt\\\/?s={search_term_string}\"},\"query-input\":{\"@type\":\"PropertyValueSpecification\",\"valueRequired\":true,\"valueName\":\"search_term_string\"}}],\"inLanguage\":\"pt-PT\"},{\"@type\":\"Person\",\"@id\":\"https:\\\/\\\/fyno.pt\\\/#\\\/schema\\\/person\\\/ab5b330ed5ed05f1b4a7b8e438f68187\",\"name\":\"Fyno\",\"image\":{\"@type\":\"ImageObject\",\"inLanguage\":\"pt-PT\",\"@id\":\"https:\\\/\\\/fyno.pt\\\/wp-content\\\/litespeed\\\/avatar\\\/8f51870e8d94c234e288da840d914372.jpg?ver=1788205134\",\"url\":\"https:\\\/\\\/fyno.pt\\\/wp-content\\\/litespeed\\\/avatar\\\/8f51870e8d94c234e288da840d914372.jpg?ver=1788205134\",\"contentUrl\":\"https:\\\/\\\/fyno.pt\\\/wp-content\\\/litespeed\\\/avatar\\\/8f51870e8d94c234e288da840d914372.jpg?ver=1788205134\",\"caption\":\"Fyno\"},\"description\":\"A sua fonte de informa\u00e7\u00e3o.\",\"url\":\"https:\\\/\\\/fyno.pt\\\/pt\\\/author\\\/fynopt\\\/\"}]}<\/script>\n<!-- \/ Yoast SEO Premium plugin. -->","yoast_head_json":{"title":"ag\u00eancia portuguesa do ambiente desaconselha banhos em praias da p\u00f3voa de varzim","description":"Praias da P\u00f3voa de Varzim s\u00e3o desaconselhadas para banhos devido \u00e0 contamina\u00e7\u00e3o microbiol\u00f3gica da \u00e1gua.","robots":{"index":"index","follow":"follow","max-snippet":"max-snippet:-1","max-image-preview":"max-image-preview:large","max-video-preview":"max-video-preview:-1"},"canonical":"https:\/\/fyno.pt\/pt\/mundo\/praias-povoa-varzim-banhos-desaconselhados\/","og_locale":"pt_PT","og_type":"article","og_title":"Praias da P\u00f3voa de Varzim t\u00eam banhos desaconselhados por contamina\u00e7\u00e3o","og_description":"Praias da P\u00f3voa de Varzim s\u00e3o desaconselhadas para banhos devido \u00e0 contamina\u00e7\u00e3o microbiol\u00f3gica da \u00e1gua.","og_url":"https:\/\/fyno.pt\/pt\/mundo\/praias-povoa-varzim-banhos-desaconselhados\/","og_site_name":"Fyno","article_published_time":"2026-09-01T17:00:39+00:00","og_image":[{"width":1160,"height":630,"url":"https:\/\/fyno.pt\/wp-content\/uploads\/2026\/09\/Zona-Urbana-Sul-II-povoa-de-varzim-praia-1160x630-1.jpg","type":"image\/jpeg"}],"author":"Fyno","twitter_card":"summary_large_image","twitter_misc":{"Escrito por":"Fyno","Tempo estimado de leitura":"1 minuto"},"schema":{"@context":"https:\/\/schema.org","@graph":[{"@type":"Article","@id":"https:\/\/fyno.pt\/mundo\/praias-povoa-varzim-banhos-desaconselhados\/#article","isPartOf":{"@id":"https:\/\/fyno.pt\/mundo\/praias-povoa-varzim-banhos-desaconselhados\/"},"author":{"name":"Fyno","@id":"https:\/\/fyno.pt\/#\/schema\/person\/ab5b330ed5ed05f1b4a7b8e438f68187"},"headline":"Praias da P\u00f3voa de Varzim t\u00eam banhos desaconselhados por contamina\u00e7\u00e3o","datePublished":"2026-09-01T17:00:39+00:00","mainEntityOfPage":{"@id":"https:\/\/fyno.pt\/mundo\/praias-povoa-varzim-banhos-desaconselhados\/"},"wordCount":183,"commentCount":0,"image":{"@id":"https:\/\/fyno.pt\/mundo\/praias-povoa-varzim-banhos-desaconselhados\/#primaryimage"},"thumbnailUrl":"https:\/\/fyno.pt\/wp-content\/uploads\/2026\/09\/Zona-Urbana-Sul-II-povoa-de-varzim-praia-1160x630-1.jpg","keywords":["APA","banhos","contamina\u00e7\u00e3o","P\u00f3voa de Varzim","praias"],"articleSection":["Mundo"],"inLanguage":"pt-PT","potentialAction":[{"@type":"CommentAction","name":"Comment","target":["https:\/\/fyno.pt\/mundo\/praias-povoa-varzim-banhos-desaconselhados\/#respond"]}]},{"@type":"WebPage","@id":"https:\/\/fyno.pt\/mundo\/praias-povoa-varzim-banhos-desaconselhados\/","url":"https:\/\/fyno.pt\/mundo\/praias-povoa-varzim-banhos-desaconselhados\/","name":"ag\u00eancia portuguesa do ambiente desaconselha banhos em praias da p\u00f3voa de varzim","isPartOf":{"@id":"https:\/\/fyno.pt\/#website"},"primaryImageOfPage":{"@id":"https:\/\/fyno.pt\/mundo\/praias-povoa-varzim-banhos-desaconselhados\/#primaryimage"},"image":{"@id":"https:\/\/fyno.pt\/mundo\/praias-povoa-varzim-banhos-desaconselhados\/#primaryimage"},"thumbnailUrl":"https:\/\/fyno.pt\/wp-content\/uploads\/2026\/09\/Zona-Urbana-Sul-II-povoa-de-varzim-praia-1160x630-1.jpg","datePublished":"2026-09-01T17:00:39+00:00","author":{"@id":"https:\/\/fyno.pt\/#\/schema\/person\/ab5b330ed5ed05f1b4a7b8e438f68187"},"description":"Praias da P\u00f3voa de Varzim s\u00e3o desaconselhadas para banhos devido \u00e0 contamina\u00e7\u00e3o microbiol\u00f3gica da \u00e1gua.","breadcrumb":{"@id":"https:\/\/fyno.pt\/mundo\/praias-povoa-varzim-banhos-desaconselhados\/#breadcrumb"},"inLanguage":"pt-PT","potentialAction":[{"@type":"ReadAction","target":["https:\/\/fyno.pt\/mundo\/praias-povoa-varzim-banhos-desaconselhados\/"]}]},{"@type":"ImageObject","inLanguage":"pt-PT","@id":"https:\/\/fyno.pt\/mundo\/praias-povoa-varzim-banhos-desaconselhados\/#primaryimage","url":"https:\/\/fyno.pt\/wp-content\/uploads\/2026\/09\/Zona-Urbana-Sul-II-povoa-de-varzim-praia-1160x630-1.jpg","contentUrl":"https:\/\/fyno.pt\/wp-content\/uploads\/2026\/09\/Zona-Urbana-Sul-II-povoa-de-varzim-praia-1160x630-1.jpg","width":1160,"height":630,"caption":"Foto: CM P\u00f3voa de Varzim \/ O MINHO"},{"@type":"BreadcrumbList","@id":"https:\/\/fyno.pt\/mundo\/praias-povoa-varzim-banhos-desaconselhados\/#breadcrumb","itemListElement":[{"@type":"ListItem","position":1,"name":"In\u00edcio","item":"https:\/\/fyno.pt\/"},{"@type":"ListItem","position":2,"name":"Praias da P\u00f3voa de Varzim t\u00eam banhos desaconselhados por contamina\u00e7\u00e3o"}]},{"@type":"WebSite","@id":"https:\/\/fyno.pt\/#website","url":"https:\/\/fyno.pt\/","name":"Fyno","description":"Not\u00edcia e informa\u00e7\u00e3o","potentialAction":[{"@type":"SearchAction","target":{"@type":"EntryPoint","urlTemplate":"https:\/\/fyno.pt\/?s={search_term_string}"},"query-input":{"@type":"PropertyValueSpecification","valueRequired":true,"valueName":"search_term_string"}}],"inLanguage":"pt-PT"},{"@type":"Person","@id":"https:\/\/fyno.pt\/#\/schema\/person\/ab5b330ed5ed05f1b4a7b8e438f68187","name":"Fyno","image":{"@type":"ImageObject","inLanguage":"pt-PT","@id":"https:\/\/fyno.pt\/wp-content\/litespeed\/avatar\/8f51870e8d94c234e288da840d914372.jpg?ver=1788205134","url":"https:\/\/fyno.pt\/wp-content\/litespeed\/avatar\/8f51870e8d94c234e288da840d914372.jpg?ver=1788205134","contentUrl":"https:\/\/fyno.pt\/wp-content\/litespeed\/avatar\/8f51870e8d94c234e288da840d914372.jpg?ver=1788205134","caption":"Fyno"},"description":"A sua fonte de informa\u00e7\u00e3o.","url":"https:\/\/fyno.pt\/pt\/author\/fynopt\/"}]}},"_links":{"self":[{"href":"https:\/\/fyno.pt\/pt\/wp-json\/wp\/v2\/posts\/43423","targetHints":{"allow":["GET"]}}],"collection":[{"href":"https:\/\/fyno.pt\/pt\/wp-json\/wp\/v2\/posts"}],"about":[{"href":"https:\/\/fyno.pt\/pt\/wp-json\/wp\/v2\/types\/post"}],"author":[{"embeddable":true,"href":"https:\/\/fyno.pt\/pt\/wp-json\/wp\/v2\/users\/9"}],"replies":[{"embeddable":true,"href":"https:\/\/fyno.pt\/pt\/wp-json\/wp\/v2\/comments?post=43423"}],"version-history":[{"count":1,"href":"https:\/\/fyno.pt\/pt\/wp-json\/wp\/v2\/posts\/43423\/revisions"}],"predecessor-version":[{"id":43425,"href":"https:\/\/fyno.pt\/pt\/wp-json\/wp\/v2\/posts\/43423\/revisions\/43425"}],"wp:featuredmedia":[{"embeddable":true,"href":"https:\/\/fyno.pt\/pt\/wp-json\/wp\/v2\/media\/43424"}],"wp:attachment":[{"href":"https:\/\/fyno.pt\/pt\/wp-json\/wp\/v2\/media?parent=43423"}],"wp:term":[{"taxonomy":"category","embeddable":true,"href":"https:\/\/fyno.pt\/pt\/wp-json\/wp\/v2\/categories?post=43423"},{"taxonomy":"post_tag","embeddable":true,"href":"https:\/\/fyno.pt\/pt\/wp-json\/wp\/v2\/tags?post=43423"}],"curies":[{"name":"wp","href":"https:\/\/api.w.org\/{rel}","templated":true}]}}