{"id":43420,"date":"2026-09-01T13:31:00","date_gmt":"2026-09-01T16:31:00","guid":{"rendered":"https:\/\/fyno.pt\/?p=43420"},"modified":"2026-09-01T13:31:00","modified_gmt":"2026-09-01T16:31:00","slug":"ventura-critica-luis-neves","status":"publish","type":"post","link":"https:\/\/fyno.pt\/pt\/news\/ventura-critica-luis-neves\/","title":{"rendered":"Ventura critica discurso de Lu\u00eds Neves e fala em mo\u00e7\u00e3o de censura ao governo"},"content":{"rendered":"<p>O l\u00edder do partido Chega, Andr\u00e9 Ventura, manifestou descontentamento com as declara\u00e7\u00f5es de Lu\u00eds Neves, considerando-as &#039;inqualific\u00e1veis&#039;. Ventura fez suas cr\u00edticas em um momento em que anunciou a inten\u00e7\u00e3o de apresentar uma mo\u00e7\u00e3o de censura ao Governo, caso Neves n\u00e3o seja afastado de seu cargo, que ocupa desde o in\u00edcio deste ano.<\/p>\n\n\n\n<h2 class=\"wp-block-heading\">Cr\u00edticas de Ventura<\/h2>\n\n\n\n<p>As declara\u00e7\u00f5es de Lu\u00eds Neves t\u00eam gerado pol\u00eamica e, segundo Ventura, levantam questionamentos sobre a capacidade do pol\u00edtico em compreender a posi\u00e7\u00e3o do primeiro-ministro. Ventura n\u00e3o hesitou em expressar sua indigna\u00e7\u00e3o, questionando: &#039;O que saber\u00e1 sobre o primeiro-ministro?&#039;.<\/p>\n\n\n\n<h2 class=\"wp-block-heading\">Consequ\u00eancias pol\u00edticas<\/h2>\n\n\n\n<p>A insatisfa\u00e7\u00e3o de Ventura se traduz em a\u00e7\u00f5es concretas, como a proposta de mo\u00e7\u00e3o de censura, que representa um movimento significativo na atual conjuntura pol\u00edtica. A medida visa pressionar o Governo e provocar um debate sobre a perman\u00eancia de Neves em sua fun\u00e7\u00e3o, refor\u00e7ando a postura cr\u00edtica do Chega em rela\u00e7\u00e3o \u00e0 administra\u00e7\u00e3o atual.<\/p>\n\n\n\n<p>Ventura, ao abordar a situa\u00e7\u00e3o, n\u00e3o apenas critica Neves, mas tamb\u00e9m busca mobilizar apoio para sua proposta, evidenciando a estrat\u00e9gia do Chega em se posicionar como uma alternativa pol\u00edtica vi\u00e1vel. O desenrolar dessa situa\u00e7\u00e3o poder\u00e1 impactar a din\u00e2mica pol\u00edtica e as rela\u00e7\u00f5es entre os partidos.<\/p>","protected":false},"excerpt":{"rendered":"<p>L\u00edder do Chega classifica declara\u00e7\u00f5es de Neves como &#8216;inqualific\u00e1veis&#8217; e exige sua sa\u00edda.<\/p>","protected":false},"author":9,"featured_media":43421,"comment_status":"open","ping_status":"open","sticky":false,"template":"","format":"standard","meta":{"footnotes":""},"categories":[560],"tags":[1864,1867,1865,1866,1040],"class_list":["post-43420","post","type-post","status-publish","format-standard","has-post-thumbnail","hentry","category-news","tag-andre-ventura","tag-chega","tag-luis-neves","tag-mocao-de-censura","tag-politica"],"yoast_head":"<!-- This site is optimized with the Yoast SEO Premium plugin v27.9 (Yoast SEO v27.9) - https:\/\/yoast.com\/product\/yoast-seo-premium-wordpress\/ -->\n<title>ventura critica declara\u00e7\u00f5es de lu\u00eds neves e prop\u00f5e mo\u00e7\u00e3o de censura<\/title>\n<meta name=\"description\" content=\"Andr\u00e9 Ventura critica Lu\u00eds Neves e anuncia mo\u00e7\u00e3o de censura ao governo, levantando quest\u00f5es sobre a capacidade pol\u00edtica do parlamentar.\" \/>\n<meta name=\"robots\" content=\"index, follow, max-snippet:-1, max-image-preview:large, max-video-preview:-1\" \/>\n<link rel=\"canonical\" href=\"https:\/\/fyno.pt\/pt\/news\/ventura-critica-luis-neves\/\" \/>\n<meta property=\"og:locale\" content=\"pt_PT\" \/>\n<meta property=\"og:type\" content=\"article\" \/>\n<meta property=\"og:title\" content=\"Ventura critica discurso de Lu\u00eds Neves e fala em mo\u00e7\u00e3o de censura ao governo\" \/>\n<meta property=\"og:description\" content=\"Andr\u00e9 Ventura critica Lu\u00eds Neves e anuncia mo\u00e7\u00e3o de censura ao governo, levantando quest\u00f5es sobre a capacidade pol\u00edtica do parlamentar.\" \/>\n<meta property=\"og:url\" content=\"https:\/\/fyno.pt\/pt\/news\/ventura-critica-luis-neves\/\" \/>\n<meta property=\"og:site_name\" content=\"Fyno\" \/>\n<meta property=\"article:published_time\" content=\"2026-09-01T16:31:00+00:00\" \/>\n<meta property=\"og:image\" content=\"https:\/\/fyno.pt\/wp-content\/uploads\/2026\/09\/postiaf5-image-1788280257.jpg\" \/>\n\t<meta property=\"og:image:width\" content=\"1200\" \/>\n\t<meta property=\"og:image:height\" content=\"630\" \/>\n\t<meta property=\"og:image:type\" content=\"image\/jpeg\" \/>\n<meta name=\"author\" content=\"Fyno\" \/>\n<meta name=\"twitter:card\" content=\"summary_large_image\" \/>\n<meta name=\"twitter:label1\" content=\"Escrito por\" \/>\n\t<meta name=\"twitter:data1\" content=\"Fyno\" \/>\n\t<meta name=\"twitter:label2\" content=\"Tempo estimado de leitura\" \/>\n\t<meta name=\"twitter:data2\" content=\"1 minuto\" \/>\n<script type=\"application\/ld+json\" class=\"yoast-schema-graph\">{\"@context\":\"https:\\\/\\\/schema.org\",\"@graph\":[{\"@type\":\"Article\",\"@id\":\"https:\\\/\\\/fyno.pt\\\/news\\\/ventura-critica-luis-neves\\\/#article\",\"isPartOf\":{\"@id\":\"https:\\\/\\\/fyno.pt\\\/news\\\/ventura-critica-luis-neves\\\/\"},\"author\":{\"name\":\"Fyno\",\"@id\":\"https:\\\/\\\/fyno.pt\\\/#\\\/schema\\\/person\\\/ab5b330ed5ed05f1b4a7b8e438f68187\"},\"headline\":\"Ventura critica discurso de Lu\u00eds Neves e fala em mo\u00e7\u00e3o de censura ao governo\",\"datePublished\":\"2026-09-01T16:31:00+00:00\",\"mainEntityOfPage\":{\"@id\":\"https:\\\/\\\/fyno.pt\\\/news\\\/ventura-critica-luis-neves\\\/\"},\"wordCount\":249,\"commentCount\":0,\"image\":{\"@id\":\"https:\\\/\\\/fyno.pt\\\/news\\\/ventura-critica-luis-neves\\\/#primaryimage\"},\"thumbnailUrl\":\"https:\\\/\\\/fyno.pt\\\/wp-content\\\/uploads\\\/2026\\\/09\\\/postiaf5-image-1788280257.jpg\",\"keywords\":[\"Andr\u00e9 Ventura\",\"Chega\",\"Lu\u00eds Neves\",\"mo\u00e7\u00e3o de censura\",\"pol\u00edtica\"],\"articleSection\":[\"News\"],\"inLanguage\":\"pt-PT\",\"potentialAction\":[{\"@type\":\"CommentAction\",\"name\":\"Comment\",\"target\":[\"https:\\\/\\\/fyno.pt\\\/news\\\/ventura-critica-luis-neves\\\/#respond\"]}]},{\"@type\":\"WebPage\",\"@id\":\"https:\\\/\\\/fyno.pt\\\/news\\\/ventura-critica-luis-neves\\\/\",\"url\":\"https:\\\/\\\/fyno.pt\\\/news\\\/ventura-critica-luis-neves\\\/\",\"name\":\"ventura critica declara\u00e7\u00f5es de lu\u00eds neves e prop\u00f5e mo\u00e7\u00e3o de censura\",\"isPartOf\":{\"@id\":\"https:\\\/\\\/fyno.pt\\\/#website\"},\"primaryImageOfPage\":{\"@id\":\"https:\\\/\\\/fyno.pt\\\/news\\\/ventura-critica-luis-neves\\\/#primaryimage\"},\"image\":{\"@id\":\"https:\\\/\\\/fyno.pt\\\/news\\\/ventura-critica-luis-neves\\\/#primaryimage\"},\"thumbnailUrl\":\"https:\\\/\\\/fyno.pt\\\/wp-content\\\/uploads\\\/2026\\\/09\\\/postiaf5-image-1788280257.jpg\",\"datePublished\":\"2026-09-01T16:31:00+00:00\",\"author\":{\"@id\":\"https:\\\/\\\/fyno.pt\\\/#\\\/schema\\\/person\\\/ab5b330ed5ed05f1b4a7b8e438f68187\"},\"description\":\"Andr\u00e9 Ventura critica Lu\u00eds Neves e anuncia mo\u00e7\u00e3o de censura ao governo, levantando quest\u00f5es sobre a capacidade pol\u00edtica do parlamentar.\",\"breadcrumb\":{\"@id\":\"https:\\\/\\\/fyno.pt\\\/news\\\/ventura-critica-luis-neves\\\/#breadcrumb\"},\"inLanguage\":\"pt-PT\",\"potentialAction\":[{\"@type\":\"ReadAction\",\"target\":[\"https:\\\/\\\/fyno.pt\\\/news\\\/ventura-critica-luis-neves\\\/\"]}]},{\"@type\":\"ImageObject\",\"inLanguage\":\"pt-PT\",\"@id\":\"https:\\\/\\\/fyno.pt\\\/news\\\/ventura-critica-luis-neves\\\/#primaryimage\",\"url\":\"https:\\\/\\\/fyno.pt\\\/wp-content\\\/uploads\\\/2026\\\/09\\\/postiaf5-image-1788280257.jpg\",\"contentUrl\":\"https:\\\/\\\/fyno.pt\\\/wp-content\\\/uploads\\\/2026\\\/09\\\/postiaf5-image-1788280257.jpg\",\"width\":1200,\"height\":630,\"caption\":\"Ventura considera \\\"inqualific\u00e1vel\\\" o discurso de Lu\u00eds Neves: \u201cO que saber\u00e1 sobre o primeiro-ministro?\\\"Cr\u00e9ditos:RICARDO CASTELO \\\/ LUSA\"},{\"@type\":\"BreadcrumbList\",\"@id\":\"https:\\\/\\\/fyno.pt\\\/news\\\/ventura-critica-luis-neves\\\/#breadcrumb\",\"itemListElement\":[{\"@type\":\"ListItem\",\"position\":1,\"name\":\"In\u00edcio\",\"item\":\"https:\\\/\\\/fyno.pt\\\/\"},{\"@type\":\"ListItem\",\"position\":2,\"name\":\"Ventura critica discurso de Lu\u00eds Neves e fala em mo\u00e7\u00e3o de censura ao governo\"}]},{\"@type\":\"WebSite\",\"@id\":\"https:\\\/\\\/fyno.pt\\\/#website\",\"url\":\"https:\\\/\\\/fyno.pt\\\/\",\"name\":\"Fyno\",\"description\":\"Not\u00edcia e informa\u00e7\u00e3o\",\"potentialAction\":[{\"@type\":\"SearchAction\",\"target\":{\"@type\":\"EntryPoint\",\"urlTemplate\":\"https:\\\/\\\/fyno.pt\\\/?s={search_term_string}\"},\"query-input\":{\"@type\":\"PropertyValueSpecification\",\"valueRequired\":true,\"valueName\":\"search_term_string\"}}],\"inLanguage\":\"pt-PT\"},{\"@type\":\"Person\",\"@id\":\"https:\\\/\\\/fyno.pt\\\/#\\\/schema\\\/person\\\/ab5b330ed5ed05f1b4a7b8e438f68187\",\"name\":\"Fyno\",\"image\":{\"@type\":\"ImageObject\",\"inLanguage\":\"pt-PT\",\"@id\":\"https:\\\/\\\/fyno.pt\\\/wp-content\\\/litespeed\\\/avatar\\\/8f51870e8d94c234e288da840d914372.jpg?ver=1788205134\",\"url\":\"https:\\\/\\\/fyno.pt\\\/wp-content\\\/litespeed\\\/avatar\\\/8f51870e8d94c234e288da840d914372.jpg?ver=1788205134\",\"contentUrl\":\"https:\\\/\\\/fyno.pt\\\/wp-content\\\/litespeed\\\/avatar\\\/8f51870e8d94c234e288da840d914372.jpg?ver=1788205134\",\"caption\":\"Fyno\"},\"description\":\"A sua fonte de informa\u00e7\u00e3o.\",\"url\":\"https:\\\/\\\/fyno.pt\\\/pt\\\/author\\\/fynopt\\\/\"}]}<\/script>\n<!-- \/ Yoast SEO Premium plugin. -->","yoast_head_json":{"title":"ventura critica declara\u00e7\u00f5es de lu\u00eds neves e prop\u00f5e mo\u00e7\u00e3o de censura","description":"Andr\u00e9 Ventura critica Lu\u00eds Neves e anuncia mo\u00e7\u00e3o de censura ao governo, levantando quest\u00f5es sobre a capacidade pol\u00edtica do parlamentar.","robots":{"index":"index","follow":"follow","max-snippet":"max-snippet:-1","max-image-preview":"max-image-preview:large","max-video-preview":"max-video-preview:-1"},"canonical":"https:\/\/fyno.pt\/pt\/news\/ventura-critica-luis-neves\/","og_locale":"pt_PT","og_type":"article","og_title":"Ventura critica discurso de Lu\u00eds Neves e fala em mo\u00e7\u00e3o de censura ao governo","og_description":"Andr\u00e9 Ventura critica Lu\u00eds Neves e anuncia mo\u00e7\u00e3o de censura ao governo, levantando quest\u00f5es sobre a capacidade pol\u00edtica do parlamentar.","og_url":"https:\/\/fyno.pt\/pt\/news\/ventura-critica-luis-neves\/","og_site_name":"Fyno","article_published_time":"2026-09-01T16:31:00+00:00","og_image":[{"width":1200,"height":630,"url":"https:\/\/fyno.pt\/wp-content\/uploads\/2026\/09\/postiaf5-image-1788280257.jpg","type":"image\/jpeg"}],"author":"Fyno","twitter_card":"summary_large_image","twitter_misc":{"Escrito por":"Fyno","Tempo estimado de leitura":"1 minuto"},"schema":{"@context":"https:\/\/schema.org","@graph":[{"@type":"Article","@id":"https:\/\/fyno.pt\/news\/ventura-critica-luis-neves\/#article","isPartOf":{"@id":"https:\/\/fyno.pt\/news\/ventura-critica-luis-neves\/"},"author":{"name":"Fyno","@id":"https:\/\/fyno.pt\/#\/schema\/person\/ab5b330ed5ed05f1b4a7b8e438f68187"},"headline":"Ventura critica discurso de Lu\u00eds Neves e fala em mo\u00e7\u00e3o de censura ao governo","datePublished":"2026-09-01T16:31:00+00:00","mainEntityOfPage":{"@id":"https:\/\/fyno.pt\/news\/ventura-critica-luis-neves\/"},"wordCount":249,"commentCount":0,"image":{"@id":"https:\/\/fyno.pt\/news\/ventura-critica-luis-neves\/#primaryimage"},"thumbnailUrl":"https:\/\/fyno.pt\/wp-content\/uploads\/2026\/09\/postiaf5-image-1788280257.jpg","keywords":["Andr\u00e9 Ventura","Chega","Lu\u00eds Neves","mo\u00e7\u00e3o de censura","pol\u00edtica"],"articleSection":["News"],"inLanguage":"pt-PT","potentialAction":[{"@type":"CommentAction","name":"Comment","target":["https:\/\/fyno.pt\/news\/ventura-critica-luis-neves\/#respond"]}]},{"@type":"WebPage","@id":"https:\/\/fyno.pt\/news\/ventura-critica-luis-neves\/","url":"https:\/\/fyno.pt\/news\/ventura-critica-luis-neves\/","name":"ventura critica declara\u00e7\u00f5es de lu\u00eds neves e prop\u00f5e mo\u00e7\u00e3o de censura","isPartOf":{"@id":"https:\/\/fyno.pt\/#website"},"primaryImageOfPage":{"@id":"https:\/\/fyno.pt\/news\/ventura-critica-luis-neves\/#primaryimage"},"image":{"@id":"https:\/\/fyno.pt\/news\/ventura-critica-luis-neves\/#primaryimage"},"thumbnailUrl":"https:\/\/fyno.pt\/wp-content\/uploads\/2026\/09\/postiaf5-image-1788280257.jpg","datePublished":"2026-09-01T16:31:00+00:00","author":{"@id":"https:\/\/fyno.pt\/#\/schema\/person\/ab5b330ed5ed05f1b4a7b8e438f68187"},"description":"Andr\u00e9 Ventura critica Lu\u00eds Neves e anuncia mo\u00e7\u00e3o de censura ao governo, levantando quest\u00f5es sobre a capacidade pol\u00edtica do parlamentar.","breadcrumb":{"@id":"https:\/\/fyno.pt\/news\/ventura-critica-luis-neves\/#breadcrumb"},"inLanguage":"pt-PT","potentialAction":[{"@type":"ReadAction","target":["https:\/\/fyno.pt\/news\/ventura-critica-luis-neves\/"]}]},{"@type":"ImageObject","inLanguage":"pt-PT","@id":"https:\/\/fyno.pt\/news\/ventura-critica-luis-neves\/#primaryimage","url":"https:\/\/fyno.pt\/wp-content\/uploads\/2026\/09\/postiaf5-image-1788280257.jpg","contentUrl":"https:\/\/fyno.pt\/wp-content\/uploads\/2026\/09\/postiaf5-image-1788280257.jpg","width":1200,"height":630,"caption":"Ventura considera \"inqualific\u00e1vel\" o discurso de Lu\u00eds Neves: \u201cO que saber\u00e1 sobre o primeiro-ministro?\"Cr\u00e9ditos:RICARDO CASTELO \/ LUSA"},{"@type":"BreadcrumbList","@id":"https:\/\/fyno.pt\/news\/ventura-critica-luis-neves\/#breadcrumb","itemListElement":[{"@type":"ListItem","position":1,"name":"In\u00edcio","item":"https:\/\/fyno.pt\/"},{"@type":"ListItem","position":2,"name":"Ventura critica discurso de Lu\u00eds Neves e fala em mo\u00e7\u00e3o de censura ao governo"}]},{"@type":"WebSite","@id":"https:\/\/fyno.pt\/#website","url":"https:\/\/fyno.pt\/","name":"Fyno","description":"Not\u00edcia e informa\u00e7\u00e3o","potentialAction":[{"@type":"SearchAction","target":{"@type":"EntryPoint","urlTemplate":"https:\/\/fyno.pt\/?s={search_term_string}"},"query-input":{"@type":"PropertyValueSpecification","valueRequired":true,"valueName":"search_term_string"}}],"inLanguage":"pt-PT"},{"@type":"Person","@id":"https:\/\/fyno.pt\/#\/schema\/person\/ab5b330ed5ed05f1b4a7b8e438f68187","name":"Fyno","image":{"@type":"ImageObject","inLanguage":"pt-PT","@id":"https:\/\/fyno.pt\/wp-content\/litespeed\/avatar\/8f51870e8d94c234e288da840d914372.jpg?ver=1788205134","url":"https:\/\/fyno.pt\/wp-content\/litespeed\/avatar\/8f51870e8d94c234e288da840d914372.jpg?ver=1788205134","contentUrl":"https:\/\/fyno.pt\/wp-content\/litespeed\/avatar\/8f51870e8d94c234e288da840d914372.jpg?ver=1788205134","caption":"Fyno"},"description":"A sua fonte de informa\u00e7\u00e3o.","url":"https:\/\/fyno.pt\/pt\/author\/fynopt\/"}]}},"_links":{"self":[{"href":"https:\/\/fyno.pt\/pt\/wp-json\/wp\/v2\/posts\/43420","targetHints":{"allow":["GET"]}}],"collection":[{"href":"https:\/\/fyno.pt\/pt\/wp-json\/wp\/v2\/posts"}],"about":[{"href":"https:\/\/fyno.pt\/pt\/wp-json\/wp\/v2\/types\/post"}],"author":[{"embeddable":true,"href":"https:\/\/fyno.pt\/pt\/wp-json\/wp\/v2\/users\/9"}],"replies":[{"embeddable":true,"href":"https:\/\/fyno.pt\/pt\/wp-json\/wp\/v2\/comments?post=43420"}],"version-history":[{"count":1,"href":"https:\/\/fyno.pt\/pt\/wp-json\/wp\/v2\/posts\/43420\/revisions"}],"predecessor-version":[{"id":43422,"href":"https:\/\/fyno.pt\/pt\/wp-json\/wp\/v2\/posts\/43420\/revisions\/43422"}],"wp:featuredmedia":[{"embeddable":true,"href":"https:\/\/fyno.pt\/pt\/wp-json\/wp\/v2\/media\/43421"}],"wp:attachment":[{"href":"https:\/\/fyno.pt\/pt\/wp-json\/wp\/v2\/media?parent=43420"}],"wp:term":[{"taxonomy":"category","embeddable":true,"href":"https:\/\/fyno.pt\/pt\/wp-json\/wp\/v2\/categories?post=43420"},{"taxonomy":"post_tag","embeddable":true,"href":"https:\/\/fyno.pt\/pt\/wp-json\/wp\/v2\/tags?post=43420"}],"curies":[{"name":"wp","href":"https:\/\/api.w.org\/{rel}","templated":true}]}}