{"id":43414,"date":"2026-09-01T12:29:46","date_gmt":"2026-09-01T15:29:46","guid":{"rendered":"https:\/\/fyno.pt\/pt\/?p=43414"},"modified":"2026-09-01T12:29:46","modified_gmt":"2026-09-01T15:29:46","slug":"vagas-segunda-fase-acesso-superior","status":"publish","type":"post","link":"https:\/\/fyno.pt\/pt\/news\/vagas-segunda-fase-acesso-superior\/","title":{"rendered":"Vagas na segunda fase de acesso ao superior chegam a 11 mil"},"content":{"rendered":"<p>Na segunda fase do acesso ao ensino superior, est\u00e3o dispon\u00edveis aproximadamente 11 mil vagas. O aumento se deve ao fato de que cerca de 4.500 candidatos que foram colocados na primeira fase n\u00e3o efetivaram suas matr\u00edculas.<\/p>\n\n\n\n<h2 class=\"wp-block-heading\">Situa\u00e7\u00e3o das vagas<\/h2>\n\n\n\n<p>A tutela informou que, dentre os quase 50 mil alunos que conseguiram uma coloca\u00e7\u00e3o na primeira fase, uma parte significativa n\u00e3o compareceu para se matricular. Isso resultou em um n\u00famero expressivo de vagas remanescentes para a segunda fase, aumentando as oportunidades para novos candidatos.<\/p>\n\n\n\n<h2 class=\"wp-block-heading\">Pr\u00f3ximos Passos<\/h2>\n\n\n\n<p>Os interessados em garantir uma vaga devem ficar atentos aos prazos e procedimentos de inscri\u00e7\u00e3o. A possibilidade de acesso ao ensino superior \u00e9 uma oportunidade importante para muitos estudantes que buscam avan\u00e7ar em suas carreiras.<\/p>\n\n\n\n<h2 class=\"wp-block-heading\">Cursos Dispon\u00edveis<\/h2>\n\n\n\n<p>A lista completa dos cursos com vagas dispon\u00edveis na segunda fase ser\u00e1 divulgada em breve, permitindo que os candidatos escolham as op\u00e7\u00f5es que melhor atendem \u00e0s suas expectativas e objetivos profissionais.<\/p>","protected":false},"excerpt":{"rendered":"<p>Cerca de 4.500 alunos n\u00e3o se matricularam ap\u00f3s a primeira fase do processo seletivo.<\/p>","protected":false},"author":9,"featured_media":43415,"comment_status":"open","ping_status":"open","sticky":false,"template":"","format":"standard","meta":{"footnotes":""},"categories":[560],"tags":[1861,1859,1858,1860,1857],"class_list":["post-43414","post","type-post","status-publish","format-standard","has-post-thumbnail","hentry","category-news","tag-candidatos","tag-cursos","tag-ensino-superior","tag-inscricao","tag-vagas"],"yoast_head":"<!-- This site is optimized with the Yoast SEO Premium plugin v27.9 (Yoast SEO v27.9) - https:\/\/yoast.com\/product\/yoast-seo-premium-wordpress\/ -->\n<title>Vagas na segunda fase de acesso ao ensino superior chegam a 11 mil<\/title>\n<meta name=\"description\" content=\"Est\u00e3o dispon\u00edveis 11 mil vagas na segunda fase do acesso ao ensino superior ap\u00f3s n\u00e3o matr\u00edcula de candidatos da primeira fase.\" \/>\n<meta name=\"robots\" content=\"index, follow, max-snippet:-1, max-image-preview:large, max-video-preview:-1\" \/>\n<link rel=\"canonical\" href=\"https:\/\/fyno.pt\/pt\/news\/vagas-segunda-fase-acesso-superior\/\" \/>\n<meta property=\"og:locale\" content=\"pt_PT\" \/>\n<meta property=\"og:type\" content=\"article\" \/>\n<meta property=\"og:title\" content=\"Vagas na segunda fase de acesso ao superior chegam a 11 mil\" \/>\n<meta property=\"og:description\" content=\"Est\u00e3o dispon\u00edveis 11 mil vagas na segunda fase do acesso ao ensino superior ap\u00f3s n\u00e3o matr\u00edcula de candidatos da primeira fase.\" \/>\n<meta property=\"og:url\" content=\"https:\/\/fyno.pt\/pt\/news\/vagas-segunda-fase-acesso-superior\/\" \/>\n<meta property=\"og:site_name\" content=\"Fyno\" \/>\n<meta property=\"article:published_time\" content=\"2026-09-01T15:29:46+00:00\" \/>\n<meta property=\"og:image\" content=\"https:\/\/fyno.pt\/wp-content\/uploads\/2026\/09\/cropped-26715171-scaled-4.jpg\" \/>\n\t<meta property=\"og:image:width\" content=\"1200\" \/>\n\t<meta property=\"og:image:height\" content=\"675\" \/>\n\t<meta property=\"og:image:type\" content=\"image\/jpeg\" \/>\n<meta name=\"author\" content=\"Fyno\" \/>\n<meta name=\"twitter:card\" content=\"summary_large_image\" \/>\n<meta name=\"twitter:label1\" content=\"Escrito por\" \/>\n\t<meta name=\"twitter:data1\" content=\"Fyno\" \/>\n\t<meta name=\"twitter:label2\" content=\"Tempo estimado de leitura\" \/>\n\t<meta name=\"twitter:data2\" content=\"1 minuto\" \/>\n<script type=\"application\/ld+json\" class=\"yoast-schema-graph\">{\"@context\":\"https:\\\/\\\/schema.org\",\"@graph\":[{\"@type\":\"Article\",\"@id\":\"https:\\\/\\\/fyno.pt\\\/pt\\\/news\\\/vagas-segunda-fase-acesso-superior\\\/#article\",\"isPartOf\":{\"@id\":\"https:\\\/\\\/fyno.pt\\\/pt\\\/news\\\/vagas-segunda-fase-acesso-superior\\\/\"},\"author\":{\"name\":\"Fyno\",\"@id\":\"https:\\\/\\\/fyno.pt\\\/#\\\/schema\\\/person\\\/ab5b330ed5ed05f1b4a7b8e438f68187\"},\"headline\":\"Vagas na segunda fase de acesso ao superior chegam a 11 mil\",\"datePublished\":\"2026-09-01T15:29:46+00:00\",\"mainEntityOfPage\":{\"@id\":\"https:\\\/\\\/fyno.pt\\\/pt\\\/news\\\/vagas-segunda-fase-acesso-superior\\\/\"},\"wordCount\":174,\"commentCount\":0,\"image\":{\"@id\":\"https:\\\/\\\/fyno.pt\\\/pt\\\/news\\\/vagas-segunda-fase-acesso-superior\\\/#primaryimage\"},\"thumbnailUrl\":\"https:\\\/\\\/fyno.pt\\\/wp-content\\\/uploads\\\/2026\\\/09\\\/cropped-26715171-scaled-4.jpg\",\"keywords\":[\"candidatos\",\"cursos\",\"ensino superior\",\"inscri\u00e7\u00e3o\",\"vagas\"],\"articleSection\":[\"News\"],\"inLanguage\":\"pt-PT\",\"potentialAction\":[{\"@type\":\"CommentAction\",\"name\":\"Comment\",\"target\":[\"https:\\\/\\\/fyno.pt\\\/pt\\\/news\\\/vagas-segunda-fase-acesso-superior\\\/#respond\"]}]},{\"@type\":\"WebPage\",\"@id\":\"https:\\\/\\\/fyno.pt\\\/pt\\\/news\\\/vagas-segunda-fase-acesso-superior\\\/\",\"url\":\"https:\\\/\\\/fyno.pt\\\/pt\\\/news\\\/vagas-segunda-fase-acesso-superior\\\/\",\"name\":\"Vagas na segunda fase de acesso ao ensino superior chegam a 11 mil\",\"isPartOf\":{\"@id\":\"https:\\\/\\\/fyno.pt\\\/#website\"},\"primaryImageOfPage\":{\"@id\":\"https:\\\/\\\/fyno.pt\\\/pt\\\/news\\\/vagas-segunda-fase-acesso-superior\\\/#primaryimage\"},\"image\":{\"@id\":\"https:\\\/\\\/fyno.pt\\\/pt\\\/news\\\/vagas-segunda-fase-acesso-superior\\\/#primaryimage\"},\"thumbnailUrl\":\"https:\\\/\\\/fyno.pt\\\/wp-content\\\/uploads\\\/2026\\\/09\\\/cropped-26715171-scaled-4.jpg\",\"datePublished\":\"2026-09-01T15:29:46+00:00\",\"author\":{\"@id\":\"https:\\\/\\\/fyno.pt\\\/#\\\/schema\\\/person\\\/ab5b330ed5ed05f1b4a7b8e438f68187\"},\"description\":\"Est\u00e3o dispon\u00edveis 11 mil vagas na segunda fase do acesso ao ensino superior ap\u00f3s n\u00e3o matr\u00edcula de candidatos da primeira fase.\",\"breadcrumb\":{\"@id\":\"https:\\\/\\\/fyno.pt\\\/pt\\\/news\\\/vagas-segunda-fase-acesso-superior\\\/#breadcrumb\"},\"inLanguage\":\"pt-PT\",\"potentialAction\":[{\"@type\":\"ReadAction\",\"target\":[\"https:\\\/\\\/fyno.pt\\\/pt\\\/news\\\/vagas-segunda-fase-acesso-superior\\\/\"]}]},{\"@type\":\"ImageObject\",\"inLanguage\":\"pt-PT\",\"@id\":\"https:\\\/\\\/fyno.pt\\\/pt\\\/news\\\/vagas-segunda-fase-acesso-superior\\\/#primaryimage\",\"url\":\"https:\\\/\\\/fyno.pt\\\/wp-content\\\/uploads\\\/2026\\\/09\\\/cropped-26715171-scaled-4.jpg\",\"contentUrl\":\"https:\\\/\\\/fyno.pt\\\/wp-content\\\/uploads\\\/2026\\\/09\\\/cropped-26715171-scaled-4.jpg\",\"width\":1200,\"height\":675,\"caption\":\"Foto: eco.sapo.pt\"},{\"@type\":\"BreadcrumbList\",\"@id\":\"https:\\\/\\\/fyno.pt\\\/pt\\\/news\\\/vagas-segunda-fase-acesso-superior\\\/#breadcrumb\",\"itemListElement\":[{\"@type\":\"ListItem\",\"position\":1,\"name\":\"In\u00edcio\",\"item\":\"https:\\\/\\\/fyno.pt\\\/\"},{\"@type\":\"ListItem\",\"position\":2,\"name\":\"Vagas na segunda fase de acesso ao superior chegam a 11 mil\"}]},{\"@type\":\"WebSite\",\"@id\":\"https:\\\/\\\/fyno.pt\\\/#website\",\"url\":\"https:\\\/\\\/fyno.pt\\\/\",\"name\":\"Fyno\",\"description\":\"Not\u00edcia e informa\u00e7\u00e3o\",\"potentialAction\":[{\"@type\":\"SearchAction\",\"target\":{\"@type\":\"EntryPoint\",\"urlTemplate\":\"https:\\\/\\\/fyno.pt\\\/?s={search_term_string}\"},\"query-input\":{\"@type\":\"PropertyValueSpecification\",\"valueRequired\":true,\"valueName\":\"search_term_string\"}}],\"inLanguage\":\"pt-PT\"},{\"@type\":\"Person\",\"@id\":\"https:\\\/\\\/fyno.pt\\\/#\\\/schema\\\/person\\\/ab5b330ed5ed05f1b4a7b8e438f68187\",\"name\":\"Fyno\",\"image\":{\"@type\":\"ImageObject\",\"inLanguage\":\"pt-PT\",\"@id\":\"https:\\\/\\\/fyno.pt\\\/wp-content\\\/litespeed\\\/avatar\\\/8f51870e8d94c234e288da840d914372.jpg?ver=1788205134\",\"url\":\"https:\\\/\\\/fyno.pt\\\/wp-content\\\/litespeed\\\/avatar\\\/8f51870e8d94c234e288da840d914372.jpg?ver=1788205134\",\"contentUrl\":\"https:\\\/\\\/fyno.pt\\\/wp-content\\\/litespeed\\\/avatar\\\/8f51870e8d94c234e288da840d914372.jpg?ver=1788205134\",\"caption\":\"Fyno\"},\"description\":\"A sua fonte de informa\u00e7\u00e3o.\",\"url\":\"https:\\\/\\\/fyno.pt\\\/pt\\\/author\\\/fynopt\\\/\"}]}<\/script>\n<!-- \/ Yoast SEO Premium plugin. -->","yoast_head_json":{"title":"Vagas na segunda fase de acesso ao ensino superior chegam a 11 mil","description":"Est\u00e3o dispon\u00edveis 11 mil vagas na segunda fase do acesso ao ensino superior ap\u00f3s n\u00e3o matr\u00edcula de candidatos da primeira fase.","robots":{"index":"index","follow":"follow","max-snippet":"max-snippet:-1","max-image-preview":"max-image-preview:large","max-video-preview":"max-video-preview:-1"},"canonical":"https:\/\/fyno.pt\/pt\/news\/vagas-segunda-fase-acesso-superior\/","og_locale":"pt_PT","og_type":"article","og_title":"Vagas na segunda fase de acesso ao superior chegam a 11 mil","og_description":"Est\u00e3o dispon\u00edveis 11 mil vagas na segunda fase do acesso ao ensino superior ap\u00f3s n\u00e3o matr\u00edcula de candidatos da primeira fase.","og_url":"https:\/\/fyno.pt\/pt\/news\/vagas-segunda-fase-acesso-superior\/","og_site_name":"Fyno","article_published_time":"2026-09-01T15:29:46+00:00","og_image":[{"width":1200,"height":675,"url":"https:\/\/fyno.pt\/wp-content\/uploads\/2026\/09\/cropped-26715171-scaled-4.jpg","type":"image\/jpeg"}],"author":"Fyno","twitter_card":"summary_large_image","twitter_misc":{"Escrito por":"Fyno","Tempo estimado de leitura":"1 minuto"},"schema":{"@context":"https:\/\/schema.org","@graph":[{"@type":"Article","@id":"https:\/\/fyno.pt\/pt\/news\/vagas-segunda-fase-acesso-superior\/#article","isPartOf":{"@id":"https:\/\/fyno.pt\/pt\/news\/vagas-segunda-fase-acesso-superior\/"},"author":{"name":"Fyno","@id":"https:\/\/fyno.pt\/#\/schema\/person\/ab5b330ed5ed05f1b4a7b8e438f68187"},"headline":"Vagas na segunda fase de acesso ao superior chegam a 11 mil","datePublished":"2026-09-01T15:29:46+00:00","mainEntityOfPage":{"@id":"https:\/\/fyno.pt\/pt\/news\/vagas-segunda-fase-acesso-superior\/"},"wordCount":174,"commentCount":0,"image":{"@id":"https:\/\/fyno.pt\/pt\/news\/vagas-segunda-fase-acesso-superior\/#primaryimage"},"thumbnailUrl":"https:\/\/fyno.pt\/wp-content\/uploads\/2026\/09\/cropped-26715171-scaled-4.jpg","keywords":["candidatos","cursos","ensino superior","inscri\u00e7\u00e3o","vagas"],"articleSection":["News"],"inLanguage":"pt-PT","potentialAction":[{"@type":"CommentAction","name":"Comment","target":["https:\/\/fyno.pt\/pt\/news\/vagas-segunda-fase-acesso-superior\/#respond"]}]},{"@type":"WebPage","@id":"https:\/\/fyno.pt\/pt\/news\/vagas-segunda-fase-acesso-superior\/","url":"https:\/\/fyno.pt\/pt\/news\/vagas-segunda-fase-acesso-superior\/","name":"Vagas na segunda fase de acesso ao ensino superior chegam a 11 mil","isPartOf":{"@id":"https:\/\/fyno.pt\/#website"},"primaryImageOfPage":{"@id":"https:\/\/fyno.pt\/pt\/news\/vagas-segunda-fase-acesso-superior\/#primaryimage"},"image":{"@id":"https:\/\/fyno.pt\/pt\/news\/vagas-segunda-fase-acesso-superior\/#primaryimage"},"thumbnailUrl":"https:\/\/fyno.pt\/wp-content\/uploads\/2026\/09\/cropped-26715171-scaled-4.jpg","datePublished":"2026-09-01T15:29:46+00:00","author":{"@id":"https:\/\/fyno.pt\/#\/schema\/person\/ab5b330ed5ed05f1b4a7b8e438f68187"},"description":"Est\u00e3o dispon\u00edveis 11 mil vagas na segunda fase do acesso ao ensino superior ap\u00f3s n\u00e3o matr\u00edcula de candidatos da primeira fase.","breadcrumb":{"@id":"https:\/\/fyno.pt\/pt\/news\/vagas-segunda-fase-acesso-superior\/#breadcrumb"},"inLanguage":"pt-PT","potentialAction":[{"@type":"ReadAction","target":["https:\/\/fyno.pt\/pt\/news\/vagas-segunda-fase-acesso-superior\/"]}]},{"@type":"ImageObject","inLanguage":"pt-PT","@id":"https:\/\/fyno.pt\/pt\/news\/vagas-segunda-fase-acesso-superior\/#primaryimage","url":"https:\/\/fyno.pt\/wp-content\/uploads\/2026\/09\/cropped-26715171-scaled-4.jpg","contentUrl":"https:\/\/fyno.pt\/wp-content\/uploads\/2026\/09\/cropped-26715171-scaled-4.jpg","width":1200,"height":675,"caption":"Foto: eco.sapo.pt"},{"@type":"BreadcrumbList","@id":"https:\/\/fyno.pt\/pt\/news\/vagas-segunda-fase-acesso-superior\/#breadcrumb","itemListElement":[{"@type":"ListItem","position":1,"name":"In\u00edcio","item":"https:\/\/fyno.pt\/"},{"@type":"ListItem","position":2,"name":"Vagas na segunda fase de acesso ao superior chegam a 11 mil"}]},{"@type":"WebSite","@id":"https:\/\/fyno.pt\/#website","url":"https:\/\/fyno.pt\/","name":"Fyno","description":"Not\u00edcia e informa\u00e7\u00e3o","potentialAction":[{"@type":"SearchAction","target":{"@type":"EntryPoint","urlTemplate":"https:\/\/fyno.pt\/?s={search_term_string}"},"query-input":{"@type":"PropertyValueSpecification","valueRequired":true,"valueName":"search_term_string"}}],"inLanguage":"pt-PT"},{"@type":"Person","@id":"https:\/\/fyno.pt\/#\/schema\/person\/ab5b330ed5ed05f1b4a7b8e438f68187","name":"Fyno","image":{"@type":"ImageObject","inLanguage":"pt-PT","@id":"https:\/\/fyno.pt\/wp-content\/litespeed\/avatar\/8f51870e8d94c234e288da840d914372.jpg?ver=1788205134","url":"https:\/\/fyno.pt\/wp-content\/litespeed\/avatar\/8f51870e8d94c234e288da840d914372.jpg?ver=1788205134","contentUrl":"https:\/\/fyno.pt\/wp-content\/litespeed\/avatar\/8f51870e8d94c234e288da840d914372.jpg?ver=1788205134","caption":"Fyno"},"description":"A sua fonte de informa\u00e7\u00e3o.","url":"https:\/\/fyno.pt\/pt\/author\/fynopt\/"}]}},"_links":{"self":[{"href":"https:\/\/fyno.pt\/pt\/wp-json\/wp\/v2\/posts\/43414","targetHints":{"allow":["GET"]}}],"collection":[{"href":"https:\/\/fyno.pt\/pt\/wp-json\/wp\/v2\/posts"}],"about":[{"href":"https:\/\/fyno.pt\/pt\/wp-json\/wp\/v2\/types\/post"}],"author":[{"embeddable":true,"href":"https:\/\/fyno.pt\/pt\/wp-json\/wp\/v2\/users\/9"}],"replies":[{"embeddable":true,"href":"https:\/\/fyno.pt\/pt\/wp-json\/wp\/v2\/comments?post=43414"}],"version-history":[{"count":1,"href":"https:\/\/fyno.pt\/pt\/wp-json\/wp\/v2\/posts\/43414\/revisions"}],"predecessor-version":[{"id":43416,"href":"https:\/\/fyno.pt\/pt\/wp-json\/wp\/v2\/posts\/43414\/revisions\/43416"}],"wp:featuredmedia":[{"embeddable":true,"href":"https:\/\/fyno.pt\/pt\/wp-json\/wp\/v2\/media\/43415"}],"wp:attachment":[{"href":"https:\/\/fyno.pt\/pt\/wp-json\/wp\/v2\/media?parent=43414"}],"wp:term":[{"taxonomy":"category","embeddable":true,"href":"https:\/\/fyno.pt\/pt\/wp-json\/wp\/v2\/categories?post=43414"},{"taxonomy":"post_tag","embeddable":true,"href":"https:\/\/fyno.pt\/pt\/wp-json\/wp\/v2\/tags?post=43414"}],"curies":[{"name":"wp","href":"https:\/\/api.w.org\/{rel}","templated":true}]}}