{"id":43411,"date":"2026-09-01T11:58:57","date_gmt":"2026-09-01T14:58:57","guid":{"rendered":"https:\/\/fyno.pt\/?p=43411"},"modified":"2026-09-01T11:58:57","modified_gmt":"2026-09-01T14:58:57","slug":"apagao-gary-michael-jackson","status":"publish","type":"post","link":"https:\/\/fyno.pt\/pt\/news\/apagao-gary-michael-jackson\/","title":{"rendered":"Apag\u00e3o de 15 dias em Gary, cidade natal de Michael Jackson, gera cr\u00edticas nos EUA"},"content":{"rendered":"<p>Milhares de residentes de Gary, Indiana, enfrentaram um apag\u00e3o que durou 15 dias, ap\u00f3s uma intensa tempestade que atingiu a regi\u00e3o em 11 de agosto. A situa\u00e7\u00e3o gerou frustra\u00e7\u00e3o e cr\u00edticas por parte da popula\u00e7\u00e3o local, que ficou sem energia el\u00e9trica e enfrentou grandes dificuldades no dia a dia.<\/p>\n\n\n\n<h2 class=\"wp-block-heading\">Impacto na comunidade<\/h2>\n\n\n\n<p>O apag\u00e3o afetou severamente a rotina dos habitantes, que se viram obrigados a lidar com a falta de ilumina\u00e7\u00e3o e o comprometimento de servi\u00e7os essenciais. A aus\u00eancia de energia el\u00e9trica tamb\u00e9m impactou o funcionamento de estabelecimentos comerciais e servi\u00e7os p\u00fablicos, agravando ainda mais a situa\u00e7\u00e3o.<\/p>\n\n\n\n<h2 class=\"wp-block-heading\">Cr\u00edticas e descontentamento<\/h2>\n\n\n\n<p>A dura\u00e7\u00e3o do apag\u00e3o gerou um coro de cr\u00edticas, tanto de moradores quanto de autoridades locais. A insatisfa\u00e7\u00e3o com a resposta das empresas respons\u00e1veis pela distribui\u00e7\u00e3o de energia el\u00e9trica se intensificou, levando a comunidade a questionar a capacidade de resposta em situa\u00e7\u00f5es de emerg\u00eancia.<\/p>\n\n\n\n<h2 class=\"wp-block-heading\">Caminhos para a recupera\u00e7\u00e3o<\/h2>\n\n\n\n<p>Com a normaliza\u00e7\u00e3o do fornecimento de energia, os residentes de Gary come\u00e7am a se recuperar das dificuldades enfrentadas durante o apag\u00e3o. No entanto, a situa\u00e7\u00e3o levantou quest\u00f5es sobre a infraestrutura local e a necessidade de melhorias para garantir que eventos semelhantes n\u00e3o causem tanto transtorno no futuro.<\/p>","protected":false},"excerpt":{"rendered":"<p>Moradores enfrentaram dificuldades ap\u00f3s forte tempestade em Indiana no in\u00edcio de agosto.<\/p>","protected":false},"author":9,"featured_media":43412,"comment_status":"open","ping_status":"open","sticky":false,"template":"","format":"standard","meta":{"footnotes":""},"categories":[560],"tags":[1852,1856,1855,1853,1854],"class_list":["post-43411","post","type-post","status-publish","format-standard","has-post-thumbnail","hentry","category-news","tag-apagao","tag-criticas","tag-energia","tag-gary","tag-michael-jackson"],"yoast_head":"<!-- This site is optimized with the Yoast SEO Premium plugin v27.9 (Yoast SEO v27.9) - https:\/\/yoast.com\/product\/yoast-seo-premium-wordpress\/ -->\n<title>apag\u00e3o de 15 dias em Gary causa revolta entre moradores<\/title>\n<meta name=\"description\" content=\"Apag\u00e3o de 15 dias em Gary gera cr\u00edticas e frustra\u00e7\u00e3o entre moradores da cidade natal de Michael Jackson.\" \/>\n<meta name=\"robots\" content=\"index, follow, max-snippet:-1, max-image-preview:large, max-video-preview:-1\" \/>\n<link rel=\"canonical\" href=\"https:\/\/fyno.pt\/pt\/news\/apagao-gary-michael-jackson\/\" \/>\n<meta property=\"og:locale\" content=\"pt_PT\" \/>\n<meta property=\"og:type\" content=\"article\" \/>\n<meta property=\"og:title\" content=\"Apag\u00e3o de 15 dias em Gary, cidade natal de Michael Jackson, gera cr\u00edticas nos EUA\" \/>\n<meta property=\"og:description\" content=\"Apag\u00e3o de 15 dias em Gary gera cr\u00edticas e frustra\u00e7\u00e3o entre moradores da cidade natal de Michael Jackson.\" \/>\n<meta property=\"og:url\" content=\"https:\/\/fyno.pt\/pt\/news\/apagao-gary-michael-jackson\/\" \/>\n<meta property=\"og:site_name\" content=\"Fyno\" \/>\n<meta property=\"article:published_time\" content=\"2026-09-01T14:58:57+00:00\" \/>\n<meta property=\"og:image\" content=\"https:\/\/fyno.pt\/wp-content\/uploads\/2026\/09\/anthony-indraus-Bb9jWuTMPUk-unsplash-1536x864-1.jpg\" \/>\n\t<meta property=\"og:image:width\" content=\"1200\" \/>\n\t<meta property=\"og:image:height\" content=\"800\" \/>\n\t<meta property=\"og:image:type\" content=\"image\/webp\" \/>\n<meta name=\"author\" content=\"Fyno\" \/>\n<meta name=\"twitter:card\" content=\"summary_large_image\" \/>\n<meta name=\"twitter:label1\" content=\"Escrito por\" \/>\n\t<meta name=\"twitter:data1\" content=\"Fyno\" \/>\n\t<meta name=\"twitter:label2\" content=\"Tempo estimado de leitura\" \/>\n\t<meta name=\"twitter:data2\" content=\"1 minuto\" \/>\n<script type=\"application\/ld+json\" class=\"yoast-schema-graph\">{\"@context\":\"https:\\\/\\\/schema.org\",\"@graph\":[{\"@type\":\"Article\",\"@id\":\"https:\\\/\\\/fyno.pt\\\/news\\\/apagao-gary-michael-jackson\\\/#article\",\"isPartOf\":{\"@id\":\"https:\\\/\\\/fyno.pt\\\/news\\\/apagao-gary-michael-jackson\\\/\"},\"author\":{\"name\":\"Fyno\",\"@id\":\"https:\\\/\\\/fyno.pt\\\/#\\\/schema\\\/person\\\/ab5b330ed5ed05f1b4a7b8e438f68187\"},\"headline\":\"Apag\u00e3o de 15 dias em Gary, cidade natal de Michael Jackson, gera cr\u00edticas nos EUA\",\"datePublished\":\"2026-09-01T14:58:57+00:00\",\"mainEntityOfPage\":{\"@id\":\"https:\\\/\\\/fyno.pt\\\/news\\\/apagao-gary-michael-jackson\\\/\"},\"wordCount\":243,\"commentCount\":0,\"image\":{\"@id\":\"https:\\\/\\\/fyno.pt\\\/news\\\/apagao-gary-michael-jackson\\\/#primaryimage\"},\"thumbnailUrl\":\"https:\\\/\\\/fyno.pt\\\/wp-content\\\/uploads\\\/2026\\\/09\\\/anthony-indraus-Bb9jWuTMPUk-unsplash-1536x864-1.jpg\",\"keywords\":[\"apag\u00e3o\",\"cr\u00edticas\",\"energia\",\"Gary\",\"Michael Jackson\"],\"articleSection\":[\"News\"],\"inLanguage\":\"pt-PT\",\"potentialAction\":[{\"@type\":\"CommentAction\",\"name\":\"Comment\",\"target\":[\"https:\\\/\\\/fyno.pt\\\/news\\\/apagao-gary-michael-jackson\\\/#respond\"]}]},{\"@type\":\"WebPage\",\"@id\":\"https:\\\/\\\/fyno.pt\\\/news\\\/apagao-gary-michael-jackson\\\/\",\"url\":\"https:\\\/\\\/fyno.pt\\\/news\\\/apagao-gary-michael-jackson\\\/\",\"name\":\"apag\u00e3o de 15 dias em Gary causa revolta entre moradores\",\"isPartOf\":{\"@id\":\"https:\\\/\\\/fyno.pt\\\/#website\"},\"primaryImageOfPage\":{\"@id\":\"https:\\\/\\\/fyno.pt\\\/news\\\/apagao-gary-michael-jackson\\\/#primaryimage\"},\"image\":{\"@id\":\"https:\\\/\\\/fyno.pt\\\/news\\\/apagao-gary-michael-jackson\\\/#primaryimage\"},\"thumbnailUrl\":\"https:\\\/\\\/fyno.pt\\\/wp-content\\\/uploads\\\/2026\\\/09\\\/anthony-indraus-Bb9jWuTMPUk-unsplash-1536x864-1.jpg\",\"datePublished\":\"2026-09-01T14:58:57+00:00\",\"author\":{\"@id\":\"https:\\\/\\\/fyno.pt\\\/#\\\/schema\\\/person\\\/ab5b330ed5ed05f1b4a7b8e438f68187\"},\"description\":\"Apag\u00e3o de 15 dias em Gary gera cr\u00edticas e frustra\u00e7\u00e3o entre moradores da cidade natal de Michael Jackson.\",\"breadcrumb\":{\"@id\":\"https:\\\/\\\/fyno.pt\\\/news\\\/apagao-gary-michael-jackson\\\/#breadcrumb\"},\"inLanguage\":\"pt-PT\",\"potentialAction\":[{\"@type\":\"ReadAction\",\"target\":[\"https:\\\/\\\/fyno.pt\\\/news\\\/apagao-gary-michael-jackson\\\/\"]}]},{\"@type\":\"ImageObject\",\"inLanguage\":\"pt-PT\",\"@id\":\"https:\\\/\\\/fyno.pt\\\/news\\\/apagao-gary-michael-jackson\\\/#primaryimage\",\"url\":\"https:\\\/\\\/fyno.pt\\\/wp-content\\\/uploads\\\/2026\\\/09\\\/anthony-indraus-Bb9jWuTMPUk-unsplash-1536x864-1.jpg\",\"contentUrl\":\"https:\\\/\\\/fyno.pt\\\/wp-content\\\/uploads\\\/2026\\\/09\\\/anthony-indraus-Bb9jWuTMPUk-unsplash-1536x864-1.jpg\",\"width\":1200,\"height\":800,\"caption\":\"15 dias \u00e0s escuras: Apag\u00e3o hist\u00f3rico na cidade natal de Michael Jackson envergonha os EUA e levanta coro de cr\u00edticas\"},{\"@type\":\"BreadcrumbList\",\"@id\":\"https:\\\/\\\/fyno.pt\\\/news\\\/apagao-gary-michael-jackson\\\/#breadcrumb\",\"itemListElement\":[{\"@type\":\"ListItem\",\"position\":1,\"name\":\"In\u00edcio\",\"item\":\"https:\\\/\\\/fyno.pt\\\/\"},{\"@type\":\"ListItem\",\"position\":2,\"name\":\"Apag\u00e3o de 15 dias em Gary, cidade natal de Michael Jackson, gera cr\u00edticas nos EUA\"}]},{\"@type\":\"WebSite\",\"@id\":\"https:\\\/\\\/fyno.pt\\\/#website\",\"url\":\"https:\\\/\\\/fyno.pt\\\/\",\"name\":\"Fyno\",\"description\":\"Not\u00edcia e informa\u00e7\u00e3o\",\"potentialAction\":[{\"@type\":\"SearchAction\",\"target\":{\"@type\":\"EntryPoint\",\"urlTemplate\":\"https:\\\/\\\/fyno.pt\\\/?s={search_term_string}\"},\"query-input\":{\"@type\":\"PropertyValueSpecification\",\"valueRequired\":true,\"valueName\":\"search_term_string\"}}],\"inLanguage\":\"pt-PT\"},{\"@type\":\"Person\",\"@id\":\"https:\\\/\\\/fyno.pt\\\/#\\\/schema\\\/person\\\/ab5b330ed5ed05f1b4a7b8e438f68187\",\"name\":\"Fyno\",\"image\":{\"@type\":\"ImageObject\",\"inLanguage\":\"pt-PT\",\"@id\":\"https:\\\/\\\/fyno.pt\\\/wp-content\\\/litespeed\\\/avatar\\\/8f51870e8d94c234e288da840d914372.jpg?ver=1788205134\",\"url\":\"https:\\\/\\\/fyno.pt\\\/wp-content\\\/litespeed\\\/avatar\\\/8f51870e8d94c234e288da840d914372.jpg?ver=1788205134\",\"contentUrl\":\"https:\\\/\\\/fyno.pt\\\/wp-content\\\/litespeed\\\/avatar\\\/8f51870e8d94c234e288da840d914372.jpg?ver=1788205134\",\"caption\":\"Fyno\"},\"description\":\"A sua fonte de informa\u00e7\u00e3o.\",\"url\":\"https:\\\/\\\/fyno.pt\\\/pt\\\/author\\\/fynopt\\\/\"}]}<\/script>\n<!-- \/ Yoast SEO Premium plugin. -->","yoast_head_json":{"title":"apag\u00e3o de 15 dias em Gary causa revolta entre moradores","description":"Apag\u00e3o de 15 dias em Gary gera cr\u00edticas e frustra\u00e7\u00e3o entre moradores da cidade natal de Michael Jackson.","robots":{"index":"index","follow":"follow","max-snippet":"max-snippet:-1","max-image-preview":"max-image-preview:large","max-video-preview":"max-video-preview:-1"},"canonical":"https:\/\/fyno.pt\/pt\/news\/apagao-gary-michael-jackson\/","og_locale":"pt_PT","og_type":"article","og_title":"Apag\u00e3o de 15 dias em Gary, cidade natal de Michael Jackson, gera cr\u00edticas nos EUA","og_description":"Apag\u00e3o de 15 dias em Gary gera cr\u00edticas e frustra\u00e7\u00e3o entre moradores da cidade natal de Michael Jackson.","og_url":"https:\/\/fyno.pt\/pt\/news\/apagao-gary-michael-jackson\/","og_site_name":"Fyno","article_published_time":"2026-09-01T14:58:57+00:00","og_image":[{"width":1200,"height":800,"url":"https:\/\/fyno.pt\/wp-content\/uploads\/2026\/09\/anthony-indraus-Bb9jWuTMPUk-unsplash-1536x864-1.jpg","type":"image\/webp"}],"author":"Fyno","twitter_card":"summary_large_image","twitter_misc":{"Escrito por":"Fyno","Tempo estimado de leitura":"1 minuto"},"schema":{"@context":"https:\/\/schema.org","@graph":[{"@type":"Article","@id":"https:\/\/fyno.pt\/news\/apagao-gary-michael-jackson\/#article","isPartOf":{"@id":"https:\/\/fyno.pt\/news\/apagao-gary-michael-jackson\/"},"author":{"name":"Fyno","@id":"https:\/\/fyno.pt\/#\/schema\/person\/ab5b330ed5ed05f1b4a7b8e438f68187"},"headline":"Apag\u00e3o de 15 dias em Gary, cidade natal de Michael Jackson, gera cr\u00edticas nos EUA","datePublished":"2026-09-01T14:58:57+00:00","mainEntityOfPage":{"@id":"https:\/\/fyno.pt\/news\/apagao-gary-michael-jackson\/"},"wordCount":243,"commentCount":0,"image":{"@id":"https:\/\/fyno.pt\/news\/apagao-gary-michael-jackson\/#primaryimage"},"thumbnailUrl":"https:\/\/fyno.pt\/wp-content\/uploads\/2026\/09\/anthony-indraus-Bb9jWuTMPUk-unsplash-1536x864-1.jpg","keywords":["apag\u00e3o","cr\u00edticas","energia","Gary","Michael Jackson"],"articleSection":["News"],"inLanguage":"pt-PT","potentialAction":[{"@type":"CommentAction","name":"Comment","target":["https:\/\/fyno.pt\/news\/apagao-gary-michael-jackson\/#respond"]}]},{"@type":"WebPage","@id":"https:\/\/fyno.pt\/news\/apagao-gary-michael-jackson\/","url":"https:\/\/fyno.pt\/news\/apagao-gary-michael-jackson\/","name":"apag\u00e3o de 15 dias em Gary causa revolta entre moradores","isPartOf":{"@id":"https:\/\/fyno.pt\/#website"},"primaryImageOfPage":{"@id":"https:\/\/fyno.pt\/news\/apagao-gary-michael-jackson\/#primaryimage"},"image":{"@id":"https:\/\/fyno.pt\/news\/apagao-gary-michael-jackson\/#primaryimage"},"thumbnailUrl":"https:\/\/fyno.pt\/wp-content\/uploads\/2026\/09\/anthony-indraus-Bb9jWuTMPUk-unsplash-1536x864-1.jpg","datePublished":"2026-09-01T14:58:57+00:00","author":{"@id":"https:\/\/fyno.pt\/#\/schema\/person\/ab5b330ed5ed05f1b4a7b8e438f68187"},"description":"Apag\u00e3o de 15 dias em Gary gera cr\u00edticas e frustra\u00e7\u00e3o entre moradores da cidade natal de Michael Jackson.","breadcrumb":{"@id":"https:\/\/fyno.pt\/news\/apagao-gary-michael-jackson\/#breadcrumb"},"inLanguage":"pt-PT","potentialAction":[{"@type":"ReadAction","target":["https:\/\/fyno.pt\/news\/apagao-gary-michael-jackson\/"]}]},{"@type":"ImageObject","inLanguage":"pt-PT","@id":"https:\/\/fyno.pt\/news\/apagao-gary-michael-jackson\/#primaryimage","url":"https:\/\/fyno.pt\/wp-content\/uploads\/2026\/09\/anthony-indraus-Bb9jWuTMPUk-unsplash-1536x864-1.jpg","contentUrl":"https:\/\/fyno.pt\/wp-content\/uploads\/2026\/09\/anthony-indraus-Bb9jWuTMPUk-unsplash-1536x864-1.jpg","width":1200,"height":800,"caption":"15 dias \u00e0s escuras: Apag\u00e3o hist\u00f3rico na cidade natal de Michael Jackson envergonha os EUA e levanta coro de cr\u00edticas"},{"@type":"BreadcrumbList","@id":"https:\/\/fyno.pt\/news\/apagao-gary-michael-jackson\/#breadcrumb","itemListElement":[{"@type":"ListItem","position":1,"name":"In\u00edcio","item":"https:\/\/fyno.pt\/"},{"@type":"ListItem","position":2,"name":"Apag\u00e3o de 15 dias em Gary, cidade natal de Michael Jackson, gera cr\u00edticas nos EUA"}]},{"@type":"WebSite","@id":"https:\/\/fyno.pt\/#website","url":"https:\/\/fyno.pt\/","name":"Fyno","description":"Not\u00edcia e informa\u00e7\u00e3o","potentialAction":[{"@type":"SearchAction","target":{"@type":"EntryPoint","urlTemplate":"https:\/\/fyno.pt\/?s={search_term_string}"},"query-input":{"@type":"PropertyValueSpecification","valueRequired":true,"valueName":"search_term_string"}}],"inLanguage":"pt-PT"},{"@type":"Person","@id":"https:\/\/fyno.pt\/#\/schema\/person\/ab5b330ed5ed05f1b4a7b8e438f68187","name":"Fyno","image":{"@type":"ImageObject","inLanguage":"pt-PT","@id":"https:\/\/fyno.pt\/wp-content\/litespeed\/avatar\/8f51870e8d94c234e288da840d914372.jpg?ver=1788205134","url":"https:\/\/fyno.pt\/wp-content\/litespeed\/avatar\/8f51870e8d94c234e288da840d914372.jpg?ver=1788205134","contentUrl":"https:\/\/fyno.pt\/wp-content\/litespeed\/avatar\/8f51870e8d94c234e288da840d914372.jpg?ver=1788205134","caption":"Fyno"},"description":"A sua fonte de informa\u00e7\u00e3o.","url":"https:\/\/fyno.pt\/pt\/author\/fynopt\/"}]}},"_links":{"self":[{"href":"https:\/\/fyno.pt\/pt\/wp-json\/wp\/v2\/posts\/43411","targetHints":{"allow":["GET"]}}],"collection":[{"href":"https:\/\/fyno.pt\/pt\/wp-json\/wp\/v2\/posts"}],"about":[{"href":"https:\/\/fyno.pt\/pt\/wp-json\/wp\/v2\/types\/post"}],"author":[{"embeddable":true,"href":"https:\/\/fyno.pt\/pt\/wp-json\/wp\/v2\/users\/9"}],"replies":[{"embeddable":true,"href":"https:\/\/fyno.pt\/pt\/wp-json\/wp\/v2\/comments?post=43411"}],"version-history":[{"count":1,"href":"https:\/\/fyno.pt\/pt\/wp-json\/wp\/v2\/posts\/43411\/revisions"}],"predecessor-version":[{"id":43413,"href":"https:\/\/fyno.pt\/pt\/wp-json\/wp\/v2\/posts\/43411\/revisions\/43413"}],"wp:featuredmedia":[{"embeddable":true,"href":"https:\/\/fyno.pt\/pt\/wp-json\/wp\/v2\/media\/43412"}],"wp:attachment":[{"href":"https:\/\/fyno.pt\/pt\/wp-json\/wp\/v2\/media?parent=43411"}],"wp:term":[{"taxonomy":"category","embeddable":true,"href":"https:\/\/fyno.pt\/pt\/wp-json\/wp\/v2\/categories?post=43411"},{"taxonomy":"post_tag","embeddable":true,"href":"https:\/\/fyno.pt\/pt\/wp-json\/wp\/v2\/tags?post=43411"}],"curies":[{"name":"wp","href":"https:\/\/api.w.org\/{rel}","templated":true}]}}