{"id":43403,"date":"2026-09-01T11:07:10","date_gmt":"2026-09-01T14:07:10","guid":{"rendered":"https:\/\/fyno.pt\/?p=43403"},"modified":"2026-09-01T11:07:10","modified_gmt":"2026-09-01T14:07:10","slug":"braga-encerra-trotinetas-fiscalizacao","status":"publish","type":"post","link":"https:\/\/fyno.pt\/pt\/mundo\/braga-encerra-trotinetas-fiscalizacao\/","title":{"rendered":"Braga encerra uso de trotinetas partilhadas e intensifica fiscaliza\u00e7\u00e3o de estacionamento"},"content":{"rendered":"<p>Hoje marca o fim do prazo para a retirada das trotinetas partilhadas em Braga, ao mesmo tempo em que se inicia uma fiscaliza\u00e7\u00e3o mais rigorosa sobre o estacionamento abusivo na cidade. O presidente da C\u00e2mara Municipal, Jo\u00e3o Rodrigues, explica que a medida busca garantir a utiliza\u00e7\u00e3o adequada do espa\u00e7o p\u00fablico.<\/p>\n\n\n\n<h2 class=\"wp-block-heading\">Fim das trotinetas partilhadas<\/h2>\n\n\n\n<p>Em uma publica\u00e7\u00e3o nas redes sociais, o autarca destacou: &quot;Hoje termina o prazo para a retirada das trotinetas partilhadas das ruas de Braga. Fomos a primeira cidade a faz\u00ea-lo.&quot; Ele tamb\u00e9m mencionou que a fiscaliza\u00e7\u00e3o do estacionamento abusivo se iniciar\u00e1, a cargo da EUB (Estacionamento Urbanos de Braga), nas \u00e1reas onde j\u00e1 havia supervis\u00e3o do pagamento.<\/p>\n\n\n\n<h2 class=\"wp-block-heading\">Rigor na fiscaliza\u00e7\u00e3o do estacionamento<\/h2>\n\n\n\n<p>Rodrigues justificou a decis\u00e3o ao afirmar que &quot;s\u00e3o duas decis\u00f5es diferentes, mas com o mesmo princ\u00edpio: o espa\u00e7o p\u00fablico \u00e9 de todos e tem de funcionar para todos.&quot; Ele abordou as falhas do modelo anterior de trotinetas, que gerava obstru\u00e7\u00f5es nas cal\u00e7adas e prejudicava a circula\u00e7\u00e3o de pedestres, especialmente aqueles com mobilidade reduzida.<\/p>\n\n\n\n<p>O presidente enfatizou que o problema n\u00e3o \u00e9 exclusivo das trotinetas: &quot;Um carro em cima de um passeio, numa passadeira ou a impedir a passagem de uma cadeira de rodas tamb\u00e9m ocupa abusivamente o espa\u00e7o que \u00e9 de todos.&quot; Assim, a partir de agora, a EUB passar\u00e1 a fiscalizar essas situa\u00e7\u00f5es em \u00e1reas onde j\u00e1 atua.<\/p>\n\n\n\n<h2 class=\"wp-block-heading\">Apoio \u00e0 fiscaliza\u00e7\u00e3o<\/h2>\n\n\n\n<p>Jo\u00e3o Rodrigues tamb\u00e9m anunciou que a C\u00e2mara Municipal est\u00e1 refor\u00e7ando a Pol\u00edcia Municipal com novos recursos, incluindo reboques, para aprimorar a efic\u00e1cia da fiscaliza\u00e7\u00e3o. &quot;Isto n\u00e3o \u00e9 uma guerra contra carros nem contra trotinetas. \u00c9 uma regra simples: nenhum ve\u00edculo tem o direito de tornar a cidade pior para os outros&quot;, concluiu.<\/p>\n\n\n\n<p>Com essas mudan\u00e7as, a administra\u00e7\u00e3o municipal busca promover uma melhor conviv\u00eancia entre motoristas, ciclistas, usu\u00e1rios de transporte p\u00fablico e pedestres, visando uma cidade mais acess\u00edvel e funcional.<\/p>","protected":false},"excerpt":{"rendered":"<p>A cidade visa melhorar a mobilidade urbana com novas regras para trotinetas e ve\u00edculos.<\/p>","protected":false},"author":9,"featured_media":0,"comment_status":"open","ping_status":"open","sticky":false,"template":"","format":"standard","meta":{"footnotes":""},"categories":[51],"tags":[1841,1843,993,994,1842],"class_list":["post-43403","post","type-post","status-publish","format-standard","hentry","category-mundo","tag-braga","tag-estacionamento","tag-fiscalizacao","tag-mobilidade","tag-trotinetas"],"yoast_head":"<!-- This site is optimized with the Yoast SEO Premium plugin v27.9 (Yoast SEO v27.9) - https:\/\/yoast.com\/product\/yoast-seo-premium-wordpress\/ -->\n<title>Braga encerra uso de trotinetas partilhadas na cidade<\/title>\n<meta name=\"description\" content=\"Braga encerra uso de trotinetas partilhadas e intensifica fiscaliza\u00e7\u00e3o sobre estacionamento abusivo na cidade.\" \/>\n<meta name=\"robots\" content=\"index, follow, max-snippet:-1, max-image-preview:large, max-video-preview:-1\" \/>\n<link rel=\"canonical\" href=\"https:\/\/fyno.pt\/pt\/mundo\/braga-encerra-trotinetas-fiscalizacao\/\" \/>\n<meta property=\"og:locale\" content=\"pt_PT\" \/>\n<meta property=\"og:type\" content=\"article\" \/>\n<meta property=\"og:title\" content=\"Braga encerra uso de trotinetas partilhadas e intensifica fiscaliza\u00e7\u00e3o de estacionamento\" \/>\n<meta property=\"og:description\" content=\"Braga encerra uso de trotinetas partilhadas e intensifica fiscaliza\u00e7\u00e3o sobre estacionamento abusivo na cidade.\" \/>\n<meta property=\"og:url\" content=\"https:\/\/fyno.pt\/pt\/mundo\/braga-encerra-trotinetas-fiscalizacao\/\" \/>\n<meta property=\"og:site_name\" content=\"Fyno\" \/>\n<meta property=\"article:published_time\" content=\"2026-09-01T14:07:10+00:00\" \/>\n<meta name=\"author\" content=\"Fyno\" \/>\n<meta name=\"twitter:card\" content=\"summary_large_image\" \/>\n<meta name=\"twitter:label1\" content=\"Escrito por\" \/>\n\t<meta name=\"twitter:data1\" content=\"Fyno\" \/>\n\t<meta name=\"twitter:label2\" content=\"Tempo estimado de leitura\" \/>\n\t<meta name=\"twitter:data2\" content=\"2 minutos\" \/>\n<script type=\"application\/ld+json\" class=\"yoast-schema-graph\">{\"@context\":\"https:\\\/\\\/schema.org\",\"@graph\":[{\"@type\":\"Article\",\"@id\":\"https:\\\/\\\/fyno.pt\\\/mundo\\\/braga-encerra-trotinetas-fiscalizacao\\\/#article\",\"isPartOf\":{\"@id\":\"https:\\\/\\\/fyno.pt\\\/mundo\\\/braga-encerra-trotinetas-fiscalizacao\\\/\"},\"author\":{\"name\":\"Fyno\",\"@id\":\"https:\\\/\\\/fyno.pt\\\/#\\\/schema\\\/person\\\/ab5b330ed5ed05f1b4a7b8e438f68187\"},\"headline\":\"Braga encerra uso de trotinetas partilhadas e intensifica fiscaliza\u00e7\u00e3o de estacionamento\",\"datePublished\":\"2026-09-01T14:07:10+00:00\",\"mainEntityOfPage\":{\"@id\":\"https:\\\/\\\/fyno.pt\\\/mundo\\\/braga-encerra-trotinetas-fiscalizacao\\\/\"},\"wordCount\":361,\"commentCount\":0,\"keywords\":[\"Braga\",\"estacionamento\",\"fiscaliza\u00e7\u00e3o\",\"mobilidade\",\"trotinetas\"],\"articleSection\":[\"Mundo\"],\"inLanguage\":\"pt-PT\",\"potentialAction\":[{\"@type\":\"CommentAction\",\"name\":\"Comment\",\"target\":[\"https:\\\/\\\/fyno.pt\\\/mundo\\\/braga-encerra-trotinetas-fiscalizacao\\\/#respond\"]}]},{\"@type\":\"WebPage\",\"@id\":\"https:\\\/\\\/fyno.pt\\\/mundo\\\/braga-encerra-trotinetas-fiscalizacao\\\/\",\"url\":\"https:\\\/\\\/fyno.pt\\\/mundo\\\/braga-encerra-trotinetas-fiscalizacao\\\/\",\"name\":\"Braga encerra uso de trotinetas partilhadas na cidade\",\"isPartOf\":{\"@id\":\"https:\\\/\\\/fyno.pt\\\/#website\"},\"datePublished\":\"2026-09-01T14:07:10+00:00\",\"author\":{\"@id\":\"https:\\\/\\\/fyno.pt\\\/#\\\/schema\\\/person\\\/ab5b330ed5ed05f1b4a7b8e438f68187\"},\"description\":\"Braga encerra uso de trotinetas partilhadas e intensifica fiscaliza\u00e7\u00e3o sobre estacionamento abusivo na cidade.\",\"breadcrumb\":{\"@id\":\"https:\\\/\\\/fyno.pt\\\/mundo\\\/braga-encerra-trotinetas-fiscalizacao\\\/#breadcrumb\"},\"inLanguage\":\"pt-PT\",\"potentialAction\":[{\"@type\":\"ReadAction\",\"target\":[\"https:\\\/\\\/fyno.pt\\\/mundo\\\/braga-encerra-trotinetas-fiscalizacao\\\/\"]}]},{\"@type\":\"BreadcrumbList\",\"@id\":\"https:\\\/\\\/fyno.pt\\\/mundo\\\/braga-encerra-trotinetas-fiscalizacao\\\/#breadcrumb\",\"itemListElement\":[{\"@type\":\"ListItem\",\"position\":1,\"name\":\"In\u00edcio\",\"item\":\"https:\\\/\\\/fyno.pt\\\/\"},{\"@type\":\"ListItem\",\"position\":2,\"name\":\"Braga encerra uso de trotinetas partilhadas e intensifica fiscaliza\u00e7\u00e3o de estacionamento\"}]},{\"@type\":\"WebSite\",\"@id\":\"https:\\\/\\\/fyno.pt\\\/#website\",\"url\":\"https:\\\/\\\/fyno.pt\\\/\",\"name\":\"Fyno\",\"description\":\"Not\u00edcia e informa\u00e7\u00e3o\",\"potentialAction\":[{\"@type\":\"SearchAction\",\"target\":{\"@type\":\"EntryPoint\",\"urlTemplate\":\"https:\\\/\\\/fyno.pt\\\/?s={search_term_string}\"},\"query-input\":{\"@type\":\"PropertyValueSpecification\",\"valueRequired\":true,\"valueName\":\"search_term_string\"}}],\"inLanguage\":\"pt-PT\"},{\"@type\":\"Person\",\"@id\":\"https:\\\/\\\/fyno.pt\\\/#\\\/schema\\\/person\\\/ab5b330ed5ed05f1b4a7b8e438f68187\",\"name\":\"Fyno\",\"image\":{\"@type\":\"ImageObject\",\"inLanguage\":\"pt-PT\",\"@id\":\"https:\\\/\\\/fyno.pt\\\/wp-content\\\/litespeed\\\/avatar\\\/8f51870e8d94c234e288da840d914372.jpg?ver=1788205134\",\"url\":\"https:\\\/\\\/fyno.pt\\\/wp-content\\\/litespeed\\\/avatar\\\/8f51870e8d94c234e288da840d914372.jpg?ver=1788205134\",\"contentUrl\":\"https:\\\/\\\/fyno.pt\\\/wp-content\\\/litespeed\\\/avatar\\\/8f51870e8d94c234e288da840d914372.jpg?ver=1788205134\",\"caption\":\"Fyno\"},\"description\":\"A sua fonte de informa\u00e7\u00e3o.\",\"url\":\"https:\\\/\\\/fyno.pt\\\/pt\\\/author\\\/fynopt\\\/\"}]}<\/script>\n<!-- \/ Yoast SEO Premium plugin. -->","yoast_head_json":{"title":"Braga encerra uso de trotinetas partilhadas na cidade","description":"Braga encerra uso de trotinetas partilhadas e intensifica fiscaliza\u00e7\u00e3o sobre estacionamento abusivo na cidade.","robots":{"index":"index","follow":"follow","max-snippet":"max-snippet:-1","max-image-preview":"max-image-preview:large","max-video-preview":"max-video-preview:-1"},"canonical":"https:\/\/fyno.pt\/pt\/mundo\/braga-encerra-trotinetas-fiscalizacao\/","og_locale":"pt_PT","og_type":"article","og_title":"Braga encerra uso de trotinetas partilhadas e intensifica fiscaliza\u00e7\u00e3o de estacionamento","og_description":"Braga encerra uso de trotinetas partilhadas e intensifica fiscaliza\u00e7\u00e3o sobre estacionamento abusivo na cidade.","og_url":"https:\/\/fyno.pt\/pt\/mundo\/braga-encerra-trotinetas-fiscalizacao\/","og_site_name":"Fyno","article_published_time":"2026-09-01T14:07:10+00:00","author":"Fyno","twitter_card":"summary_large_image","twitter_misc":{"Escrito por":"Fyno","Tempo estimado de leitura":"2 minutos"},"schema":{"@context":"https:\/\/schema.org","@graph":[{"@type":"Article","@id":"https:\/\/fyno.pt\/mundo\/braga-encerra-trotinetas-fiscalizacao\/#article","isPartOf":{"@id":"https:\/\/fyno.pt\/mundo\/braga-encerra-trotinetas-fiscalizacao\/"},"author":{"name":"Fyno","@id":"https:\/\/fyno.pt\/#\/schema\/person\/ab5b330ed5ed05f1b4a7b8e438f68187"},"headline":"Braga encerra uso de trotinetas partilhadas e intensifica fiscaliza\u00e7\u00e3o de estacionamento","datePublished":"2026-09-01T14:07:10+00:00","mainEntityOfPage":{"@id":"https:\/\/fyno.pt\/mundo\/braga-encerra-trotinetas-fiscalizacao\/"},"wordCount":361,"commentCount":0,"keywords":["Braga","estacionamento","fiscaliza\u00e7\u00e3o","mobilidade","trotinetas"],"articleSection":["Mundo"],"inLanguage":"pt-PT","potentialAction":[{"@type":"CommentAction","name":"Comment","target":["https:\/\/fyno.pt\/mundo\/braga-encerra-trotinetas-fiscalizacao\/#respond"]}]},{"@type":"WebPage","@id":"https:\/\/fyno.pt\/mundo\/braga-encerra-trotinetas-fiscalizacao\/","url":"https:\/\/fyno.pt\/mundo\/braga-encerra-trotinetas-fiscalizacao\/","name":"Braga encerra uso de trotinetas partilhadas na cidade","isPartOf":{"@id":"https:\/\/fyno.pt\/#website"},"datePublished":"2026-09-01T14:07:10+00:00","author":{"@id":"https:\/\/fyno.pt\/#\/schema\/person\/ab5b330ed5ed05f1b4a7b8e438f68187"},"description":"Braga encerra uso de trotinetas partilhadas e intensifica fiscaliza\u00e7\u00e3o sobre estacionamento abusivo na cidade.","breadcrumb":{"@id":"https:\/\/fyno.pt\/mundo\/braga-encerra-trotinetas-fiscalizacao\/#breadcrumb"},"inLanguage":"pt-PT","potentialAction":[{"@type":"ReadAction","target":["https:\/\/fyno.pt\/mundo\/braga-encerra-trotinetas-fiscalizacao\/"]}]},{"@type":"BreadcrumbList","@id":"https:\/\/fyno.pt\/mundo\/braga-encerra-trotinetas-fiscalizacao\/#breadcrumb","itemListElement":[{"@type":"ListItem","position":1,"name":"In\u00edcio","item":"https:\/\/fyno.pt\/"},{"@type":"ListItem","position":2,"name":"Braga encerra uso de trotinetas partilhadas e intensifica fiscaliza\u00e7\u00e3o de estacionamento"}]},{"@type":"WebSite","@id":"https:\/\/fyno.pt\/#website","url":"https:\/\/fyno.pt\/","name":"Fyno","description":"Not\u00edcia e informa\u00e7\u00e3o","potentialAction":[{"@type":"SearchAction","target":{"@type":"EntryPoint","urlTemplate":"https:\/\/fyno.pt\/?s={search_term_string}"},"query-input":{"@type":"PropertyValueSpecification","valueRequired":true,"valueName":"search_term_string"}}],"inLanguage":"pt-PT"},{"@type":"Person","@id":"https:\/\/fyno.pt\/#\/schema\/person\/ab5b330ed5ed05f1b4a7b8e438f68187","name":"Fyno","image":{"@type":"ImageObject","inLanguage":"pt-PT","@id":"https:\/\/fyno.pt\/wp-content\/litespeed\/avatar\/8f51870e8d94c234e288da840d914372.jpg?ver=1788205134","url":"https:\/\/fyno.pt\/wp-content\/litespeed\/avatar\/8f51870e8d94c234e288da840d914372.jpg?ver=1788205134","contentUrl":"https:\/\/fyno.pt\/wp-content\/litespeed\/avatar\/8f51870e8d94c234e288da840d914372.jpg?ver=1788205134","caption":"Fyno"},"description":"A sua fonte de informa\u00e7\u00e3o.","url":"https:\/\/fyno.pt\/pt\/author\/fynopt\/"}]}},"_links":{"self":[{"href":"https:\/\/fyno.pt\/pt\/wp-json\/wp\/v2\/posts\/43403","targetHints":{"allow":["GET"]}}],"collection":[{"href":"https:\/\/fyno.pt\/pt\/wp-json\/wp\/v2\/posts"}],"about":[{"href":"https:\/\/fyno.pt\/pt\/wp-json\/wp\/v2\/types\/post"}],"author":[{"embeddable":true,"href":"https:\/\/fyno.pt\/pt\/wp-json\/wp\/v2\/users\/9"}],"replies":[{"embeddable":true,"href":"https:\/\/fyno.pt\/pt\/wp-json\/wp\/v2\/comments?post=43403"}],"version-history":[{"count":1,"href":"https:\/\/fyno.pt\/pt\/wp-json\/wp\/v2\/posts\/43403\/revisions"}],"predecessor-version":[{"id":43404,"href":"https:\/\/fyno.pt\/pt\/wp-json\/wp\/v2\/posts\/43403\/revisions\/43404"}],"wp:attachment":[{"href":"https:\/\/fyno.pt\/pt\/wp-json\/wp\/v2\/media?parent=43403"}],"wp:term":[{"taxonomy":"category","embeddable":true,"href":"https:\/\/fyno.pt\/pt\/wp-json\/wp\/v2\/categories?post=43403"},{"taxonomy":"post_tag","embeddable":true,"href":"https:\/\/fyno.pt\/pt\/wp-json\/wp\/v2\/tags?post=43403"}],"curies":[{"name":"wp","href":"https:\/\/api.w.org\/{rel}","templated":true}]}}