{"id":43400,"date":"2026-09-01T10:57:44","date_gmt":"2026-09-01T13:57:44","guid":{"rendered":"https:\/\/fyno.pt\/pt\/?p=43400"},"modified":"2026-09-01T10:57:44","modified_gmt":"2026-09-01T13:57:44","slug":"plano-choque-ceuta-90-milhoes","status":"publish","type":"post","link":"https:\/\/fyno.pt\/pt\/news\/plano-choque-ceuta-90-milhoes\/","title":{"rendered":"Governo espanhol lan\u00e7a plano de choque para Ceuta com 90 milh\u00f5es de euros"},"content":{"rendered":"<p>O Governo da Espanha anunciou a aprova\u00e7\u00e3o de um novo plano de choque para Ceuta, que mobilizar\u00e1 o equivalente a 16% do Produto Interno Bruto (PIB) anual da cidade. A iniciativa destinar\u00e1 at\u00e9 o final deste ano um total de 90 milh\u00f5es de euros para a melhoria da seguran\u00e7a no enclave situado no norte da \u00c1frica.<\/p>\n\n\n\n<h2 class=\"wp-block-heading\">Objetivos do plano<\/h2>\n\n\n\n<p>O plano tem como principal objetivo refor\u00e7ar a seguran\u00e7a em Ceuta, um territ\u00f3rio que enfrenta desafios espec\u00edficos devido \u00e0 sua localiza\u00e7\u00e3o estrat\u00e9gica. As autoridades esperam que os recursos financeiros contribuam para aumentar a prote\u00e7\u00e3o da fronteira e melhorar as condi\u00e7\u00f5es de vida dos residentes, al\u00e9m de fortalecer a presen\u00e7a das for\u00e7as de seguran\u00e7a na regi\u00e3o.<\/p>\n\n\n\n<h2 class=\"wp-block-heading\">Investimentos em seguran\u00e7a<\/h2>\n\n\n\n<p>Com a aloca\u00e7\u00e3o de 90 milh\u00f5es de euros, o governo busca implementar medidas que incluam a moderniza\u00e7\u00e3o de equipamentos de vigil\u00e2ncia e a intensifica\u00e7\u00e3o das opera\u00e7\u00f5es de patrulhamento. Este investimento \u00e9 visto como crucial para lidar com a crescente preocupa\u00e7\u00e3o com a imigra\u00e7\u00e3o irregular e a criminalidade na \u00e1rea.<\/p>\n\n\n\n<p>As iniciativas propostas no plano tamb\u00e9m envolvem a colabora\u00e7\u00e3o com outras ag\u00eancias governamentais e a implementa\u00e7\u00e3o de estrat\u00e9gias de longo prazo para garantir um ambiente mais seguro para todos os habitantes de Ceuta.<\/p>\n\n\n\n<p>A aprova\u00e7\u00e3o desse plano de choque reflete a determina\u00e7\u00e3o do governo espanhol em enfrentar os desafios que Ceuta apresenta, buscando solu\u00e7\u00f5es eficazes e sustent\u00e1veis para a seguran\u00e7a e o bem-estar da popula\u00e7\u00e3o local.<\/p>","protected":false},"excerpt":{"rendered":"<p>Medidas visam refor\u00e7ar a seguran\u00e7a do enclave e mobilizar 16% do PIB anual da cidade.<\/p>","protected":false},"author":9,"featured_media":43401,"comment_status":"open","ping_status":"open","sticky":false,"template":"","format":"standard","meta":{"footnotes":""},"categories":[560],"tags":[1838,1839,1840,1126,1823],"class_list":["post-43400","post","type-post","status-publish","format-standard","has-post-thumbnail","hentry","category-news","tag-ceuta","tag-governo-espanhol","tag-imigracao","tag-investimentos","tag-seguranca"],"yoast_head":"<!-- This site is optimized with the Yoast SEO Premium plugin v27.9 (Yoast SEO v27.9) - https:\/\/yoast.com\/product\/yoast-seo-premium-wordpress\/ -->\n<title>Governo espanhol destina 90 milh\u00f5es de euros para seguran\u00e7a em Ceuta<\/title>\n<meta name=\"description\" content=\"Governo espanhol anuncia plano de choque para Ceuta com 90 milh\u00f5es de euros para seguran\u00e7a e melhorias na regi\u00e3o.\" \/>\n<meta name=\"robots\" content=\"index, follow, max-snippet:-1, max-image-preview:large, max-video-preview:-1\" \/>\n<link rel=\"canonical\" href=\"https:\/\/fyno.pt\/pt\/news\/plano-choque-ceuta-90-milhoes\/\" \/>\n<meta property=\"og:locale\" content=\"pt_PT\" \/>\n<meta property=\"og:type\" content=\"article\" \/>\n<meta property=\"og:title\" content=\"Governo espanhol lan\u00e7a plano de choque para Ceuta com 90 milh\u00f5es de euros\" \/>\n<meta property=\"og:description\" content=\"Governo espanhol anuncia plano de choque para Ceuta com 90 milh\u00f5es de euros para seguran\u00e7a e melhorias na regi\u00e3o.\" \/>\n<meta property=\"og:url\" content=\"https:\/\/fyno.pt\/pt\/news\/plano-choque-ceuta-90-milhoes\/\" \/>\n<meta property=\"og:site_name\" content=\"Fyno\" \/>\n<meta property=\"article:published_time\" content=\"2026-09-01T13:57:44+00:00\" \/>\n<meta property=\"og:image\" content=\"https:\/\/fyno.pt\/wp-content\/uploads\/2026\/09\/47678893.jpg\" \/>\n\t<meta property=\"og:image:width\" content=\"1200\" \/>\n\t<meta property=\"og:image:height\" content=\"800\" \/>\n\t<meta property=\"og:image:type\" content=\"image\/jpeg\" \/>\n<meta name=\"author\" content=\"Fyno\" \/>\n<meta name=\"twitter:card\" content=\"summary_large_image\" \/>\n<meta name=\"twitter:label1\" content=\"Escrito por\" \/>\n\t<meta name=\"twitter:data1\" content=\"Fyno\" \/>\n\t<meta name=\"twitter:label2\" content=\"Tempo estimado de leitura\" \/>\n\t<meta name=\"twitter:data2\" content=\"1 minuto\" \/>\n<script type=\"application\/ld+json\" class=\"yoast-schema-graph\">{\"@context\":\"https:\\\/\\\/schema.org\",\"@graph\":[{\"@type\":\"Article\",\"@id\":\"https:\\\/\\\/fyno.pt\\\/pt\\\/news\\\/plano-choque-ceuta-90-milhoes\\\/#article\",\"isPartOf\":{\"@id\":\"https:\\\/\\\/fyno.pt\\\/pt\\\/news\\\/plano-choque-ceuta-90-milhoes\\\/\"},\"author\":{\"name\":\"Fyno\",\"@id\":\"https:\\\/\\\/fyno.pt\\\/#\\\/schema\\\/person\\\/ab5b330ed5ed05f1b4a7b8e438f68187\"},\"headline\":\"Governo espanhol lan\u00e7a plano de choque para Ceuta com 90 milh\u00f5es de euros\",\"datePublished\":\"2026-09-01T13:57:44+00:00\",\"mainEntityOfPage\":{\"@id\":\"https:\\\/\\\/fyno.pt\\\/pt\\\/news\\\/plano-choque-ceuta-90-milhoes\\\/\"},\"wordCount\":277,\"commentCount\":0,\"image\":{\"@id\":\"https:\\\/\\\/fyno.pt\\\/pt\\\/news\\\/plano-choque-ceuta-90-milhoes\\\/#primaryimage\"},\"thumbnailUrl\":\"https:\\\/\\\/fyno.pt\\\/wp-content\\\/uploads\\\/2026\\\/09\\\/47678893.jpg\",\"keywords\":[\"Ceuta\",\"Governo espanhol\",\"imigra\u00e7\u00e3o\",\"investimentos\",\"seguran\u00e7a\"],\"articleSection\":[\"News\"],\"inLanguage\":\"pt-PT\",\"potentialAction\":[{\"@type\":\"CommentAction\",\"name\":\"Comment\",\"target\":[\"https:\\\/\\\/fyno.pt\\\/pt\\\/news\\\/plano-choque-ceuta-90-milhoes\\\/#respond\"]}]},{\"@type\":\"WebPage\",\"@id\":\"https:\\\/\\\/fyno.pt\\\/pt\\\/news\\\/plano-choque-ceuta-90-milhoes\\\/\",\"url\":\"https:\\\/\\\/fyno.pt\\\/pt\\\/news\\\/plano-choque-ceuta-90-milhoes\\\/\",\"name\":\"Governo espanhol destina 90 milh\u00f5es de euros para seguran\u00e7a em Ceuta\",\"isPartOf\":{\"@id\":\"https:\\\/\\\/fyno.pt\\\/#website\"},\"primaryImageOfPage\":{\"@id\":\"https:\\\/\\\/fyno.pt\\\/pt\\\/news\\\/plano-choque-ceuta-90-milhoes\\\/#primaryimage\"},\"image\":{\"@id\":\"https:\\\/\\\/fyno.pt\\\/pt\\\/news\\\/plano-choque-ceuta-90-milhoes\\\/#primaryimage\"},\"thumbnailUrl\":\"https:\\\/\\\/fyno.pt\\\/wp-content\\\/uploads\\\/2026\\\/09\\\/47678893.jpg\",\"datePublished\":\"2026-09-01T13:57:44+00:00\",\"author\":{\"@id\":\"https:\\\/\\\/fyno.pt\\\/#\\\/schema\\\/person\\\/ab5b330ed5ed05f1b4a7b8e438f68187\"},\"description\":\"Governo espanhol anuncia plano de choque para Ceuta com 90 milh\u00f5es de euros para seguran\u00e7a e melhorias na regi\u00e3o.\",\"breadcrumb\":{\"@id\":\"https:\\\/\\\/fyno.pt\\\/pt\\\/news\\\/plano-choque-ceuta-90-milhoes\\\/#breadcrumb\"},\"inLanguage\":\"pt-PT\",\"potentialAction\":[{\"@type\":\"ReadAction\",\"target\":[\"https:\\\/\\\/fyno.pt\\\/pt\\\/news\\\/plano-choque-ceuta-90-milhoes\\\/\"]}]},{\"@type\":\"ImageObject\",\"inLanguage\":\"pt-PT\",\"@id\":\"https:\\\/\\\/fyno.pt\\\/pt\\\/news\\\/plano-choque-ceuta-90-milhoes\\\/#primaryimage\",\"url\":\"https:\\\/\\\/fyno.pt\\\/wp-content\\\/uploads\\\/2026\\\/09\\\/47678893.jpg\",\"contentUrl\":\"https:\\\/\\\/fyno.pt\\\/wp-content\\\/uploads\\\/2026\\\/09\\\/47678893.jpg\",\"width\":1200,\"height\":800,\"caption\":\"REDUAN\\\/EPA\"},{\"@type\":\"BreadcrumbList\",\"@id\":\"https:\\\/\\\/fyno.pt\\\/pt\\\/news\\\/plano-choque-ceuta-90-milhoes\\\/#breadcrumb\",\"itemListElement\":[{\"@type\":\"ListItem\",\"position\":1,\"name\":\"In\u00edcio\",\"item\":\"https:\\\/\\\/fyno.pt\\\/\"},{\"@type\":\"ListItem\",\"position\":2,\"name\":\"Governo espanhol lan\u00e7a plano de choque para Ceuta com 90 milh\u00f5es de euros\"}]},{\"@type\":\"WebSite\",\"@id\":\"https:\\\/\\\/fyno.pt\\\/#website\",\"url\":\"https:\\\/\\\/fyno.pt\\\/\",\"name\":\"Fyno\",\"description\":\"Not\u00edcia e informa\u00e7\u00e3o\",\"potentialAction\":[{\"@type\":\"SearchAction\",\"target\":{\"@type\":\"EntryPoint\",\"urlTemplate\":\"https:\\\/\\\/fyno.pt\\\/?s={search_term_string}\"},\"query-input\":{\"@type\":\"PropertyValueSpecification\",\"valueRequired\":true,\"valueName\":\"search_term_string\"}}],\"inLanguage\":\"pt-PT\"},{\"@type\":\"Person\",\"@id\":\"https:\\\/\\\/fyno.pt\\\/#\\\/schema\\\/person\\\/ab5b330ed5ed05f1b4a7b8e438f68187\",\"name\":\"Fyno\",\"image\":{\"@type\":\"ImageObject\",\"inLanguage\":\"pt-PT\",\"@id\":\"https:\\\/\\\/fyno.pt\\\/wp-content\\\/litespeed\\\/avatar\\\/8f51870e8d94c234e288da840d914372.jpg?ver=1788205134\",\"url\":\"https:\\\/\\\/fyno.pt\\\/wp-content\\\/litespeed\\\/avatar\\\/8f51870e8d94c234e288da840d914372.jpg?ver=1788205134\",\"contentUrl\":\"https:\\\/\\\/fyno.pt\\\/wp-content\\\/litespeed\\\/avatar\\\/8f51870e8d94c234e288da840d914372.jpg?ver=1788205134\",\"caption\":\"Fyno\"},\"description\":\"A sua fonte de informa\u00e7\u00e3o.\",\"url\":\"https:\\\/\\\/fyno.pt\\\/pt\\\/author\\\/fynopt\\\/\"}]}<\/script>\n<!-- \/ Yoast SEO Premium plugin. -->","yoast_head_json":{"title":"Governo espanhol destina 90 milh\u00f5es de euros para seguran\u00e7a em Ceuta","description":"Governo espanhol anuncia plano de choque para Ceuta com 90 milh\u00f5es de euros para seguran\u00e7a e melhorias na regi\u00e3o.","robots":{"index":"index","follow":"follow","max-snippet":"max-snippet:-1","max-image-preview":"max-image-preview:large","max-video-preview":"max-video-preview:-1"},"canonical":"https:\/\/fyno.pt\/pt\/news\/plano-choque-ceuta-90-milhoes\/","og_locale":"pt_PT","og_type":"article","og_title":"Governo espanhol lan\u00e7a plano de choque para Ceuta com 90 milh\u00f5es de euros","og_description":"Governo espanhol anuncia plano de choque para Ceuta com 90 milh\u00f5es de euros para seguran\u00e7a e melhorias na regi\u00e3o.","og_url":"https:\/\/fyno.pt\/pt\/news\/plano-choque-ceuta-90-milhoes\/","og_site_name":"Fyno","article_published_time":"2026-09-01T13:57:44+00:00","og_image":[{"width":1200,"height":800,"url":"https:\/\/fyno.pt\/wp-content\/uploads\/2026\/09\/47678893.jpg","type":"image\/jpeg"}],"author":"Fyno","twitter_card":"summary_large_image","twitter_misc":{"Escrito por":"Fyno","Tempo estimado de leitura":"1 minuto"},"schema":{"@context":"https:\/\/schema.org","@graph":[{"@type":"Article","@id":"https:\/\/fyno.pt\/pt\/news\/plano-choque-ceuta-90-milhoes\/#article","isPartOf":{"@id":"https:\/\/fyno.pt\/pt\/news\/plano-choque-ceuta-90-milhoes\/"},"author":{"name":"Fyno","@id":"https:\/\/fyno.pt\/#\/schema\/person\/ab5b330ed5ed05f1b4a7b8e438f68187"},"headline":"Governo espanhol lan\u00e7a plano de choque para Ceuta com 90 milh\u00f5es de euros","datePublished":"2026-09-01T13:57:44+00:00","mainEntityOfPage":{"@id":"https:\/\/fyno.pt\/pt\/news\/plano-choque-ceuta-90-milhoes\/"},"wordCount":277,"commentCount":0,"image":{"@id":"https:\/\/fyno.pt\/pt\/news\/plano-choque-ceuta-90-milhoes\/#primaryimage"},"thumbnailUrl":"https:\/\/fyno.pt\/wp-content\/uploads\/2026\/09\/47678893.jpg","keywords":["Ceuta","Governo espanhol","imigra\u00e7\u00e3o","investimentos","seguran\u00e7a"],"articleSection":["News"],"inLanguage":"pt-PT","potentialAction":[{"@type":"CommentAction","name":"Comment","target":["https:\/\/fyno.pt\/pt\/news\/plano-choque-ceuta-90-milhoes\/#respond"]}]},{"@type":"WebPage","@id":"https:\/\/fyno.pt\/pt\/news\/plano-choque-ceuta-90-milhoes\/","url":"https:\/\/fyno.pt\/pt\/news\/plano-choque-ceuta-90-milhoes\/","name":"Governo espanhol destina 90 milh\u00f5es de euros para seguran\u00e7a em Ceuta","isPartOf":{"@id":"https:\/\/fyno.pt\/#website"},"primaryImageOfPage":{"@id":"https:\/\/fyno.pt\/pt\/news\/plano-choque-ceuta-90-milhoes\/#primaryimage"},"image":{"@id":"https:\/\/fyno.pt\/pt\/news\/plano-choque-ceuta-90-milhoes\/#primaryimage"},"thumbnailUrl":"https:\/\/fyno.pt\/wp-content\/uploads\/2026\/09\/47678893.jpg","datePublished":"2026-09-01T13:57:44+00:00","author":{"@id":"https:\/\/fyno.pt\/#\/schema\/person\/ab5b330ed5ed05f1b4a7b8e438f68187"},"description":"Governo espanhol anuncia plano de choque para Ceuta com 90 milh\u00f5es de euros para seguran\u00e7a e melhorias na regi\u00e3o.","breadcrumb":{"@id":"https:\/\/fyno.pt\/pt\/news\/plano-choque-ceuta-90-milhoes\/#breadcrumb"},"inLanguage":"pt-PT","potentialAction":[{"@type":"ReadAction","target":["https:\/\/fyno.pt\/pt\/news\/plano-choque-ceuta-90-milhoes\/"]}]},{"@type":"ImageObject","inLanguage":"pt-PT","@id":"https:\/\/fyno.pt\/pt\/news\/plano-choque-ceuta-90-milhoes\/#primaryimage","url":"https:\/\/fyno.pt\/wp-content\/uploads\/2026\/09\/47678893.jpg","contentUrl":"https:\/\/fyno.pt\/wp-content\/uploads\/2026\/09\/47678893.jpg","width":1200,"height":800,"caption":"REDUAN\/EPA"},{"@type":"BreadcrumbList","@id":"https:\/\/fyno.pt\/pt\/news\/plano-choque-ceuta-90-milhoes\/#breadcrumb","itemListElement":[{"@type":"ListItem","position":1,"name":"In\u00edcio","item":"https:\/\/fyno.pt\/"},{"@type":"ListItem","position":2,"name":"Governo espanhol lan\u00e7a plano de choque para Ceuta com 90 milh\u00f5es de euros"}]},{"@type":"WebSite","@id":"https:\/\/fyno.pt\/#website","url":"https:\/\/fyno.pt\/","name":"Fyno","description":"Not\u00edcia e informa\u00e7\u00e3o","potentialAction":[{"@type":"SearchAction","target":{"@type":"EntryPoint","urlTemplate":"https:\/\/fyno.pt\/?s={search_term_string}"},"query-input":{"@type":"PropertyValueSpecification","valueRequired":true,"valueName":"search_term_string"}}],"inLanguage":"pt-PT"},{"@type":"Person","@id":"https:\/\/fyno.pt\/#\/schema\/person\/ab5b330ed5ed05f1b4a7b8e438f68187","name":"Fyno","image":{"@type":"ImageObject","inLanguage":"pt-PT","@id":"https:\/\/fyno.pt\/wp-content\/litespeed\/avatar\/8f51870e8d94c234e288da840d914372.jpg?ver=1788205134","url":"https:\/\/fyno.pt\/wp-content\/litespeed\/avatar\/8f51870e8d94c234e288da840d914372.jpg?ver=1788205134","contentUrl":"https:\/\/fyno.pt\/wp-content\/litespeed\/avatar\/8f51870e8d94c234e288da840d914372.jpg?ver=1788205134","caption":"Fyno"},"description":"A sua fonte de informa\u00e7\u00e3o.","url":"https:\/\/fyno.pt\/pt\/author\/fynopt\/"}]}},"_links":{"self":[{"href":"https:\/\/fyno.pt\/pt\/wp-json\/wp\/v2\/posts\/43400","targetHints":{"allow":["GET"]}}],"collection":[{"href":"https:\/\/fyno.pt\/pt\/wp-json\/wp\/v2\/posts"}],"about":[{"href":"https:\/\/fyno.pt\/pt\/wp-json\/wp\/v2\/types\/post"}],"author":[{"embeddable":true,"href":"https:\/\/fyno.pt\/pt\/wp-json\/wp\/v2\/users\/9"}],"replies":[{"embeddable":true,"href":"https:\/\/fyno.pt\/pt\/wp-json\/wp\/v2\/comments?post=43400"}],"version-history":[{"count":1,"href":"https:\/\/fyno.pt\/pt\/wp-json\/wp\/v2\/posts\/43400\/revisions"}],"predecessor-version":[{"id":43402,"href":"https:\/\/fyno.pt\/pt\/wp-json\/wp\/v2\/posts\/43400\/revisions\/43402"}],"wp:featuredmedia":[{"embeddable":true,"href":"https:\/\/fyno.pt\/pt\/wp-json\/wp\/v2\/media\/43401"}],"wp:attachment":[{"href":"https:\/\/fyno.pt\/pt\/wp-json\/wp\/v2\/media?parent=43400"}],"wp:term":[{"taxonomy":"category","embeddable":true,"href":"https:\/\/fyno.pt\/pt\/wp-json\/wp\/v2\/categories?post=43400"},{"taxonomy":"post_tag","embeddable":true,"href":"https:\/\/fyno.pt\/pt\/wp-json\/wp\/v2\/tags?post=43400"}],"curies":[{"name":"wp","href":"https:\/\/api.w.org\/{rel}","templated":true}]}}