{"id":43398,"date":"2026-09-01T10:27:49","date_gmt":"2026-09-01T13:27:49","guid":{"rendered":"https:\/\/fyno.pt\/?p=43398"},"modified":"2026-09-01T10:27:49","modified_gmt":"2026-09-01T13:27:49","slug":"ministro-educacao-exames-tranquilidade","status":"publish","type":"post","link":"https:\/\/fyno.pt\/pt\/mundo\/ministro-educacao-exames-tranquilidade\/","title":{"rendered":"Ministro da educa\u00e7\u00e3o fala sobre processo de exames com consci\u00eancia tranquila"},"content":{"rendered":"<p>O ministro da Educa\u00e7\u00e3o, Ci\u00eancia e Inova\u00e7\u00e3o, Fernando Alexandre, afirmou estar com a &quot;consci\u00eancia totalmente tranquila&quot; em rela\u00e7\u00e3o ao inqu\u00e9rito instaurado pelo Minist\u00e9rio P\u00fablico sobre a avalia\u00e7\u00e3o dos exames nacionais. O processo foi aberto ap\u00f3s uma queixa da Federa\u00e7\u00e3o Nacional dos Professores (Fenprof).<\/p>\n\n\n\n<h2 class=\"wp-block-heading\">Inqu\u00e9rito do Minist\u00e9rio P\u00fablico<\/h2>\n\n\n\n<p>O inqu\u00e9rito foi originado por uma reclama\u00e7\u00e3o da Fenprof, que se referiu a casos de folhas de exames desaparecidas e ordens para que professores corrigissem itens com respostas incompletas. A Procuradoria-Geral da Rep\u00fablica confirmou que a queixa est\u00e1 sendo investigada pelo Departamento de Investiga\u00e7\u00e3o e A\u00e7\u00e3o Penal Regional de Lisboa.<\/p>\n\n\n\n<h2 class=\"wp-block-heading\">Declara\u00e7\u00f5es do ministro<\/h2>\n\n\n\n<p>Durante a cerim\u00f4nia de posse da Universidade T\u00e9cnica do Porto, Fernando Alexandre destacou que a situa\u00e7\u00e3o n\u00e3o \u00e9 nova e que os alunos t\u00eam mecanismos para reclamar caso se sintam prejudicados. Ele ressaltou que, anualmente, ocorrem reclama\u00e7\u00f5es, e que o atual processo de avalia\u00e7\u00e3o est\u00e1 ocorrendo com normalidade.<\/p>\n\n\n\n<p>O ministro tamb\u00e9m abordou as alega\u00e7\u00f5es de que alguns professores poderiam ter desobedecido instru\u00e7\u00f5es ao corrigir exames. Ele enfatizou que, se algum docente agiu de forma inadequada, poder\u00e1 enfrentar um processo disciplinar. &quot;Se houve algum professor que fez isso, obviamente ter\u00e1 um processo disciplinar porque incorreu em desobedi\u00eancia&quot;, afirmou.<\/p>\n\n\n\n<h2 class=\"wp-block-heading\">Prepara\u00e7\u00f5es para o novo ano letivo<\/h2>\n\n\n\n<p>Fernando Alexandre trouxe ainda not\u00edcias sobre os pagamentos aos professores que trabalharam na corre\u00e7\u00e3o dos exames. At\u00e9 a \u00faltima sexta-feira, cerca de nove mil dos aproximadamente 11 mil professores que corrigiram na primeira fase j\u00e1 haviam recebido seus pagamentos. Ele ressaltou que o in\u00edcio do ano letivo est\u00e1 sendo preparado para garantir tranquilidade nas escolas.<\/p>\n\n\n\n<p>O ministro destacou que o governo est\u00e1 atento \u00e0 necessidade de substitui\u00e7\u00f5es devido a aposentadorias e baixas de professores, afirmando que foram fornecidos instrumentos para minimizar a falta de aulas. Contudo, a Fenprof alertou que ainda existem 2.650 hor\u00e1rios dispon\u00edveis, correspondendo a mais de 50 mil horas de aulas a serem preenchidas.<\/p>","protected":false},"excerpt":{"rendered":"<p>Fernando Alexandre se manifesta ap\u00f3s abertura de inqu\u00e9rito pelo Minist\u00e9rio P\u00fablico sobre avalia\u00e7\u00f5es.<\/p>","protected":false},"author":9,"featured_media":0,"comment_status":"open","ping_status":"open","sticky":false,"template":"","format":"standard","meta":{"footnotes":""},"categories":[51],"tags":[634,1833,1836,1837,1835],"class_list":["post-43398","post","type-post","status-publish","format-standard","hentry","category-mundo","tag-educacao","tag-exames","tag-fenprof","tag-fernando-alexandre","tag-ministerio-publico"],"yoast_head":"<!-- This site is optimized with the Yoast SEO Premium plugin v27.9 (Yoast SEO v27.9) - https:\/\/yoast.com\/product\/yoast-seo-premium-wordpress\/ -->\n<title>Ministro da educa\u00e7\u00e3o afirma estar tranquilo sobre inqu\u00e9rito dos exames<\/title>\n<meta name=\"description\" content=\"Ministro da Educa\u00e7\u00e3o afirma ter consci\u00eancia tranquila sobre inqu\u00e9rito que investiga exames nacionais ap\u00f3s queixa da Fenprof.\" \/>\n<meta name=\"robots\" content=\"index, follow, max-snippet:-1, max-image-preview:large, max-video-preview:-1\" \/>\n<link rel=\"canonical\" href=\"https:\/\/fyno.pt\/pt\/mundo\/ministro-educacao-exames-tranquilidade\/\" \/>\n<meta property=\"og:locale\" content=\"pt_PT\" \/>\n<meta property=\"og:type\" content=\"article\" \/>\n<meta property=\"og:title\" content=\"Ministro da educa\u00e7\u00e3o fala sobre processo de exames com consci\u00eancia tranquila\" \/>\n<meta property=\"og:description\" content=\"Ministro da Educa\u00e7\u00e3o afirma ter consci\u00eancia tranquila sobre inqu\u00e9rito que investiga exames nacionais ap\u00f3s queixa da Fenprof.\" \/>\n<meta property=\"og:url\" content=\"https:\/\/fyno.pt\/pt\/mundo\/ministro-educacao-exames-tranquilidade\/\" \/>\n<meta property=\"og:site_name\" content=\"Fyno\" \/>\n<meta property=\"article:published_time\" content=\"2026-09-01T13:27:49+00:00\" \/>\n<meta name=\"author\" content=\"Fyno\" \/>\n<meta name=\"twitter:card\" content=\"summary_large_image\" \/>\n<meta name=\"twitter:label1\" content=\"Escrito por\" \/>\n\t<meta name=\"twitter:data1\" content=\"Fyno\" \/>\n\t<meta name=\"twitter:label2\" content=\"Tempo estimado de leitura\" \/>\n\t<meta name=\"twitter:data2\" content=\"2 minutos\" \/>\n<script type=\"application\/ld+json\" class=\"yoast-schema-graph\">{\"@context\":\"https:\\\/\\\/schema.org\",\"@graph\":[{\"@type\":\"Article\",\"@id\":\"https:\\\/\\\/fyno.pt\\\/mundo\\\/ministro-educacao-exames-tranquilidade\\\/#article\",\"isPartOf\":{\"@id\":\"https:\\\/\\\/fyno.pt\\\/mundo\\\/ministro-educacao-exames-tranquilidade\\\/\"},\"author\":{\"name\":\"Fyno\",\"@id\":\"https:\\\/\\\/fyno.pt\\\/#\\\/schema\\\/person\\\/ab5b330ed5ed05f1b4a7b8e438f68187\"},\"headline\":\"Ministro da educa\u00e7\u00e3o fala sobre processo de exames com consci\u00eancia tranquila\",\"datePublished\":\"2026-09-01T13:27:49+00:00\",\"mainEntityOfPage\":{\"@id\":\"https:\\\/\\\/fyno.pt\\\/mundo\\\/ministro-educacao-exames-tranquilidade\\\/\"},\"wordCount\":360,\"commentCount\":0,\"keywords\":[\"Educa\u00e7\u00e3o\",\"exames\",\"Fenprof\",\"Fernando Alexandre\",\"Minist\u00e9rio P\u00fablico\"],\"articleSection\":[\"Mundo\"],\"inLanguage\":\"pt-PT\",\"potentialAction\":[{\"@type\":\"CommentAction\",\"name\":\"Comment\",\"target\":[\"https:\\\/\\\/fyno.pt\\\/mundo\\\/ministro-educacao-exames-tranquilidade\\\/#respond\"]}]},{\"@type\":\"WebPage\",\"@id\":\"https:\\\/\\\/fyno.pt\\\/mundo\\\/ministro-educacao-exames-tranquilidade\\\/\",\"url\":\"https:\\\/\\\/fyno.pt\\\/mundo\\\/ministro-educacao-exames-tranquilidade\\\/\",\"name\":\"Ministro da educa\u00e7\u00e3o afirma estar tranquilo sobre inqu\u00e9rito dos exames\",\"isPartOf\":{\"@id\":\"https:\\\/\\\/fyno.pt\\\/#website\"},\"datePublished\":\"2026-09-01T13:27:49+00:00\",\"author\":{\"@id\":\"https:\\\/\\\/fyno.pt\\\/#\\\/schema\\\/person\\\/ab5b330ed5ed05f1b4a7b8e438f68187\"},\"description\":\"Ministro da Educa\u00e7\u00e3o afirma ter consci\u00eancia tranquila sobre inqu\u00e9rito que investiga exames nacionais ap\u00f3s queixa da Fenprof.\",\"breadcrumb\":{\"@id\":\"https:\\\/\\\/fyno.pt\\\/mundo\\\/ministro-educacao-exames-tranquilidade\\\/#breadcrumb\"},\"inLanguage\":\"pt-PT\",\"potentialAction\":[{\"@type\":\"ReadAction\",\"target\":[\"https:\\\/\\\/fyno.pt\\\/mundo\\\/ministro-educacao-exames-tranquilidade\\\/\"]}]},{\"@type\":\"BreadcrumbList\",\"@id\":\"https:\\\/\\\/fyno.pt\\\/mundo\\\/ministro-educacao-exames-tranquilidade\\\/#breadcrumb\",\"itemListElement\":[{\"@type\":\"ListItem\",\"position\":1,\"name\":\"In\u00edcio\",\"item\":\"https:\\\/\\\/fyno.pt\\\/\"},{\"@type\":\"ListItem\",\"position\":2,\"name\":\"Ministro da educa\u00e7\u00e3o fala sobre processo de exames com consci\u00eancia tranquila\"}]},{\"@type\":\"WebSite\",\"@id\":\"https:\\\/\\\/fyno.pt\\\/#website\",\"url\":\"https:\\\/\\\/fyno.pt\\\/\",\"name\":\"Fyno\",\"description\":\"Not\u00edcia e informa\u00e7\u00e3o\",\"potentialAction\":[{\"@type\":\"SearchAction\",\"target\":{\"@type\":\"EntryPoint\",\"urlTemplate\":\"https:\\\/\\\/fyno.pt\\\/?s={search_term_string}\"},\"query-input\":{\"@type\":\"PropertyValueSpecification\",\"valueRequired\":true,\"valueName\":\"search_term_string\"}}],\"inLanguage\":\"pt-PT\"},{\"@type\":\"Person\",\"@id\":\"https:\\\/\\\/fyno.pt\\\/#\\\/schema\\\/person\\\/ab5b330ed5ed05f1b4a7b8e438f68187\",\"name\":\"Fyno\",\"image\":{\"@type\":\"ImageObject\",\"inLanguage\":\"pt-PT\",\"@id\":\"https:\\\/\\\/fyno.pt\\\/wp-content\\\/litespeed\\\/avatar\\\/8f51870e8d94c234e288da840d914372.jpg?ver=1788205134\",\"url\":\"https:\\\/\\\/fyno.pt\\\/wp-content\\\/litespeed\\\/avatar\\\/8f51870e8d94c234e288da840d914372.jpg?ver=1788205134\",\"contentUrl\":\"https:\\\/\\\/fyno.pt\\\/wp-content\\\/litespeed\\\/avatar\\\/8f51870e8d94c234e288da840d914372.jpg?ver=1788205134\",\"caption\":\"Fyno\"},\"description\":\"A sua fonte de informa\u00e7\u00e3o.\",\"url\":\"https:\\\/\\\/fyno.pt\\\/pt\\\/author\\\/fynopt\\\/\"}]}<\/script>\n<!-- \/ Yoast SEO Premium plugin. -->","yoast_head_json":{"title":"Ministro da educa\u00e7\u00e3o afirma estar tranquilo sobre inqu\u00e9rito dos exames","description":"Ministro da Educa\u00e7\u00e3o afirma ter consci\u00eancia tranquila sobre inqu\u00e9rito que investiga exames nacionais ap\u00f3s queixa da Fenprof.","robots":{"index":"index","follow":"follow","max-snippet":"max-snippet:-1","max-image-preview":"max-image-preview:large","max-video-preview":"max-video-preview:-1"},"canonical":"https:\/\/fyno.pt\/pt\/mundo\/ministro-educacao-exames-tranquilidade\/","og_locale":"pt_PT","og_type":"article","og_title":"Ministro da educa\u00e7\u00e3o fala sobre processo de exames com consci\u00eancia tranquila","og_description":"Ministro da Educa\u00e7\u00e3o afirma ter consci\u00eancia tranquila sobre inqu\u00e9rito que investiga exames nacionais ap\u00f3s queixa da Fenprof.","og_url":"https:\/\/fyno.pt\/pt\/mundo\/ministro-educacao-exames-tranquilidade\/","og_site_name":"Fyno","article_published_time":"2026-09-01T13:27:49+00:00","author":"Fyno","twitter_card":"summary_large_image","twitter_misc":{"Escrito por":"Fyno","Tempo estimado de leitura":"2 minutos"},"schema":{"@context":"https:\/\/schema.org","@graph":[{"@type":"Article","@id":"https:\/\/fyno.pt\/mundo\/ministro-educacao-exames-tranquilidade\/#article","isPartOf":{"@id":"https:\/\/fyno.pt\/mundo\/ministro-educacao-exames-tranquilidade\/"},"author":{"name":"Fyno","@id":"https:\/\/fyno.pt\/#\/schema\/person\/ab5b330ed5ed05f1b4a7b8e438f68187"},"headline":"Ministro da educa\u00e7\u00e3o fala sobre processo de exames com consci\u00eancia tranquila","datePublished":"2026-09-01T13:27:49+00:00","mainEntityOfPage":{"@id":"https:\/\/fyno.pt\/mundo\/ministro-educacao-exames-tranquilidade\/"},"wordCount":360,"commentCount":0,"keywords":["Educa\u00e7\u00e3o","exames","Fenprof","Fernando Alexandre","Minist\u00e9rio P\u00fablico"],"articleSection":["Mundo"],"inLanguage":"pt-PT","potentialAction":[{"@type":"CommentAction","name":"Comment","target":["https:\/\/fyno.pt\/mundo\/ministro-educacao-exames-tranquilidade\/#respond"]}]},{"@type":"WebPage","@id":"https:\/\/fyno.pt\/mundo\/ministro-educacao-exames-tranquilidade\/","url":"https:\/\/fyno.pt\/mundo\/ministro-educacao-exames-tranquilidade\/","name":"Ministro da educa\u00e7\u00e3o afirma estar tranquilo sobre inqu\u00e9rito dos exames","isPartOf":{"@id":"https:\/\/fyno.pt\/#website"},"datePublished":"2026-09-01T13:27:49+00:00","author":{"@id":"https:\/\/fyno.pt\/#\/schema\/person\/ab5b330ed5ed05f1b4a7b8e438f68187"},"description":"Ministro da Educa\u00e7\u00e3o afirma ter consci\u00eancia tranquila sobre inqu\u00e9rito que investiga exames nacionais ap\u00f3s queixa da Fenprof.","breadcrumb":{"@id":"https:\/\/fyno.pt\/mundo\/ministro-educacao-exames-tranquilidade\/#breadcrumb"},"inLanguage":"pt-PT","potentialAction":[{"@type":"ReadAction","target":["https:\/\/fyno.pt\/mundo\/ministro-educacao-exames-tranquilidade\/"]}]},{"@type":"BreadcrumbList","@id":"https:\/\/fyno.pt\/mundo\/ministro-educacao-exames-tranquilidade\/#breadcrumb","itemListElement":[{"@type":"ListItem","position":1,"name":"In\u00edcio","item":"https:\/\/fyno.pt\/"},{"@type":"ListItem","position":2,"name":"Ministro da educa\u00e7\u00e3o fala sobre processo de exames com consci\u00eancia tranquila"}]},{"@type":"WebSite","@id":"https:\/\/fyno.pt\/#website","url":"https:\/\/fyno.pt\/","name":"Fyno","description":"Not\u00edcia e informa\u00e7\u00e3o","potentialAction":[{"@type":"SearchAction","target":{"@type":"EntryPoint","urlTemplate":"https:\/\/fyno.pt\/?s={search_term_string}"},"query-input":{"@type":"PropertyValueSpecification","valueRequired":true,"valueName":"search_term_string"}}],"inLanguage":"pt-PT"},{"@type":"Person","@id":"https:\/\/fyno.pt\/#\/schema\/person\/ab5b330ed5ed05f1b4a7b8e438f68187","name":"Fyno","image":{"@type":"ImageObject","inLanguage":"pt-PT","@id":"https:\/\/fyno.pt\/wp-content\/litespeed\/avatar\/8f51870e8d94c234e288da840d914372.jpg?ver=1788205134","url":"https:\/\/fyno.pt\/wp-content\/litespeed\/avatar\/8f51870e8d94c234e288da840d914372.jpg?ver=1788205134","contentUrl":"https:\/\/fyno.pt\/wp-content\/litespeed\/avatar\/8f51870e8d94c234e288da840d914372.jpg?ver=1788205134","caption":"Fyno"},"description":"A sua fonte de informa\u00e7\u00e3o.","url":"https:\/\/fyno.pt\/pt\/author\/fynopt\/"}]}},"_links":{"self":[{"href":"https:\/\/fyno.pt\/pt\/wp-json\/wp\/v2\/posts\/43398","targetHints":{"allow":["GET"]}}],"collection":[{"href":"https:\/\/fyno.pt\/pt\/wp-json\/wp\/v2\/posts"}],"about":[{"href":"https:\/\/fyno.pt\/pt\/wp-json\/wp\/v2\/types\/post"}],"author":[{"embeddable":true,"href":"https:\/\/fyno.pt\/pt\/wp-json\/wp\/v2\/users\/9"}],"replies":[{"embeddable":true,"href":"https:\/\/fyno.pt\/pt\/wp-json\/wp\/v2\/comments?post=43398"}],"version-history":[{"count":1,"href":"https:\/\/fyno.pt\/pt\/wp-json\/wp\/v2\/posts\/43398\/revisions"}],"predecessor-version":[{"id":43399,"href":"https:\/\/fyno.pt\/pt\/wp-json\/wp\/v2\/posts\/43398\/revisions\/43399"}],"wp:attachment":[{"href":"https:\/\/fyno.pt\/pt\/wp-json\/wp\/v2\/media?parent=43398"}],"wp:term":[{"taxonomy":"category","embeddable":true,"href":"https:\/\/fyno.pt\/pt\/wp-json\/wp\/v2\/categories?post=43398"},{"taxonomy":"post_tag","embeddable":true,"href":"https:\/\/fyno.pt\/pt\/wp-json\/wp\/v2\/tags?post=43398"}],"curies":[{"name":"wp","href":"https:\/\/api.w.org\/{rel}","templated":true}]}}