{"id":43395,"date":"2026-09-01T10:25:28","date_gmt":"2026-09-01T13:25:28","guid":{"rendered":"https:\/\/fyno.pt\/?p=43395"},"modified":"2026-09-01T10:25:28","modified_gmt":"2026-09-01T13:25:28","slug":"ministro-educacao-tranquilo-exames-nacionais","status":"publish","type":"post","link":"https:\/\/fyno.pt\/pt\/news\/ministro-educacao-tranquilo-exames-nacionais\/","title":{"rendered":"Ministro da educa\u00e7\u00e3o afirma estar tranquilo sobre processo de exames nacionais"},"content":{"rendered":"<p>O ministro da Educa\u00e7\u00e3o, Ci\u00eancia e Inova\u00e7\u00e3o, declarou nesta ter\u00e7a-feira que est\u00e1 com a &quot;consci\u00eancia totalmente tranquila&quot; em rela\u00e7\u00e3o ao processo que investiga a avalia\u00e7\u00e3o dos exames nacionais. A investiga\u00e7\u00e3o foi iniciada pelo Minist\u00e9rio P\u00fablico ap\u00f3s uma queixa apresentada pela Federa\u00e7\u00e3o Nacional dos Professores (Fenprof).<\/p>\n\n\n\n<h2 class=\"wp-block-heading\">Contexto da Queixa<\/h2>\n\n\n\n<p>A Fenprof formalizou uma queixa junto ao Minist\u00e9rio P\u00fablico, questionando a transpar\u00eancia e a validade dos processos de avalia\u00e7\u00e3o dos exames nacionais. A entidade representativa dos professores alegou preocupa\u00e7\u00f5es sobre a forma como os exames est\u00e3o sendo conduzidos e os crit\u00e9rios utilizados para sua avalia\u00e7\u00e3o.<\/p>\n\n\n\n<h2 class=\"wp-block-heading\">Rea\u00e7\u00e3o do Ministro<\/h2>\n\n\n\n<p>Em resposta a essas acusa\u00e7\u00f5es, o ministro reafirmou sua confian\u00e7a no sistema de avalia\u00e7\u00e3o e destacou que todas as etapas do processo s\u00e3o conduzidas de maneira \u00e9tica e profissional. Ele enfatizou que a integridade dos exames \u00e9 uma prioridade para o minist\u00e9rio e que est\u00e1 preparado para colaborar com as investiga\u00e7\u00f5es do Minist\u00e9rio P\u00fablico.<\/p>\n\n\n\n<h2 class=\"wp-block-heading\">Pr\u00f3ximos Passos<\/h2>\n\n\n\n<p>Agora, o processo seguir\u00e1 seu curso conforme os procedimentos legais estabelecidos. A expectativa \u00e9 que o Minist\u00e9rio P\u00fablico analise as alega\u00e7\u00f5es apresentadas pela Fenprof e, posteriormente, forne\u00e7a um parecer sobre a situa\u00e7\u00e3o. O minist\u00e9rio, por sua vez, se compromete a manter a transpar\u00eancia durante todo o processo.<\/p>","protected":false},"excerpt":{"rendered":"<p>Ministro se pronuncia ap\u00f3s queixa da Fenprof sobre avalia\u00e7\u00e3o de exames nacionais.<\/p>","protected":false},"author":9,"featured_media":43396,"comment_status":"open","ping_status":"open","sticky":false,"template":"","format":"standard","meta":{"footnotes":""},"categories":[560],"tags":[634,1833,1836,1835,1834],"class_list":["post-43395","post","type-post","status-publish","format-standard","has-post-thumbnail","hentry","category-news","tag-educacao","tag-exames","tag-fenprof","tag-ministerio-publico","tag-transparencia"],"yoast_head":"<!-- This site is optimized with the Yoast SEO Premium plugin v27.9 (Yoast SEO v27.9) - https:\/\/yoast.com\/product\/yoast-seo-premium-wordpress\/ -->\n<title>Ministro da educa\u00e7\u00e3o comenta sobre investiga\u00e7\u00e3o dos exames nacionais<\/title>\n<meta name=\"description\" content=\"Ministro da Educa\u00e7\u00e3o afirma estar tranquilo sobre investiga\u00e7\u00e3o dos exames nacionais ap\u00f3s queixa da Fenprof.\" \/>\n<meta name=\"robots\" content=\"index, follow, max-snippet:-1, max-image-preview:large, max-video-preview:-1\" \/>\n<link rel=\"canonical\" href=\"https:\/\/fyno.pt\/pt\/news\/ministro-educacao-tranquilo-exames-nacionais\/\" \/>\n<meta property=\"og:locale\" content=\"pt_PT\" \/>\n<meta property=\"og:type\" content=\"article\" \/>\n<meta property=\"og:title\" content=\"Ministro da educa\u00e7\u00e3o afirma estar tranquilo sobre processo de exames nacionais\" \/>\n<meta property=\"og:description\" content=\"Ministro da Educa\u00e7\u00e3o afirma estar tranquilo sobre investiga\u00e7\u00e3o dos exames nacionais ap\u00f3s queixa da Fenprof.\" \/>\n<meta property=\"og:url\" content=\"https:\/\/fyno.pt\/pt\/news\/ministro-educacao-tranquilo-exames-nacionais\/\" \/>\n<meta property=\"og:site_name\" content=\"Fyno\" \/>\n<meta property=\"article:published_time\" content=\"2026-09-01T13:25:28+00:00\" \/>\n<meta property=\"og:image\" content=\"https:\/\/fyno.pt\/wp-content\/uploads\/2026\/09\/generica-lusa-educacao-01.jpg\" \/>\n\t<meta property=\"og:image:width\" content=\"1200\" \/>\n\t<meta property=\"og:image:height\" content=\"630\" \/>\n\t<meta property=\"og:image:type\" content=\"image\/webp\" \/>\n<meta name=\"author\" content=\"Fyno\" \/>\n<meta name=\"twitter:card\" content=\"summary_large_image\" \/>\n<meta name=\"twitter:label1\" content=\"Escrito por\" \/>\n\t<meta name=\"twitter:data1\" content=\"Fyno\" \/>\n\t<meta name=\"twitter:label2\" content=\"Tempo estimado de leitura\" \/>\n\t<meta name=\"twitter:data2\" content=\"1 minuto\" \/>\n<script type=\"application\/ld+json\" class=\"yoast-schema-graph\">{\"@context\":\"https:\\\/\\\/schema.org\",\"@graph\":[{\"@type\":\"Article\",\"@id\":\"https:\\\/\\\/fyno.pt\\\/news\\\/ministro-educacao-tranquilo-exames-nacionais\\\/#article\",\"isPartOf\":{\"@id\":\"https:\\\/\\\/fyno.pt\\\/news\\\/ministro-educacao-tranquilo-exames-nacionais\\\/\"},\"author\":{\"name\":\"Fyno\",\"@id\":\"https:\\\/\\\/fyno.pt\\\/#\\\/schema\\\/person\\\/ab5b330ed5ed05f1b4a7b8e438f68187\"},\"headline\":\"Ministro da educa\u00e7\u00e3o afirma estar tranquilo sobre processo de exames nacionais\",\"datePublished\":\"2026-09-01T13:25:28+00:00\",\"mainEntityOfPage\":{\"@id\":\"https:\\\/\\\/fyno.pt\\\/news\\\/ministro-educacao-tranquilo-exames-nacionais\\\/\"},\"wordCount\":248,\"commentCount\":0,\"image\":{\"@id\":\"https:\\\/\\\/fyno.pt\\\/news\\\/ministro-educacao-tranquilo-exames-nacionais\\\/#primaryimage\"},\"thumbnailUrl\":\"https:\\\/\\\/fyno.pt\\\/wp-content\\\/uploads\\\/2026\\\/09\\\/generica-lusa-educacao-01.jpg\",\"keywords\":[\"Educa\u00e7\u00e3o\",\"exames\",\"Fenprof\",\"Minist\u00e9rio P\u00fablico\",\"transpar\u00eancia\"],\"articleSection\":[\"News\"],\"inLanguage\":\"pt-PT\",\"potentialAction\":[{\"@type\":\"CommentAction\",\"name\":\"Comment\",\"target\":[\"https:\\\/\\\/fyno.pt\\\/news\\\/ministro-educacao-tranquilo-exames-nacionais\\\/#respond\"]}]},{\"@type\":\"WebPage\",\"@id\":\"https:\\\/\\\/fyno.pt\\\/news\\\/ministro-educacao-tranquilo-exames-nacionais\\\/\",\"url\":\"https:\\\/\\\/fyno.pt\\\/news\\\/ministro-educacao-tranquilo-exames-nacionais\\\/\",\"name\":\"Ministro da educa\u00e7\u00e3o comenta sobre investiga\u00e7\u00e3o dos exames nacionais\",\"isPartOf\":{\"@id\":\"https:\\\/\\\/fyno.pt\\\/#website\"},\"primaryImageOfPage\":{\"@id\":\"https:\\\/\\\/fyno.pt\\\/news\\\/ministro-educacao-tranquilo-exames-nacionais\\\/#primaryimage\"},\"image\":{\"@id\":\"https:\\\/\\\/fyno.pt\\\/news\\\/ministro-educacao-tranquilo-exames-nacionais\\\/#primaryimage\"},\"thumbnailUrl\":\"https:\\\/\\\/fyno.pt\\\/wp-content\\\/uploads\\\/2026\\\/09\\\/generica-lusa-educacao-01.jpg\",\"datePublished\":\"2026-09-01T13:25:28+00:00\",\"author\":{\"@id\":\"https:\\\/\\\/fyno.pt\\\/#\\\/schema\\\/person\\\/ab5b330ed5ed05f1b4a7b8e438f68187\"},\"description\":\"Ministro da Educa\u00e7\u00e3o afirma estar tranquilo sobre investiga\u00e7\u00e3o dos exames nacionais ap\u00f3s queixa da Fenprof.\",\"breadcrumb\":{\"@id\":\"https:\\\/\\\/fyno.pt\\\/news\\\/ministro-educacao-tranquilo-exames-nacionais\\\/#breadcrumb\"},\"inLanguage\":\"pt-PT\",\"potentialAction\":[{\"@type\":\"ReadAction\",\"target\":[\"https:\\\/\\\/fyno.pt\\\/news\\\/ministro-educacao-tranquilo-exames-nacionais\\\/\"]}]},{\"@type\":\"ImageObject\",\"inLanguage\":\"pt-PT\",\"@id\":\"https:\\\/\\\/fyno.pt\\\/news\\\/ministro-educacao-tranquilo-exames-nacionais\\\/#primaryimage\",\"url\":\"https:\\\/\\\/fyno.pt\\\/wp-content\\\/uploads\\\/2026\\\/09\\\/generica-lusa-educacao-01.jpg\",\"contentUrl\":\"https:\\\/\\\/fyno.pt\\\/wp-content\\\/uploads\\\/2026\\\/09\\\/generica-lusa-educacao-01.jpg\",\"width\":1200,\"height\":630,\"caption\":\"Ministro de \u201cconsci\u00eancia totalmente tranquila\u201d quanto a processo sobre exames\"},{\"@type\":\"BreadcrumbList\",\"@id\":\"https:\\\/\\\/fyno.pt\\\/news\\\/ministro-educacao-tranquilo-exames-nacionais\\\/#breadcrumb\",\"itemListElement\":[{\"@type\":\"ListItem\",\"position\":1,\"name\":\"In\u00edcio\",\"item\":\"https:\\\/\\\/fyno.pt\\\/\"},{\"@type\":\"ListItem\",\"position\":2,\"name\":\"Ministro da educa\u00e7\u00e3o afirma estar tranquilo sobre processo de exames nacionais\"}]},{\"@type\":\"WebSite\",\"@id\":\"https:\\\/\\\/fyno.pt\\\/#website\",\"url\":\"https:\\\/\\\/fyno.pt\\\/\",\"name\":\"Fyno\",\"description\":\"Not\u00edcia e informa\u00e7\u00e3o\",\"potentialAction\":[{\"@type\":\"SearchAction\",\"target\":{\"@type\":\"EntryPoint\",\"urlTemplate\":\"https:\\\/\\\/fyno.pt\\\/?s={search_term_string}\"},\"query-input\":{\"@type\":\"PropertyValueSpecification\",\"valueRequired\":true,\"valueName\":\"search_term_string\"}}],\"inLanguage\":\"pt-PT\"},{\"@type\":\"Person\",\"@id\":\"https:\\\/\\\/fyno.pt\\\/#\\\/schema\\\/person\\\/ab5b330ed5ed05f1b4a7b8e438f68187\",\"name\":\"Fyno\",\"image\":{\"@type\":\"ImageObject\",\"inLanguage\":\"pt-PT\",\"@id\":\"https:\\\/\\\/fyno.pt\\\/wp-content\\\/litespeed\\\/avatar\\\/8f51870e8d94c234e288da840d914372.jpg?ver=1788205134\",\"url\":\"https:\\\/\\\/fyno.pt\\\/wp-content\\\/litespeed\\\/avatar\\\/8f51870e8d94c234e288da840d914372.jpg?ver=1788205134\",\"contentUrl\":\"https:\\\/\\\/fyno.pt\\\/wp-content\\\/litespeed\\\/avatar\\\/8f51870e8d94c234e288da840d914372.jpg?ver=1788205134\",\"caption\":\"Fyno\"},\"description\":\"A sua fonte de informa\u00e7\u00e3o.\",\"url\":\"https:\\\/\\\/fyno.pt\\\/pt\\\/author\\\/fynopt\\\/\"}]}<\/script>\n<!-- \/ Yoast SEO Premium plugin. -->","yoast_head_json":{"title":"Ministro da educa\u00e7\u00e3o comenta sobre investiga\u00e7\u00e3o dos exames nacionais","description":"Ministro da Educa\u00e7\u00e3o afirma estar tranquilo sobre investiga\u00e7\u00e3o dos exames nacionais ap\u00f3s queixa da Fenprof.","robots":{"index":"index","follow":"follow","max-snippet":"max-snippet:-1","max-image-preview":"max-image-preview:large","max-video-preview":"max-video-preview:-1"},"canonical":"https:\/\/fyno.pt\/pt\/news\/ministro-educacao-tranquilo-exames-nacionais\/","og_locale":"pt_PT","og_type":"article","og_title":"Ministro da educa\u00e7\u00e3o afirma estar tranquilo sobre processo de exames nacionais","og_description":"Ministro da Educa\u00e7\u00e3o afirma estar tranquilo sobre investiga\u00e7\u00e3o dos exames nacionais ap\u00f3s queixa da Fenprof.","og_url":"https:\/\/fyno.pt\/pt\/news\/ministro-educacao-tranquilo-exames-nacionais\/","og_site_name":"Fyno","article_published_time":"2026-09-01T13:25:28+00:00","og_image":[{"width":1200,"height":630,"url":"https:\/\/fyno.pt\/wp-content\/uploads\/2026\/09\/generica-lusa-educacao-01.jpg","type":"image\/webp"}],"author":"Fyno","twitter_card":"summary_large_image","twitter_misc":{"Escrito por":"Fyno","Tempo estimado de leitura":"1 minuto"},"schema":{"@context":"https:\/\/schema.org","@graph":[{"@type":"Article","@id":"https:\/\/fyno.pt\/news\/ministro-educacao-tranquilo-exames-nacionais\/#article","isPartOf":{"@id":"https:\/\/fyno.pt\/news\/ministro-educacao-tranquilo-exames-nacionais\/"},"author":{"name":"Fyno","@id":"https:\/\/fyno.pt\/#\/schema\/person\/ab5b330ed5ed05f1b4a7b8e438f68187"},"headline":"Ministro da educa\u00e7\u00e3o afirma estar tranquilo sobre processo de exames nacionais","datePublished":"2026-09-01T13:25:28+00:00","mainEntityOfPage":{"@id":"https:\/\/fyno.pt\/news\/ministro-educacao-tranquilo-exames-nacionais\/"},"wordCount":248,"commentCount":0,"image":{"@id":"https:\/\/fyno.pt\/news\/ministro-educacao-tranquilo-exames-nacionais\/#primaryimage"},"thumbnailUrl":"https:\/\/fyno.pt\/wp-content\/uploads\/2026\/09\/generica-lusa-educacao-01.jpg","keywords":["Educa\u00e7\u00e3o","exames","Fenprof","Minist\u00e9rio P\u00fablico","transpar\u00eancia"],"articleSection":["News"],"inLanguage":"pt-PT","potentialAction":[{"@type":"CommentAction","name":"Comment","target":["https:\/\/fyno.pt\/news\/ministro-educacao-tranquilo-exames-nacionais\/#respond"]}]},{"@type":"WebPage","@id":"https:\/\/fyno.pt\/news\/ministro-educacao-tranquilo-exames-nacionais\/","url":"https:\/\/fyno.pt\/news\/ministro-educacao-tranquilo-exames-nacionais\/","name":"Ministro da educa\u00e7\u00e3o comenta sobre investiga\u00e7\u00e3o dos exames nacionais","isPartOf":{"@id":"https:\/\/fyno.pt\/#website"},"primaryImageOfPage":{"@id":"https:\/\/fyno.pt\/news\/ministro-educacao-tranquilo-exames-nacionais\/#primaryimage"},"image":{"@id":"https:\/\/fyno.pt\/news\/ministro-educacao-tranquilo-exames-nacionais\/#primaryimage"},"thumbnailUrl":"https:\/\/fyno.pt\/wp-content\/uploads\/2026\/09\/generica-lusa-educacao-01.jpg","datePublished":"2026-09-01T13:25:28+00:00","author":{"@id":"https:\/\/fyno.pt\/#\/schema\/person\/ab5b330ed5ed05f1b4a7b8e438f68187"},"description":"Ministro da Educa\u00e7\u00e3o afirma estar tranquilo sobre investiga\u00e7\u00e3o dos exames nacionais ap\u00f3s queixa da Fenprof.","breadcrumb":{"@id":"https:\/\/fyno.pt\/news\/ministro-educacao-tranquilo-exames-nacionais\/#breadcrumb"},"inLanguage":"pt-PT","potentialAction":[{"@type":"ReadAction","target":["https:\/\/fyno.pt\/news\/ministro-educacao-tranquilo-exames-nacionais\/"]}]},{"@type":"ImageObject","inLanguage":"pt-PT","@id":"https:\/\/fyno.pt\/news\/ministro-educacao-tranquilo-exames-nacionais\/#primaryimage","url":"https:\/\/fyno.pt\/wp-content\/uploads\/2026\/09\/generica-lusa-educacao-01.jpg","contentUrl":"https:\/\/fyno.pt\/wp-content\/uploads\/2026\/09\/generica-lusa-educacao-01.jpg","width":1200,"height":630,"caption":"Ministro de \u201cconsci\u00eancia totalmente tranquila\u201d quanto a processo sobre exames"},{"@type":"BreadcrumbList","@id":"https:\/\/fyno.pt\/news\/ministro-educacao-tranquilo-exames-nacionais\/#breadcrumb","itemListElement":[{"@type":"ListItem","position":1,"name":"In\u00edcio","item":"https:\/\/fyno.pt\/"},{"@type":"ListItem","position":2,"name":"Ministro da educa\u00e7\u00e3o afirma estar tranquilo sobre processo de exames nacionais"}]},{"@type":"WebSite","@id":"https:\/\/fyno.pt\/#website","url":"https:\/\/fyno.pt\/","name":"Fyno","description":"Not\u00edcia e informa\u00e7\u00e3o","potentialAction":[{"@type":"SearchAction","target":{"@type":"EntryPoint","urlTemplate":"https:\/\/fyno.pt\/?s={search_term_string}"},"query-input":{"@type":"PropertyValueSpecification","valueRequired":true,"valueName":"search_term_string"}}],"inLanguage":"pt-PT"},{"@type":"Person","@id":"https:\/\/fyno.pt\/#\/schema\/person\/ab5b330ed5ed05f1b4a7b8e438f68187","name":"Fyno","image":{"@type":"ImageObject","inLanguage":"pt-PT","@id":"https:\/\/fyno.pt\/wp-content\/litespeed\/avatar\/8f51870e8d94c234e288da840d914372.jpg?ver=1788205134","url":"https:\/\/fyno.pt\/wp-content\/litespeed\/avatar\/8f51870e8d94c234e288da840d914372.jpg?ver=1788205134","contentUrl":"https:\/\/fyno.pt\/wp-content\/litespeed\/avatar\/8f51870e8d94c234e288da840d914372.jpg?ver=1788205134","caption":"Fyno"},"description":"A sua fonte de informa\u00e7\u00e3o.","url":"https:\/\/fyno.pt\/pt\/author\/fynopt\/"}]}},"_links":{"self":[{"href":"https:\/\/fyno.pt\/pt\/wp-json\/wp\/v2\/posts\/43395","targetHints":{"allow":["GET"]}}],"collection":[{"href":"https:\/\/fyno.pt\/pt\/wp-json\/wp\/v2\/posts"}],"about":[{"href":"https:\/\/fyno.pt\/pt\/wp-json\/wp\/v2\/types\/post"}],"author":[{"embeddable":true,"href":"https:\/\/fyno.pt\/pt\/wp-json\/wp\/v2\/users\/9"}],"replies":[{"embeddable":true,"href":"https:\/\/fyno.pt\/pt\/wp-json\/wp\/v2\/comments?post=43395"}],"version-history":[{"count":1,"href":"https:\/\/fyno.pt\/pt\/wp-json\/wp\/v2\/posts\/43395\/revisions"}],"predecessor-version":[{"id":43397,"href":"https:\/\/fyno.pt\/pt\/wp-json\/wp\/v2\/posts\/43395\/revisions\/43397"}],"wp:featuredmedia":[{"embeddable":true,"href":"https:\/\/fyno.pt\/pt\/wp-json\/wp\/v2\/media\/43396"}],"wp:attachment":[{"href":"https:\/\/fyno.pt\/pt\/wp-json\/wp\/v2\/media?parent=43395"}],"wp:term":[{"taxonomy":"category","embeddable":true,"href":"https:\/\/fyno.pt\/pt\/wp-json\/wp\/v2\/categories?post=43395"},{"taxonomy":"post_tag","embeddable":true,"href":"https:\/\/fyno.pt\/pt\/wp-json\/wp\/v2\/tags?post=43395"}],"curies":[{"name":"wp","href":"https:\/\/api.w.org\/{rel}","templated":true}]}}