{"id":43387,"date":"2026-09-01T10:16:31","date_gmt":"2026-09-01T13:16:31","guid":{"rendered":"https:\/\/fyno.pt\/?p=43387"},"modified":"2026-09-01T10:16:31","modified_gmt":"2026-09-01T13:16:31","slug":"charles-rescinde-contrato-vitoria-sc","status":"publish","type":"post","link":"https:\/\/fyno.pt\/pt\/mundo\/charles-rescinde-contrato-vitoria-sc\/","title":{"rendered":"Charles rescinde contrato e deixa o Vit\u00f3ria SC ap\u00f3s tr\u00eas temporadas"},"content":{"rendered":"<p>O Vit\u00f3ria SC anunciou a rescis\u00e3o do contrato do guarda-redes Charles Silva, que estava vinculado ao clube at\u00e9 junho de 2027. A informa\u00e7\u00e3o foi divulgada oficialmente pelo clube da I Liga portuguesa de futebol nesta ter\u00e7a-feira.<\/p>\n\n\n\n<h2 class=\"wp-block-heading\">Um legado de conquistas<\/h2>\n\n\n\n<p>Natural de Belo Horizonte, o goleiro de 32 anos se destacou no Vit\u00f3ria ap\u00f3s se juntar \u00e0 equipe na temporada 2023\/2024. Durante sua passagem, Charles participou de 40 jogos e se tornou um s\u00edmbolo do clube, especialmente por seu desempenho na final da Ta\u00e7a da Liga de 2025\/26.<\/p>\n\n\n\n<p>Na final, que ocorreu em 10 de janeiro de 2026, em Leiria, ele foi fundamental na vit\u00f3ria do Vit\u00f3ria sobre o SC Braga, defendendo um p\u00eanalti decisivo nos \u00faltimos minutos da partida. Essa vit\u00f3ria garantiu ao clube seu terceiro t\u00edtulo, ap\u00f3s as conquistas da Superta\u00e7a em 1988 e da Ta\u00e7a de Portugal em 2012\/13.<\/p>\n\n\n\n<h2 class=\"wp-block-heading\">Trajet\u00f3ria profissional<\/h2>\n\n\n\n<p>Antes de se juntar ao Vit\u00f3ria, Charles teve uma carreira s\u00f3lida, passando por clubes como Cruzeiro e Vasco da Gama, onde come\u00e7ou sua forma\u00e7\u00e3o. Ele tamb\u00e9m defendeu as cores do Mar\u00edtimo entre 2015\/16 e 2020\/21, do Vizela na temporada 2021\/22 e do Olympiacos de Nic\u00f3sia, em 2022\/23.<\/p>\n\n\n\n<p>O Vit\u00f3ria SC agradeceu a Charles pelos servi\u00e7os prestados e desejou sucesso em sua pr\u00f3xima etapa profissional. A rescis\u00e3o marca o fim de um cap\u00edtulo importante na hist\u00f3ria recente do clube, com o goleiro sendo lembrado como um her\u00f3i entre os torcedores.<\/p>","protected":false},"excerpt":{"rendered":"<p>O guarda-redes brasileiro foi um dos destaques do clube, especialmente na conquista da Ta\u00e7a da Liga.<\/p>","protected":false},"author":9,"featured_media":43388,"comment_status":"open","ping_status":"open","sticky":false,"template":"","format":"standard","meta":{"footnotes":""},"categories":[51],"tags":[1825,595,1827,1826,1824],"class_list":["post-43387","post","type-post","status-publish","format-standard","has-post-thumbnail","hentry","category-mundo","tag-charles-silva","tag-futebol","tag-i-liga","tag-rescisao","tag-vitoria-sc"],"yoast_head":"<!-- This site is optimized with the Yoast SEO Premium plugin v27.9 (Yoast SEO v27.9) - https:\/\/yoast.com\/product\/yoast-seo-premium-wordpress\/ -->\n<title>Charles deixa o Vit\u00f3ria SC ap\u00f3s rescis\u00e3o contratual<\/title>\n<meta name=\"description\" content=\"Charles Silva deixa o Vit\u00f3ria SC ap\u00f3s tr\u00eas temporadas, marcando o fim de um cap\u00edtulo importante no clube.\" \/>\n<meta name=\"robots\" content=\"index, follow, max-snippet:-1, max-image-preview:large, max-video-preview:-1\" \/>\n<link rel=\"canonical\" href=\"https:\/\/fyno.pt\/pt\/mundo\/charles-rescinde-contrato-vitoria-sc\/\" \/>\n<meta property=\"og:locale\" content=\"pt_PT\" \/>\n<meta property=\"og:type\" content=\"article\" \/>\n<meta property=\"og:title\" content=\"Charles rescinde contrato e deixa o Vit\u00f3ria SC ap\u00f3s tr\u00eas temporadas\" \/>\n<meta property=\"og:description\" content=\"Charles Silva deixa o Vit\u00f3ria SC ap\u00f3s tr\u00eas temporadas, marcando o fim de um cap\u00edtulo importante no clube.\" \/>\n<meta property=\"og:url\" content=\"https:\/\/fyno.pt\/pt\/mundo\/charles-rescinde-contrato-vitoria-sc\/\" \/>\n<meta property=\"og:site_name\" content=\"Fyno\" \/>\n<meta property=\"article:published_time\" content=\"2026-09-01T13:16:31+00:00\" \/>\n<meta property=\"og:image\" content=\"https:\/\/fyno.pt\/wp-content\/uploads\/2026\/09\/charles-1160x630-1.jpg\" \/>\n\t<meta property=\"og:image:width\" content=\"1160\" \/>\n\t<meta property=\"og:image:height\" content=\"630\" \/>\n\t<meta property=\"og:image:type\" content=\"image\/jpeg\" \/>\n<meta name=\"author\" content=\"Fyno\" \/>\n<meta name=\"twitter:card\" content=\"summary_large_image\" \/>\n<meta name=\"twitter:label1\" content=\"Escrito por\" \/>\n\t<meta name=\"twitter:data1\" content=\"Fyno\" \/>\n\t<meta name=\"twitter:label2\" content=\"Tempo estimado de leitura\" \/>\n\t<meta name=\"twitter:data2\" content=\"1 minuto\" \/>\n<script type=\"application\/ld+json\" class=\"yoast-schema-graph\">{\"@context\":\"https:\\\/\\\/schema.org\",\"@graph\":[{\"@type\":\"Article\",\"@id\":\"https:\\\/\\\/fyno.pt\\\/mundo\\\/charles-rescinde-contrato-vitoria-sc\\\/#article\",\"isPartOf\":{\"@id\":\"https:\\\/\\\/fyno.pt\\\/mundo\\\/charles-rescinde-contrato-vitoria-sc\\\/\"},\"author\":{\"name\":\"Fyno\",\"@id\":\"https:\\\/\\\/fyno.pt\\\/#\\\/schema\\\/person\\\/ab5b330ed5ed05f1b4a7b8e438f68187\"},\"headline\":\"Charles rescinde contrato e deixa o Vit\u00f3ria SC ap\u00f3s tr\u00eas temporadas\",\"datePublished\":\"2026-09-01T13:16:31+00:00\",\"mainEntityOfPage\":{\"@id\":\"https:\\\/\\\/fyno.pt\\\/mundo\\\/charles-rescinde-contrato-vitoria-sc\\\/\"},\"wordCount\":264,\"commentCount\":0,\"image\":{\"@id\":\"https:\\\/\\\/fyno.pt\\\/mundo\\\/charles-rescinde-contrato-vitoria-sc\\\/#primaryimage\"},\"thumbnailUrl\":\"https:\\\/\\\/fyno.pt\\\/wp-content\\\/uploads\\\/2026\\\/09\\\/charles-1160x630-1.jpg\",\"keywords\":[\"Charles Silva\",\"Futebol\",\"I Liga\",\"rescis\u00e3o\",\"Vit\u00f3ria SC\"],\"articleSection\":[\"Mundo\"],\"inLanguage\":\"pt-PT\",\"potentialAction\":[{\"@type\":\"CommentAction\",\"name\":\"Comment\",\"target\":[\"https:\\\/\\\/fyno.pt\\\/mundo\\\/charles-rescinde-contrato-vitoria-sc\\\/#respond\"]}]},{\"@type\":\"WebPage\",\"@id\":\"https:\\\/\\\/fyno.pt\\\/mundo\\\/charles-rescinde-contrato-vitoria-sc\\\/\",\"url\":\"https:\\\/\\\/fyno.pt\\\/mundo\\\/charles-rescinde-contrato-vitoria-sc\\\/\",\"name\":\"Charles deixa o Vit\u00f3ria SC ap\u00f3s rescis\u00e3o contratual\",\"isPartOf\":{\"@id\":\"https:\\\/\\\/fyno.pt\\\/#website\"},\"primaryImageOfPage\":{\"@id\":\"https:\\\/\\\/fyno.pt\\\/mundo\\\/charles-rescinde-contrato-vitoria-sc\\\/#primaryimage\"},\"image\":{\"@id\":\"https:\\\/\\\/fyno.pt\\\/mundo\\\/charles-rescinde-contrato-vitoria-sc\\\/#primaryimage\"},\"thumbnailUrl\":\"https:\\\/\\\/fyno.pt\\\/wp-content\\\/uploads\\\/2026\\\/09\\\/charles-1160x630-1.jpg\",\"datePublished\":\"2026-09-01T13:16:31+00:00\",\"author\":{\"@id\":\"https:\\\/\\\/fyno.pt\\\/#\\\/schema\\\/person\\\/ab5b330ed5ed05f1b4a7b8e438f68187\"},\"description\":\"Charles Silva deixa o Vit\u00f3ria SC ap\u00f3s tr\u00eas temporadas, marcando o fim de um cap\u00edtulo importante no clube.\",\"breadcrumb\":{\"@id\":\"https:\\\/\\\/fyno.pt\\\/mundo\\\/charles-rescinde-contrato-vitoria-sc\\\/#breadcrumb\"},\"inLanguage\":\"pt-PT\",\"potentialAction\":[{\"@type\":\"ReadAction\",\"target\":[\"https:\\\/\\\/fyno.pt\\\/mundo\\\/charles-rescinde-contrato-vitoria-sc\\\/\"]}]},{\"@type\":\"ImageObject\",\"inLanguage\":\"pt-PT\",\"@id\":\"https:\\\/\\\/fyno.pt\\\/mundo\\\/charles-rescinde-contrato-vitoria-sc\\\/#primaryimage\",\"url\":\"https:\\\/\\\/fyno.pt\\\/wp-content\\\/uploads\\\/2026\\\/09\\\/charles-1160x630-1.jpg\",\"contentUrl\":\"https:\\\/\\\/fyno.pt\\\/wp-content\\\/uploads\\\/2026\\\/09\\\/charles-1160x630-1.jpg\",\"width\":1160,\"height\":630,\"caption\":\"Foto: Vit\u00f3ria SC\"},{\"@type\":\"BreadcrumbList\",\"@id\":\"https:\\\/\\\/fyno.pt\\\/mundo\\\/charles-rescinde-contrato-vitoria-sc\\\/#breadcrumb\",\"itemListElement\":[{\"@type\":\"ListItem\",\"position\":1,\"name\":\"In\u00edcio\",\"item\":\"https:\\\/\\\/fyno.pt\\\/\"},{\"@type\":\"ListItem\",\"position\":2,\"name\":\"Charles rescinde contrato e deixa o Vit\u00f3ria SC ap\u00f3s tr\u00eas temporadas\"}]},{\"@type\":\"WebSite\",\"@id\":\"https:\\\/\\\/fyno.pt\\\/#website\",\"url\":\"https:\\\/\\\/fyno.pt\\\/\",\"name\":\"Fyno\",\"description\":\"Not\u00edcia e informa\u00e7\u00e3o\",\"potentialAction\":[{\"@type\":\"SearchAction\",\"target\":{\"@type\":\"EntryPoint\",\"urlTemplate\":\"https:\\\/\\\/fyno.pt\\\/?s={search_term_string}\"},\"query-input\":{\"@type\":\"PropertyValueSpecification\",\"valueRequired\":true,\"valueName\":\"search_term_string\"}}],\"inLanguage\":\"pt-PT\"},{\"@type\":\"Person\",\"@id\":\"https:\\\/\\\/fyno.pt\\\/#\\\/schema\\\/person\\\/ab5b330ed5ed05f1b4a7b8e438f68187\",\"name\":\"Fyno\",\"image\":{\"@type\":\"ImageObject\",\"inLanguage\":\"pt-PT\",\"@id\":\"https:\\\/\\\/fyno.pt\\\/wp-content\\\/litespeed\\\/avatar\\\/8f51870e8d94c234e288da840d914372.jpg?ver=1788205134\",\"url\":\"https:\\\/\\\/fyno.pt\\\/wp-content\\\/litespeed\\\/avatar\\\/8f51870e8d94c234e288da840d914372.jpg?ver=1788205134\",\"contentUrl\":\"https:\\\/\\\/fyno.pt\\\/wp-content\\\/litespeed\\\/avatar\\\/8f51870e8d94c234e288da840d914372.jpg?ver=1788205134\",\"caption\":\"Fyno\"},\"description\":\"A sua fonte de informa\u00e7\u00e3o.\",\"url\":\"https:\\\/\\\/fyno.pt\\\/pt\\\/author\\\/fynopt\\\/\"}]}<\/script>\n<!-- \/ Yoast SEO Premium plugin. -->","yoast_head_json":{"title":"Charles deixa o Vit\u00f3ria SC ap\u00f3s rescis\u00e3o contratual","description":"Charles Silva deixa o Vit\u00f3ria SC ap\u00f3s tr\u00eas temporadas, marcando o fim de um cap\u00edtulo importante no clube.","robots":{"index":"index","follow":"follow","max-snippet":"max-snippet:-1","max-image-preview":"max-image-preview:large","max-video-preview":"max-video-preview:-1"},"canonical":"https:\/\/fyno.pt\/pt\/mundo\/charles-rescinde-contrato-vitoria-sc\/","og_locale":"pt_PT","og_type":"article","og_title":"Charles rescinde contrato e deixa o Vit\u00f3ria SC ap\u00f3s tr\u00eas temporadas","og_description":"Charles Silva deixa o Vit\u00f3ria SC ap\u00f3s tr\u00eas temporadas, marcando o fim de um cap\u00edtulo importante no clube.","og_url":"https:\/\/fyno.pt\/pt\/mundo\/charles-rescinde-contrato-vitoria-sc\/","og_site_name":"Fyno","article_published_time":"2026-09-01T13:16:31+00:00","og_image":[{"width":1160,"height":630,"url":"https:\/\/fyno.pt\/wp-content\/uploads\/2026\/09\/charles-1160x630-1.jpg","type":"image\/jpeg"}],"author":"Fyno","twitter_card":"summary_large_image","twitter_misc":{"Escrito por":"Fyno","Tempo estimado de leitura":"1 minuto"},"schema":{"@context":"https:\/\/schema.org","@graph":[{"@type":"Article","@id":"https:\/\/fyno.pt\/mundo\/charles-rescinde-contrato-vitoria-sc\/#article","isPartOf":{"@id":"https:\/\/fyno.pt\/mundo\/charles-rescinde-contrato-vitoria-sc\/"},"author":{"name":"Fyno","@id":"https:\/\/fyno.pt\/#\/schema\/person\/ab5b330ed5ed05f1b4a7b8e438f68187"},"headline":"Charles rescinde contrato e deixa o Vit\u00f3ria SC ap\u00f3s tr\u00eas temporadas","datePublished":"2026-09-01T13:16:31+00:00","mainEntityOfPage":{"@id":"https:\/\/fyno.pt\/mundo\/charles-rescinde-contrato-vitoria-sc\/"},"wordCount":264,"commentCount":0,"image":{"@id":"https:\/\/fyno.pt\/mundo\/charles-rescinde-contrato-vitoria-sc\/#primaryimage"},"thumbnailUrl":"https:\/\/fyno.pt\/wp-content\/uploads\/2026\/09\/charles-1160x630-1.jpg","keywords":["Charles Silva","Futebol","I Liga","rescis\u00e3o","Vit\u00f3ria SC"],"articleSection":["Mundo"],"inLanguage":"pt-PT","potentialAction":[{"@type":"CommentAction","name":"Comment","target":["https:\/\/fyno.pt\/mundo\/charles-rescinde-contrato-vitoria-sc\/#respond"]}]},{"@type":"WebPage","@id":"https:\/\/fyno.pt\/mundo\/charles-rescinde-contrato-vitoria-sc\/","url":"https:\/\/fyno.pt\/mundo\/charles-rescinde-contrato-vitoria-sc\/","name":"Charles deixa o Vit\u00f3ria SC ap\u00f3s rescis\u00e3o contratual","isPartOf":{"@id":"https:\/\/fyno.pt\/#website"},"primaryImageOfPage":{"@id":"https:\/\/fyno.pt\/mundo\/charles-rescinde-contrato-vitoria-sc\/#primaryimage"},"image":{"@id":"https:\/\/fyno.pt\/mundo\/charles-rescinde-contrato-vitoria-sc\/#primaryimage"},"thumbnailUrl":"https:\/\/fyno.pt\/wp-content\/uploads\/2026\/09\/charles-1160x630-1.jpg","datePublished":"2026-09-01T13:16:31+00:00","author":{"@id":"https:\/\/fyno.pt\/#\/schema\/person\/ab5b330ed5ed05f1b4a7b8e438f68187"},"description":"Charles Silva deixa o Vit\u00f3ria SC ap\u00f3s tr\u00eas temporadas, marcando o fim de um cap\u00edtulo importante no clube.","breadcrumb":{"@id":"https:\/\/fyno.pt\/mundo\/charles-rescinde-contrato-vitoria-sc\/#breadcrumb"},"inLanguage":"pt-PT","potentialAction":[{"@type":"ReadAction","target":["https:\/\/fyno.pt\/mundo\/charles-rescinde-contrato-vitoria-sc\/"]}]},{"@type":"ImageObject","inLanguage":"pt-PT","@id":"https:\/\/fyno.pt\/mundo\/charles-rescinde-contrato-vitoria-sc\/#primaryimage","url":"https:\/\/fyno.pt\/wp-content\/uploads\/2026\/09\/charles-1160x630-1.jpg","contentUrl":"https:\/\/fyno.pt\/wp-content\/uploads\/2026\/09\/charles-1160x630-1.jpg","width":1160,"height":630,"caption":"Foto: Vit\u00f3ria SC"},{"@type":"BreadcrumbList","@id":"https:\/\/fyno.pt\/mundo\/charles-rescinde-contrato-vitoria-sc\/#breadcrumb","itemListElement":[{"@type":"ListItem","position":1,"name":"In\u00edcio","item":"https:\/\/fyno.pt\/"},{"@type":"ListItem","position":2,"name":"Charles rescinde contrato e deixa o Vit\u00f3ria SC ap\u00f3s tr\u00eas temporadas"}]},{"@type":"WebSite","@id":"https:\/\/fyno.pt\/#website","url":"https:\/\/fyno.pt\/","name":"Fyno","description":"Not\u00edcia e informa\u00e7\u00e3o","potentialAction":[{"@type":"SearchAction","target":{"@type":"EntryPoint","urlTemplate":"https:\/\/fyno.pt\/?s={search_term_string}"},"query-input":{"@type":"PropertyValueSpecification","valueRequired":true,"valueName":"search_term_string"}}],"inLanguage":"pt-PT"},{"@type":"Person","@id":"https:\/\/fyno.pt\/#\/schema\/person\/ab5b330ed5ed05f1b4a7b8e438f68187","name":"Fyno","image":{"@type":"ImageObject","inLanguage":"pt-PT","@id":"https:\/\/fyno.pt\/wp-content\/litespeed\/avatar\/8f51870e8d94c234e288da840d914372.jpg?ver=1788205134","url":"https:\/\/fyno.pt\/wp-content\/litespeed\/avatar\/8f51870e8d94c234e288da840d914372.jpg?ver=1788205134","contentUrl":"https:\/\/fyno.pt\/wp-content\/litespeed\/avatar\/8f51870e8d94c234e288da840d914372.jpg?ver=1788205134","caption":"Fyno"},"description":"A sua fonte de informa\u00e7\u00e3o.","url":"https:\/\/fyno.pt\/pt\/author\/fynopt\/"}]}},"_links":{"self":[{"href":"https:\/\/fyno.pt\/pt\/wp-json\/wp\/v2\/posts\/43387","targetHints":{"allow":["GET"]}}],"collection":[{"href":"https:\/\/fyno.pt\/pt\/wp-json\/wp\/v2\/posts"}],"about":[{"href":"https:\/\/fyno.pt\/pt\/wp-json\/wp\/v2\/types\/post"}],"author":[{"embeddable":true,"href":"https:\/\/fyno.pt\/pt\/wp-json\/wp\/v2\/users\/9"}],"replies":[{"embeddable":true,"href":"https:\/\/fyno.pt\/pt\/wp-json\/wp\/v2\/comments?post=43387"}],"version-history":[{"count":1,"href":"https:\/\/fyno.pt\/pt\/wp-json\/wp\/v2\/posts\/43387\/revisions"}],"predecessor-version":[{"id":43389,"href":"https:\/\/fyno.pt\/pt\/wp-json\/wp\/v2\/posts\/43387\/revisions\/43389"}],"wp:featuredmedia":[{"embeddable":true,"href":"https:\/\/fyno.pt\/pt\/wp-json\/wp\/v2\/media\/43388"}],"wp:attachment":[{"href":"https:\/\/fyno.pt\/pt\/wp-json\/wp\/v2\/media?parent=43387"}],"wp:term":[{"taxonomy":"category","embeddable":true,"href":"https:\/\/fyno.pt\/pt\/wp-json\/wp\/v2\/categories?post=43387"},{"taxonomy":"post_tag","embeddable":true,"href":"https:\/\/fyno.pt\/pt\/wp-json\/wp\/v2\/tags?post=43387"}],"curies":[{"name":"wp","href":"https:\/\/api.w.org\/{rel}","templated":true}]}}