{"id":43384,"date":"2026-09-01T10:15:28","date_gmt":"2026-09-01T13:15:28","guid":{"rendered":"https:\/\/fyno.pt\/?p=43384"},"modified":"2026-09-01T10:16:56","modified_gmt":"2026-09-01T13:16:56","slug":"carro-smart-incendio-fafe","status":"publish","type":"post","link":"https:\/\/fyno.pt\/pt\/mundo\/carro-smart-incendio-fafe\/","title":{"rendered":"Carro Smart \u00e9 consumido por inc\u00eandio em Fafe"},"content":{"rendered":"<p>Um carro da marca Smart foi completamente destru\u00eddo por chamas no in\u00edcio da tarde desta ter\u00e7a-feira, na Zona Industrial de Fafe. O inc\u00eandio ocorreu por volta das 13h06, em uma das sa\u00eddas da circular urbana da cidade.<\/p>\r\n\r\n\r\n\r\n<h2 class=\"wp-block-heading\">Inc\u00eandio e atendimento<\/h2>\r\n\r\n\r\n\r\n<p>Os Bombeiros de Fafe foram acionados imediatamente e enviaram ao local quatro operacionais, que chegaram com uma viatura para controlar as chamas. Apesar da gravidade do incidente, n\u00e3o houve registros de feridos.<\/p>\r\n\r\n\r\n\r\n<h2 class=\"wp-block-heading\">Registro da ocorr\u00eancia<\/h2>\r\n\r\n\r\n\r\n<p>A Guarda Nacional Republicana (GNR) tamb\u00e9m esteve presente no local para registrar a ocorr\u00eancia e garantir a seguran\u00e7a na \u00e1rea durante o atendimento.<\/p>\r\n\r\n\r\n\r\n<p>A r\u00e1pida a\u00e7\u00e3o dos bombeiros evitou que o fogo se espalhasse para outros ve\u00edculos ou estruturas pr\u00f3ximas, mas o Smart ficou totalmente danificado.<\/p>\r\n\r\n\r\n\r\n<p>Este incidente destaca a import\u00e2ncia de uma resposta eficaz em situa\u00e7\u00f5es de emerg\u00eancia, onde a atua\u00e7\u00e3o imediata dos servi\u00e7os de emerg\u00eancia pode prevenir danos maiores.<\/p>","protected":false},"excerpt":{"rendered":"<p>Ve\u00edculo pegou fogo na Zona Industrial sem deixar feridos; bombeiros atenderam a ocorr\u00eancia.<\/p>","protected":false},"author":9,"featured_media":43385,"comment_status":"open","ping_status":"open","sticky":false,"template":"","format":"standard","meta":{"footnotes":""},"categories":[51],"tags":[1822,1820,1821,1819,1823],"class_list":["post-43384","post","type-post","status-publish","format-standard","has-post-thumbnail","hentry","category-mundo","tag-bombeiros","tag-carro","tag-fafe","tag-incendio","tag-seguranca"],"yoast_head":"<!-- This site is optimized with the Yoast SEO Premium plugin v27.9 (Yoast SEO v27.9) - https:\/\/yoast.com\/product\/yoast-seo-premium-wordpress\/ -->\n<title>carro smart \u00e9 consumido por inc\u00eandio na zona industrial de fafe<\/title>\n<meta name=\"description\" content=\"Um carro Smart foi destru\u00eddo por um inc\u00eandio na Zona Industrial de Fafe, sem feridos registrados.\" \/>\n<meta name=\"robots\" content=\"index, follow, max-snippet:-1, max-image-preview:large, max-video-preview:-1\" \/>\n<link rel=\"canonical\" href=\"https:\/\/fyno.pt\/pt\/mundo\/carro-smart-incendio-fafe\/\" \/>\n<meta property=\"og:locale\" content=\"pt_PT\" \/>\n<meta property=\"og:type\" content=\"article\" \/>\n<meta property=\"og:title\" content=\"Carro Smart \u00e9 consumido por inc\u00eandio em Fafe\" \/>\n<meta property=\"og:description\" content=\"Um carro Smart foi destru\u00eddo por um inc\u00eandio na Zona Industrial de Fafe, sem feridos registrados.\" \/>\n<meta property=\"og:url\" content=\"https:\/\/fyno.pt\/pt\/mundo\/carro-smart-incendio-fafe\/\" \/>\n<meta property=\"og:site_name\" content=\"Fyno\" \/>\n<meta property=\"article:published_time\" content=\"2026-09-01T13:15:28+00:00\" \/>\n<meta property=\"article:modified_time\" content=\"2026-09-01T13:16:56+00:00\" \/>\n<meta property=\"og:image\" content=\"https:\/\/fyno.pt\/wp-content\/uploads\/2026\/09\/carro2-1-1160x630-1.jpg\" \/>\n\t<meta property=\"og:image:width\" content=\"1160\" \/>\n\t<meta property=\"og:image:height\" content=\"630\" \/>\n\t<meta property=\"og:image:type\" content=\"image\/jpeg\" \/>\n<meta name=\"author\" content=\"Fyno\" \/>\n<meta name=\"twitter:card\" content=\"summary_large_image\" \/>\n<meta name=\"twitter:label1\" content=\"Escrito por\" \/>\n\t<meta name=\"twitter:data1\" content=\"Fyno\" \/>\n\t<meta name=\"twitter:label2\" content=\"Tempo estimado de leitura\" \/>\n\t<meta name=\"twitter:data2\" content=\"2 minutos\" \/>\n<script type=\"application\/ld+json\" class=\"yoast-schema-graph\">{\"@context\":\"https:\\\/\\\/schema.org\",\"@graph\":[{\"@type\":\"Article\",\"@id\":\"https:\\\/\\\/fyno.pt\\\/mundo\\\/carro-smart-incendio-fafe\\\/#article\",\"isPartOf\":{\"@id\":\"https:\\\/\\\/fyno.pt\\\/mundo\\\/carro-smart-incendio-fafe\\\/\"},\"author\":{\"name\":\"Fyno\",\"@id\":\"https:\\\/\\\/fyno.pt\\\/#\\\/schema\\\/person\\\/ab5b330ed5ed05f1b4a7b8e438f68187\"},\"headline\":\"Carro Smart \u00e9 consumido por inc\u00eandio em Fafe\",\"datePublished\":\"2026-09-01T13:15:28+00:00\",\"dateModified\":\"2026-09-01T13:16:56+00:00\",\"mainEntityOfPage\":{\"@id\":\"https:\\\/\\\/fyno.pt\\\/mundo\\\/carro-smart-incendio-fafe\\\/\"},\"wordCount\":175,\"commentCount\":0,\"image\":{\"@id\":\"https:\\\/\\\/fyno.pt\\\/mundo\\\/carro-smart-incendio-fafe\\\/#primaryimage\"},\"thumbnailUrl\":\"https:\\\/\\\/fyno.pt\\\/wp-content\\\/uploads\\\/2026\\\/09\\\/carro2-1-1160x630-1.jpg\",\"keywords\":[\"bombeiros\",\"carro\",\"Fafe\",\"inc\u00eandio\",\"seguran\u00e7a\"],\"articleSection\":[\"Mundo\"],\"inLanguage\":\"pt-PT\",\"potentialAction\":[{\"@type\":\"CommentAction\",\"name\":\"Comment\",\"target\":[\"https:\\\/\\\/fyno.pt\\\/mundo\\\/carro-smart-incendio-fafe\\\/#respond\"]}]},{\"@type\":\"WebPage\",\"@id\":\"https:\\\/\\\/fyno.pt\\\/mundo\\\/carro-smart-incendio-fafe\\\/\",\"url\":\"https:\\\/\\\/fyno.pt\\\/mundo\\\/carro-smart-incendio-fafe\\\/\",\"name\":\"carro smart \u00e9 consumido por inc\u00eandio na zona industrial de fafe\",\"isPartOf\":{\"@id\":\"https:\\\/\\\/fyno.pt\\\/#website\"},\"primaryImageOfPage\":{\"@id\":\"https:\\\/\\\/fyno.pt\\\/mundo\\\/carro-smart-incendio-fafe\\\/#primaryimage\"},\"image\":{\"@id\":\"https:\\\/\\\/fyno.pt\\\/mundo\\\/carro-smart-incendio-fafe\\\/#primaryimage\"},\"thumbnailUrl\":\"https:\\\/\\\/fyno.pt\\\/wp-content\\\/uploads\\\/2026\\\/09\\\/carro2-1-1160x630-1.jpg\",\"datePublished\":\"2026-09-01T13:15:28+00:00\",\"dateModified\":\"2026-09-01T13:16:56+00:00\",\"author\":{\"@id\":\"https:\\\/\\\/fyno.pt\\\/#\\\/schema\\\/person\\\/ab5b330ed5ed05f1b4a7b8e438f68187\"},\"description\":\"Um carro Smart foi destru\u00eddo por um inc\u00eandio na Zona Industrial de Fafe, sem feridos registrados.\",\"breadcrumb\":{\"@id\":\"https:\\\/\\\/fyno.pt\\\/mundo\\\/carro-smart-incendio-fafe\\\/#breadcrumb\"},\"inLanguage\":\"pt-PT\",\"potentialAction\":[{\"@type\":\"ReadAction\",\"target\":[\"https:\\\/\\\/fyno.pt\\\/mundo\\\/carro-smart-incendio-fafe\\\/\"]}]},{\"@type\":\"ImageObject\",\"inLanguage\":\"pt-PT\",\"@id\":\"https:\\\/\\\/fyno.pt\\\/mundo\\\/carro-smart-incendio-fafe\\\/#primaryimage\",\"url\":\"https:\\\/\\\/fyno.pt\\\/wp-content\\\/uploads\\\/2026\\\/09\\\/carro2-1-1160x630-1.jpg\",\"contentUrl\":\"https:\\\/\\\/fyno.pt\\\/wp-content\\\/uploads\\\/2026\\\/09\\\/carro2-1-1160x630-1.jpg\",\"width\":1160,\"height\":630,\"caption\":\"Foto: Ivo Borges \\\/ O MINHO\"},{\"@type\":\"BreadcrumbList\",\"@id\":\"https:\\\/\\\/fyno.pt\\\/mundo\\\/carro-smart-incendio-fafe\\\/#breadcrumb\",\"itemListElement\":[{\"@type\":\"ListItem\",\"position\":1,\"name\":\"In\u00edcio\",\"item\":\"https:\\\/\\\/fyno.pt\\\/\"},{\"@type\":\"ListItem\",\"position\":2,\"name\":\"Carro Smart \u00e9 consumido por inc\u00eandio em Fafe\"}]},{\"@type\":\"WebSite\",\"@id\":\"https:\\\/\\\/fyno.pt\\\/#website\",\"url\":\"https:\\\/\\\/fyno.pt\\\/\",\"name\":\"Fyno\",\"description\":\"Not\u00edcia e informa\u00e7\u00e3o\",\"potentialAction\":[{\"@type\":\"SearchAction\",\"target\":{\"@type\":\"EntryPoint\",\"urlTemplate\":\"https:\\\/\\\/fyno.pt\\\/?s={search_term_string}\"},\"query-input\":{\"@type\":\"PropertyValueSpecification\",\"valueRequired\":true,\"valueName\":\"search_term_string\"}}],\"inLanguage\":\"pt-PT\"},{\"@type\":\"Person\",\"@id\":\"https:\\\/\\\/fyno.pt\\\/#\\\/schema\\\/person\\\/ab5b330ed5ed05f1b4a7b8e438f68187\",\"name\":\"Fyno\",\"image\":{\"@type\":\"ImageObject\",\"inLanguage\":\"pt-PT\",\"@id\":\"https:\\\/\\\/fyno.pt\\\/wp-content\\\/litespeed\\\/avatar\\\/8f51870e8d94c234e288da840d914372.jpg?ver=1788205134\",\"url\":\"https:\\\/\\\/fyno.pt\\\/wp-content\\\/litespeed\\\/avatar\\\/8f51870e8d94c234e288da840d914372.jpg?ver=1788205134\",\"contentUrl\":\"https:\\\/\\\/fyno.pt\\\/wp-content\\\/litespeed\\\/avatar\\\/8f51870e8d94c234e288da840d914372.jpg?ver=1788205134\",\"caption\":\"Fyno\"},\"description\":\"A sua fonte de informa\u00e7\u00e3o.\",\"url\":\"https:\\\/\\\/fyno.pt\\\/pt\\\/author\\\/fynopt\\\/\"}]}<\/script>\n<!-- \/ Yoast SEO Premium plugin. -->","yoast_head_json":{"title":"carro smart \u00e9 consumido por inc\u00eandio na zona industrial de fafe","description":"Um carro Smart foi destru\u00eddo por um inc\u00eandio na Zona Industrial de Fafe, sem feridos registrados.","robots":{"index":"index","follow":"follow","max-snippet":"max-snippet:-1","max-image-preview":"max-image-preview:large","max-video-preview":"max-video-preview:-1"},"canonical":"https:\/\/fyno.pt\/pt\/mundo\/carro-smart-incendio-fafe\/","og_locale":"pt_PT","og_type":"article","og_title":"Carro Smart \u00e9 consumido por inc\u00eandio em Fafe","og_description":"Um carro Smart foi destru\u00eddo por um inc\u00eandio na Zona Industrial de Fafe, sem feridos registrados.","og_url":"https:\/\/fyno.pt\/pt\/mundo\/carro-smart-incendio-fafe\/","og_site_name":"Fyno","article_published_time":"2026-09-01T13:15:28+00:00","article_modified_time":"2026-09-01T13:16:56+00:00","og_image":[{"width":1160,"height":630,"url":"https:\/\/fyno.pt\/wp-content\/uploads\/2026\/09\/carro2-1-1160x630-1.jpg","type":"image\/jpeg"}],"author":"Fyno","twitter_card":"summary_large_image","twitter_misc":{"Escrito por":"Fyno","Tempo estimado de leitura":"2 minutos"},"schema":{"@context":"https:\/\/schema.org","@graph":[{"@type":"Article","@id":"https:\/\/fyno.pt\/mundo\/carro-smart-incendio-fafe\/#article","isPartOf":{"@id":"https:\/\/fyno.pt\/mundo\/carro-smart-incendio-fafe\/"},"author":{"name":"Fyno","@id":"https:\/\/fyno.pt\/#\/schema\/person\/ab5b330ed5ed05f1b4a7b8e438f68187"},"headline":"Carro Smart \u00e9 consumido por inc\u00eandio em Fafe","datePublished":"2026-09-01T13:15:28+00:00","dateModified":"2026-09-01T13:16:56+00:00","mainEntityOfPage":{"@id":"https:\/\/fyno.pt\/mundo\/carro-smart-incendio-fafe\/"},"wordCount":175,"commentCount":0,"image":{"@id":"https:\/\/fyno.pt\/mundo\/carro-smart-incendio-fafe\/#primaryimage"},"thumbnailUrl":"https:\/\/fyno.pt\/wp-content\/uploads\/2026\/09\/carro2-1-1160x630-1.jpg","keywords":["bombeiros","carro","Fafe","inc\u00eandio","seguran\u00e7a"],"articleSection":["Mundo"],"inLanguage":"pt-PT","potentialAction":[{"@type":"CommentAction","name":"Comment","target":["https:\/\/fyno.pt\/mundo\/carro-smart-incendio-fafe\/#respond"]}]},{"@type":"WebPage","@id":"https:\/\/fyno.pt\/mundo\/carro-smart-incendio-fafe\/","url":"https:\/\/fyno.pt\/mundo\/carro-smart-incendio-fafe\/","name":"carro smart \u00e9 consumido por inc\u00eandio na zona industrial de fafe","isPartOf":{"@id":"https:\/\/fyno.pt\/#website"},"primaryImageOfPage":{"@id":"https:\/\/fyno.pt\/mundo\/carro-smart-incendio-fafe\/#primaryimage"},"image":{"@id":"https:\/\/fyno.pt\/mundo\/carro-smart-incendio-fafe\/#primaryimage"},"thumbnailUrl":"https:\/\/fyno.pt\/wp-content\/uploads\/2026\/09\/carro2-1-1160x630-1.jpg","datePublished":"2026-09-01T13:15:28+00:00","dateModified":"2026-09-01T13:16:56+00:00","author":{"@id":"https:\/\/fyno.pt\/#\/schema\/person\/ab5b330ed5ed05f1b4a7b8e438f68187"},"description":"Um carro Smart foi destru\u00eddo por um inc\u00eandio na Zona Industrial de Fafe, sem feridos registrados.","breadcrumb":{"@id":"https:\/\/fyno.pt\/mundo\/carro-smart-incendio-fafe\/#breadcrumb"},"inLanguage":"pt-PT","potentialAction":[{"@type":"ReadAction","target":["https:\/\/fyno.pt\/mundo\/carro-smart-incendio-fafe\/"]}]},{"@type":"ImageObject","inLanguage":"pt-PT","@id":"https:\/\/fyno.pt\/mundo\/carro-smart-incendio-fafe\/#primaryimage","url":"https:\/\/fyno.pt\/wp-content\/uploads\/2026\/09\/carro2-1-1160x630-1.jpg","contentUrl":"https:\/\/fyno.pt\/wp-content\/uploads\/2026\/09\/carro2-1-1160x630-1.jpg","width":1160,"height":630,"caption":"Foto: Ivo Borges \/ O MINHO"},{"@type":"BreadcrumbList","@id":"https:\/\/fyno.pt\/mundo\/carro-smart-incendio-fafe\/#breadcrumb","itemListElement":[{"@type":"ListItem","position":1,"name":"In\u00edcio","item":"https:\/\/fyno.pt\/"},{"@type":"ListItem","position":2,"name":"Carro Smart \u00e9 consumido por inc\u00eandio em Fafe"}]},{"@type":"WebSite","@id":"https:\/\/fyno.pt\/#website","url":"https:\/\/fyno.pt\/","name":"Fyno","description":"Not\u00edcia e informa\u00e7\u00e3o","potentialAction":[{"@type":"SearchAction","target":{"@type":"EntryPoint","urlTemplate":"https:\/\/fyno.pt\/?s={search_term_string}"},"query-input":{"@type":"PropertyValueSpecification","valueRequired":true,"valueName":"search_term_string"}}],"inLanguage":"pt-PT"},{"@type":"Person","@id":"https:\/\/fyno.pt\/#\/schema\/person\/ab5b330ed5ed05f1b4a7b8e438f68187","name":"Fyno","image":{"@type":"ImageObject","inLanguage":"pt-PT","@id":"https:\/\/fyno.pt\/wp-content\/litespeed\/avatar\/8f51870e8d94c234e288da840d914372.jpg?ver=1788205134","url":"https:\/\/fyno.pt\/wp-content\/litespeed\/avatar\/8f51870e8d94c234e288da840d914372.jpg?ver=1788205134","contentUrl":"https:\/\/fyno.pt\/wp-content\/litespeed\/avatar\/8f51870e8d94c234e288da840d914372.jpg?ver=1788205134","caption":"Fyno"},"description":"A sua fonte de informa\u00e7\u00e3o.","url":"https:\/\/fyno.pt\/pt\/author\/fynopt\/"}]}},"_links":{"self":[{"href":"https:\/\/fyno.pt\/pt\/wp-json\/wp\/v2\/posts\/43384","targetHints":{"allow":["GET"]}}],"collection":[{"href":"https:\/\/fyno.pt\/pt\/wp-json\/wp\/v2\/posts"}],"about":[{"href":"https:\/\/fyno.pt\/pt\/wp-json\/wp\/v2\/types\/post"}],"author":[{"embeddable":true,"href":"https:\/\/fyno.pt\/pt\/wp-json\/wp\/v2\/users\/9"}],"replies":[{"embeddable":true,"href":"https:\/\/fyno.pt\/pt\/wp-json\/wp\/v2\/comments?post=43384"}],"version-history":[{"count":1,"href":"https:\/\/fyno.pt\/pt\/wp-json\/wp\/v2\/posts\/43384\/revisions"}],"predecessor-version":[{"id":43386,"href":"https:\/\/fyno.pt\/pt\/wp-json\/wp\/v2\/posts\/43384\/revisions\/43386"}],"wp:featuredmedia":[{"embeddable":true,"href":"https:\/\/fyno.pt\/pt\/wp-json\/wp\/v2\/media\/43385"}],"wp:attachment":[{"href":"https:\/\/fyno.pt\/pt\/wp-json\/wp\/v2\/media?parent=43384"}],"wp:term":[{"taxonomy":"category","embeddable":true,"href":"https:\/\/fyno.pt\/pt\/wp-json\/wp\/v2\/categories?post=43384"},{"taxonomy":"post_tag","embeddable":true,"href":"https:\/\/fyno.pt\/pt\/wp-json\/wp\/v2\/tags?post=43384"}],"curies":[{"name":"wp","href":"https:\/\/api.w.org\/{rel}","templated":true}]}}