{"id":43382,"date":"2026-09-01T10:14:31","date_gmt":"2026-09-01T13:14:31","guid":{"rendered":"https:\/\/fyno.pt\/?p=43382"},"modified":"2026-09-01T10:17:18","modified_gmt":"2026-09-01T13:17:18","slug":"empreendimento-viana-castelo","status":"publish","type":"post","link":"https:\/\/fyno.pt\/pt\/negocios\/empreendimento-viana-castelo\/","title":{"rendered":"Novo empreendimento em Viana do Castelo ter\u00e1 116 apartamentos e investimento de 22 milh\u00f5es"},"content":{"rendered":"<p>Um novo projeto habitacional est\u00e1 prestes a ser inaugurado em Viana do Castelo, especificamente na rua do Pinheiro Manso, onde ser\u00e3o constru\u00eddos 116 apartamentos. O investimento total para o empreendimento, intitulado GREEN HILLS Viana Residences, \u00e9 de 22 milh\u00f5es de euros.<\/p>\r\n\r\n\r\n\r\n<h2 class=\"wp-block-heading\">Detalhes do empreendimento<\/h2>\r\n\r\n\r\n\r\n<p>Os dois primeiros edif\u00edcios do projeto, que contar\u00e3o com 58 apartamentos variando de tipologias T0 a T3, t\u00eam previs\u00e3o de conclus\u00e3o para 2028, nos meses de abril e setembro. A comercializa\u00e7\u00e3o das unidades habitacionais ter\u00e1 in\u00edcio nesta sexta-feira.<\/p>\r\n\r\n\r\n\r\n<p>O empreendimento \u00e9 promovido pela Nova Atlantic, enquanto a venda ficar\u00e1 a cargo da ERA Viana do Castelo, que destaca a uni\u00e3o entre a experi\u00eancia em desenvolvimento imobili\u00e1rio da Nova Atlantic e o conhecimento do mercado local oferecido pela ERA.<\/p>\r\n\r\n\r\n\r\n<h2 class=\"wp-block-heading\">Conceito e localiza\u00e7\u00e3o<\/h2>\r\n\r\n\r\n\r\n<p>O GREEN HILLS Viana Residences traz o conceito de \u201cNaturally Exceptional Living\u201d, que busca oferecer uma experi\u00eancia de moradia onde a arquitetura moderna se combina com o conforto e a natureza. Localizado em uma \u00e1rea estrat\u00e9gica, o empreendimento est\u00e1 perto do centro de Viana do Castelo, do rio Lima e das praias do Cabedelo e Rodanho, permitindo que os moradores aproveitem a tranquilidade da natureza sem abrir m\u00e3o da proximidade a servi\u00e7os e com\u00e9rcio.<\/p>\r\n\r\n\r\n\r\n<p>O projeto \u00e9 assinado pelo escrit\u00f3rio de arquitetura Branco Cavaleiro &amp; Associados. Os apartamentos foram planejados para maximizar a entrada de luz natural, com espa\u00e7os amplos e uma conex\u00e3o forte com o exterior, atrav\u00e9s de varandas e \u00e1reas ajardinadas.<\/p>\r\n\r\n\r\n\r\n<h2 class=\"wp-block-heading\">Expectativa de mercado<\/h2>\r\n\r\n\r\n\r\n<p>Rui Barbosa, franquiado da ERA Viana do Castelo, comentou que a demanda por im\u00f3veis novos em Viana do Castelo continua superando a oferta, e esse projeto \u00e9 uma das mais significativas iniciativas residenciais na regi\u00e3o. Ele tamb\u00e9m destacou a capacidade do empreendimento em unir localiza\u00e7\u00e3o, qualidade construtiva e uma variedade de tipologias que atendem diferentes perfis de compradores, desde quem busca moradia pr\u00f3pria at\u00e9 investidores.<\/p>\r\n\r\n\r\n\r\n<p>Matan Amitai, cofundador da Nova Atlantic, ressaltou que o objetivo do GREEN HILLS \u00e9 ir al\u00e9m da simples constru\u00e7\u00e3o de apartamentos, criando um projeto que reflete a singularidade de Viana do Castelo como um lugar ideal para viver. O lan\u00e7amento oficial do empreendimento est\u00e1 agendado para as 17:00 desta sexta-feira.<\/p>","protected":false},"excerpt":{"rendered":"<p>O GREEN HILLS Viana Residences ser\u00e1 constru\u00eddo na rua do Pinheiro Manso e promete conforto e contato com a natureza.<\/p>","protected":false},"author":9,"featured_media":0,"comment_status":"open","ping_status":"open","sticky":false,"template":"","format":"standard","meta":{"footnotes":""},"categories":[559],"tags":[1815,1818,1816,1817,1814],"class_list":["post-43382","post","type-post","status-publish","format-standard","hentry","category-negocios","tag-empreendimento","tag-green-hills","tag-imoveis","tag-nova-atlantic","tag-viana-do-castelo"],"yoast_head":"<!-- This site is optimized with the Yoast SEO Premium plugin v27.9 (Yoast SEO v27.9) - https:\/\/yoast.com\/product\/yoast-seo-premium-wordpress\/ -->\n<title>novo empreendimento em viana do castelo ter\u00e1 116 apartamentos<\/title>\n<meta name=\"description\" content=\"Novo projeto em Viana do Castelo ter\u00e1 116 apartamentos e investimento de 22 milh\u00f5es de euros. Comercializa\u00e7\u00e3o come\u00e7a nesta sexta.\" \/>\n<meta name=\"robots\" content=\"index, follow, max-snippet:-1, max-image-preview:large, max-video-preview:-1\" \/>\n<link rel=\"canonical\" href=\"https:\/\/fyno.pt\/pt\/negocios\/empreendimento-viana-castelo\/\" \/>\n<meta property=\"og:locale\" content=\"pt_PT\" \/>\n<meta property=\"og:type\" content=\"article\" \/>\n<meta property=\"og:title\" content=\"Novo empreendimento em Viana do Castelo ter\u00e1 116 apartamentos e investimento de 22 milh\u00f5es\" \/>\n<meta property=\"og:description\" content=\"Novo projeto em Viana do Castelo ter\u00e1 116 apartamentos e investimento de 22 milh\u00f5es de euros. Comercializa\u00e7\u00e3o come\u00e7a nesta sexta.\" \/>\n<meta property=\"og:url\" content=\"https:\/\/fyno.pt\/pt\/negocios\/empreendimento-viana-castelo\/\" \/>\n<meta property=\"og:site_name\" content=\"Fyno\" \/>\n<meta property=\"article:published_time\" content=\"2026-09-01T13:14:31+00:00\" \/>\n<meta property=\"article:modified_time\" content=\"2026-09-01T13:17:18+00:00\" \/>\n<meta name=\"author\" content=\"Fyno\" \/>\n<meta name=\"twitter:card\" content=\"summary_large_image\" \/>\n<meta name=\"twitter:label1\" content=\"Escrito por\" \/>\n\t<meta name=\"twitter:data1\" content=\"Fyno\" \/>\n\t<meta name=\"twitter:label2\" content=\"Tempo estimado de leitura\" \/>\n\t<meta name=\"twitter:data2\" content=\"2 minutos\" \/>\n<script type=\"application\/ld+json\" class=\"yoast-schema-graph\">{\"@context\":\"https:\\\/\\\/schema.org\",\"@graph\":[{\"@type\":\"Article\",\"@id\":\"https:\\\/\\\/fyno.pt\\\/negocios\\\/empreendimento-viana-castelo\\\/#article\",\"isPartOf\":{\"@id\":\"https:\\\/\\\/fyno.pt\\\/negocios\\\/empreendimento-viana-castelo\\\/\"},\"author\":{\"name\":\"Fyno\",\"@id\":\"https:\\\/\\\/fyno.pt\\\/#\\\/schema\\\/person\\\/ab5b330ed5ed05f1b4a7b8e438f68187\"},\"headline\":\"Novo empreendimento em Viana do Castelo ter\u00e1 116 apartamentos e investimento de 22 milh\u00f5es\",\"datePublished\":\"2026-09-01T13:14:31+00:00\",\"dateModified\":\"2026-09-01T13:17:18+00:00\",\"mainEntityOfPage\":{\"@id\":\"https:\\\/\\\/fyno.pt\\\/negocios\\\/empreendimento-viana-castelo\\\/\"},\"wordCount\":390,\"commentCount\":0,\"keywords\":[\"empreendimento\",\"Green Hills\",\"im\u00f3veis\",\"Nova Atlantic\",\"Viana do Castelo\"],\"articleSection\":[\"Neg\u00f3cios\"],\"inLanguage\":\"pt-PT\",\"potentialAction\":[{\"@type\":\"CommentAction\",\"name\":\"Comment\",\"target\":[\"https:\\\/\\\/fyno.pt\\\/negocios\\\/empreendimento-viana-castelo\\\/#respond\"]}]},{\"@type\":\"WebPage\",\"@id\":\"https:\\\/\\\/fyno.pt\\\/negocios\\\/empreendimento-viana-castelo\\\/\",\"url\":\"https:\\\/\\\/fyno.pt\\\/negocios\\\/empreendimento-viana-castelo\\\/\",\"name\":\"novo empreendimento em viana do castelo ter\u00e1 116 apartamentos\",\"isPartOf\":{\"@id\":\"https:\\\/\\\/fyno.pt\\\/#website\"},\"datePublished\":\"2026-09-01T13:14:31+00:00\",\"dateModified\":\"2026-09-01T13:17:18+00:00\",\"author\":{\"@id\":\"https:\\\/\\\/fyno.pt\\\/#\\\/schema\\\/person\\\/ab5b330ed5ed05f1b4a7b8e438f68187\"},\"description\":\"Novo projeto em Viana do Castelo ter\u00e1 116 apartamentos e investimento de 22 milh\u00f5es de euros. Comercializa\u00e7\u00e3o come\u00e7a nesta sexta.\",\"breadcrumb\":{\"@id\":\"https:\\\/\\\/fyno.pt\\\/negocios\\\/empreendimento-viana-castelo\\\/#breadcrumb\"},\"inLanguage\":\"pt-PT\",\"potentialAction\":[{\"@type\":\"ReadAction\",\"target\":[\"https:\\\/\\\/fyno.pt\\\/negocios\\\/empreendimento-viana-castelo\\\/\"]}]},{\"@type\":\"BreadcrumbList\",\"@id\":\"https:\\\/\\\/fyno.pt\\\/negocios\\\/empreendimento-viana-castelo\\\/#breadcrumb\",\"itemListElement\":[{\"@type\":\"ListItem\",\"position\":1,\"name\":\"In\u00edcio\",\"item\":\"https:\\\/\\\/fyno.pt\\\/\"},{\"@type\":\"ListItem\",\"position\":2,\"name\":\"Novo empreendimento em Viana do Castelo ter\u00e1 116 apartamentos e investimento de 22 milh\u00f5es\"}]},{\"@type\":\"WebSite\",\"@id\":\"https:\\\/\\\/fyno.pt\\\/#website\",\"url\":\"https:\\\/\\\/fyno.pt\\\/\",\"name\":\"Fyno\",\"description\":\"Not\u00edcia e informa\u00e7\u00e3o\",\"potentialAction\":[{\"@type\":\"SearchAction\",\"target\":{\"@type\":\"EntryPoint\",\"urlTemplate\":\"https:\\\/\\\/fyno.pt\\\/?s={search_term_string}\"},\"query-input\":{\"@type\":\"PropertyValueSpecification\",\"valueRequired\":true,\"valueName\":\"search_term_string\"}}],\"inLanguage\":\"pt-PT\"},{\"@type\":\"Person\",\"@id\":\"https:\\\/\\\/fyno.pt\\\/#\\\/schema\\\/person\\\/ab5b330ed5ed05f1b4a7b8e438f68187\",\"name\":\"Fyno\",\"image\":{\"@type\":\"ImageObject\",\"inLanguage\":\"pt-PT\",\"@id\":\"https:\\\/\\\/fyno.pt\\\/wp-content\\\/litespeed\\\/avatar\\\/8f51870e8d94c234e288da840d914372.jpg?ver=1788205134\",\"url\":\"https:\\\/\\\/fyno.pt\\\/wp-content\\\/litespeed\\\/avatar\\\/8f51870e8d94c234e288da840d914372.jpg?ver=1788205134\",\"contentUrl\":\"https:\\\/\\\/fyno.pt\\\/wp-content\\\/litespeed\\\/avatar\\\/8f51870e8d94c234e288da840d914372.jpg?ver=1788205134\",\"caption\":\"Fyno\"},\"description\":\"A sua fonte de informa\u00e7\u00e3o.\",\"url\":\"https:\\\/\\\/fyno.pt\\\/pt\\\/author\\\/fynopt\\\/\"}]}<\/script>\n<!-- \/ Yoast SEO Premium plugin. -->","yoast_head_json":{"title":"novo empreendimento em viana do castelo ter\u00e1 116 apartamentos","description":"Novo projeto em Viana do Castelo ter\u00e1 116 apartamentos e investimento de 22 milh\u00f5es de euros. Comercializa\u00e7\u00e3o come\u00e7a nesta sexta.","robots":{"index":"index","follow":"follow","max-snippet":"max-snippet:-1","max-image-preview":"max-image-preview:large","max-video-preview":"max-video-preview:-1"},"canonical":"https:\/\/fyno.pt\/pt\/negocios\/empreendimento-viana-castelo\/","og_locale":"pt_PT","og_type":"article","og_title":"Novo empreendimento em Viana do Castelo ter\u00e1 116 apartamentos e investimento de 22 milh\u00f5es","og_description":"Novo projeto em Viana do Castelo ter\u00e1 116 apartamentos e investimento de 22 milh\u00f5es de euros. Comercializa\u00e7\u00e3o come\u00e7a nesta sexta.","og_url":"https:\/\/fyno.pt\/pt\/negocios\/empreendimento-viana-castelo\/","og_site_name":"Fyno","article_published_time":"2026-09-01T13:14:31+00:00","article_modified_time":"2026-09-01T13:17:18+00:00","author":"Fyno","twitter_card":"summary_large_image","twitter_misc":{"Escrito por":"Fyno","Tempo estimado de leitura":"2 minutos"},"schema":{"@context":"https:\/\/schema.org","@graph":[{"@type":"Article","@id":"https:\/\/fyno.pt\/negocios\/empreendimento-viana-castelo\/#article","isPartOf":{"@id":"https:\/\/fyno.pt\/negocios\/empreendimento-viana-castelo\/"},"author":{"name":"Fyno","@id":"https:\/\/fyno.pt\/#\/schema\/person\/ab5b330ed5ed05f1b4a7b8e438f68187"},"headline":"Novo empreendimento em Viana do Castelo ter\u00e1 116 apartamentos e investimento de 22 milh\u00f5es","datePublished":"2026-09-01T13:14:31+00:00","dateModified":"2026-09-01T13:17:18+00:00","mainEntityOfPage":{"@id":"https:\/\/fyno.pt\/negocios\/empreendimento-viana-castelo\/"},"wordCount":390,"commentCount":0,"keywords":["empreendimento","Green Hills","im\u00f3veis","Nova Atlantic","Viana do Castelo"],"articleSection":["Neg\u00f3cios"],"inLanguage":"pt-PT","potentialAction":[{"@type":"CommentAction","name":"Comment","target":["https:\/\/fyno.pt\/negocios\/empreendimento-viana-castelo\/#respond"]}]},{"@type":"WebPage","@id":"https:\/\/fyno.pt\/negocios\/empreendimento-viana-castelo\/","url":"https:\/\/fyno.pt\/negocios\/empreendimento-viana-castelo\/","name":"novo empreendimento em viana do castelo ter\u00e1 116 apartamentos","isPartOf":{"@id":"https:\/\/fyno.pt\/#website"},"datePublished":"2026-09-01T13:14:31+00:00","dateModified":"2026-09-01T13:17:18+00:00","author":{"@id":"https:\/\/fyno.pt\/#\/schema\/person\/ab5b330ed5ed05f1b4a7b8e438f68187"},"description":"Novo projeto em Viana do Castelo ter\u00e1 116 apartamentos e investimento de 22 milh\u00f5es de euros. Comercializa\u00e7\u00e3o come\u00e7a nesta sexta.","breadcrumb":{"@id":"https:\/\/fyno.pt\/negocios\/empreendimento-viana-castelo\/#breadcrumb"},"inLanguage":"pt-PT","potentialAction":[{"@type":"ReadAction","target":["https:\/\/fyno.pt\/negocios\/empreendimento-viana-castelo\/"]}]},{"@type":"BreadcrumbList","@id":"https:\/\/fyno.pt\/negocios\/empreendimento-viana-castelo\/#breadcrumb","itemListElement":[{"@type":"ListItem","position":1,"name":"In\u00edcio","item":"https:\/\/fyno.pt\/"},{"@type":"ListItem","position":2,"name":"Novo empreendimento em Viana do Castelo ter\u00e1 116 apartamentos e investimento de 22 milh\u00f5es"}]},{"@type":"WebSite","@id":"https:\/\/fyno.pt\/#website","url":"https:\/\/fyno.pt\/","name":"Fyno","description":"Not\u00edcia e informa\u00e7\u00e3o","potentialAction":[{"@type":"SearchAction","target":{"@type":"EntryPoint","urlTemplate":"https:\/\/fyno.pt\/?s={search_term_string}"},"query-input":{"@type":"PropertyValueSpecification","valueRequired":true,"valueName":"search_term_string"}}],"inLanguage":"pt-PT"},{"@type":"Person","@id":"https:\/\/fyno.pt\/#\/schema\/person\/ab5b330ed5ed05f1b4a7b8e438f68187","name":"Fyno","image":{"@type":"ImageObject","inLanguage":"pt-PT","@id":"https:\/\/fyno.pt\/wp-content\/litespeed\/avatar\/8f51870e8d94c234e288da840d914372.jpg?ver=1788205134","url":"https:\/\/fyno.pt\/wp-content\/litespeed\/avatar\/8f51870e8d94c234e288da840d914372.jpg?ver=1788205134","contentUrl":"https:\/\/fyno.pt\/wp-content\/litespeed\/avatar\/8f51870e8d94c234e288da840d914372.jpg?ver=1788205134","caption":"Fyno"},"description":"A sua fonte de informa\u00e7\u00e3o.","url":"https:\/\/fyno.pt\/pt\/author\/fynopt\/"}]}},"_links":{"self":[{"href":"https:\/\/fyno.pt\/pt\/wp-json\/wp\/v2\/posts\/43382","targetHints":{"allow":["GET"]}}],"collection":[{"href":"https:\/\/fyno.pt\/pt\/wp-json\/wp\/v2\/posts"}],"about":[{"href":"https:\/\/fyno.pt\/pt\/wp-json\/wp\/v2\/types\/post"}],"author":[{"embeddable":true,"href":"https:\/\/fyno.pt\/pt\/wp-json\/wp\/v2\/users\/9"}],"replies":[{"embeddable":true,"href":"https:\/\/fyno.pt\/pt\/wp-json\/wp\/v2\/comments?post=43382"}],"version-history":[{"count":1,"href":"https:\/\/fyno.pt\/pt\/wp-json\/wp\/v2\/posts\/43382\/revisions"}],"predecessor-version":[{"id":43383,"href":"https:\/\/fyno.pt\/pt\/wp-json\/wp\/v2\/posts\/43382\/revisions\/43383"}],"wp:attachment":[{"href":"https:\/\/fyno.pt\/pt\/wp-json\/wp\/v2\/media?parent=43382"}],"wp:term":[{"taxonomy":"category","embeddable":true,"href":"https:\/\/fyno.pt\/pt\/wp-json\/wp\/v2\/categories?post=43382"},{"taxonomy":"post_tag","embeddable":true,"href":"https:\/\/fyno.pt\/pt\/wp-json\/wp\/v2\/tags?post=43382"}],"curies":[{"name":"wp","href":"https:\/\/api.w.org\/{rel}","templated":true}]}}