{"id":43379,"date":"2026-09-01T09:16:49","date_gmt":"2026-09-01T12:16:49","guid":{"rendered":"https:\/\/fyno.pt\/?p=43379"},"modified":"2026-09-01T09:26:27","modified_gmt":"2026-09-01T12:26:27","slug":"de-maquinas-agricolas-a-aeronaves-adriano-presoto-constroi-trajetoria-marcada-por-expansao-e-diversificacao-no-agronegocio","status":"publish","type":"post","link":"https:\/\/fyno.pt\/pt\/negocios\/de-maquinas-agricolas-a-aeronaves-adriano-presoto-constroi-trajetoria-marcada-por-expansao-e-diversificacao-no-agronegocio\/","title":{"rendered":"De m\u00e1quinas agr\u00edcolas a aeronaves: Adriano Presoto constr\u00f3i trajet\u00f3ria marcada por expans\u00e3o e diversifica\u00e7\u00e3o no agroneg\u00f3cio"},"content":{"rendered":"<p><strong><em>Empres\u00e1rio que iniciou os neg\u00f3cios no Paran\u00e1 em 2017 ampliou atua\u00e7\u00e3o para a Am\u00e9rica do Sul e passou a trabalhar tamb\u00e9m com avia\u00e7\u00e3o, sementes e projetos ligados \u00e0 produ\u00e7\u00e3o de etanol de milho<\/em><\/strong><\/p>\n\n\n\n<p>A transforma\u00e7\u00e3o do agroneg\u00f3cio brasileiro abriu espa\u00e7o para um novo perfil de empreendedor: aquele capaz de enxergar oportunidades para al\u00e9m de um \u00fanico segmento e conectar diferentes \u00e1reas da cadeia produtiva. Em meio a esse cen\u00e1rio, a trajet\u00f3ria do empres\u00e1rio Adriano Presoto chama aten\u00e7\u00e3o pela expans\u00e3o gradual dos neg\u00f3cios e pela diversifica\u00e7\u00e3o de sua atua\u00e7\u00e3o.<\/p>\n\n\n\n<p>A hist\u00f3ria come\u00e7ou em 2017, no Paran\u00e1, quando a empresa iniciou suas atividades com foco no mercado de m\u00e1quinas agr\u00edcolas. O neg\u00f3cio nasceu com uma atua\u00e7\u00e3o regional, mas, em pouco tempo, o empres\u00e1rio percebeu que havia oportunidades que ultrapassavam as fronteiras estaduais.<\/p>\n\n\n\n<p>Dois anos depois, veio uma das primeiras decis\u00f5es de expans\u00e3o: ampliar o atendimento para outros mercados da Am\u00e9rica do Sul. A mudan\u00e7a marcou uma nova etapa da empresa, que passou a estabelecer rela\u00e7\u00f5es comerciais em um mercado cada vez mais integrado.<\/p>\n\n\n\n<p>A partir da\u00ed,<strong> Adriano Presoto<\/strong> ampliou novamente o campo de atua\u00e7\u00e3o. Al\u00e9m das m\u00e1quinas agr\u00edcolas, os neg\u00f3cios passaram a envolver a comercializa\u00e7\u00e3o de aeronaves agr\u00edcolas e executivas, sementes de soja e algod\u00e3o e oportunidades relacionadas a usinas de etanol de milho.<\/p>\n\n\n\n<p><strong>Do pequeno produtor ao grande empres\u00e1rio<\/strong><\/p>\n\n\n\n<p>Uma das caracter\u00edsticas da atua\u00e7\u00e3o de Presoto \u00e9 a abrang\u00eancia do p\u00fablico atendido. A empresa trabalha com diferentes perfis de clientes, desde pequenos produtores rurais at\u00e9 grandes empres\u00e1rios e produtores ligados a opera\u00e7\u00f5es de maior escala.<\/p>\n\n\n\n<p>Essa diversidade exige conhecimento sobre diferentes realidades do campo e, principalmente, capacidade de entender o que cada cliente procura antes de uma decis\u00e3o de investimento.<\/p>\n\n\n\n<p>No mercado de m\u00e1quinas seminovas, por exemplo, <strong>Adriano<\/strong> mant\u00e9m uma participa\u00e7\u00e3o direta no processo de avalia\u00e7\u00e3o dos equipamentos. Segundo a empresa, as avalia\u00e7\u00f5es dos seminovos s\u00e3o realizadas pessoalmente pelo pr\u00f3prio empres\u00e1rio, que acompanha de perto as condi\u00e7\u00f5es das m\u00e1quinas antes de apresent\u00e1-las ao mercado.<\/p>\n\n\n\n<p>A pr\u00e1tica refor\u00e7a uma caracter\u00edstica que acompanha sua trajet\u00f3ria desde o in\u00edcio: a proximidade com o produto e com o cliente.<\/p>\n\n\n\n<p><strong>A expans\u00e3o para a avia\u00e7\u00e3o<\/strong><\/p>\n\n\n\n<p>A entrada no mercado de aeronaves representou outro passo importante na diversifica\u00e7\u00e3o dos neg\u00f3cios.<\/p>\n\n\n\n<p>As aeronaves agr\u00edcolas est\u00e3o diretamente relacionadas \u00e0s necessidades de propriedades e opera\u00e7\u00f5es rurais que utilizam a avia\u00e7\u00e3o como ferramenta de trabalho. J\u00e1 as aeronaves executivas atendem empres\u00e1rios e profissionais que dependem de mobilidade para circular entre diferentes regi\u00f5es.<\/p>\n\n\n\n<p>A atua\u00e7\u00e3o em segmentos t\u00e3o distintos dentro do mesmo universo empresarial acompanha uma transforma\u00e7\u00e3o do pr\u00f3prio agroneg\u00f3cio. \u00c0 medida que as opera\u00e7\u00f5es rurais se tornam maiores e mais profissionalizadas, tamb\u00e9m cresce a demanda por equipamentos, tecnologia, log\u00edstica e solu\u00e7\u00f5es capazes de reduzir dist\u00e2ncias e aumentar efici\u00eancia.<\/p>\n\n\n\n<p><strong>Sementes e novas oportunidades<\/strong><\/p>\n\n\n\n<p>A diversifica\u00e7\u00e3o tamb\u00e9m alcan\u00e7ou o setor de sementes, com atua\u00e7\u00e3o envolvendo soja e algod\u00e3o, duas culturas de grande import\u00e2ncia para o agroneg\u00f3cio brasileiro.<\/p>\n\n\n\n<p>A entrada nesse mercado amplia a conex\u00e3o da empresa com diferentes etapas da atividade rural, aproximando sua atua\u00e7\u00e3o n\u00e3o apenas dos equipamentos utilizados no campo, mas tamb\u00e9m de insumos ligados diretamente \u00e0 produ\u00e7\u00e3o.<\/p>\n\n\n\n<p>Outro segmento que passou a fazer parte do universo de neg\u00f3cios \u00e9 o de usinas de etanol de milho, setor que ganhou espa\u00e7o dentro da estrat\u00e9gia de agrega\u00e7\u00e3o de valor \u00e0 produ\u00e7\u00e3o agr\u00edcola.<\/p>\n\n\n\n<p>O movimento acompanha uma tend\u00eancia observada no agroneg\u00f3cio: a busca por aproveitar melhor a produ\u00e7\u00e3o e criar novas possibilidades de neg\u00f3cios a partir das mat\u00e9rias-primas do pr\u00f3prio campo.<\/p>\n\n\n\n<p><strong>Uma empresa que cresceu junto com o mercado<\/strong><\/p>\n\n\n\n<p>A evolu\u00e7\u00e3o da empresa desde 2017 mostra uma estrat\u00e9gia baseada em etapas. Primeiro, a atua\u00e7\u00e3o regional no Paran\u00e1. Depois, a expans\u00e3o para a Am\u00e9rica do Sul. Na sequ\u00eancia, a entrada em novos segmentos relacionados ao agroneg\u00f3cio e ao ambiente empresarial que se desenvolveu ao redor dele.<\/p>\n\n\n\n<p>Para <strong>Adriano Presoto<\/strong>, a diversifica\u00e7\u00e3o n\u00e3o significa abandonar a origem do neg\u00f3cio, mas ampliar as possibilidades oferecidas aos clientes.<\/p>\n\n\n\n<p>M\u00e1quinas agr\u00edcolas continuam fazendo parte dessa trajet\u00f3ria, enquanto aeronaves, sementes e projetos relacionados \u00e0 ind\u00fastria de etanol passaram a integrar um portf\u00f3lio mais amplo.<\/p>\n\n\n\n<p>Essa combina\u00e7\u00e3o tamb\u00e9m permite estabelecer contato com diferentes elos do mercado, desde quem est\u00e1 come\u00e7ando uma opera\u00e7\u00e3o rural at\u00e9 empres\u00e1rios que administram neg\u00f3cios de grande porte.<\/p>\n\n\n\n<p><strong>O aprendizado que come\u00e7a dentro de casa<\/strong><\/p>\n\n\n\n<p>A rela\u00e7\u00e3o com o agroneg\u00f3cio tamb\u00e9m ultrapassa os limites da empresa e chega \u00e0 fam\u00edlia.<\/p>\n\n\n\n<p>Durante as f\u00e9rias escolares, <strong>Daphny Presoto<\/strong>, filha de Adriano, acompanha o pai em sua rotina de trabalho. A conviv\u00eancia permite que ela tenha contato, desde cedo, com o ambiente empresarial, conhecendo na pr\u00e1tica a rotina, os compromissos e os desafios envolvidos na condu\u00e7\u00e3o de uma empresa.<\/p>\n\n\n\n<p>Mais do que uma participa\u00e7\u00e3o formal, a experi\u00eancia representa uma forma de aprendizado cotidiano. Ao acompanhar o pai, Daphy observa reuni\u00f5es, deslocamentos, negocia\u00e7\u00f5es e a rela\u00e7\u00e3o mantida com produtores, empres\u00e1rios e parceiros.<\/p>\n\n\n\n<p>Para Adriano, esse contato precoce com o mundo dos neg\u00f3cios faz parte de um princ\u00edpio de forma\u00e7\u00e3o dos filhos: ensinar pelo exemplo e permitir que eles conhe\u00e7am, na pr\u00e1tica, a responsabilidade e a dedica\u00e7\u00e3o necess\u00e1rias para construir uma trajet\u00f3ria profissional.<\/p>\n\n\n\n<p>A presen\u00e7a da filha nas f\u00e9rias tamb\u00e9m acrescenta um componente familiar \u00e0 hist\u00f3ria de uma empresa que nasceu de uma iniciativa empresarial e foi crescendo ao longo dos anos.<\/p>\n\n\n\n<p><strong>Um agroneg\u00f3cio cada vez mais conectado<\/strong><\/p>\n\n\n\n<p>A trajet\u00f3ria de Adriano Presoto acompanha, em certa medida, a pr\u00f3pria transforma\u00e7\u00e3o do agroneg\u00f3cio.<\/p>\n\n\n\n<p>O setor deixou de ser pensado apenas a partir da produ\u00e7\u00e3o dentro da propriedade. Hoje, m\u00e1quinas, sementes, avia\u00e7\u00e3o, tecnologia, log\u00edstica, ind\u00fastria e mercado financeiro fazem parte de uma cadeia cada vez mais integrada.<\/p>\n\n\n\n<p>Nesse ambiente, empres\u00e1rios que conseguem transitar entre diferentes segmentos encontram novas possibilidades de atua\u00e7\u00e3o.<\/p>\n\n\n\n<p>Desde o in\u00edcio da empresa, em 2017, Presoto escolheu um caminho de expans\u00e3o progressiva. O que come\u00e7ou regionalmente no Paran\u00e1 ganhou dimens\u00e3o sul-americana e, posteriormente, incorporou novas \u00e1reas de neg\u00f3cios.<\/p>\n\n\n\n<p>A experi\u00eancia acumulada ao longo desse processo passou a ser utilizada tamb\u00e9m na avalia\u00e7\u00e3o de equipamentos seminovos e na aproxima\u00e7\u00e3o entre compradores e vendedores.<\/p>\n\n\n\n<p>Com atendimento que alcan\u00e7a diferentes perfis de produtores e empres\u00e1rios, a empresa busca manter como caracter\u00edstica a proximidade comercial, independentemente do tamanho da opera\u00e7\u00e3o.<\/p>\n\n\n\n<p>A hist\u00f3ria iniciada no Paran\u00e1 h\u00e1 quase uma d\u00e9cada chega, assim, a uma nova fase: uma atua\u00e7\u00e3o diversificada, conectada a diferentes setores do agroneg\u00f3cio e com uma vis\u00e3o de neg\u00f3cios que combina mercado, tecnologia, relacionamento e sucess\u00e3o familiar.<\/p>\n\n\n\n<p>No campo, onde inova\u00e7\u00e3o e efici\u00eancia caminham lado a lado, a trajet\u00f3ria de Adriano Presoto representa o movimento de empres\u00e1rios que come\u00e7aram em um segmento espec\u00edfico e encontraram, na pr\u00f3pria evolu\u00e7\u00e3o do setor, caminhos para ampliar seus neg\u00f3cios.<\/p>","protected":false},"excerpt":{"rendered":"<p>Empres\u00e1rio que iniciou os neg\u00f3cios no Paran\u00e1 em 2017 ampliou atua\u00e7\u00e3o para a Am\u00e9rica do Sul e passou a trabalhar tamb\u00e9m com avia\u00e7\u00e3o, sementes e projetos ligados \u00e0 produ\u00e7\u00e3o de etanol de milho A transforma\u00e7\u00e3o do agroneg\u00f3cio brasileiro abriu espa\u00e7o para um novo perfil de empreendedor: aquele capaz de enxergar oportunidades para al\u00e9m de um [&hellip;]<\/p>\n","protected":false},"author":9,"featured_media":43378,"comment_status":"closed","ping_status":"open","sticky":false,"template":"","format":"standard","meta":{"footnotes":""},"categories":[559],"tags":[],"class_list":["post-43379","post","type-post","status-publish","format-standard","has-post-thumbnail","hentry","category-negocios"],"yoast_head":"<!-- This site is optimized with the Yoast SEO Premium plugin v27.9 (Yoast SEO v27.9) - https:\/\/yoast.com\/product\/yoast-seo-premium-wordpress\/ -->\n<title>De m\u00e1quinas agr\u00edcolas a aeronaves: Adriano Presoto constr\u00f3i trajet\u00f3ria marcada por expans\u00e3o e diversifica\u00e7\u00e3o no agroneg\u00f3cio - Fyno<\/title>\n<meta name=\"robots\" content=\"index, follow, max-snippet:-1, max-image-preview:large, max-video-preview:-1\" \/>\n<link rel=\"canonical\" href=\"https:\/\/fyno.pt\/pt\/negocios\/de-maquinas-agricolas-a-aeronaves-adriano-presoto-constroi-trajetoria-marcada-por-expansao-e-diversificacao-no-agronegocio\/\" \/>\n<meta property=\"og:locale\" content=\"pt_PT\" \/>\n<meta property=\"og:type\" content=\"article\" \/>\n<meta property=\"og:title\" content=\"De m\u00e1quinas agr\u00edcolas a aeronaves: Adriano Presoto constr\u00f3i trajet\u00f3ria marcada por expans\u00e3o e diversifica\u00e7\u00e3o no agroneg\u00f3cio\" \/>\n<meta property=\"og:description\" content=\"Empres\u00e1rio que iniciou os neg\u00f3cios no Paran\u00e1 em 2017 ampliou atua\u00e7\u00e3o para a Am\u00e9rica do Sul e passou a trabalhar tamb\u00e9m com avia\u00e7\u00e3o, sementes e projetos ligados \u00e0 produ\u00e7\u00e3o de etanol de milho A transforma\u00e7\u00e3o do agroneg\u00f3cio brasileiro abriu espa\u00e7o para um novo perfil de empreendedor: aquele capaz de enxergar oportunidades para al\u00e9m de um [&hellip;]\" \/>\n<meta property=\"og:url\" content=\"https:\/\/fyno.pt\/pt\/negocios\/de-maquinas-agricolas-a-aeronaves-adriano-presoto-constroi-trajetoria-marcada-por-expansao-e-diversificacao-no-agronegocio\/\" \/>\n<meta property=\"og:site_name\" content=\"Fyno\" \/>\n<meta property=\"article:published_time\" content=\"2026-09-01T12:16:49+00:00\" \/>\n<meta property=\"article:modified_time\" content=\"2026-09-01T12:26:27+00:00\" \/>\n<meta property=\"og:image\" content=\"https:\/\/fyno.pt\/wp-content\/uploads\/2026\/09\/ca210203-167f-4946-aa42-2d2a38afd342.jpeg\" \/>\n\t<meta property=\"og:image:width\" content=\"1125\" \/>\n\t<meta property=\"og:image:height\" content=\"829\" \/>\n\t<meta property=\"og:image:type\" content=\"image\/jpeg\" \/>\n<meta name=\"author\" content=\"Fyno\" \/>\n<meta name=\"twitter:card\" content=\"summary_large_image\" \/>\n<meta name=\"twitter:label1\" content=\"Escrito por\" \/>\n\t<meta name=\"twitter:data1\" content=\"Fyno\" \/>\n\t<meta name=\"twitter:label2\" content=\"Tempo estimado de leitura\" \/>\n\t<meta name=\"twitter:data2\" content=\"6 minutos\" \/>\n<script type=\"application\/ld+json\" class=\"yoast-schema-graph\">{\"@context\":\"https:\\\/\\\/schema.org\",\"@graph\":[{\"@type\":\"Article\",\"@id\":\"https:\\\/\\\/fyno.pt\\\/negocios\\\/de-maquinas-agricolas-a-aeronaves-adriano-presoto-constroi-trajetoria-marcada-por-expansao-e-diversificacao-no-agronegocio\\\/#article\",\"isPartOf\":{\"@id\":\"https:\\\/\\\/fyno.pt\\\/negocios\\\/de-maquinas-agricolas-a-aeronaves-adriano-presoto-constroi-trajetoria-marcada-por-expansao-e-diversificacao-no-agronegocio\\\/\"},\"author\":{\"name\":\"Fyno\",\"@id\":\"https:\\\/\\\/fyno.pt\\\/#\\\/schema\\\/person\\\/ab5b330ed5ed05f1b4a7b8e438f68187\"},\"headline\":\"De m\u00e1quinas agr\u00edcolas a aeronaves: Adriano Presoto constr\u00f3i trajet\u00f3ria marcada por expans\u00e3o e diversifica\u00e7\u00e3o no agroneg\u00f3cio\",\"datePublished\":\"2026-09-01T12:16:49+00:00\",\"dateModified\":\"2026-09-01T12:26:27+00:00\",\"mainEntityOfPage\":{\"@id\":\"https:\\\/\\\/fyno.pt\\\/negocios\\\/de-maquinas-agricolas-a-aeronaves-adriano-presoto-constroi-trajetoria-marcada-por-expansao-e-diversificacao-no-agronegocio\\\/\"},\"wordCount\":1288,\"image\":{\"@id\":\"https:\\\/\\\/fyno.pt\\\/negocios\\\/de-maquinas-agricolas-a-aeronaves-adriano-presoto-constroi-trajetoria-marcada-por-expansao-e-diversificacao-no-agronegocio\\\/#primaryimage\"},\"thumbnailUrl\":\"https:\\\/\\\/fyno.pt\\\/wp-content\\\/uploads\\\/2026\\\/09\\\/ca210203-167f-4946-aa42-2d2a38afd342.jpeg\",\"articleSection\":[\"Neg\u00f3cios\"],\"inLanguage\":\"pt-PT\"},{\"@type\":\"WebPage\",\"@id\":\"https:\\\/\\\/fyno.pt\\\/negocios\\\/de-maquinas-agricolas-a-aeronaves-adriano-presoto-constroi-trajetoria-marcada-por-expansao-e-diversificacao-no-agronegocio\\\/\",\"url\":\"https:\\\/\\\/fyno.pt\\\/negocios\\\/de-maquinas-agricolas-a-aeronaves-adriano-presoto-constroi-trajetoria-marcada-por-expansao-e-diversificacao-no-agronegocio\\\/\",\"name\":\"De m\u00e1quinas agr\u00edcolas a aeronaves: Adriano Presoto constr\u00f3i trajet\u00f3ria marcada por expans\u00e3o e diversifica\u00e7\u00e3o no agroneg\u00f3cio - Fyno\",\"isPartOf\":{\"@id\":\"https:\\\/\\\/fyno.pt\\\/#website\"},\"primaryImageOfPage\":{\"@id\":\"https:\\\/\\\/fyno.pt\\\/negocios\\\/de-maquinas-agricolas-a-aeronaves-adriano-presoto-constroi-trajetoria-marcada-por-expansao-e-diversificacao-no-agronegocio\\\/#primaryimage\"},\"image\":{\"@id\":\"https:\\\/\\\/fyno.pt\\\/negocios\\\/de-maquinas-agricolas-a-aeronaves-adriano-presoto-constroi-trajetoria-marcada-por-expansao-e-diversificacao-no-agronegocio\\\/#primaryimage\"},\"thumbnailUrl\":\"https:\\\/\\\/fyno.pt\\\/wp-content\\\/uploads\\\/2026\\\/09\\\/ca210203-167f-4946-aa42-2d2a38afd342.jpeg\",\"datePublished\":\"2026-09-01T12:16:49+00:00\",\"dateModified\":\"2026-09-01T12:26:27+00:00\",\"author\":{\"@id\":\"https:\\\/\\\/fyno.pt\\\/#\\\/schema\\\/person\\\/ab5b330ed5ed05f1b4a7b8e438f68187\"},\"breadcrumb\":{\"@id\":\"https:\\\/\\\/fyno.pt\\\/negocios\\\/de-maquinas-agricolas-a-aeronaves-adriano-presoto-constroi-trajetoria-marcada-por-expansao-e-diversificacao-no-agronegocio\\\/#breadcrumb\"},\"inLanguage\":\"pt-PT\",\"potentialAction\":[{\"@type\":\"ReadAction\",\"target\":[\"https:\\\/\\\/fyno.pt\\\/negocios\\\/de-maquinas-agricolas-a-aeronaves-adriano-presoto-constroi-trajetoria-marcada-por-expansao-e-diversificacao-no-agronegocio\\\/\"]}]},{\"@type\":\"ImageObject\",\"inLanguage\":\"pt-PT\",\"@id\":\"https:\\\/\\\/fyno.pt\\\/negocios\\\/de-maquinas-agricolas-a-aeronaves-adriano-presoto-constroi-trajetoria-marcada-por-expansao-e-diversificacao-no-agronegocio\\\/#primaryimage\",\"url\":\"https:\\\/\\\/fyno.pt\\\/wp-content\\\/uploads\\\/2026\\\/09\\\/ca210203-167f-4946-aa42-2d2a38afd342.jpeg\",\"contentUrl\":\"https:\\\/\\\/fyno.pt\\\/wp-content\\\/uploads\\\/2026\\\/09\\\/ca210203-167f-4946-aa42-2d2a38afd342.jpeg\",\"width\":1125,\"height\":829},{\"@type\":\"BreadcrumbList\",\"@id\":\"https:\\\/\\\/fyno.pt\\\/negocios\\\/de-maquinas-agricolas-a-aeronaves-adriano-presoto-constroi-trajetoria-marcada-por-expansao-e-diversificacao-no-agronegocio\\\/#breadcrumb\",\"itemListElement\":[{\"@type\":\"ListItem\",\"position\":1,\"name\":\"In\u00edcio\",\"item\":\"https:\\\/\\\/fyno.pt\\\/\"},{\"@type\":\"ListItem\",\"position\":2,\"name\":\"De m\u00e1quinas agr\u00edcolas a aeronaves: Adriano Presoto constr\u00f3i trajet\u00f3ria marcada por expans\u00e3o e diversifica\u00e7\u00e3o no agroneg\u00f3cio\"}]},{\"@type\":\"WebSite\",\"@id\":\"https:\\\/\\\/fyno.pt\\\/#website\",\"url\":\"https:\\\/\\\/fyno.pt\\\/\",\"name\":\"Fyno\",\"description\":\"Not\u00edcia e informa\u00e7\u00e3o\",\"potentialAction\":[{\"@type\":\"SearchAction\",\"target\":{\"@type\":\"EntryPoint\",\"urlTemplate\":\"https:\\\/\\\/fyno.pt\\\/?s={search_term_string}\"},\"query-input\":{\"@type\":\"PropertyValueSpecification\",\"valueRequired\":true,\"valueName\":\"search_term_string\"}}],\"inLanguage\":\"pt-PT\"},{\"@type\":\"Person\",\"@id\":\"https:\\\/\\\/fyno.pt\\\/#\\\/schema\\\/person\\\/ab5b330ed5ed05f1b4a7b8e438f68187\",\"name\":\"Fyno\",\"image\":{\"@type\":\"ImageObject\",\"inLanguage\":\"pt-PT\",\"@id\":\"https:\\\/\\\/fyno.pt\\\/wp-content\\\/litespeed\\\/avatar\\\/8f51870e8d94c234e288da840d914372.jpg?ver=1788205134\",\"url\":\"https:\\\/\\\/fyno.pt\\\/wp-content\\\/litespeed\\\/avatar\\\/8f51870e8d94c234e288da840d914372.jpg?ver=1788205134\",\"contentUrl\":\"https:\\\/\\\/fyno.pt\\\/wp-content\\\/litespeed\\\/avatar\\\/8f51870e8d94c234e288da840d914372.jpg?ver=1788205134\",\"caption\":\"Fyno\"},\"description\":\"A sua fonte de informa\u00e7\u00e3o.\",\"url\":\"https:\\\/\\\/fyno.pt\\\/pt\\\/author\\\/fynopt\\\/\"}]}<\/script>\n<!-- \/ Yoast SEO Premium plugin. -->","yoast_head_json":{"title":"De m\u00e1quinas agr\u00edcolas a aeronaves: Adriano Presoto constr\u00f3i trajet\u00f3ria marcada por expans\u00e3o e diversifica\u00e7\u00e3o no agroneg\u00f3cio - Fyno","robots":{"index":"index","follow":"follow","max-snippet":"max-snippet:-1","max-image-preview":"max-image-preview:large","max-video-preview":"max-video-preview:-1"},"canonical":"https:\/\/fyno.pt\/pt\/negocios\/de-maquinas-agricolas-a-aeronaves-adriano-presoto-constroi-trajetoria-marcada-por-expansao-e-diversificacao-no-agronegocio\/","og_locale":"pt_PT","og_type":"article","og_title":"De m\u00e1quinas agr\u00edcolas a aeronaves: Adriano Presoto constr\u00f3i trajet\u00f3ria marcada por expans\u00e3o e diversifica\u00e7\u00e3o no agroneg\u00f3cio","og_description":"Empres\u00e1rio que iniciou os neg\u00f3cios no Paran\u00e1 em 2017 ampliou atua\u00e7\u00e3o para a Am\u00e9rica do Sul e passou a trabalhar tamb\u00e9m com avia\u00e7\u00e3o, sementes e projetos ligados \u00e0 produ\u00e7\u00e3o de etanol de milho A transforma\u00e7\u00e3o do agroneg\u00f3cio brasileiro abriu espa\u00e7o para um novo perfil de empreendedor: aquele capaz de enxergar oportunidades para al\u00e9m de um [&hellip;]","og_url":"https:\/\/fyno.pt\/pt\/negocios\/de-maquinas-agricolas-a-aeronaves-adriano-presoto-constroi-trajetoria-marcada-por-expansao-e-diversificacao-no-agronegocio\/","og_site_name":"Fyno","article_published_time":"2026-09-01T12:16:49+00:00","article_modified_time":"2026-09-01T12:26:27+00:00","og_image":[{"width":1125,"height":829,"url":"https:\/\/fyno.pt\/wp-content\/uploads\/2026\/09\/ca210203-167f-4946-aa42-2d2a38afd342.jpeg","type":"image\/jpeg"}],"author":"Fyno","twitter_card":"summary_large_image","twitter_misc":{"Escrito por":"Fyno","Tempo estimado de leitura":"6 minutos"},"schema":{"@context":"https:\/\/schema.org","@graph":[{"@type":"Article","@id":"https:\/\/fyno.pt\/negocios\/de-maquinas-agricolas-a-aeronaves-adriano-presoto-constroi-trajetoria-marcada-por-expansao-e-diversificacao-no-agronegocio\/#article","isPartOf":{"@id":"https:\/\/fyno.pt\/negocios\/de-maquinas-agricolas-a-aeronaves-adriano-presoto-constroi-trajetoria-marcada-por-expansao-e-diversificacao-no-agronegocio\/"},"author":{"name":"Fyno","@id":"https:\/\/fyno.pt\/#\/schema\/person\/ab5b330ed5ed05f1b4a7b8e438f68187"},"headline":"De m\u00e1quinas agr\u00edcolas a aeronaves: Adriano Presoto constr\u00f3i trajet\u00f3ria marcada por expans\u00e3o e diversifica\u00e7\u00e3o no agroneg\u00f3cio","datePublished":"2026-09-01T12:16:49+00:00","dateModified":"2026-09-01T12:26:27+00:00","mainEntityOfPage":{"@id":"https:\/\/fyno.pt\/negocios\/de-maquinas-agricolas-a-aeronaves-adriano-presoto-constroi-trajetoria-marcada-por-expansao-e-diversificacao-no-agronegocio\/"},"wordCount":1288,"image":{"@id":"https:\/\/fyno.pt\/negocios\/de-maquinas-agricolas-a-aeronaves-adriano-presoto-constroi-trajetoria-marcada-por-expansao-e-diversificacao-no-agronegocio\/#primaryimage"},"thumbnailUrl":"https:\/\/fyno.pt\/wp-content\/uploads\/2026\/09\/ca210203-167f-4946-aa42-2d2a38afd342.jpeg","articleSection":["Neg\u00f3cios"],"inLanguage":"pt-PT"},{"@type":"WebPage","@id":"https:\/\/fyno.pt\/negocios\/de-maquinas-agricolas-a-aeronaves-adriano-presoto-constroi-trajetoria-marcada-por-expansao-e-diversificacao-no-agronegocio\/","url":"https:\/\/fyno.pt\/negocios\/de-maquinas-agricolas-a-aeronaves-adriano-presoto-constroi-trajetoria-marcada-por-expansao-e-diversificacao-no-agronegocio\/","name":"De m\u00e1quinas agr\u00edcolas a aeronaves: Adriano Presoto constr\u00f3i trajet\u00f3ria marcada por expans\u00e3o e diversifica\u00e7\u00e3o no agroneg\u00f3cio - Fyno","isPartOf":{"@id":"https:\/\/fyno.pt\/#website"},"primaryImageOfPage":{"@id":"https:\/\/fyno.pt\/negocios\/de-maquinas-agricolas-a-aeronaves-adriano-presoto-constroi-trajetoria-marcada-por-expansao-e-diversificacao-no-agronegocio\/#primaryimage"},"image":{"@id":"https:\/\/fyno.pt\/negocios\/de-maquinas-agricolas-a-aeronaves-adriano-presoto-constroi-trajetoria-marcada-por-expansao-e-diversificacao-no-agronegocio\/#primaryimage"},"thumbnailUrl":"https:\/\/fyno.pt\/wp-content\/uploads\/2026\/09\/ca210203-167f-4946-aa42-2d2a38afd342.jpeg","datePublished":"2026-09-01T12:16:49+00:00","dateModified":"2026-09-01T12:26:27+00:00","author":{"@id":"https:\/\/fyno.pt\/#\/schema\/person\/ab5b330ed5ed05f1b4a7b8e438f68187"},"breadcrumb":{"@id":"https:\/\/fyno.pt\/negocios\/de-maquinas-agricolas-a-aeronaves-adriano-presoto-constroi-trajetoria-marcada-por-expansao-e-diversificacao-no-agronegocio\/#breadcrumb"},"inLanguage":"pt-PT","potentialAction":[{"@type":"ReadAction","target":["https:\/\/fyno.pt\/negocios\/de-maquinas-agricolas-a-aeronaves-adriano-presoto-constroi-trajetoria-marcada-por-expansao-e-diversificacao-no-agronegocio\/"]}]},{"@type":"ImageObject","inLanguage":"pt-PT","@id":"https:\/\/fyno.pt\/negocios\/de-maquinas-agricolas-a-aeronaves-adriano-presoto-constroi-trajetoria-marcada-por-expansao-e-diversificacao-no-agronegocio\/#primaryimage","url":"https:\/\/fyno.pt\/wp-content\/uploads\/2026\/09\/ca210203-167f-4946-aa42-2d2a38afd342.jpeg","contentUrl":"https:\/\/fyno.pt\/wp-content\/uploads\/2026\/09\/ca210203-167f-4946-aa42-2d2a38afd342.jpeg","width":1125,"height":829},{"@type":"BreadcrumbList","@id":"https:\/\/fyno.pt\/negocios\/de-maquinas-agricolas-a-aeronaves-adriano-presoto-constroi-trajetoria-marcada-por-expansao-e-diversificacao-no-agronegocio\/#breadcrumb","itemListElement":[{"@type":"ListItem","position":1,"name":"In\u00edcio","item":"https:\/\/fyno.pt\/"},{"@type":"ListItem","position":2,"name":"De m\u00e1quinas agr\u00edcolas a aeronaves: Adriano Presoto constr\u00f3i trajet\u00f3ria marcada por expans\u00e3o e diversifica\u00e7\u00e3o no agroneg\u00f3cio"}]},{"@type":"WebSite","@id":"https:\/\/fyno.pt\/#website","url":"https:\/\/fyno.pt\/","name":"Fyno","description":"Not\u00edcia e informa\u00e7\u00e3o","potentialAction":[{"@type":"SearchAction","target":{"@type":"EntryPoint","urlTemplate":"https:\/\/fyno.pt\/?s={search_term_string}"},"query-input":{"@type":"PropertyValueSpecification","valueRequired":true,"valueName":"search_term_string"}}],"inLanguage":"pt-PT"},{"@type":"Person","@id":"https:\/\/fyno.pt\/#\/schema\/person\/ab5b330ed5ed05f1b4a7b8e438f68187","name":"Fyno","image":{"@type":"ImageObject","inLanguage":"pt-PT","@id":"https:\/\/fyno.pt\/wp-content\/litespeed\/avatar\/8f51870e8d94c234e288da840d914372.jpg?ver=1788205134","url":"https:\/\/fyno.pt\/wp-content\/litespeed\/avatar\/8f51870e8d94c234e288da840d914372.jpg?ver=1788205134","contentUrl":"https:\/\/fyno.pt\/wp-content\/litespeed\/avatar\/8f51870e8d94c234e288da840d914372.jpg?ver=1788205134","caption":"Fyno"},"description":"A sua fonte de informa\u00e7\u00e3o.","url":"https:\/\/fyno.pt\/pt\/author\/fynopt\/"}]}},"_links":{"self":[{"href":"https:\/\/fyno.pt\/pt\/wp-json\/wp\/v2\/posts\/43379","targetHints":{"allow":["GET"]}}],"collection":[{"href":"https:\/\/fyno.pt\/pt\/wp-json\/wp\/v2\/posts"}],"about":[{"href":"https:\/\/fyno.pt\/pt\/wp-json\/wp\/v2\/types\/post"}],"author":[{"embeddable":true,"href":"https:\/\/fyno.pt\/pt\/wp-json\/wp\/v2\/users\/9"}],"replies":[{"embeddable":true,"href":"https:\/\/fyno.pt\/pt\/wp-json\/wp\/v2\/comments?post=43379"}],"version-history":[{"count":2,"href":"https:\/\/fyno.pt\/pt\/wp-json\/wp\/v2\/posts\/43379\/revisions"}],"predecessor-version":[{"id":43381,"href":"https:\/\/fyno.pt\/pt\/wp-json\/wp\/v2\/posts\/43379\/revisions\/43381"}],"wp:featuredmedia":[{"embeddable":true,"href":"https:\/\/fyno.pt\/pt\/wp-json\/wp\/v2\/media\/43378"}],"wp:attachment":[{"href":"https:\/\/fyno.pt\/pt\/wp-json\/wp\/v2\/media?parent=43379"}],"wp:term":[{"taxonomy":"category","embeddable":true,"href":"https:\/\/fyno.pt\/pt\/wp-json\/wp\/v2\/categories?post=43379"},{"taxonomy":"post_tag","embeddable":true,"href":"https:\/\/fyno.pt\/pt\/wp-json\/wp\/v2\/tags?post=43379"}],"curies":[{"name":"wp","href":"https:\/\/api.w.org\/{rel}","templated":true}]}}