{"id":43374,"date":"2026-08-31T08:17:45","date_gmt":"2026-08-31T11:17:45","guid":{"rendered":"https:\/\/fyno.pt\/?p=43374"},"modified":"2026-08-31T08:17:45","modified_gmt":"2026-08-31T11:17:45","slug":"pudim-no-copo-americano-vira-febre-no-rj-e-ganha-edicao-especial-rock-in-rio","status":"publish","type":"post","link":"https:\/\/fyno.pt\/pt\/negocios\/pudim-no-copo-americano-vira-febre-no-rj-e-ganha-edicao-especial-rock-in-rio\/","title":{"rendered":"Pudim no copo americano vira febre no RJ e ganha edi\u00e7\u00e3o especial Rock in Rio"},"content":{"rendered":"<p>Sobremesa de 150g no copo raiz conquista cariocas com pre\u00e7o acess\u00edvel e promo\u00e7\u00e3o que d\u00e1 ingressos para o festival<\/p>\n\n\n\n<p><strong>RIO DE JANEIRO<\/strong>&nbsp;\u2014 O tradicional copo americano ganhou um novo recheio e se tornou uma das novidades da confeitaria carioca: o&nbsp;<strong>pudim no copo americano<\/strong>. Com por\u00e7\u00e3o individual de 150 gramas, textura cremosa e calda generosa, a sobremesa aposta em uma apresenta\u00e7\u00e3o pr\u00e1tica e em um dos objetos mais conhecidos dos bares e lanchonetes brasileiros.<\/p>\n\n\n\n<p>A proposta combina duas refer\u00eancias populares da cultura gastron\u00f4mica do Rio: o pudim e o copo americano. Em vez da vers\u00e3o tradicional, que precisa ser desenformada antes de servir, o doce \u00e9 preparado e comercializado diretamente no copo, facilitando o consumo e o transporte, especialmente em pedidos por delivery.<\/p>\n\n\n\n<p>A ideia tamb\u00e9m aposta no car\u00e1ter informal e popular do produto. Segundo o criador da sobremesa, a inten\u00e7\u00e3o foi desenvolver algo que tivesse identidade carioca e reunisse elementos conhecidos do cotidiano brasileiro.<\/p>\n\n\n\n<blockquote class=\"wp-block-quote is-layout-flow wp-block-quote-is-layout-flow\">\n<p>\u201cA gente queria algo raiz, que fosse a cara do Rio. O copo americano \u00e9 patrim\u00f4nio, o pudim tamb\u00e9m. Juntamos os dois e n\u00e3o para de sair pedido\u201d, conta o criador.<\/p>\n<\/blockquote>\n\n\n\n<figure class=\"wp-block-image\"><img decoding=\"async\" src=\"https:\/\/painel.prnews.agency\/wp-content\/uploads\/sites\/3\/2026\/08\/WhatsApp-Image-2026-08-23-at-16.06.02-1-1-710x1024.jpeg\" alt=\" pudim no copo americano\"\/><\/figure>\n\n\n\n<h2 class=\"wp-block-heading\">Edi\u00e7\u00e3o especial para o Rock in Rio 2026<\/h2>\n\n\n\n<p>A novidade ganhou uma edi\u00e7\u00e3o limitada inspirada no&nbsp;<strong>Rock in Rio 2026<\/strong>, que ser\u00e1 realizado nos dias&nbsp;<strong>4, 5, 6, 7, 11, 12 e 13 de setembro<\/strong>, na Cidade do Rock, no Rio de Janeiro.<\/p>\n\n\n\n<p>A campanha transforma os sabores e a identidade visual dos produtos em uma experi\u00eancia inspirada nos diferentes espa\u00e7os do festival. A edi\u00e7\u00e3o inclui op\u00e7\u00f5es associadas aos palcos&nbsp;<strong>Mundo, Sunset, New Dance e Favela<\/strong>, mantendo como base a proposta de pudim tradicional com bastante caramelo.<\/p>\n\n\n\n<p>Al\u00e9m da edi\u00e7\u00e3o tem\u00e1tica, a marca lan\u00e7ou a promo\u00e7\u00e3o&nbsp;<strong>\u201cPudim Rock\u201d<\/strong>. Cada copo participante recebe um&nbsp;<strong>QR Code premiado<\/strong>, por meio do qual os consumidores concorrem a ingressos para o festival, pudins gr\u00e1tis e copos personalizados do Rock in Rio.<\/p>\n\n\n\n<p>A estrat\u00e9gia aproveita a proximidade do evento para unir gastronomia, cultura pop e experi\u00eancia de consumo, transformando uma sobremesa tradicional em um produto tem\u00e1tico relacionado a um dos maiores festivais de m\u00fasica do pa\u00eds.<\/p>\n\n\n\n<h2 class=\"wp-block-heading\">Produto aposta em praticidade e delivery<\/h2>\n\n\n\n<p>O formato individual de 150 gramas tamb\u00e9m foi pensado para o consumo fora de casa. O produto pode ser transportado com facilidade e consumido diretamente no copo, sem a necessidade de desenformar ou utilizar pratos e talheres.<\/p>\n\n\n\n<p>As vendas s\u00e3o realizadas por&nbsp;<strong>WhatsApp e Instagram<\/strong>, com servi\u00e7o de entrega em diferentes regi\u00f5es da capital fluminense e da regi\u00e3o metropolitana, incluindo&nbsp;<strong>Zona Sul, Zona Norte, Barra e Baixada<\/strong>.<\/p>\n\n\n\n<h2 class=\"wp-block-heading\">Servi\u00e7o<\/h2>\n\n\n\n<p>O&nbsp;<strong>Pudim no Copo Americano \u2013 Edi\u00e7\u00e3o Rock in Rio<\/strong>, na vers\u00e3o de 150 gramas, \u00e9 vendido por delivery no Rio de Janeiro. Os pedidos podem ser realizados pelos canais da marca no&nbsp;<strong>WhatsApp e Instagram<\/strong>, com entregas dispon\u00edveis para regi\u00f5es como Zona Sul, Zona Norte, Barra e Baixada. A edi\u00e7\u00e3o especial conta com sabores inspirados no Rock in Rio e participa\u00e7\u00e3o na promo\u00e7\u00e3o \u201cPudim Rock\u201d, que oferece a possibilidade de concorrer a ingressos para o festival, pudins gratuitos e copos personalizados.<\/p>\n\n\n\n<p>Instagram:&nbsp;<a href=\"https:\/\/www.instagram.com\/pudimnocopobr\">https:\/\/www.instagram.com\/pudimnocopobr<\/a><\/p>","protected":false},"excerpt":{"rendered":"<p>Sobremesa de 150g no copo raiz conquista cariocas com pre\u00e7o acess\u00edvel e promo\u00e7\u00e3o que d\u00e1 ingressos para o festival RIO DE JANEIRO&nbsp;\u2014 O tradicional copo americano ganhou um novo recheio e se tornou uma das novidades da confeitaria carioca: o&nbsp;pudim no copo americano. Com por\u00e7\u00e3o individual de 150 gramas, textura cremosa e calda generosa, a [&hellip;]<\/p>\n","protected":false},"author":9,"featured_media":43373,"comment_status":"closed","ping_status":"open","sticky":false,"template":"","format":"standard","meta":{"footnotes":""},"categories":[559],"tags":[1813],"class_list":["post-43374","post","type-post","status-publish","format-standard","has-post-thumbnail","hentry","category-negocios","tag-pudim-no-copo"],"yoast_head":"<!-- This site is optimized with the Yoast SEO Premium plugin v27.9 (Yoast SEO v27.9) - https:\/\/yoast.com\/product\/yoast-seo-premium-wordpress\/ -->\n<title>Pudim no copo americano vira febre no RJ e ganha edi\u00e7\u00e3o especial Rock in Rio - Fyno<\/title>\n<meta name=\"robots\" content=\"index, follow, max-snippet:-1, max-image-preview:large, max-video-preview:-1\" \/>\n<link rel=\"canonical\" href=\"https:\/\/fyno.pt\/pt\/negocios\/pudim-no-copo-americano-vira-febre-no-rj-e-ganha-edicao-especial-rock-in-rio\/\" \/>\n<meta property=\"og:locale\" content=\"pt_PT\" \/>\n<meta property=\"og:type\" content=\"article\" \/>\n<meta property=\"og:title\" content=\"Pudim no copo americano vira febre no RJ e ganha edi\u00e7\u00e3o especial Rock in Rio\" \/>\n<meta property=\"og:description\" content=\"Sobremesa de 150g no copo raiz conquista cariocas com pre\u00e7o acess\u00edvel e promo\u00e7\u00e3o que d\u00e1 ingressos para o festival RIO DE JANEIRO&nbsp;\u2014 O tradicional copo americano ganhou um novo recheio e se tornou uma das novidades da confeitaria carioca: o&nbsp;pudim no copo americano. Com por\u00e7\u00e3o individual de 150 gramas, textura cremosa e calda generosa, a [&hellip;]\" \/>\n<meta property=\"og:url\" content=\"https:\/\/fyno.pt\/pt\/negocios\/pudim-no-copo-americano-vira-febre-no-rj-e-ganha-edicao-especial-rock-in-rio\/\" \/>\n<meta property=\"og:site_name\" content=\"Fyno\" \/>\n<meta property=\"article:published_time\" content=\"2026-08-31T11:17:45+00:00\" \/>\n<meta property=\"og:image\" content=\"https:\/\/fyno.pt\/wp-content\/uploads\/2026\/08\/img_1163.jpeg\" \/>\n\t<meta property=\"og:image:width\" content=\"1125\" \/>\n\t<meta property=\"og:image:height\" content=\"667\" \/>\n\t<meta property=\"og:image:type\" content=\"image\/jpeg\" \/>\n<meta name=\"author\" content=\"Fyno\" \/>\n<meta name=\"twitter:card\" content=\"summary_large_image\" \/>\n<meta name=\"twitter:label1\" content=\"Escrito por\" \/>\n\t<meta name=\"twitter:data1\" content=\"Fyno\" \/>\n\t<meta name=\"twitter:label2\" content=\"Tempo estimado de leitura\" \/>\n\t<meta name=\"twitter:data2\" content=\"3 minutos\" \/>\n<script type=\"application\/ld+json\" class=\"yoast-schema-graph\">{\"@context\":\"https:\\\/\\\/schema.org\",\"@graph\":[{\"@type\":\"Article\",\"@id\":\"https:\\\/\\\/fyno.pt\\\/negocios\\\/pudim-no-copo-americano-vira-febre-no-rj-e-ganha-edicao-especial-rock-in-rio\\\/#article\",\"isPartOf\":{\"@id\":\"https:\\\/\\\/fyno.pt\\\/negocios\\\/pudim-no-copo-americano-vira-febre-no-rj-e-ganha-edicao-especial-rock-in-rio\\\/\"},\"author\":{\"name\":\"Fyno\",\"@id\":\"https:\\\/\\\/fyno.pt\\\/#\\\/schema\\\/person\\\/ab5b330ed5ed05f1b4a7b8e438f68187\"},\"headline\":\"Pudim no copo americano vira febre no RJ e ganha edi\u00e7\u00e3o especial Rock in Rio\",\"datePublished\":\"2026-08-31T11:17:45+00:00\",\"mainEntityOfPage\":{\"@id\":\"https:\\\/\\\/fyno.pt\\\/negocios\\\/pudim-no-copo-americano-vira-febre-no-rj-e-ganha-edicao-especial-rock-in-rio\\\/\"},\"wordCount\":566,\"image\":{\"@id\":\"https:\\\/\\\/fyno.pt\\\/negocios\\\/pudim-no-copo-americano-vira-febre-no-rj-e-ganha-edicao-especial-rock-in-rio\\\/#primaryimage\"},\"thumbnailUrl\":\"https:\\\/\\\/fyno.pt\\\/wp-content\\\/uploads\\\/2026\\\/08\\\/img_1163.jpeg\",\"keywords\":[\"pudim no copo\"],\"articleSection\":[\"Neg\u00f3cios\"],\"inLanguage\":\"pt-PT\"},{\"@type\":\"WebPage\",\"@id\":\"https:\\\/\\\/fyno.pt\\\/negocios\\\/pudim-no-copo-americano-vira-febre-no-rj-e-ganha-edicao-especial-rock-in-rio\\\/\",\"url\":\"https:\\\/\\\/fyno.pt\\\/negocios\\\/pudim-no-copo-americano-vira-febre-no-rj-e-ganha-edicao-especial-rock-in-rio\\\/\",\"name\":\"Pudim no copo americano vira febre no RJ e ganha edi\u00e7\u00e3o especial Rock in Rio - Fyno\",\"isPartOf\":{\"@id\":\"https:\\\/\\\/fyno.pt\\\/#website\"},\"primaryImageOfPage\":{\"@id\":\"https:\\\/\\\/fyno.pt\\\/negocios\\\/pudim-no-copo-americano-vira-febre-no-rj-e-ganha-edicao-especial-rock-in-rio\\\/#primaryimage\"},\"image\":{\"@id\":\"https:\\\/\\\/fyno.pt\\\/negocios\\\/pudim-no-copo-americano-vira-febre-no-rj-e-ganha-edicao-especial-rock-in-rio\\\/#primaryimage\"},\"thumbnailUrl\":\"https:\\\/\\\/fyno.pt\\\/wp-content\\\/uploads\\\/2026\\\/08\\\/img_1163.jpeg\",\"datePublished\":\"2026-08-31T11:17:45+00:00\",\"author\":{\"@id\":\"https:\\\/\\\/fyno.pt\\\/#\\\/schema\\\/person\\\/ab5b330ed5ed05f1b4a7b8e438f68187\"},\"breadcrumb\":{\"@id\":\"https:\\\/\\\/fyno.pt\\\/negocios\\\/pudim-no-copo-americano-vira-febre-no-rj-e-ganha-edicao-especial-rock-in-rio\\\/#breadcrumb\"},\"inLanguage\":\"pt-PT\",\"potentialAction\":[{\"@type\":\"ReadAction\",\"target\":[\"https:\\\/\\\/fyno.pt\\\/negocios\\\/pudim-no-copo-americano-vira-febre-no-rj-e-ganha-edicao-especial-rock-in-rio\\\/\"]}]},{\"@type\":\"ImageObject\",\"inLanguage\":\"pt-PT\",\"@id\":\"https:\\\/\\\/fyno.pt\\\/negocios\\\/pudim-no-copo-americano-vira-febre-no-rj-e-ganha-edicao-especial-rock-in-rio\\\/#primaryimage\",\"url\":\"https:\\\/\\\/fyno.pt\\\/wp-content\\\/uploads\\\/2026\\\/08\\\/img_1163.jpeg\",\"contentUrl\":\"https:\\\/\\\/fyno.pt\\\/wp-content\\\/uploads\\\/2026\\\/08\\\/img_1163.jpeg\",\"width\":1125,\"height\":667,\"caption\":\"Foto Reprodu\u00e7\u00e3o\"},{\"@type\":\"BreadcrumbList\",\"@id\":\"https:\\\/\\\/fyno.pt\\\/negocios\\\/pudim-no-copo-americano-vira-febre-no-rj-e-ganha-edicao-especial-rock-in-rio\\\/#breadcrumb\",\"itemListElement\":[{\"@type\":\"ListItem\",\"position\":1,\"name\":\"In\u00edcio\",\"item\":\"https:\\\/\\\/fyno.pt\\\/\"},{\"@type\":\"ListItem\",\"position\":2,\"name\":\"Pudim no copo americano vira febre no RJ e ganha edi\u00e7\u00e3o especial Rock in Rio\"}]},{\"@type\":\"WebSite\",\"@id\":\"https:\\\/\\\/fyno.pt\\\/#website\",\"url\":\"https:\\\/\\\/fyno.pt\\\/\",\"name\":\"Fyno\",\"description\":\"Not\u00edcia e informa\u00e7\u00e3o\",\"potentialAction\":[{\"@type\":\"SearchAction\",\"target\":{\"@type\":\"EntryPoint\",\"urlTemplate\":\"https:\\\/\\\/fyno.pt\\\/?s={search_term_string}\"},\"query-input\":{\"@type\":\"PropertyValueSpecification\",\"valueRequired\":true,\"valueName\":\"search_term_string\"}}],\"inLanguage\":\"pt-PT\"},{\"@type\":\"Person\",\"@id\":\"https:\\\/\\\/fyno.pt\\\/#\\\/schema\\\/person\\\/ab5b330ed5ed05f1b4a7b8e438f68187\",\"name\":\"Fyno\",\"image\":{\"@type\":\"ImageObject\",\"inLanguage\":\"pt-PT\",\"@id\":\"https:\\\/\\\/fyno.pt\\\/wp-content\\\/litespeed\\\/avatar\\\/8f51870e8d94c234e288da840d914372.jpg?ver=1788205134\",\"url\":\"https:\\\/\\\/fyno.pt\\\/wp-content\\\/litespeed\\\/avatar\\\/8f51870e8d94c234e288da840d914372.jpg?ver=1788205134\",\"contentUrl\":\"https:\\\/\\\/fyno.pt\\\/wp-content\\\/litespeed\\\/avatar\\\/8f51870e8d94c234e288da840d914372.jpg?ver=1788205134\",\"caption\":\"Fyno\"},\"description\":\"A sua fonte de informa\u00e7\u00e3o.\",\"url\":\"https:\\\/\\\/fyno.pt\\\/pt\\\/author\\\/fynopt\\\/\"}]}<\/script>\n<!-- \/ Yoast SEO Premium plugin. -->","yoast_head_json":{"title":"Pudim no copo americano vira febre no RJ e ganha edi\u00e7\u00e3o especial Rock in Rio - Fyno","robots":{"index":"index","follow":"follow","max-snippet":"max-snippet:-1","max-image-preview":"max-image-preview:large","max-video-preview":"max-video-preview:-1"},"canonical":"https:\/\/fyno.pt\/pt\/negocios\/pudim-no-copo-americano-vira-febre-no-rj-e-ganha-edicao-especial-rock-in-rio\/","og_locale":"pt_PT","og_type":"article","og_title":"Pudim no copo americano vira febre no RJ e ganha edi\u00e7\u00e3o especial Rock in Rio","og_description":"Sobremesa de 150g no copo raiz conquista cariocas com pre\u00e7o acess\u00edvel e promo\u00e7\u00e3o que d\u00e1 ingressos para o festival RIO DE JANEIRO&nbsp;\u2014 O tradicional copo americano ganhou um novo recheio e se tornou uma das novidades da confeitaria carioca: o&nbsp;pudim no copo americano. Com por\u00e7\u00e3o individual de 150 gramas, textura cremosa e calda generosa, a [&hellip;]","og_url":"https:\/\/fyno.pt\/pt\/negocios\/pudim-no-copo-americano-vira-febre-no-rj-e-ganha-edicao-especial-rock-in-rio\/","og_site_name":"Fyno","article_published_time":"2026-08-31T11:17:45+00:00","og_image":[{"width":1125,"height":667,"url":"https:\/\/fyno.pt\/wp-content\/uploads\/2026\/08\/img_1163.jpeg","type":"image\/jpeg"}],"author":"Fyno","twitter_card":"summary_large_image","twitter_misc":{"Escrito por":"Fyno","Tempo estimado de leitura":"3 minutos"},"schema":{"@context":"https:\/\/schema.org","@graph":[{"@type":"Article","@id":"https:\/\/fyno.pt\/negocios\/pudim-no-copo-americano-vira-febre-no-rj-e-ganha-edicao-especial-rock-in-rio\/#article","isPartOf":{"@id":"https:\/\/fyno.pt\/negocios\/pudim-no-copo-americano-vira-febre-no-rj-e-ganha-edicao-especial-rock-in-rio\/"},"author":{"name":"Fyno","@id":"https:\/\/fyno.pt\/#\/schema\/person\/ab5b330ed5ed05f1b4a7b8e438f68187"},"headline":"Pudim no copo americano vira febre no RJ e ganha edi\u00e7\u00e3o especial Rock in Rio","datePublished":"2026-08-31T11:17:45+00:00","mainEntityOfPage":{"@id":"https:\/\/fyno.pt\/negocios\/pudim-no-copo-americano-vira-febre-no-rj-e-ganha-edicao-especial-rock-in-rio\/"},"wordCount":566,"image":{"@id":"https:\/\/fyno.pt\/negocios\/pudim-no-copo-americano-vira-febre-no-rj-e-ganha-edicao-especial-rock-in-rio\/#primaryimage"},"thumbnailUrl":"https:\/\/fyno.pt\/wp-content\/uploads\/2026\/08\/img_1163.jpeg","keywords":["pudim no copo"],"articleSection":["Neg\u00f3cios"],"inLanguage":"pt-PT"},{"@type":"WebPage","@id":"https:\/\/fyno.pt\/negocios\/pudim-no-copo-americano-vira-febre-no-rj-e-ganha-edicao-especial-rock-in-rio\/","url":"https:\/\/fyno.pt\/negocios\/pudim-no-copo-americano-vira-febre-no-rj-e-ganha-edicao-especial-rock-in-rio\/","name":"Pudim no copo americano vira febre no RJ e ganha edi\u00e7\u00e3o especial Rock in Rio - Fyno","isPartOf":{"@id":"https:\/\/fyno.pt\/#website"},"primaryImageOfPage":{"@id":"https:\/\/fyno.pt\/negocios\/pudim-no-copo-americano-vira-febre-no-rj-e-ganha-edicao-especial-rock-in-rio\/#primaryimage"},"image":{"@id":"https:\/\/fyno.pt\/negocios\/pudim-no-copo-americano-vira-febre-no-rj-e-ganha-edicao-especial-rock-in-rio\/#primaryimage"},"thumbnailUrl":"https:\/\/fyno.pt\/wp-content\/uploads\/2026\/08\/img_1163.jpeg","datePublished":"2026-08-31T11:17:45+00:00","author":{"@id":"https:\/\/fyno.pt\/#\/schema\/person\/ab5b330ed5ed05f1b4a7b8e438f68187"},"breadcrumb":{"@id":"https:\/\/fyno.pt\/negocios\/pudim-no-copo-americano-vira-febre-no-rj-e-ganha-edicao-especial-rock-in-rio\/#breadcrumb"},"inLanguage":"pt-PT","potentialAction":[{"@type":"ReadAction","target":["https:\/\/fyno.pt\/negocios\/pudim-no-copo-americano-vira-febre-no-rj-e-ganha-edicao-especial-rock-in-rio\/"]}]},{"@type":"ImageObject","inLanguage":"pt-PT","@id":"https:\/\/fyno.pt\/negocios\/pudim-no-copo-americano-vira-febre-no-rj-e-ganha-edicao-especial-rock-in-rio\/#primaryimage","url":"https:\/\/fyno.pt\/wp-content\/uploads\/2026\/08\/img_1163.jpeg","contentUrl":"https:\/\/fyno.pt\/wp-content\/uploads\/2026\/08\/img_1163.jpeg","width":1125,"height":667,"caption":"Foto Reprodu\u00e7\u00e3o"},{"@type":"BreadcrumbList","@id":"https:\/\/fyno.pt\/negocios\/pudim-no-copo-americano-vira-febre-no-rj-e-ganha-edicao-especial-rock-in-rio\/#breadcrumb","itemListElement":[{"@type":"ListItem","position":1,"name":"In\u00edcio","item":"https:\/\/fyno.pt\/"},{"@type":"ListItem","position":2,"name":"Pudim no copo americano vira febre no RJ e ganha edi\u00e7\u00e3o especial Rock in Rio"}]},{"@type":"WebSite","@id":"https:\/\/fyno.pt\/#website","url":"https:\/\/fyno.pt\/","name":"Fyno","description":"Not\u00edcia e informa\u00e7\u00e3o","potentialAction":[{"@type":"SearchAction","target":{"@type":"EntryPoint","urlTemplate":"https:\/\/fyno.pt\/?s={search_term_string}"},"query-input":{"@type":"PropertyValueSpecification","valueRequired":true,"valueName":"search_term_string"}}],"inLanguage":"pt-PT"},{"@type":"Person","@id":"https:\/\/fyno.pt\/#\/schema\/person\/ab5b330ed5ed05f1b4a7b8e438f68187","name":"Fyno","image":{"@type":"ImageObject","inLanguage":"pt-PT","@id":"https:\/\/fyno.pt\/wp-content\/litespeed\/avatar\/8f51870e8d94c234e288da840d914372.jpg?ver=1788205134","url":"https:\/\/fyno.pt\/wp-content\/litespeed\/avatar\/8f51870e8d94c234e288da840d914372.jpg?ver=1788205134","contentUrl":"https:\/\/fyno.pt\/wp-content\/litespeed\/avatar\/8f51870e8d94c234e288da840d914372.jpg?ver=1788205134","caption":"Fyno"},"description":"A sua fonte de informa\u00e7\u00e3o.","url":"https:\/\/fyno.pt\/pt\/author\/fynopt\/"}]}},"_links":{"self":[{"href":"https:\/\/fyno.pt\/pt\/wp-json\/wp\/v2\/posts\/43374","targetHints":{"allow":["GET"]}}],"collection":[{"href":"https:\/\/fyno.pt\/pt\/wp-json\/wp\/v2\/posts"}],"about":[{"href":"https:\/\/fyno.pt\/pt\/wp-json\/wp\/v2\/types\/post"}],"author":[{"embeddable":true,"href":"https:\/\/fyno.pt\/pt\/wp-json\/wp\/v2\/users\/9"}],"replies":[{"embeddable":true,"href":"https:\/\/fyno.pt\/pt\/wp-json\/wp\/v2\/comments?post=43374"}],"version-history":[{"count":1,"href":"https:\/\/fyno.pt\/pt\/wp-json\/wp\/v2\/posts\/43374\/revisions"}],"predecessor-version":[{"id":43375,"href":"https:\/\/fyno.pt\/pt\/wp-json\/wp\/v2\/posts\/43374\/revisions\/43375"}],"wp:featuredmedia":[{"embeddable":true,"href":"https:\/\/fyno.pt\/pt\/wp-json\/wp\/v2\/media\/43373"}],"wp:attachment":[{"href":"https:\/\/fyno.pt\/pt\/wp-json\/wp\/v2\/media?parent=43374"}],"wp:term":[{"taxonomy":"category","embeddable":true,"href":"https:\/\/fyno.pt\/pt\/wp-json\/wp\/v2\/categories?post=43374"},{"taxonomy":"post_tag","embeddable":true,"href":"https:\/\/fyno.pt\/pt\/wp-json\/wp\/v2\/tags?post=43374"}],"curies":[{"name":"wp","href":"https:\/\/api.w.org\/{rel}","templated":true}]}}