{"id":43367,"date":"2026-08-30T20:13:01","date_gmt":"2026-08-30T23:13:01","guid":{"rendered":"https:\/\/fyno.pt\/?p=43367"},"modified":"2026-08-30T20:13:01","modified_gmt":"2026-08-30T23:13:01","slug":"allan-coracao-transforma-experiencia-nos-bastidores-em-uma-nova-historia-no-palco","status":"publish","type":"post","link":"https:\/\/fyno.pt\/pt\/musica\/allan-coracao-transforma-experiencia-nos-bastidores-em-uma-nova-historia-no-palco\/","title":{"rendered":"Allan Cora\u00e7\u00e3o transforma experi\u00eancia nos bastidores em uma nova hist\u00f3ria no palco"},"content":{"rendered":"<p class=\"p2\"><strong>Empres\u00e1rio e executivo do mercado musical, Allan Caramaschi inicia nova fase como cantor e grava o audiovisual \u201cMeu Destino\u201d ao lado de nomes consagrados da m\u00fasica brasileira<\/strong><\/p>\n\n\n\n<p class=\"p3\">Por tr\u00e1s de grandes carreiras da m\u00fasica brasileira, existem profissionais que raramente aparecem sob os holofotes. \u00c9 nesse espa\u00e7o que Allan Caramaschi, conhecido artisticamente como <strong>Allan Cora\u00e7\u00e3o<\/strong>, construiu uma trajet\u00f3ria de mais de duas d\u00e9cadas. Agora, depois de anos dedicados \u00e0 gest\u00e3o de artistas e \u00e0 cria\u00e7\u00e3o de projetos no entretenimento, ele assume o microfone e passa a ocupar tamb\u00e9m o centro do palco.&nbsp;<\/p>\n\n\n\n<p class=\"p3\">A mudan\u00e7a ganhou um marco importante em <strong>12 de agosto de 2026<\/strong>, quando Allan gravou, em S\u00e3o Paulo, seu primeiro audiovisual, <strong>\u201cMeu Destino\u201d<\/strong>. O projeto foi registrado no Cora\u00e7\u00e3o Sertanejo e reuniu artistas que tamb\u00e9m fazem parte de sua hist\u00f3ria profissional e pessoal, entre eles <strong>Leonardo, Luciano Camargo, Luiz Carlos, do Ra\u00e7a Negra, Yasmin Santos, L\u00e9o Magalh\u00e3es, F\u00e1tima Le\u00e3o, Cezar &amp; Paulinho e Gabi &amp; Rapha<\/strong>.&nbsp;<\/p>\n\n\n\n<h2 class=\"wp-block-heading\"><strong>Dos bastidores para o palco<\/strong><\/h2>\n\n\n\n<p class=\"p3\">A estreia de Allan como cantor n\u00e3o representa uma ruptura com sua trajet\u00f3ria anterior. Pelo contr\u00e1rio: \u00e9 resultado de uma rela\u00e7\u00e3o constru\u00edda durante anos com a m\u00fasica.<\/p>\n\n\n\n<p class=\"p3\">\u00c0 frente da <strong>Infinit Music<\/strong>, Allan consolidou sua atua\u00e7\u00e3o como empres\u00e1rio, produtor e estrategista art\u00edstico, trabalhando na gest\u00e3o e desenvolvimento de carreiras. Seu hist\u00f3rico inclui nomes como Ra\u00e7a Negra, Luciano Camargo, Yasmin Santos e Gabi &amp; Rapha, al\u00e9m da participa\u00e7\u00e3o em projetos de grande repercuss\u00e3o no entretenimento brasileiro.&nbsp;<\/p>\n\n\n\n<p class=\"p3\">Entre os projetos associados \u00e0 sua trajet\u00f3ria est\u00e3o <strong>Gigantes do Samba<\/strong> e <strong>Cabar\u00e9<\/strong>, iniciativas que reuniram alguns dos principais nomes da m\u00fasica nacional. Allan tamb\u00e9m \u00e9 propriet\u00e1rio das casas de shows <strong>Cora\u00e7\u00e3o Sertanejo<\/strong> e <strong>Cheio de Manias<\/strong>, em S\u00e3o Paulo.&nbsp;<\/p>\n\n\n\n<p class=\"p3\">Essa experi\u00eancia ajuda a explicar a dimens\u00e3o de sua estreia. Ao chegar ao palco, Allan n\u00e3o chega como um desconhecido do mercado: chega trazendo consigo uma rede de rela\u00e7\u00f5es constru\u00edda ao longo de anos de atua\u00e7\u00e3o profissional.<\/p>\n\n\n\n<h2 class=\"wp-block-heading\"><strong>\u201cMeu Destino\u201d re\u00fane diferentes gera\u00e7\u00f5es da m\u00fasica<\/strong><\/h2>\n\n\n\n<figure class=\"wp-block-image size-large\"><img fetchpriority=\"high\" decoding=\"async\" width=\"931\" height=\"1024\" src=\"https:\/\/fyno.pt\/wp-content\/uploads\/2026\/08\/img_1149-931x1024.jpeg\" class=\"wp-image-43366\" srcset=\"https:\/\/fyno.pt\/wp-content\/uploads\/2026\/08\/img_1149-931x1024.jpeg 931w, https:\/\/fyno.pt\/wp-content\/uploads\/2026\/08\/img_1149-273x300.jpeg 273w, https:\/\/fyno.pt\/wp-content\/uploads\/2026\/08\/img_1149-768x845.jpeg 768w, https:\/\/fyno.pt\/wp-content\/uploads\/2026\/08\/img_1149-11x12.jpeg 11w, https:\/\/fyno.pt\/wp-content\/uploads\/2026\/08\/img_1149-750x825.jpeg 750w, https:\/\/fyno.pt\/wp-content\/uploads\/2026\/08\/img_1149.jpeg 1125w\" sizes=\"(max-width: 931px) 100vw, 931px\" \/><figcaption class=\"wp-element-caption\">Foto Reprodu\u00e7\u00e3o.<\/figcaption><\/figure>\n\n\n\n<p class=\"p3\">A grava\u00e7\u00e3o do novo audiovisual funcionou tamb\u00e9m como uma esp\u00e9cie de encontro entre diferentes momentos da m\u00fasica brasileira.<\/p>\n\n\n\n<p class=\"p3\">Leonardo, Luciano Camargo, Luiz Carlos, Yasmin Santos, L\u00e9o Magalh\u00e3es, F\u00e1tima Le\u00e3o, Cezar &amp; Paulinho e Gabi &amp; Rapha participaram do projeto, transformando a noite em uma celebra\u00e7\u00e3o da trajet\u00f3ria de Allan e de suas conex\u00f5es com o mercado musical.&nbsp;<\/p>\n\n\n\n<p class=\"p3\">Segundo informa\u00e7\u00f5es divulgadas sobre o projeto, <strong>\u201cMeu Destino\u201d re\u00fane 31 m\u00fasicas, sendo seis in\u00e9ditas e 25 regrava\u00e7\u00f5es<\/strong>, ampliando o alcance do audiovisual e apresentando ao p\u00fablico diferentes refer\u00eancias musicais que fazem parte da forma\u00e7\u00e3o art\u00edstica de Allan.&nbsp;<\/p>\n\n\n\n<p class=\"p3\">A grava\u00e7\u00e3o tamb\u00e9m teve car\u00e1ter simb\u00f3lico: o artista escolheu justamente um espa\u00e7o ligado \u00e0 sua pr\u00f3pria hist\u00f3ria empresarial, o Cora\u00e7\u00e3o Sertanejo, para registrar o primeiro grande cap\u00edtulo de sua carreira como cantor.<\/p>\n\n\n\n<h2 class=\"wp-block-heading\"><strong>Primeira m\u00fasica marca nova identidade art\u00edstica<\/strong><\/h2>\n\n\n\n<p class=\"p3\">Antes mesmo do DVD, Allan j\u00e1 havia apresentado ao p\u00fablico uma amostra de sua nova fase.<\/p>\n\n\n\n<p class=\"p3\">Ele participou ao lado de <strong>Yasmin Santos<\/strong> da m\u00fasica <strong>\u201cEu J\u00e1, Eu Tamb\u00e9m\u201d<\/strong>, lan\u00e7ada no projeto <em>Intui\u00e7\u00e3o (Ao Vivo)<\/em>. A faixa posteriormente ganhou registro ao vivo e passou a integrar a discografia do artista.&nbsp;<\/p>\n\n\n\n<p class=\"p3\">O lan\u00e7amento colocou Allan oficialmente no mercado fonogr\u00e1fico tamb\u00e9m como int\u00e9rprete. Nas plataformas digitais, a m\u00fasica aparece creditada a Yasmin Santos e Allan Cora\u00e7\u00e3o e se tornou um dos principais registros associados ao in\u00edcio dessa nova etapa.&nbsp;<\/p>\n\n\n\n<h2 class=\"wp-block-heading\"><strong>Uma carreira constru\u00edda antes dos holofotes<\/strong><\/h2>\n\n\n\n<p class=\"p3\">A hist\u00f3ria de Allan Cora\u00e7\u00e3o chama aten\u00e7\u00e3o justamente porque inverte um caminho tradicional da ind\u00fastria musical.<\/p>\n\n\n\n<p class=\"p3\">Enquanto muitos artistas come\u00e7am no palco e posteriormente passam a administrar suas pr\u00f3prias carreiras, Allan passou anos atuando na estrutura do mercado antes de assumir a posi\u00e7\u00e3o de int\u00e9rprete.<\/p>\n\n\n\n<p class=\"p3\">Sua experi\u00eancia como empres\u00e1rio e gestor lhe deu contato direto com artistas, produtores, projetos, contratantes e diferentes segmentos da ind\u00fastria. Agora, essa experi\u00eancia passa a ser incorporada \u00e0 constru\u00e7\u00e3o de sua pr\u00f3pria identidade art\u00edstica.<\/p>\n\n\n\n<p class=\"p3\">Em 2025, Allan tamb\u00e9m recebeu homenagem na C\u00e2mara Municipal de S\u00e3o Paulo durante o evento <strong>\u201cPersonalidades e Influenciadores do Ano\u201d<\/strong>, reconhecimento relacionado \u00e0 sua atua\u00e7\u00e3o no setor de entretenimento.&nbsp;<\/p>\n\n\n\n<h2 class=\"wp-block-heading\"><strong>Um novo cap\u00edtulo<\/strong><\/h2>\n\n\n\n<p class=\"p3\">A escolha do t\u00edtulo <strong>\u201cMeu Destino\u201d<\/strong> acaba funcionando como uma s\u00edntese da atual fase de Allan Cora\u00e7\u00e3o.<\/p>\n\n\n\n<p class=\"p3\">Depois de dedicar anos \u00e0 constru\u00e7\u00e3o de hist\u00f3rias de outros artistas, ele passa a contar a pr\u00f3pria hist\u00f3ria atrav\u00e9s da m\u00fasica. O desafio agora \u00e9 transformar a experi\u00eancia acumulada nos bastidores em uma identidade reconhecida tamb\u00e9m diante do p\u00fablico.<\/p>\n\n\n\n<p class=\"p3\">Mais do que uma estreia, o projeto representa a passagem de Allan de <strong>gestor de carreiras a artista<\/strong>, sem abandonar a experi\u00eancia que construiu sua reputa\u00e7\u00e3o no mercado.<\/p>\n\n\n\n<p class=\"p3\">O primeiro audiovisual chega, portanto, como um ponto de encontro entre passado e futuro: re\u00fane os artistas que fizeram parte de sua caminhada e apresenta ao p\u00fablico o homem que, durante anos, esteve por tr\u00e1s dos palcos e agora decidiu subir neles.<\/p>","protected":false},"excerpt":{"rendered":"<p>Empres\u00e1rio e executivo do mercado musical, Allan Caramaschi inicia nova fase como cantor e grava o audiovisual \u201cMeu Destino\u201d ao lado de nomes consagrados da m\u00fasica brasileira Por tr\u00e1s de grandes carreiras da m\u00fasica brasileira, existem profissionais que raramente aparecem sob os holofotes. \u00c9 nesse espa\u00e7o que Allan Caramaschi, conhecido artisticamente como Allan Cora\u00e7\u00e3o, construiu [&hellip;]<\/p>\n","protected":false},"author":9,"featured_media":43365,"comment_status":"closed","ping_status":"open","sticky":false,"template":"","format":"standard","meta":{"footnotes":""},"categories":[562],"tags":[1793,1786,1794,1798,572,1796,1792,1787,1791,1790,1788,1789,1797,733,891,1799,441,731,1795],"class_list":["post-43367","post","type-post","status-publish","format-standard","has-post-thumbnail","hentry","category-musica","tag-allan-caramaschi","tag-allan-coracao","tag-cezar-e-paulinho","tag-dvd-meu-destino","tag-entretenimento","tag-fatima-leao","tag-gabi-e-rapha","tag-infinit-music","tag-leo-magalhaes","tag-leonardo","tag-luciano-camargo","tag-luiz-carlos","tag-meu-destino","tag-musica-brasileira","tag-musica-sertaneja","tag-raca-negra","tag-sao-paulo","tag-sertanejo","tag-yasmin-santos"],"yoast_head":"<!-- This site is optimized with the Yoast SEO Premium plugin v27.9 (Yoast SEO v27.9) - https:\/\/yoast.com\/product\/yoast-seo-premium-wordpress\/ -->\n<title>Allan Cora\u00e7\u00e3o transforma experi\u00eancia nos bastidores em uma nova hist\u00f3ria no palco - Fyno<\/title>\n<meta name=\"robots\" content=\"index, follow, max-snippet:-1, max-image-preview:large, max-video-preview:-1\" \/>\n<link rel=\"canonical\" href=\"https:\/\/fyno.pt\/pt\/musica\/allan-coracao-transforma-experiencia-nos-bastidores-em-uma-nova-historia-no-palco\/\" \/>\n<meta property=\"og:locale\" content=\"pt_PT\" \/>\n<meta property=\"og:type\" content=\"article\" \/>\n<meta property=\"og:title\" content=\"Allan Cora\u00e7\u00e3o transforma experi\u00eancia nos bastidores em uma nova hist\u00f3ria no palco\" \/>\n<meta property=\"og:description\" content=\"Empres\u00e1rio e executivo do mercado musical, Allan Caramaschi inicia nova fase como cantor e grava o audiovisual \u201cMeu Destino\u201d ao lado de nomes consagrados da m\u00fasica brasileira Por tr\u00e1s de grandes carreiras da m\u00fasica brasileira, existem profissionais que raramente aparecem sob os holofotes. \u00c9 nesse espa\u00e7o que Allan Caramaschi, conhecido artisticamente como Allan Cora\u00e7\u00e3o, construiu [&hellip;]\" \/>\n<meta property=\"og:url\" content=\"https:\/\/fyno.pt\/pt\/musica\/allan-coracao-transforma-experiencia-nos-bastidores-em-uma-nova-historia-no-palco\/\" \/>\n<meta property=\"og:site_name\" content=\"Fyno\" \/>\n<meta property=\"article:published_time\" content=\"2026-08-30T23:13:01+00:00\" \/>\n<meta property=\"og:image\" content=\"https:\/\/fyno.pt\/wp-content\/uploads\/2026\/08\/img_1148.jpeg\" \/>\n\t<meta property=\"og:image:width\" content=\"1125\" \/>\n\t<meta property=\"og:image:height\" content=\"694\" \/>\n\t<meta property=\"og:image:type\" content=\"image\/jpeg\" \/>\n<meta name=\"author\" content=\"Fyno\" \/>\n<meta name=\"twitter:card\" content=\"summary_large_image\" \/>\n<meta name=\"twitter:label1\" content=\"Escrito por\" \/>\n\t<meta name=\"twitter:data1\" content=\"Fyno\" \/>\n\t<meta name=\"twitter:label2\" content=\"Tempo estimado de leitura\" \/>\n\t<meta name=\"twitter:data2\" content=\"5 minutos\" \/>\n<script type=\"application\/ld+json\" class=\"yoast-schema-graph\">{\"@context\":\"https:\\\/\\\/schema.org\",\"@graph\":[{\"@type\":\"Article\",\"@id\":\"https:\\\/\\\/fyno.pt\\\/musica\\\/allan-coracao-transforma-experiencia-nos-bastidores-em-uma-nova-historia-no-palco\\\/#article\",\"isPartOf\":{\"@id\":\"https:\\\/\\\/fyno.pt\\\/musica\\\/allan-coracao-transforma-experiencia-nos-bastidores-em-uma-nova-historia-no-palco\\\/\"},\"author\":{\"name\":\"Fyno\",\"@id\":\"https:\\\/\\\/fyno.pt\\\/#\\\/schema\\\/person\\\/ab5b330ed5ed05f1b4a7b8e438f68187\"},\"headline\":\"Allan Cora\u00e7\u00e3o transforma experi\u00eancia nos bastidores em uma nova hist\u00f3ria no palco\",\"datePublished\":\"2026-08-30T23:13:01+00:00\",\"mainEntityOfPage\":{\"@id\":\"https:\\\/\\\/fyno.pt\\\/musica\\\/allan-coracao-transforma-experiencia-nos-bastidores-em-uma-nova-historia-no-palco\\\/\"},\"wordCount\":926,\"image\":{\"@id\":\"https:\\\/\\\/fyno.pt\\\/musica\\\/allan-coracao-transforma-experiencia-nos-bastidores-em-uma-nova-historia-no-palco\\\/#primaryimage\"},\"thumbnailUrl\":\"https:\\\/\\\/fyno.pt\\\/wp-content\\\/uploads\\\/2026\\\/08\\\/img_1148.jpeg\",\"keywords\":[\"Allan Caramaschi\",\"Allan Cora\u00e7\u00e3o\",\"Cezar e Paulinho\",\"DVD Meu Destino\",\"Entretenimento\",\"F\u00e1tima Le\u00e3o\",\"Gabi e Rapha\",\"Infinit Music\",\"L\u00e9o Magalh\u00e3es\",\"Leonardo\",\"Luciano Camargo\",\"Luiz Carlos\",\"Meu Destino\",\"M\u00fasica Brasileira\",\"M\u00fasica sertaneja\",\"Ra\u00e7a Negra\",\"S\u00e3o Paulo\",\"Sertanejo\",\"Yasmin Santos\"],\"articleSection\":[\"M\u00fasica\"],\"inLanguage\":\"pt-PT\"},{\"@type\":\"WebPage\",\"@id\":\"https:\\\/\\\/fyno.pt\\\/musica\\\/allan-coracao-transforma-experiencia-nos-bastidores-em-uma-nova-historia-no-palco\\\/\",\"url\":\"https:\\\/\\\/fyno.pt\\\/musica\\\/allan-coracao-transforma-experiencia-nos-bastidores-em-uma-nova-historia-no-palco\\\/\",\"name\":\"Allan Cora\u00e7\u00e3o transforma experi\u00eancia nos bastidores em uma nova hist\u00f3ria no palco - Fyno\",\"isPartOf\":{\"@id\":\"https:\\\/\\\/fyno.pt\\\/#website\"},\"primaryImageOfPage\":{\"@id\":\"https:\\\/\\\/fyno.pt\\\/musica\\\/allan-coracao-transforma-experiencia-nos-bastidores-em-uma-nova-historia-no-palco\\\/#primaryimage\"},\"image\":{\"@id\":\"https:\\\/\\\/fyno.pt\\\/musica\\\/allan-coracao-transforma-experiencia-nos-bastidores-em-uma-nova-historia-no-palco\\\/#primaryimage\"},\"thumbnailUrl\":\"https:\\\/\\\/fyno.pt\\\/wp-content\\\/uploads\\\/2026\\\/08\\\/img_1148.jpeg\",\"datePublished\":\"2026-08-30T23:13:01+00:00\",\"author\":{\"@id\":\"https:\\\/\\\/fyno.pt\\\/#\\\/schema\\\/person\\\/ab5b330ed5ed05f1b4a7b8e438f68187\"},\"breadcrumb\":{\"@id\":\"https:\\\/\\\/fyno.pt\\\/musica\\\/allan-coracao-transforma-experiencia-nos-bastidores-em-uma-nova-historia-no-palco\\\/#breadcrumb\"},\"inLanguage\":\"pt-PT\",\"potentialAction\":[{\"@type\":\"ReadAction\",\"target\":[\"https:\\\/\\\/fyno.pt\\\/musica\\\/allan-coracao-transforma-experiencia-nos-bastidores-em-uma-nova-historia-no-palco\\\/\"]}]},{\"@type\":\"ImageObject\",\"inLanguage\":\"pt-PT\",\"@id\":\"https:\\\/\\\/fyno.pt\\\/musica\\\/allan-coracao-transforma-experiencia-nos-bastidores-em-uma-nova-historia-no-palco\\\/#primaryimage\",\"url\":\"https:\\\/\\\/fyno.pt\\\/wp-content\\\/uploads\\\/2026\\\/08\\\/img_1148.jpeg\",\"contentUrl\":\"https:\\\/\\\/fyno.pt\\\/wp-content\\\/uploads\\\/2026\\\/08\\\/img_1148.jpeg\",\"width\":1125,\"height\":694,\"caption\":\"Foto Reprodu\u00e7\u00e3o\"},{\"@type\":\"BreadcrumbList\",\"@id\":\"https:\\\/\\\/fyno.pt\\\/musica\\\/allan-coracao-transforma-experiencia-nos-bastidores-em-uma-nova-historia-no-palco\\\/#breadcrumb\",\"itemListElement\":[{\"@type\":\"ListItem\",\"position\":1,\"name\":\"In\u00edcio\",\"item\":\"https:\\\/\\\/fyno.pt\\\/\"},{\"@type\":\"ListItem\",\"position\":2,\"name\":\"Allan Cora\u00e7\u00e3o transforma experi\u00eancia nos bastidores em uma nova hist\u00f3ria no palco\"}]},{\"@type\":\"WebSite\",\"@id\":\"https:\\\/\\\/fyno.pt\\\/#website\",\"url\":\"https:\\\/\\\/fyno.pt\\\/\",\"name\":\"Fyno\",\"description\":\"Not\u00edcia e informa\u00e7\u00e3o\",\"potentialAction\":[{\"@type\":\"SearchAction\",\"target\":{\"@type\":\"EntryPoint\",\"urlTemplate\":\"https:\\\/\\\/fyno.pt\\\/?s={search_term_string}\"},\"query-input\":{\"@type\":\"PropertyValueSpecification\",\"valueRequired\":true,\"valueName\":\"search_term_string\"}}],\"inLanguage\":\"pt-PT\"},{\"@type\":\"Person\",\"@id\":\"https:\\\/\\\/fyno.pt\\\/#\\\/schema\\\/person\\\/ab5b330ed5ed05f1b4a7b8e438f68187\",\"name\":\"Fyno\",\"image\":{\"@type\":\"ImageObject\",\"inLanguage\":\"pt-PT\",\"@id\":\"https:\\\/\\\/fyno.pt\\\/wp-content\\\/litespeed\\\/avatar\\\/8f51870e8d94c234e288da840d914372.jpg?ver=1788205134\",\"url\":\"https:\\\/\\\/fyno.pt\\\/wp-content\\\/litespeed\\\/avatar\\\/8f51870e8d94c234e288da840d914372.jpg?ver=1788205134\",\"contentUrl\":\"https:\\\/\\\/fyno.pt\\\/wp-content\\\/litespeed\\\/avatar\\\/8f51870e8d94c234e288da840d914372.jpg?ver=1788205134\",\"caption\":\"Fyno\"},\"description\":\"A sua fonte de informa\u00e7\u00e3o.\",\"url\":\"https:\\\/\\\/fyno.pt\\\/pt\\\/author\\\/fynopt\\\/\"}]}<\/script>\n<!-- \/ Yoast SEO Premium plugin. -->","yoast_head_json":{"title":"Allan Cora\u00e7\u00e3o transforma experi\u00eancia nos bastidores em uma nova hist\u00f3ria no palco - Fyno","robots":{"index":"index","follow":"follow","max-snippet":"max-snippet:-1","max-image-preview":"max-image-preview:large","max-video-preview":"max-video-preview:-1"},"canonical":"https:\/\/fyno.pt\/pt\/musica\/allan-coracao-transforma-experiencia-nos-bastidores-em-uma-nova-historia-no-palco\/","og_locale":"pt_PT","og_type":"article","og_title":"Allan Cora\u00e7\u00e3o transforma experi\u00eancia nos bastidores em uma nova hist\u00f3ria no palco","og_description":"Empres\u00e1rio e executivo do mercado musical, Allan Caramaschi inicia nova fase como cantor e grava o audiovisual \u201cMeu Destino\u201d ao lado de nomes consagrados da m\u00fasica brasileira Por tr\u00e1s de grandes carreiras da m\u00fasica brasileira, existem profissionais que raramente aparecem sob os holofotes. \u00c9 nesse espa\u00e7o que Allan Caramaschi, conhecido artisticamente como Allan Cora\u00e7\u00e3o, construiu [&hellip;]","og_url":"https:\/\/fyno.pt\/pt\/musica\/allan-coracao-transforma-experiencia-nos-bastidores-em-uma-nova-historia-no-palco\/","og_site_name":"Fyno","article_published_time":"2026-08-30T23:13:01+00:00","og_image":[{"width":1125,"height":694,"url":"https:\/\/fyno.pt\/wp-content\/uploads\/2026\/08\/img_1148.jpeg","type":"image\/jpeg"}],"author":"Fyno","twitter_card":"summary_large_image","twitter_misc":{"Escrito por":"Fyno","Tempo estimado de leitura":"5 minutos"},"schema":{"@context":"https:\/\/schema.org","@graph":[{"@type":"Article","@id":"https:\/\/fyno.pt\/musica\/allan-coracao-transforma-experiencia-nos-bastidores-em-uma-nova-historia-no-palco\/#article","isPartOf":{"@id":"https:\/\/fyno.pt\/musica\/allan-coracao-transforma-experiencia-nos-bastidores-em-uma-nova-historia-no-palco\/"},"author":{"name":"Fyno","@id":"https:\/\/fyno.pt\/#\/schema\/person\/ab5b330ed5ed05f1b4a7b8e438f68187"},"headline":"Allan Cora\u00e7\u00e3o transforma experi\u00eancia nos bastidores em uma nova hist\u00f3ria no palco","datePublished":"2026-08-30T23:13:01+00:00","mainEntityOfPage":{"@id":"https:\/\/fyno.pt\/musica\/allan-coracao-transforma-experiencia-nos-bastidores-em-uma-nova-historia-no-palco\/"},"wordCount":926,"image":{"@id":"https:\/\/fyno.pt\/musica\/allan-coracao-transforma-experiencia-nos-bastidores-em-uma-nova-historia-no-palco\/#primaryimage"},"thumbnailUrl":"https:\/\/fyno.pt\/wp-content\/uploads\/2026\/08\/img_1148.jpeg","keywords":["Allan Caramaschi","Allan Cora\u00e7\u00e3o","Cezar e Paulinho","DVD Meu Destino","Entretenimento","F\u00e1tima Le\u00e3o","Gabi e Rapha","Infinit Music","L\u00e9o Magalh\u00e3es","Leonardo","Luciano Camargo","Luiz Carlos","Meu Destino","M\u00fasica Brasileira","M\u00fasica sertaneja","Ra\u00e7a Negra","S\u00e3o Paulo","Sertanejo","Yasmin Santos"],"articleSection":["M\u00fasica"],"inLanguage":"pt-PT"},{"@type":"WebPage","@id":"https:\/\/fyno.pt\/musica\/allan-coracao-transforma-experiencia-nos-bastidores-em-uma-nova-historia-no-palco\/","url":"https:\/\/fyno.pt\/musica\/allan-coracao-transforma-experiencia-nos-bastidores-em-uma-nova-historia-no-palco\/","name":"Allan Cora\u00e7\u00e3o transforma experi\u00eancia nos bastidores em uma nova hist\u00f3ria no palco - Fyno","isPartOf":{"@id":"https:\/\/fyno.pt\/#website"},"primaryImageOfPage":{"@id":"https:\/\/fyno.pt\/musica\/allan-coracao-transforma-experiencia-nos-bastidores-em-uma-nova-historia-no-palco\/#primaryimage"},"image":{"@id":"https:\/\/fyno.pt\/musica\/allan-coracao-transforma-experiencia-nos-bastidores-em-uma-nova-historia-no-palco\/#primaryimage"},"thumbnailUrl":"https:\/\/fyno.pt\/wp-content\/uploads\/2026\/08\/img_1148.jpeg","datePublished":"2026-08-30T23:13:01+00:00","author":{"@id":"https:\/\/fyno.pt\/#\/schema\/person\/ab5b330ed5ed05f1b4a7b8e438f68187"},"breadcrumb":{"@id":"https:\/\/fyno.pt\/musica\/allan-coracao-transforma-experiencia-nos-bastidores-em-uma-nova-historia-no-palco\/#breadcrumb"},"inLanguage":"pt-PT","potentialAction":[{"@type":"ReadAction","target":["https:\/\/fyno.pt\/musica\/allan-coracao-transforma-experiencia-nos-bastidores-em-uma-nova-historia-no-palco\/"]}]},{"@type":"ImageObject","inLanguage":"pt-PT","@id":"https:\/\/fyno.pt\/musica\/allan-coracao-transforma-experiencia-nos-bastidores-em-uma-nova-historia-no-palco\/#primaryimage","url":"https:\/\/fyno.pt\/wp-content\/uploads\/2026\/08\/img_1148.jpeg","contentUrl":"https:\/\/fyno.pt\/wp-content\/uploads\/2026\/08\/img_1148.jpeg","width":1125,"height":694,"caption":"Foto Reprodu\u00e7\u00e3o"},{"@type":"BreadcrumbList","@id":"https:\/\/fyno.pt\/musica\/allan-coracao-transforma-experiencia-nos-bastidores-em-uma-nova-historia-no-palco\/#breadcrumb","itemListElement":[{"@type":"ListItem","position":1,"name":"In\u00edcio","item":"https:\/\/fyno.pt\/"},{"@type":"ListItem","position":2,"name":"Allan Cora\u00e7\u00e3o transforma experi\u00eancia nos bastidores em uma nova hist\u00f3ria no palco"}]},{"@type":"WebSite","@id":"https:\/\/fyno.pt\/#website","url":"https:\/\/fyno.pt\/","name":"Fyno","description":"Not\u00edcia e informa\u00e7\u00e3o","potentialAction":[{"@type":"SearchAction","target":{"@type":"EntryPoint","urlTemplate":"https:\/\/fyno.pt\/?s={search_term_string}"},"query-input":{"@type":"PropertyValueSpecification","valueRequired":true,"valueName":"search_term_string"}}],"inLanguage":"pt-PT"},{"@type":"Person","@id":"https:\/\/fyno.pt\/#\/schema\/person\/ab5b330ed5ed05f1b4a7b8e438f68187","name":"Fyno","image":{"@type":"ImageObject","inLanguage":"pt-PT","@id":"https:\/\/fyno.pt\/wp-content\/litespeed\/avatar\/8f51870e8d94c234e288da840d914372.jpg?ver=1788205134","url":"https:\/\/fyno.pt\/wp-content\/litespeed\/avatar\/8f51870e8d94c234e288da840d914372.jpg?ver=1788205134","contentUrl":"https:\/\/fyno.pt\/wp-content\/litespeed\/avatar\/8f51870e8d94c234e288da840d914372.jpg?ver=1788205134","caption":"Fyno"},"description":"A sua fonte de informa\u00e7\u00e3o.","url":"https:\/\/fyno.pt\/pt\/author\/fynopt\/"}]}},"_links":{"self":[{"href":"https:\/\/fyno.pt\/pt\/wp-json\/wp\/v2\/posts\/43367","targetHints":{"allow":["GET"]}}],"collection":[{"href":"https:\/\/fyno.pt\/pt\/wp-json\/wp\/v2\/posts"}],"about":[{"href":"https:\/\/fyno.pt\/pt\/wp-json\/wp\/v2\/types\/post"}],"author":[{"embeddable":true,"href":"https:\/\/fyno.pt\/pt\/wp-json\/wp\/v2\/users\/9"}],"replies":[{"embeddable":true,"href":"https:\/\/fyno.pt\/pt\/wp-json\/wp\/v2\/comments?post=43367"}],"version-history":[{"count":1,"href":"https:\/\/fyno.pt\/pt\/wp-json\/wp\/v2\/posts\/43367\/revisions"}],"predecessor-version":[{"id":43368,"href":"https:\/\/fyno.pt\/pt\/wp-json\/wp\/v2\/posts\/43367\/revisions\/43368"}],"wp:featuredmedia":[{"embeddable":true,"href":"https:\/\/fyno.pt\/pt\/wp-json\/wp\/v2\/media\/43365"}],"wp:attachment":[{"href":"https:\/\/fyno.pt\/pt\/wp-json\/wp\/v2\/media?parent=43367"}],"wp:term":[{"taxonomy":"category","embeddable":true,"href":"https:\/\/fyno.pt\/pt\/wp-json\/wp\/v2\/categories?post=43367"},{"taxonomy":"post_tag","embeddable":true,"href":"https:\/\/fyno.pt\/pt\/wp-json\/wp\/v2\/tags?post=43367"}],"curies":[{"name":"wp","href":"https:\/\/api.w.org\/{rel}","templated":true}]}}