{"id":43363,"date":"2026-08-30T19:06:24","date_gmt":"2026-08-30T22:06:24","guid":{"rendered":"https:\/\/fyno.pt\/?p=43363"},"modified":"2026-08-30T19:06:24","modified_gmt":"2026-08-30T22:06:24","slug":"shenya-laura-a-nova-voz-do-brega-romantico-que-vem-ganhando-espaco-em-pernambuco","status":"publish","type":"post","link":"https:\/\/fyno.pt\/pt\/musica\/shenya-laura-a-nova-voz-do-brega-romantico-que-vem-ganhando-espaco-em-pernambuco\/","title":{"rendered":"Shenya Laura: a nova voz do brega rom\u00e2ntico que vem ganhando espa\u00e7o em Pernambuco"},"content":{"rendered":"<p class=\"p1\"><strong><em>Cantora pernambucana come\u00e7ou cedo na m\u00fasica, passou por bares e eventos antes de chegar aos grandes palcos e vem ampliando sua presen\u00e7a com lan\u00e7amentos, participa\u00e7\u00f5es e projetos voltados ao p\u00fablico jovem<\/em><\/strong><\/p>\n\n\n\n<p class=\"p1\">A nova gera\u00e7\u00e3o do brega pernambucano tem encontrado em <strong>Shenya Laura<\/strong> um dos nomes que come\u00e7am a chamar aten\u00e7\u00e3o. Aos 19 anos, a cantora j\u00e1 acumulava experi\u00eancia de palco, participa\u00e7\u00f5es em projetos audiovisuais e lan\u00e7amentos pr\u00f3prios quando foi apresentada pelo <em>Jornal do Commercio<\/em> como uma das apostas do brega rom\u00e2ntico pernambucano para 2025.&nbsp;<\/p>\n\n\n\n<p class=\"p1\">A trajet\u00f3ria, entretanto, come\u00e7ou muito antes da proje\u00e7\u00e3o profissional. Shenya canta desde a inf\u00e2ncia, quando participava de apresenta\u00e7\u00f5es na escola. Com o desenvolvimento da t\u00e9cnica vocal e da presen\u00e7a de palco, passou a ser convidada para cantar em bares, anivers\u00e1rios e confraterniza\u00e7\u00f5es, construindo gradualmente a experi\u00eancia que hoje sustenta sua carreira.&nbsp;<\/p>\n\n\n\n<h3 class=\"wp-block-heading\"><strong>Uma artista formada no palco<\/strong><\/h3>\n\n\n\n<p class=\"p1\">O caminho percorrido por Shenya Laura \u00e9 caracter\u00edstico de uma gera\u00e7\u00e3o de artistas que utiliza as plataformas digitais como extens\u00e3o do palco. Antes de alcan\u00e7ar maior visibilidade, a cantora passou por diferentes ambientes e formatos de apresenta\u00e7\u00e3o, desenvolvendo repert\u00f3rio e contato direto com o p\u00fablico.<\/p>\n\n\n\n<p class=\"p1\">Essa experi\u00eancia ajudou a construir uma identidade art\u00edstica voltada especialmente ao <strong>brega rom\u00e2ntico<\/strong>, g\u00eanero profundamente associado \u00e0 cultura musical pernambucana e que, nos \u00faltimos anos, vem alcan\u00e7ando novos p\u00fablicos por meio das redes sociais e do streaming.<\/p>\n\n\n\n<p class=\"p1\">Em 2025, o <em>Jornal do Commercio<\/em> destacou justamente esse movimento ao apresentar Shenya como uma artista que buscava conquistar principalmente o p\u00fablico jovem.&nbsp;<\/p>\n\n\n\n<h3 class=\"wp-block-heading\"><strong>\u201cIn Cores\u201d marca uma nova etapa<\/strong><\/h3>\n\n\n\n<p class=\"p1\">Um dos primeiros projetos de maior destaque em sua carreira foi <strong>\u201cIn Cores\u201d<\/strong>, trabalho que contou com a participa\u00e7\u00e3o do <strong>MC Tocha<\/strong>.<\/p>\n\n\n\n<p class=\"p1\">O projeto come\u00e7ou a ser apresentado ao p\u00fablico com tr\u00eas faixas. Entre elas est\u00e3o <strong>\u201c2 Desconhecidos\u201d<\/strong>, com MC Tocha, \u201cVagabundo\u201d e \u201cPorra Saudade\u201d. O material aparece registrado nas plataformas digitais como <em>Shenya Laura: In Cores<\/em>.&nbsp;<\/p>\n\n\n\n<p class=\"p1\">A produ\u00e7\u00e3o representou um passo importante na tentativa de consolidar a cantora em um mercado cada vez mais competitivo e conectado ao ambiente digital.<\/p>\n\n\n\n<p class=\"p1\">A parceria com MC Tocha tamb\u00e9m ajudou a aproximar Shenya de diferentes vertentes da m\u00fasica urbana e do brega produzido em Pernambuco.<\/p>\n\n\n\n<h3 class=\"wp-block-heading\"><strong>Participa\u00e7\u00f5es que ampliaram sua visibilidade<\/strong><\/h3>\n\n\n\n<p class=\"p1\">A cantora tamb\u00e9m participou do projeto <strong>\u201cBreg\u00e3o no Play\u201d<\/strong>, ao lado de nomes como Banda Sa\u00edra, V\u00edcio Louco, Carina Lins e Nando Ramos, segundo o <em>Jornal do Commercio<\/em>.&nbsp;<\/p>\n\n\n\n<p class=\"p1\">A participa\u00e7\u00e3o refor\u00e7ou sua inser\u00e7\u00e3o em um circuito de artistas que movimentam a cena do brega pernambucano e ampliou o alcance de seu trabalho para al\u00e9m dos lan\u00e7amentos individuais.<\/p>\n\n\n\n<p class=\"p1\">Shenya tamb\u00e9m j\u00e1 dividiu palco com <strong>Priscila Senna<\/strong>, em Sirinha\u00e9m, e participou de apresenta\u00e7\u00e3o realizada em Canoas, no Rio Grande do Sul, mostrando que sua agenda art\u00edstica come\u00e7ou a ultrapassar as fronteiras de Pernambuco.&nbsp;<\/p>\n\n\n\n<h3 class=\"wp-block-heading\"><strong>Uma discografia em expans\u00e3o<\/strong><\/h3>\n\n\n\n<p class=\"p1\">A produ\u00e7\u00e3o musical de Shenya Laura ganhou ritmo especialmente entre 2024 e 2026.<\/p>\n\n\n\n<p class=\"p1\">Entre os trabalhos registrados est\u00e3o <strong>\u201cCora\u00e7\u00e3o Insistente\u201d<\/strong>, \u201cIn Cores, Vol. 2\u201d, \u201cN\u00e3o Sirvo pra Voc\u00ea\u201d, \u201c2 Desconhecidos\u201d, \u201cRomance Desapegado\u201d, \u201cTe Amo Demais\u201d, \u201cAus\u00eancia\u201d, \u201cPassada em Cart\u00f3rio\u201d, \u201cMtg Vagabundo\u201d e \u201cTravesseiro Bom\u201d.&nbsp;<\/p>\n\n\n\n<p class=\"p1\">Em 2025, Shenya tamb\u00e9m lan\u00e7ou <strong>\u201cRomance Desapegado\u201d<\/strong>, em parceria com Ellyson, al\u00e9m de outros singles que ajudaram a manter sua presen\u00e7a constante no ambiente digital.&nbsp;<\/p>\n\n\n\n<h3 class=\"wp-block-heading\"><strong>2026: uma fase de maior movimenta\u00e7\u00e3o<\/strong><\/h3>\n\n\n\n<p class=\"p1\">O ano de 2026 representa uma etapa particularmente movimentada na carreira da cantora.<\/p>\n\n\n\n<p class=\"p1\">Entre os lan\u00e7amentos mais recentes est\u00e3o <strong>\u201cT\u00f4 no Preju\u00edzo\u201d<\/strong>, parceria com Karlla Santos, <strong>\u201cBaby Al\u00f4\u201d<\/strong>, com Azafe, e <strong>\u201cCachorro Safado\u201d<\/strong>, colabora\u00e7\u00e3o com A\u00e7ucena.&nbsp;<\/p>\n\n\n\n<p class=\"p1\">Tamb\u00e9m aparecem entre seus lan\u00e7amentos de 2026 <strong>\u201cBaby Eu Insisto\u201d<\/strong>, <strong>\u201cVoc\u00ea Marcou (Ao Vivo)\u201d<\/strong> e <strong>\u201cMeus Sonhos (Ao Vivo)\u201d<\/strong>, este \u00faltimo lan\u00e7ado em 5 de junho de 2026.&nbsp;<\/p>\n\n\n\n<p class=\"p1\">O volume de lan\u00e7amentos mostra uma artista em fase de expans\u00e3o e experimenta\u00e7\u00e3o, utilizando singles e colabora\u00e7\u00f5es como estrat\u00e9gia para manter presen\u00e7a frequente nas plataformas digitais.<\/p>\n\n\n\n<h3 class=\"wp-block-heading\"><strong>Presen\u00e7a em grandes programa\u00e7\u00f5es<\/strong><\/h3>\n\n\n\n<figure class=\"wp-block-image size-large\"><img fetchpriority=\"high\" decoding=\"async\" width=\"769\" height=\"1024\" src=\"https:\/\/fyno.pt\/wp-content\/uploads\/2026\/08\/img_1140-769x1024.jpeg\" class=\"wp-image-43362\" srcset=\"https:\/\/fyno.pt\/wp-content\/uploads\/2026\/08\/img_1140-769x1024.jpeg 769w, https:\/\/fyno.pt\/wp-content\/uploads\/2026\/08\/img_1140-225x300.jpeg 225w, https:\/\/fyno.pt\/wp-content\/uploads\/2026\/08\/img_1140-768x1023.jpeg 768w, https:\/\/fyno.pt\/wp-content\/uploads\/2026\/08\/img_1140-9x12.jpeg 9w, https:\/\/fyno.pt\/wp-content\/uploads\/2026\/08\/img_1140-750x999.jpeg 750w, https:\/\/fyno.pt\/wp-content\/uploads\/2026\/08\/img_1140.jpeg 1125w\" sizes=\"(max-width: 769px) 100vw, 769px\" \/><\/figure>\n\n\n\n<p class=\"p1\">O crescimento da cantora tamb\u00e9m pode ser observado em sua presen\u00e7a em programa\u00e7\u00f5es p\u00fablicas.<\/p>\n\n\n\n<p class=\"p1\">Em janeiro de 2026, a <strong>Prefeitura do Ipojuca<\/strong> incluiu Shenya Laura na programa\u00e7\u00e3o da Festa de Nossa Senhora do \u00d3. A cantora se apresentou no encerramento da programa\u00e7\u00e3o popular, em 1\u00ba de fevereiro, ao lado de DD Baladeiro e Seu Desejo.&nbsp;<\/p>\n\n\n\n<p class=\"p1\">A participa\u00e7\u00e3o em uma programa\u00e7\u00e3o municipal que tamb\u00e9m reuniu nomes de grande alcance demonstra o espa\u00e7o que a artista vem conquistando no circuito de shows pernambucano.<\/p>\n\n\n\n<h3 class=\"wp-block-heading\"><strong>Reconhecimento em editais culturais<\/strong><\/h3>\n\n\n\n<p class=\"p1\">Outro indicador importante da consolida\u00e7\u00e3o profissional de Shenya est\u00e1 nos registros oficiais da cultura pernambucana.<\/p>\n\n\n\n<p class=\"p1\">Seu nome aparece no resultado do <strong>Caju 2026<\/strong>, da Secretaria de Cultura de Pernambuco, na categoria <strong>\u201cOutros G\u00eaneros Musicais\u201d<\/strong>.&nbsp;<\/p>\n\n\n\n<p class=\"p1\">A cantora tamb\u00e9m consta no resultado final do programa <strong>Pernambuco Meu Pa\u00eds 2026<\/strong>, com proposta habilitada na \u00e1rea de <strong>M\u00fasica<\/strong>.&nbsp;<\/p>\n\n\n\n<p class=\"p1\">No \u00e2mbito municipal, Shenya tamb\u00e9m aparece no resultado do <strong>Ciclo Junino 2026 do Recife<\/strong>, na categoria cantor\/cantora. O documento registra sua participa\u00e7\u00e3o com representa\u00e7\u00e3o da Pontes Produ\u00e7\u00f5es e Eventos.&nbsp;<\/p>\n\n\n\n<p class=\"p1\">Esses registros s\u00e3o relevantes porque mostram que seu trabalho j\u00e1 est\u00e1 inserido formalmente em circuitos de programa\u00e7\u00e3o e pol\u00edticas culturais, e n\u00e3o apenas no mercado de lan\u00e7amentos digitais.<\/p>\n\n\n\n<h3 class=\"wp-block-heading\"><strong>Uma carreira constru\u00edda para o novo p\u00fablico<\/strong><\/h3>\n\n\n\n<p class=\"p1\">A for\u00e7a de Shenya Laura est\u00e1 justamente na combina\u00e7\u00e3o entre <strong>experi\u00eancia de palco, linguagem contempor\u00e2nea e conex\u00e3o com o p\u00fablico jovem<\/strong>.<\/p>\n\n\n\n<p class=\"p1\">Sua trajet\u00f3ria ainda est\u00e1 em fase de constru\u00e7\u00e3o, mas o percurso j\u00e1 re\u00fane elementos importantes: primeiros trabalhos ainda na adolesc\u00eancia, apresenta\u00e7\u00f5es profissionais, participa\u00e7\u00e3o em DVDs, parcerias com outros artistas, circula\u00e7\u00e3o por diferentes cidades, lan\u00e7amentos frequentes e presen\u00e7a em programa\u00e7\u00f5es p\u00fablicas.<\/p>\n\n\n\n<p class=\"p1\">No ambiente digital, a cantora tamb\u00e9m mant\u00e9m uma estrat\u00e9gia baseada em frequ\u00eancia. O cat\u00e1logo dispon\u00edvel atualmente mostra uma artista que n\u00e3o depende de um \u00fanico lan\u00e7amento para movimentar sua carreira, mas vem construindo repert\u00f3rio por meio de singles, colabora\u00e7\u00f5es e registros ao vivo.&nbsp;<\/p>\n\n\n\n<p class=\"p1\">Mais do que uma promessa, Shenya Laura come\u00e7a a apresentar os sinais de uma artista que est\u00e1 transformando oportunidade em trajet\u00f3ria. Em um dos mercados musicais mais competitivos do pa\u00eds, a pernambucana aposta na for\u00e7a do brega rom\u00e2ntico para construir sua pr\u00f3pria identidade e conquistar espa\u00e7o entre as novas vozes da m\u00fasica popular do Nordeste.<\/p>\n\n\n\n<p class=\"p3\"><strong>A pr\u00f3xima etapa dessa hist\u00f3ria ser\u00e1 definida justamente pela capacidade de transformar a visibilidade conquistada em uma carreira cada vez mais consistente dentro e fora de Pernambuco.<\/strong><\/p>","protected":false},"excerpt":{"rendered":"<p>Cantora pernambucana come\u00e7ou cedo na m\u00fasica, passou por bares e eventos antes de chegar aos grandes palcos e vem ampliando sua presen\u00e7a com lan\u00e7amentos, participa\u00e7\u00f5es e projetos voltados ao p\u00fablico jovem A nova gera\u00e7\u00e3o do brega pernambucano tem encontrado em Shenya Laura um dos nomes que come\u00e7am a chamar aten\u00e7\u00e3o. Aos 19 anos, a cantora [&hellip;]<\/p>\n","protected":false},"author":9,"featured_media":43361,"comment_status":"closed","ping_status":"open","sticky":false,"template":"","format":"standard","meta":{"footnotes":""},"categories":[562],"tags":[1772,1704,1776,1785,1773,1780,1783,1774,1778,1782,1775,733,826,1705,1779,771,1781,1784,773,1777],"class_list":["post-43363","post","type-post","status-publish","format-standard","has-post-thumbnail","hentry","category-musica","tag-acucena","tag-artistas-pernambucanos","tag-azafe","tag-brega-pernambucano","tag-brega-romantico","tag-bregao-no-play","tag-cantora-shenya-laura","tag-cantoras-pernambucanas","tag-in-cores","tag-karlla-santos","tag-mc-tocha","tag-musica-brasileira","tag-musica-nordestina","tag-musica-pernambucana","tag-novos-talentos-da-musica","tag-pernambuco","tag-polymusic","tag-priscila-senna","tag-recife","tag-revelacao-musical"],"yoast_head":"<!-- This site is optimized with the Yoast SEO Premium plugin v27.9 (Yoast SEO v27.9) - https:\/\/yoast.com\/product\/yoast-seo-premium-wordpress\/ -->\n<title>Shenya Laura: a nova voz do brega rom\u00e2ntico que vem ganhando espa\u00e7o em Pernambuco - Fyno<\/title>\n<meta name=\"robots\" content=\"index, follow, max-snippet:-1, max-image-preview:large, max-video-preview:-1\" \/>\n<link rel=\"canonical\" href=\"https:\/\/fyno.pt\/pt\/musica\/shenya-laura-a-nova-voz-do-brega-romantico-que-vem-ganhando-espaco-em-pernambuco\/\" \/>\n<meta property=\"og:locale\" content=\"pt_PT\" \/>\n<meta property=\"og:type\" content=\"article\" \/>\n<meta property=\"og:title\" content=\"Shenya Laura: a nova voz do brega rom\u00e2ntico que vem ganhando espa\u00e7o em Pernambuco\" \/>\n<meta property=\"og:description\" content=\"Cantora pernambucana come\u00e7ou cedo na m\u00fasica, passou por bares e eventos antes de chegar aos grandes palcos e vem ampliando sua presen\u00e7a com lan\u00e7amentos, participa\u00e7\u00f5es e projetos voltados ao p\u00fablico jovem A nova gera\u00e7\u00e3o do brega pernambucano tem encontrado em Shenya Laura um dos nomes que come\u00e7am a chamar aten\u00e7\u00e3o. Aos 19 anos, a cantora [&hellip;]\" \/>\n<meta property=\"og:url\" content=\"https:\/\/fyno.pt\/pt\/musica\/shenya-laura-a-nova-voz-do-brega-romantico-que-vem-ganhando-espaco-em-pernambuco\/\" \/>\n<meta property=\"og:site_name\" content=\"Fyno\" \/>\n<meta property=\"article:published_time\" content=\"2026-08-30T22:06:24+00:00\" \/>\n<meta property=\"og:image\" content=\"https:\/\/fyno.pt\/wp-content\/uploads\/2026\/08\/img_1138.jpeg\" \/>\n\t<meta property=\"og:image:width\" content=\"1125\" \/>\n\t<meta property=\"og:image:height\" content=\"778\" \/>\n\t<meta property=\"og:image:type\" content=\"image\/jpeg\" \/>\n<meta name=\"author\" content=\"Fyno\" \/>\n<meta name=\"twitter:card\" content=\"summary_large_image\" \/>\n<meta name=\"twitter:label1\" content=\"Escrito por\" \/>\n\t<meta name=\"twitter:data1\" content=\"Fyno\" \/>\n\t<meta name=\"twitter:label2\" content=\"Tempo estimado de leitura\" \/>\n\t<meta name=\"twitter:data2\" content=\"6 minutos\" \/>\n<script type=\"application\/ld+json\" class=\"yoast-schema-graph\">{\"@context\":\"https:\\\/\\\/schema.org\",\"@graph\":[{\"@type\":\"Article\",\"@id\":\"https:\\\/\\\/fyno.pt\\\/musica\\\/shenya-laura-a-nova-voz-do-brega-romantico-que-vem-ganhando-espaco-em-pernambuco\\\/#article\",\"isPartOf\":{\"@id\":\"https:\\\/\\\/fyno.pt\\\/musica\\\/shenya-laura-a-nova-voz-do-brega-romantico-que-vem-ganhando-espaco-em-pernambuco\\\/\"},\"author\":{\"name\":\"Fyno\",\"@id\":\"https:\\\/\\\/fyno.pt\\\/#\\\/schema\\\/person\\\/ab5b330ed5ed05f1b4a7b8e438f68187\"},\"headline\":\"Shenya Laura: a nova voz do brega rom\u00e2ntico que vem ganhando espa\u00e7o em Pernambuco\",\"datePublished\":\"2026-08-30T22:06:24+00:00\",\"mainEntityOfPage\":{\"@id\":\"https:\\\/\\\/fyno.pt\\\/musica\\\/shenya-laura-a-nova-voz-do-brega-romantico-que-vem-ganhando-espaco-em-pernambuco\\\/\"},\"wordCount\":1174,\"image\":{\"@id\":\"https:\\\/\\\/fyno.pt\\\/musica\\\/shenya-laura-a-nova-voz-do-brega-romantico-que-vem-ganhando-espaco-em-pernambuco\\\/#primaryimage\"},\"thumbnailUrl\":\"https:\\\/\\\/fyno.pt\\\/wp-content\\\/uploads\\\/2026\\\/08\\\/img_1138.jpeg\",\"keywords\":[\"A\u00e7ucena\",\"artistas pernambucanos\",\"Azafe\",\"brega pernambucano\",\"brega rom\u00e2ntico\",\"Breg\u00e3o no Play\",\"cantora Shenya Laura\",\"cantoras pernambucanas\",\"In Cores\",\"Karlla Santos\",\"MC Tocha\",\"M\u00fasica Brasileira\",\"m\u00fasica nordestina\",\"m\u00fasica pernambucana\",\"novos talentos da m\u00fasica\",\"Pernambuco\",\"PolyMusic\",\"Priscila Senna\",\"Recife\",\"revela\u00e7\u00e3o musical\"],\"articleSection\":[\"M\u00fasica\"],\"inLanguage\":\"pt-PT\"},{\"@type\":\"WebPage\",\"@id\":\"https:\\\/\\\/fyno.pt\\\/musica\\\/shenya-laura-a-nova-voz-do-brega-romantico-que-vem-ganhando-espaco-em-pernambuco\\\/\",\"url\":\"https:\\\/\\\/fyno.pt\\\/musica\\\/shenya-laura-a-nova-voz-do-brega-romantico-que-vem-ganhando-espaco-em-pernambuco\\\/\",\"name\":\"Shenya Laura: a nova voz do brega rom\u00e2ntico que vem ganhando espa\u00e7o em Pernambuco - Fyno\",\"isPartOf\":{\"@id\":\"https:\\\/\\\/fyno.pt\\\/#website\"},\"primaryImageOfPage\":{\"@id\":\"https:\\\/\\\/fyno.pt\\\/musica\\\/shenya-laura-a-nova-voz-do-brega-romantico-que-vem-ganhando-espaco-em-pernambuco\\\/#primaryimage\"},\"image\":{\"@id\":\"https:\\\/\\\/fyno.pt\\\/musica\\\/shenya-laura-a-nova-voz-do-brega-romantico-que-vem-ganhando-espaco-em-pernambuco\\\/#primaryimage\"},\"thumbnailUrl\":\"https:\\\/\\\/fyno.pt\\\/wp-content\\\/uploads\\\/2026\\\/08\\\/img_1138.jpeg\",\"datePublished\":\"2026-08-30T22:06:24+00:00\",\"author\":{\"@id\":\"https:\\\/\\\/fyno.pt\\\/#\\\/schema\\\/person\\\/ab5b330ed5ed05f1b4a7b8e438f68187\"},\"breadcrumb\":{\"@id\":\"https:\\\/\\\/fyno.pt\\\/musica\\\/shenya-laura-a-nova-voz-do-brega-romantico-que-vem-ganhando-espaco-em-pernambuco\\\/#breadcrumb\"},\"inLanguage\":\"pt-PT\",\"potentialAction\":[{\"@type\":\"ReadAction\",\"target\":[\"https:\\\/\\\/fyno.pt\\\/musica\\\/shenya-laura-a-nova-voz-do-brega-romantico-que-vem-ganhando-espaco-em-pernambuco\\\/\"]}]},{\"@type\":\"ImageObject\",\"inLanguage\":\"pt-PT\",\"@id\":\"https:\\\/\\\/fyno.pt\\\/musica\\\/shenya-laura-a-nova-voz-do-brega-romantico-que-vem-ganhando-espaco-em-pernambuco\\\/#primaryimage\",\"url\":\"https:\\\/\\\/fyno.pt\\\/wp-content\\\/uploads\\\/2026\\\/08\\\/img_1138.jpeg\",\"contentUrl\":\"https:\\\/\\\/fyno.pt\\\/wp-content\\\/uploads\\\/2026\\\/08\\\/img_1138.jpeg\",\"width\":1125,\"height\":778,\"caption\":\"Foto Reprodu\u00e7\u00e3o\"},{\"@type\":\"BreadcrumbList\",\"@id\":\"https:\\\/\\\/fyno.pt\\\/musica\\\/shenya-laura-a-nova-voz-do-brega-romantico-que-vem-ganhando-espaco-em-pernambuco\\\/#breadcrumb\",\"itemListElement\":[{\"@type\":\"ListItem\",\"position\":1,\"name\":\"In\u00edcio\",\"item\":\"https:\\\/\\\/fyno.pt\\\/\"},{\"@type\":\"ListItem\",\"position\":2,\"name\":\"Shenya Laura: a nova voz do brega rom\u00e2ntico que vem ganhando espa\u00e7o em Pernambuco\"}]},{\"@type\":\"WebSite\",\"@id\":\"https:\\\/\\\/fyno.pt\\\/#website\",\"url\":\"https:\\\/\\\/fyno.pt\\\/\",\"name\":\"Fyno\",\"description\":\"Not\u00edcia e informa\u00e7\u00e3o\",\"potentialAction\":[{\"@type\":\"SearchAction\",\"target\":{\"@type\":\"EntryPoint\",\"urlTemplate\":\"https:\\\/\\\/fyno.pt\\\/?s={search_term_string}\"},\"query-input\":{\"@type\":\"PropertyValueSpecification\",\"valueRequired\":true,\"valueName\":\"search_term_string\"}}],\"inLanguage\":\"pt-PT\"},{\"@type\":\"Person\",\"@id\":\"https:\\\/\\\/fyno.pt\\\/#\\\/schema\\\/person\\\/ab5b330ed5ed05f1b4a7b8e438f68187\",\"name\":\"Fyno\",\"image\":{\"@type\":\"ImageObject\",\"inLanguage\":\"pt-PT\",\"@id\":\"https:\\\/\\\/fyno.pt\\\/wp-content\\\/litespeed\\\/avatar\\\/8f51870e8d94c234e288da840d914372.jpg?ver=1788205134\",\"url\":\"https:\\\/\\\/fyno.pt\\\/wp-content\\\/litespeed\\\/avatar\\\/8f51870e8d94c234e288da840d914372.jpg?ver=1788205134\",\"contentUrl\":\"https:\\\/\\\/fyno.pt\\\/wp-content\\\/litespeed\\\/avatar\\\/8f51870e8d94c234e288da840d914372.jpg?ver=1788205134\",\"caption\":\"Fyno\"},\"description\":\"A sua fonte de informa\u00e7\u00e3o.\",\"url\":\"https:\\\/\\\/fyno.pt\\\/pt\\\/author\\\/fynopt\\\/\"}]}<\/script>\n<!-- \/ Yoast SEO Premium plugin. -->","yoast_head_json":{"title":"Shenya Laura: a nova voz do brega rom\u00e2ntico que vem ganhando espa\u00e7o em Pernambuco - Fyno","robots":{"index":"index","follow":"follow","max-snippet":"max-snippet:-1","max-image-preview":"max-image-preview:large","max-video-preview":"max-video-preview:-1"},"canonical":"https:\/\/fyno.pt\/pt\/musica\/shenya-laura-a-nova-voz-do-brega-romantico-que-vem-ganhando-espaco-em-pernambuco\/","og_locale":"pt_PT","og_type":"article","og_title":"Shenya Laura: a nova voz do brega rom\u00e2ntico que vem ganhando espa\u00e7o em Pernambuco","og_description":"Cantora pernambucana come\u00e7ou cedo na m\u00fasica, passou por bares e eventos antes de chegar aos grandes palcos e vem ampliando sua presen\u00e7a com lan\u00e7amentos, participa\u00e7\u00f5es e projetos voltados ao p\u00fablico jovem A nova gera\u00e7\u00e3o do brega pernambucano tem encontrado em Shenya Laura um dos nomes que come\u00e7am a chamar aten\u00e7\u00e3o. Aos 19 anos, a cantora [&hellip;]","og_url":"https:\/\/fyno.pt\/pt\/musica\/shenya-laura-a-nova-voz-do-brega-romantico-que-vem-ganhando-espaco-em-pernambuco\/","og_site_name":"Fyno","article_published_time":"2026-08-30T22:06:24+00:00","og_image":[{"width":1125,"height":778,"url":"https:\/\/fyno.pt\/wp-content\/uploads\/2026\/08\/img_1138.jpeg","type":"image\/jpeg"}],"author":"Fyno","twitter_card":"summary_large_image","twitter_misc":{"Escrito por":"Fyno","Tempo estimado de leitura":"6 minutos"},"schema":{"@context":"https:\/\/schema.org","@graph":[{"@type":"Article","@id":"https:\/\/fyno.pt\/musica\/shenya-laura-a-nova-voz-do-brega-romantico-que-vem-ganhando-espaco-em-pernambuco\/#article","isPartOf":{"@id":"https:\/\/fyno.pt\/musica\/shenya-laura-a-nova-voz-do-brega-romantico-que-vem-ganhando-espaco-em-pernambuco\/"},"author":{"name":"Fyno","@id":"https:\/\/fyno.pt\/#\/schema\/person\/ab5b330ed5ed05f1b4a7b8e438f68187"},"headline":"Shenya Laura: a nova voz do brega rom\u00e2ntico que vem ganhando espa\u00e7o em Pernambuco","datePublished":"2026-08-30T22:06:24+00:00","mainEntityOfPage":{"@id":"https:\/\/fyno.pt\/musica\/shenya-laura-a-nova-voz-do-brega-romantico-que-vem-ganhando-espaco-em-pernambuco\/"},"wordCount":1174,"image":{"@id":"https:\/\/fyno.pt\/musica\/shenya-laura-a-nova-voz-do-brega-romantico-que-vem-ganhando-espaco-em-pernambuco\/#primaryimage"},"thumbnailUrl":"https:\/\/fyno.pt\/wp-content\/uploads\/2026\/08\/img_1138.jpeg","keywords":["A\u00e7ucena","artistas pernambucanos","Azafe","brega pernambucano","brega rom\u00e2ntico","Breg\u00e3o no Play","cantora Shenya Laura","cantoras pernambucanas","In Cores","Karlla Santos","MC Tocha","M\u00fasica Brasileira","m\u00fasica nordestina","m\u00fasica pernambucana","novos talentos da m\u00fasica","Pernambuco","PolyMusic","Priscila Senna","Recife","revela\u00e7\u00e3o musical"],"articleSection":["M\u00fasica"],"inLanguage":"pt-PT"},{"@type":"WebPage","@id":"https:\/\/fyno.pt\/musica\/shenya-laura-a-nova-voz-do-brega-romantico-que-vem-ganhando-espaco-em-pernambuco\/","url":"https:\/\/fyno.pt\/musica\/shenya-laura-a-nova-voz-do-brega-romantico-que-vem-ganhando-espaco-em-pernambuco\/","name":"Shenya Laura: a nova voz do brega rom\u00e2ntico que vem ganhando espa\u00e7o em Pernambuco - Fyno","isPartOf":{"@id":"https:\/\/fyno.pt\/#website"},"primaryImageOfPage":{"@id":"https:\/\/fyno.pt\/musica\/shenya-laura-a-nova-voz-do-brega-romantico-que-vem-ganhando-espaco-em-pernambuco\/#primaryimage"},"image":{"@id":"https:\/\/fyno.pt\/musica\/shenya-laura-a-nova-voz-do-brega-romantico-que-vem-ganhando-espaco-em-pernambuco\/#primaryimage"},"thumbnailUrl":"https:\/\/fyno.pt\/wp-content\/uploads\/2026\/08\/img_1138.jpeg","datePublished":"2026-08-30T22:06:24+00:00","author":{"@id":"https:\/\/fyno.pt\/#\/schema\/person\/ab5b330ed5ed05f1b4a7b8e438f68187"},"breadcrumb":{"@id":"https:\/\/fyno.pt\/musica\/shenya-laura-a-nova-voz-do-brega-romantico-que-vem-ganhando-espaco-em-pernambuco\/#breadcrumb"},"inLanguage":"pt-PT","potentialAction":[{"@type":"ReadAction","target":["https:\/\/fyno.pt\/musica\/shenya-laura-a-nova-voz-do-brega-romantico-que-vem-ganhando-espaco-em-pernambuco\/"]}]},{"@type":"ImageObject","inLanguage":"pt-PT","@id":"https:\/\/fyno.pt\/musica\/shenya-laura-a-nova-voz-do-brega-romantico-que-vem-ganhando-espaco-em-pernambuco\/#primaryimage","url":"https:\/\/fyno.pt\/wp-content\/uploads\/2026\/08\/img_1138.jpeg","contentUrl":"https:\/\/fyno.pt\/wp-content\/uploads\/2026\/08\/img_1138.jpeg","width":1125,"height":778,"caption":"Foto Reprodu\u00e7\u00e3o"},{"@type":"BreadcrumbList","@id":"https:\/\/fyno.pt\/musica\/shenya-laura-a-nova-voz-do-brega-romantico-que-vem-ganhando-espaco-em-pernambuco\/#breadcrumb","itemListElement":[{"@type":"ListItem","position":1,"name":"In\u00edcio","item":"https:\/\/fyno.pt\/"},{"@type":"ListItem","position":2,"name":"Shenya Laura: a nova voz do brega rom\u00e2ntico que vem ganhando espa\u00e7o em Pernambuco"}]},{"@type":"WebSite","@id":"https:\/\/fyno.pt\/#website","url":"https:\/\/fyno.pt\/","name":"Fyno","description":"Not\u00edcia e informa\u00e7\u00e3o","potentialAction":[{"@type":"SearchAction","target":{"@type":"EntryPoint","urlTemplate":"https:\/\/fyno.pt\/?s={search_term_string}"},"query-input":{"@type":"PropertyValueSpecification","valueRequired":true,"valueName":"search_term_string"}}],"inLanguage":"pt-PT"},{"@type":"Person","@id":"https:\/\/fyno.pt\/#\/schema\/person\/ab5b330ed5ed05f1b4a7b8e438f68187","name":"Fyno","image":{"@type":"ImageObject","inLanguage":"pt-PT","@id":"https:\/\/fyno.pt\/wp-content\/litespeed\/avatar\/8f51870e8d94c234e288da840d914372.jpg?ver=1788205134","url":"https:\/\/fyno.pt\/wp-content\/litespeed\/avatar\/8f51870e8d94c234e288da840d914372.jpg?ver=1788205134","contentUrl":"https:\/\/fyno.pt\/wp-content\/litespeed\/avatar\/8f51870e8d94c234e288da840d914372.jpg?ver=1788205134","caption":"Fyno"},"description":"A sua fonte de informa\u00e7\u00e3o.","url":"https:\/\/fyno.pt\/pt\/author\/fynopt\/"}]}},"_links":{"self":[{"href":"https:\/\/fyno.pt\/pt\/wp-json\/wp\/v2\/posts\/43363","targetHints":{"allow":["GET"]}}],"collection":[{"href":"https:\/\/fyno.pt\/pt\/wp-json\/wp\/v2\/posts"}],"about":[{"href":"https:\/\/fyno.pt\/pt\/wp-json\/wp\/v2\/types\/post"}],"author":[{"embeddable":true,"href":"https:\/\/fyno.pt\/pt\/wp-json\/wp\/v2\/users\/9"}],"replies":[{"embeddable":true,"href":"https:\/\/fyno.pt\/pt\/wp-json\/wp\/v2\/comments?post=43363"}],"version-history":[{"count":1,"href":"https:\/\/fyno.pt\/pt\/wp-json\/wp\/v2\/posts\/43363\/revisions"}],"predecessor-version":[{"id":43364,"href":"https:\/\/fyno.pt\/pt\/wp-json\/wp\/v2\/posts\/43363\/revisions\/43364"}],"wp:featuredmedia":[{"embeddable":true,"href":"https:\/\/fyno.pt\/pt\/wp-json\/wp\/v2\/media\/43361"}],"wp:attachment":[{"href":"https:\/\/fyno.pt\/pt\/wp-json\/wp\/v2\/media?parent=43363"}],"wp:term":[{"taxonomy":"category","embeddable":true,"href":"https:\/\/fyno.pt\/pt\/wp-json\/wp\/v2\/categories?post=43363"},{"taxonomy":"post_tag","embeddable":true,"href":"https:\/\/fyno.pt\/pt\/wp-json\/wp\/v2\/tags?post=43363"}],"curies":[{"name":"wp","href":"https:\/\/api.w.org\/{rel}","templated":true}]}}