{"id":43357,"date":"2026-08-30T18:41:36","date_gmt":"2026-08-30T21:41:36","guid":{"rendered":"https:\/\/fyno.pt\/?p=43357"},"modified":"2026-08-30T18:44:07","modified_gmt":"2026-08-30T21:44:07","slug":"marcelo-rossiter-transforma-o-forro-em-ponte-entre-geracoes-e-reafirma-compromisso-com-a-cultura-nordestina","status":"publish","type":"post","link":"https:\/\/fyno.pt\/pt\/musica\/marcelo-rossiter-transforma-o-forro-em-ponte-entre-geracoes-e-reafirma-compromisso-com-a-cultura-nordestina\/","title":{"rendered":"Marcelo Rossiter transforma o forr\u00f3 em ponte entre gera\u00e7\u00f5es e reafirma compromisso com a cultura nordestina"},"content":{"rendered":"<p class=\"p2\">H\u00e1 artistas que encontram na m\u00fasica uma profiss\u00e3o. Outros fazem dela uma forma de preservar hist\u00f3rias. A trajet\u00f3ria de <strong>Marcelo Rossiter<\/strong> se aproxima desse segundo caminho: cantor, compositor e produtor cultural pernambucano, ele vem construindo uma carreira ligada ao forr\u00f3 e \u00e0 cultura nordestina, ao mesmo tempo em que amplia sua atua\u00e7\u00e3o para a comunica\u00e7\u00e3o e a produ\u00e7\u00e3o de conte\u00fado sobre o g\u00eanero.<\/p>\r\n\r\n\r\n\r\n<p class=\"p3\">Natural do Recife e radicado em Caruaru, Rossiter come\u00e7ou sua rela\u00e7\u00e3o com a m\u00fasica ainda muito cedo, influenciado pelo ambiente familiar. Em entrevista concedida \u00e0 <em>Revista Ritmo Melodia<\/em>, o artista contou que cresceu cercado por m\u00fasicos e teve como refer\u00eancias nomes como Luiz Gonzaga, Elba Ramalho, Roberto Carlos, Nelson Gon\u00e7alves e Adilson Ramos.\u00a0<\/p>\r\n\r\n\r\n\r\n<p class=\"p3\">A experi\u00eancia no palco come\u00e7ou profissionalmente ainda na adolesc\u00eancia. Aos 16 anos, em 1994, Rossiter passou a cantar em bandas de samba e pagode no Recife, experi\u00eancia que durou cerca de seis anos e contribuiu para desenvolver sua intimidade com o palco e com diferentes p\u00fablicos. Mais tarde, chegou a se afastar profissionalmente da m\u00fasica para trabalhar nas \u00e1reas comercial, de turismo e hotelaria, per\u00edodo em que tamb\u00e9m concluiu forma\u00e7\u00e3o em Marketing, em 2010. O retorno \u00e0 carreira art\u00edstica, por\u00e9m, acabaria se tornando definitivo.\u00a0<\/p>\r\n\r\n\r\n\r\n<h3 class=\"wp-block-heading\"><strong>Do palco \u00e0 preserva\u00e7\u00e3o da mem\u00f3ria musical<\/strong><\/h3>\r\n\r\n\r\n\r\n<p class=\"p3\">A escolha pelo forr\u00f3 ganhou for\u00e7a ao longo de sua trajet\u00f3ria. Luiz Gonzaga aparece como uma das principais refer\u00eancias de Rossiter, que passou a defender n\u00e3o apenas o g\u00eanero como express\u00e3o art\u00edstica, mas tamb\u00e9m a import\u00e2ncia de preservar suas caracter\u00edsticas e sua liga\u00e7\u00e3o com a cultura nordestina.<\/p>\r\n\r\n\r\n\r\n<p class=\"p3\">Essa atua\u00e7\u00e3o tamb\u00e9m se estendeu \u00e0 produ\u00e7\u00e3o cultural. O <strong>Gonzag\u00e3o Online<\/strong>, plataforma dedicada \u00e0 mem\u00f3ria e \u00e0 obra de Luiz Gonzaga, apresenta Marcelo Rossiter entre seus parceiros e colaboradores, identificando-o como cantor, compositor e produtor cultural.\u00a0<\/p>\r\n\r\n\r\n\r\n<p class=\"p3\">A presen\u00e7a do artista nesse universo n\u00e3o se limita aos palcos. Rossiter tamb\u00e9m atua na produ\u00e7\u00e3o e apresenta\u00e7\u00e3o de conte\u00fados ligados ao forr\u00f3, incluindo o projeto <strong>Forr\u00f3 com Caf\u00e9<\/strong>, ampliando sua participa\u00e7\u00e3o na divulga\u00e7\u00e3o de artistas, hist\u00f3rias e manifesta\u00e7\u00f5es relacionadas ao g\u00eanero.<\/p>\r\n\r\n\r\n\r\n<h3 class=\"wp-block-heading\"><strong>Parcerias que aproximam passado e presente<\/strong><\/h3>\r\n\r\n\r\n\r\n<p class=\"p3\">Um dos aspectos mais marcantes de sua trajet\u00f3ria recente \u00e9 a escolha por trabalhar com nomes que ajudaram a construir a hist\u00f3ria da m\u00fasica nordestina.<\/p>\r\n\r\n\r\n\r\n<p class=\"p3\">Em 2025, Rossiter lan\u00e7ou uma nova vers\u00e3o de <strong>\u201cA Feira de Caruaru\u201d<\/strong>, em parceria com <strong>Onildo Almeida<\/strong>, compositor respons\u00e1vel pela obra que ganhou proje\u00e7\u00e3o nacional na voz de Luiz Gonzaga. O lan\u00e7amento foi realizado como parte das celebra\u00e7\u00f5es pelos 168 anos de Caruaru.\u00a0<\/p>\r\n\r\n\r\n\r\n<p class=\"p3\">A grava\u00e7\u00e3o tem um significado especial porque aproxima duas gera\u00e7\u00f5es da m\u00fasica nordestina. De um lado, um dos compositores fundamentais para a hist\u00f3ria cultural de Caruaru; de outro, um artista que vem buscando atualizar esse repert\u00f3rio sem romper com suas ra\u00edzes.<\/p>\r\n\r\n\r\n\r\n<p class=\"p3\">A m\u00fasica tamb\u00e9m est\u00e1 dispon\u00edvel em plataformas digitais como single de Marcelo Rossiter e Onildo Almeida, lan\u00e7ado em maio de 2025.\u00a0<\/p>\r\n\r\n\r\n\r\n<h3 class=\"wp-block-heading\"><strong>\u201cCaruaru do Passado\u201d e uma homenagem hist\u00f3rica<\/strong><\/h3>\r\n\r\n\r\n\r\n<p class=\"p3\">Em 2026, Rossiter voltou a trabalhar com uma obra profundamente ligada \u00e0 mem\u00f3ria de Caruaru.<\/p>\r\n\r\n\r\n\r\n<p class=\"p3\">A nova vers\u00e3o de <strong>\u201cCaruaru do Passado\u201d<\/strong>, composi\u00e7\u00e3o de Jos\u00e9 Pereira que ficou conhecida na voz de <strong>Azul\u00e3o<\/strong>, reuniu Marcelo Rossiter, Azul\u00e3o e Azulinho. O projeto chegou \u00e0s plataformas em maio, dentro das comemora\u00e7\u00f5es pelos 169 anos de Caruaru e no ano em que a can\u00e7\u00e3o completa cinco d\u00e9cadas de sua grava\u00e7\u00e3o original.\u00a0<\/p>\r\n\r\n\r\n\r\n<p class=\"p3\">A iniciativa ganhou repercuss\u00e3o tamb\u00e9m no <em>Diario de Pernambuco<\/em>, que destacou a releitura como uma oportunidade de reunir novamente Azul\u00e3o \u00e0 obra que se tornou um dos s\u00edmbolos musicais da cidade. A grava\u00e7\u00e3o recebeu novos arranjos produzidos em Monteiro, na Para\u00edba.\u00a0<\/p>\r\n\r\n\r\n\r\n<p class=\"p3\">Mais do que uma simples regrava\u00e7\u00e3o, o projeto evidencia uma caracter\u00edstica que vem definindo a fase atual de Rossiter: <strong>utilizar a m\u00fasica como instrumento de conex\u00e3o entre diferentes gera\u00e7\u00f5es de artistas e de preserva\u00e7\u00e3o da mem\u00f3ria cultural nordestina<\/strong>.<\/p>\r\n\r\n\r\n\r\n<h3 class=\"wp-block-heading\"><strong>Uma discografia em movimento<\/strong><\/h3>\r\n\r\n\r\n\r\n<figure class=\"wp-block-image size-large\"><img fetchpriority=\"high\" decoding=\"async\" width=\"771\" height=\"1024\" class=\"wp-image-43356\" src=\"https:\/\/fyno.pt\/wp-content\/uploads\/2026\/08\/img_1131-1-771x1024.jpeg\" srcset=\"https:\/\/fyno.pt\/wp-content\/uploads\/2026\/08\/img_1131-1-771x1024.jpeg 771w, https:\/\/fyno.pt\/wp-content\/uploads\/2026\/08\/img_1131-1-226x300.jpeg 226w, https:\/\/fyno.pt\/wp-content\/uploads\/2026\/08\/img_1131-1-768x1020.jpeg 768w, https:\/\/fyno.pt\/wp-content\/uploads\/2026\/08\/img_1131-1-9x12.jpeg 9w, https:\/\/fyno.pt\/wp-content\/uploads\/2026\/08\/img_1131-1-750x996.jpeg 750w, https:\/\/fyno.pt\/wp-content\/uploads\/2026\/08\/img_1131-1.jpeg 1125w\" sizes=\"(max-width: 771px) 100vw, 771px\" \/><\/figure>\r\n\r\n\r\n\r\n<p class=\"p3\">O trabalho de Rossiter tamb\u00e9m continua avan\u00e7ando nas plataformas digitais. Em 2026, aparecem entre seus lan\u00e7amentos trabalhos como <strong>\u201cCaruaru do Passado\u201d<\/strong>, <strong>\u201cMeu S\u00e3o Jo\u00e3o \u00c9 Assim\u201d<\/strong>, <strong>\u201cMeu Cen\u00e1rio\u201d<\/strong>, <strong>\u201cSaudade\u201d<\/strong> e <strong>\u201cXote da Saudade\u201d<\/strong>, al\u00e9m de lan\u00e7amentos anteriores como <strong>\u201cPoucas Palavras\u201d<\/strong> e <strong>\u201cEspumas ao Vento\u201d<\/strong>.\u00a0<\/p>\r\n\r\n\r\n\r\n<p class=\"p3\">A presen\u00e7a de \u201cEspumas ao Vento\u201d tamb\u00e9m remete a um projeto anterior do cantor, que contou com a participa\u00e7\u00e3o de importantes nomes do forr\u00f3. Em seu primeiro CD e DVD, Rossiter reuniu artistas como Cristina Amaral, Geraldinho Lins, Santanna \u201cO Cantador\u201d, Cezzinha, Liv Moraes, Petr\u00facio Amorim, Terezinha do Acordeon e Raphael Moura.\u00a0<\/p>\r\n\r\n\r\n\r\n<h3 class=\"wp-block-heading\"><strong>Comunica\u00e7\u00e3o como extens\u00e3o da carreira art\u00edstica<\/strong><\/h3>\r\n\r\n\r\n\r\n<p class=\"p3\">Al\u00e9m da atua\u00e7\u00e3o como cantor e compositor, Rossiter vem ocupando espa\u00e7o como comunicador ligado ao universo do forr\u00f3. A experi\u00eancia diante das c\u00e2meras e em entrevistas amplia sua atua\u00e7\u00e3o para al\u00e9m da produ\u00e7\u00e3o musical, permitindo que o artista tamb\u00e9m participe da constru\u00e7\u00e3o de narrativas sobre a pr\u00f3pria cultura que defende.<\/p>\r\n\r\n\r\n\r\n<p class=\"p3\">Essa combina\u00e7\u00e3o entre m\u00fasica, comunica\u00e7\u00e3o e produ\u00e7\u00e3o cultural ajuda a explicar a identidade que vem consolidando em sua carreira: n\u00e3o apenas a de um int\u00e9rprete, mas a de algu\u00e9m envolvido diretamente na circula\u00e7\u00e3o e na valoriza\u00e7\u00e3o da m\u00fasica nordestina.<\/p>\r\n\r\n\r\n\r\n<p class=\"p3\">Em um mercado musical cada vez mais marcado pela velocidade dos lan\u00e7amentos, Marcelo Rossiter escolhe um caminho que olha para tr\u00e1s sem deixar de avan\u00e7ar. Ao revisitar cl\u00e1ssicos, trabalhar ao lado de nomes hist\u00f3ricos e lan\u00e7ar novas m\u00fasicas, o cantor transforma o repert\u00f3rio nordestino em mat\u00e9ria-prima para novos encontros.<\/p>\r\n\r\n\r\n\r\n<p class=\"p3\">\u00c9 justamente nessa rela\u00e7\u00e3o entre <strong>mem\u00f3ria, identidade e renova\u00e7\u00e3o<\/strong> que sua trajet\u00f3ria encontra um dos seus principais diferenciais. Para Rossiter, preservar o forr\u00f3 n\u00e3o significa mant\u00ea-lo parado no tempo, mas permitir que suas hist\u00f3rias continuem sendo cantadas por novas vozes e alcancem novos p\u00fablicos.<\/p>\r\n\r\n\r\n\r\n<p class=\"p3\"><strong>Marcelo Rossiter<\/strong> segue, assim, construindo uma carreira que ultrapassa a dimens\u00e3o do entretenimento e se aproxima de uma miss\u00e3o cultural: manter viva a tradi\u00e7\u00e3o do forr\u00f3 enquanto cria novas p\u00e1ginas para essa hist\u00f3ria.<\/p>","protected":false},"excerpt":{"rendered":"<p>H\u00e1 artistas que encontram na m\u00fasica uma profiss\u00e3o. Outros fazem dela uma forma de preservar hist\u00f3rias. A trajet\u00f3ria de Marcelo Rossiter se aproxima desse segundo caminho: cantor, compositor e produtor cultural pernambucano, ele vem construindo uma carreira ligada ao forr\u00f3 e \u00e0 cultura nordestina, ao mesmo tempo em que amplia sua atua\u00e7\u00e3o para a comunica\u00e7\u00e3o [&hellip;]<\/p>\n","protected":false},"author":9,"featured_media":43359,"comment_status":"closed","ping_status":"open","sticky":false,"template":"","format":"standard","meta":{"footnotes":""},"categories":[562],"tags":[1760,1771,1767,1766,1770,1765,1226,829,1763,1768,1758,1759,1764,733,1761,826,1762,1769],"class_list":["post-43357","post","type-post","status-publish","format-standard","has-post-thumbnail","hentry","category-musica","tag-a-feira-de-caruaru","tag-azulao","tag-azulinho","tag-cantor-marcelo-rossiter","tag-caruaru","tag-caruaru-do-passado","tag-cultura-nordestina","tag-forro","tag-forro-com-cafe","tag-forro-tradicional","tag-gonzagao-online","tag-luiz-gonzaga","tag-marcelo-rossiter","tag-musica-brasileira","tag-musica-de-caruaru","tag-musica-nordestina","tag-onildo-almeida","tag-produtor-cultural"],"yoast_head":"<!-- This site is optimized with the Yoast SEO Premium plugin v27.9 (Yoast SEO v27.9) - https:\/\/yoast.com\/product\/yoast-seo-premium-wordpress\/ -->\n<title>Marcelo Rossiter transforma o forr\u00f3 em ponte entre gera\u00e7\u00f5es e reafirma compromisso com a cultura nordestina - Fyno<\/title>\n<meta name=\"robots\" content=\"index, follow, max-snippet:-1, max-image-preview:large, max-video-preview:-1\" \/>\n<link rel=\"canonical\" href=\"https:\/\/fyno.pt\/pt\/musica\/marcelo-rossiter-transforma-o-forro-em-ponte-entre-geracoes-e-reafirma-compromisso-com-a-cultura-nordestina\/\" \/>\n<meta property=\"og:locale\" content=\"pt_PT\" \/>\n<meta property=\"og:type\" content=\"article\" \/>\n<meta property=\"og:title\" content=\"Marcelo Rossiter transforma o forr\u00f3 em ponte entre gera\u00e7\u00f5es e reafirma compromisso com a cultura nordestina\" \/>\n<meta property=\"og:description\" content=\"H\u00e1 artistas que encontram na m\u00fasica uma profiss\u00e3o. Outros fazem dela uma forma de preservar hist\u00f3rias. A trajet\u00f3ria de Marcelo Rossiter se aproxima desse segundo caminho: cantor, compositor e produtor cultural pernambucano, ele vem construindo uma carreira ligada ao forr\u00f3 e \u00e0 cultura nordestina, ao mesmo tempo em que amplia sua atua\u00e7\u00e3o para a comunica\u00e7\u00e3o [&hellip;]\" \/>\n<meta property=\"og:url\" content=\"https:\/\/fyno.pt\/pt\/musica\/marcelo-rossiter-transforma-o-forro-em-ponte-entre-geracoes-e-reafirma-compromisso-com-a-cultura-nordestina\/\" \/>\n<meta property=\"og:site_name\" content=\"Fyno\" \/>\n<meta property=\"article:published_time\" content=\"2026-08-30T21:41:36+00:00\" \/>\n<meta property=\"article:modified_time\" content=\"2026-08-30T21:44:07+00:00\" \/>\n<meta property=\"og:image\" content=\"https:\/\/fyno.pt\/wp-content\/uploads\/2026\/08\/IMG_1133.jpeg\" \/>\n\t<meta property=\"og:image:width\" content=\"1125\" \/>\n\t<meta property=\"og:image:height\" content=\"605\" \/>\n\t<meta property=\"og:image:type\" content=\"image\/jpeg\" \/>\n<meta name=\"author\" content=\"Fyno\" \/>\n<meta name=\"twitter:card\" content=\"summary_large_image\" \/>\n<meta name=\"twitter:label1\" content=\"Escrito por\" \/>\n\t<meta name=\"twitter:data1\" content=\"Fyno\" \/>\n\t<meta name=\"twitter:label2\" content=\"Tempo estimado de leitura\" \/>\n\t<meta name=\"twitter:data2\" content=\"6 minutos\" \/>\n<script type=\"application\/ld+json\" class=\"yoast-schema-graph\">{\"@context\":\"https:\\\/\\\/schema.org\",\"@graph\":[{\"@type\":\"Article\",\"@id\":\"https:\\\/\\\/fyno.pt\\\/musica\\\/marcelo-rossiter-transforma-o-forro-em-ponte-entre-geracoes-e-reafirma-compromisso-com-a-cultura-nordestina\\\/#article\",\"isPartOf\":{\"@id\":\"https:\\\/\\\/fyno.pt\\\/musica\\\/marcelo-rossiter-transforma-o-forro-em-ponte-entre-geracoes-e-reafirma-compromisso-com-a-cultura-nordestina\\\/\"},\"author\":{\"name\":\"Fyno\",\"@id\":\"https:\\\/\\\/fyno.pt\\\/#\\\/schema\\\/person\\\/ab5b330ed5ed05f1b4a7b8e438f68187\"},\"headline\":\"Marcelo Rossiter transforma o forr\u00f3 em ponte entre gera\u00e7\u00f5es e reafirma compromisso com a cultura nordestina\",\"datePublished\":\"2026-08-30T21:41:36+00:00\",\"dateModified\":\"2026-08-30T21:44:07+00:00\",\"mainEntityOfPage\":{\"@id\":\"https:\\\/\\\/fyno.pt\\\/musica\\\/marcelo-rossiter-transforma-o-forro-em-ponte-entre-geracoes-e-reafirma-compromisso-com-a-cultura-nordestina\\\/\"},\"wordCount\":1094,\"image\":{\"@id\":\"https:\\\/\\\/fyno.pt\\\/musica\\\/marcelo-rossiter-transforma-o-forro-em-ponte-entre-geracoes-e-reafirma-compromisso-com-a-cultura-nordestina\\\/#primaryimage\"},\"thumbnailUrl\":\"https:\\\/\\\/fyno.pt\\\/wp-content\\\/uploads\\\/2026\\\/08\\\/IMG_1133.jpeg\",\"keywords\":[\"A Feira de Caruaru\",\"Azul\u00e3o\",\"Azulinho\",\"cantor Marcelo Rossiter\",\"Caruaru\",\"Caruaru do Passado\",\"Cultura Nordestina\",\"forr\u00f3\",\"Forr\u00f3 com Caf\u00e9\",\"forr\u00f3 tradicional\",\"Gonzag\u00e3o Online\",\"Luiz Gonzaga\",\"Marcelo Rossiter\",\"M\u00fasica Brasileira\",\"m\u00fasica de Caruaru\",\"m\u00fasica nordestina\",\"Onildo Almeida\",\"produtor cultural\"],\"articleSection\":[\"M\u00fasica\"],\"inLanguage\":\"pt-PT\"},{\"@type\":\"WebPage\",\"@id\":\"https:\\\/\\\/fyno.pt\\\/musica\\\/marcelo-rossiter-transforma-o-forro-em-ponte-entre-geracoes-e-reafirma-compromisso-com-a-cultura-nordestina\\\/\",\"url\":\"https:\\\/\\\/fyno.pt\\\/musica\\\/marcelo-rossiter-transforma-o-forro-em-ponte-entre-geracoes-e-reafirma-compromisso-com-a-cultura-nordestina\\\/\",\"name\":\"Marcelo Rossiter transforma o forr\u00f3 em ponte entre gera\u00e7\u00f5es e reafirma compromisso com a cultura nordestina - Fyno\",\"isPartOf\":{\"@id\":\"https:\\\/\\\/fyno.pt\\\/#website\"},\"primaryImageOfPage\":{\"@id\":\"https:\\\/\\\/fyno.pt\\\/musica\\\/marcelo-rossiter-transforma-o-forro-em-ponte-entre-geracoes-e-reafirma-compromisso-com-a-cultura-nordestina\\\/#primaryimage\"},\"image\":{\"@id\":\"https:\\\/\\\/fyno.pt\\\/musica\\\/marcelo-rossiter-transforma-o-forro-em-ponte-entre-geracoes-e-reafirma-compromisso-com-a-cultura-nordestina\\\/#primaryimage\"},\"thumbnailUrl\":\"https:\\\/\\\/fyno.pt\\\/wp-content\\\/uploads\\\/2026\\\/08\\\/IMG_1133.jpeg\",\"datePublished\":\"2026-08-30T21:41:36+00:00\",\"dateModified\":\"2026-08-30T21:44:07+00:00\",\"author\":{\"@id\":\"https:\\\/\\\/fyno.pt\\\/#\\\/schema\\\/person\\\/ab5b330ed5ed05f1b4a7b8e438f68187\"},\"breadcrumb\":{\"@id\":\"https:\\\/\\\/fyno.pt\\\/musica\\\/marcelo-rossiter-transforma-o-forro-em-ponte-entre-geracoes-e-reafirma-compromisso-com-a-cultura-nordestina\\\/#breadcrumb\"},\"inLanguage\":\"pt-PT\",\"potentialAction\":[{\"@type\":\"ReadAction\",\"target\":[\"https:\\\/\\\/fyno.pt\\\/musica\\\/marcelo-rossiter-transforma-o-forro-em-ponte-entre-geracoes-e-reafirma-compromisso-com-a-cultura-nordestina\\\/\"]}]},{\"@type\":\"ImageObject\",\"inLanguage\":\"pt-PT\",\"@id\":\"https:\\\/\\\/fyno.pt\\\/musica\\\/marcelo-rossiter-transforma-o-forro-em-ponte-entre-geracoes-e-reafirma-compromisso-com-a-cultura-nordestina\\\/#primaryimage\",\"url\":\"https:\\\/\\\/fyno.pt\\\/wp-content\\\/uploads\\\/2026\\\/08\\\/IMG_1133.jpeg\",\"contentUrl\":\"https:\\\/\\\/fyno.pt\\\/wp-content\\\/uploads\\\/2026\\\/08\\\/IMG_1133.jpeg\",\"width\":1125,\"height\":605,\"caption\":\"Foto Reprodu\u00e7\u00e3o\"},{\"@type\":\"BreadcrumbList\",\"@id\":\"https:\\\/\\\/fyno.pt\\\/musica\\\/marcelo-rossiter-transforma-o-forro-em-ponte-entre-geracoes-e-reafirma-compromisso-com-a-cultura-nordestina\\\/#breadcrumb\",\"itemListElement\":[{\"@type\":\"ListItem\",\"position\":1,\"name\":\"In\u00edcio\",\"item\":\"https:\\\/\\\/fyno.pt\\\/\"},{\"@type\":\"ListItem\",\"position\":2,\"name\":\"Marcelo Rossiter transforma o forr\u00f3 em ponte entre gera\u00e7\u00f5es e reafirma compromisso com a cultura nordestina\"}]},{\"@type\":\"WebSite\",\"@id\":\"https:\\\/\\\/fyno.pt\\\/#website\",\"url\":\"https:\\\/\\\/fyno.pt\\\/\",\"name\":\"Fyno\",\"description\":\"Not\u00edcia e informa\u00e7\u00e3o\",\"potentialAction\":[{\"@type\":\"SearchAction\",\"target\":{\"@type\":\"EntryPoint\",\"urlTemplate\":\"https:\\\/\\\/fyno.pt\\\/?s={search_term_string}\"},\"query-input\":{\"@type\":\"PropertyValueSpecification\",\"valueRequired\":true,\"valueName\":\"search_term_string\"}}],\"inLanguage\":\"pt-PT\"},{\"@type\":\"Person\",\"@id\":\"https:\\\/\\\/fyno.pt\\\/#\\\/schema\\\/person\\\/ab5b330ed5ed05f1b4a7b8e438f68187\",\"name\":\"Fyno\",\"image\":{\"@type\":\"ImageObject\",\"inLanguage\":\"pt-PT\",\"@id\":\"https:\\\/\\\/fyno.pt\\\/wp-content\\\/litespeed\\\/avatar\\\/8f51870e8d94c234e288da840d914372.jpg?ver=1788205134\",\"url\":\"https:\\\/\\\/fyno.pt\\\/wp-content\\\/litespeed\\\/avatar\\\/8f51870e8d94c234e288da840d914372.jpg?ver=1788205134\",\"contentUrl\":\"https:\\\/\\\/fyno.pt\\\/wp-content\\\/litespeed\\\/avatar\\\/8f51870e8d94c234e288da840d914372.jpg?ver=1788205134\",\"caption\":\"Fyno\"},\"description\":\"A sua fonte de informa\u00e7\u00e3o.\",\"url\":\"https:\\\/\\\/fyno.pt\\\/pt\\\/author\\\/fynopt\\\/\"}]}<\/script>\n<!-- \/ Yoast SEO Premium plugin. -->","yoast_head_json":{"title":"Marcelo Rossiter transforma o forr\u00f3 em ponte entre gera\u00e7\u00f5es e reafirma compromisso com a cultura nordestina - Fyno","robots":{"index":"index","follow":"follow","max-snippet":"max-snippet:-1","max-image-preview":"max-image-preview:large","max-video-preview":"max-video-preview:-1"},"canonical":"https:\/\/fyno.pt\/pt\/musica\/marcelo-rossiter-transforma-o-forro-em-ponte-entre-geracoes-e-reafirma-compromisso-com-a-cultura-nordestina\/","og_locale":"pt_PT","og_type":"article","og_title":"Marcelo Rossiter transforma o forr\u00f3 em ponte entre gera\u00e7\u00f5es e reafirma compromisso com a cultura nordestina","og_description":"H\u00e1 artistas que encontram na m\u00fasica uma profiss\u00e3o. Outros fazem dela uma forma de preservar hist\u00f3rias. A trajet\u00f3ria de Marcelo Rossiter se aproxima desse segundo caminho: cantor, compositor e produtor cultural pernambucano, ele vem construindo uma carreira ligada ao forr\u00f3 e \u00e0 cultura nordestina, ao mesmo tempo em que amplia sua atua\u00e7\u00e3o para a comunica\u00e7\u00e3o [&hellip;]","og_url":"https:\/\/fyno.pt\/pt\/musica\/marcelo-rossiter-transforma-o-forro-em-ponte-entre-geracoes-e-reafirma-compromisso-com-a-cultura-nordestina\/","og_site_name":"Fyno","article_published_time":"2026-08-30T21:41:36+00:00","article_modified_time":"2026-08-30T21:44:07+00:00","og_image":[{"width":1125,"height":605,"url":"https:\/\/fyno.pt\/wp-content\/uploads\/2026\/08\/IMG_1133.jpeg","type":"image\/jpeg"}],"author":"Fyno","twitter_card":"summary_large_image","twitter_misc":{"Escrito por":"Fyno","Tempo estimado de leitura":"6 minutos"},"schema":{"@context":"https:\/\/schema.org","@graph":[{"@type":"Article","@id":"https:\/\/fyno.pt\/musica\/marcelo-rossiter-transforma-o-forro-em-ponte-entre-geracoes-e-reafirma-compromisso-com-a-cultura-nordestina\/#article","isPartOf":{"@id":"https:\/\/fyno.pt\/musica\/marcelo-rossiter-transforma-o-forro-em-ponte-entre-geracoes-e-reafirma-compromisso-com-a-cultura-nordestina\/"},"author":{"name":"Fyno","@id":"https:\/\/fyno.pt\/#\/schema\/person\/ab5b330ed5ed05f1b4a7b8e438f68187"},"headline":"Marcelo Rossiter transforma o forr\u00f3 em ponte entre gera\u00e7\u00f5es e reafirma compromisso com a cultura nordestina","datePublished":"2026-08-30T21:41:36+00:00","dateModified":"2026-08-30T21:44:07+00:00","mainEntityOfPage":{"@id":"https:\/\/fyno.pt\/musica\/marcelo-rossiter-transforma-o-forro-em-ponte-entre-geracoes-e-reafirma-compromisso-com-a-cultura-nordestina\/"},"wordCount":1094,"image":{"@id":"https:\/\/fyno.pt\/musica\/marcelo-rossiter-transforma-o-forro-em-ponte-entre-geracoes-e-reafirma-compromisso-com-a-cultura-nordestina\/#primaryimage"},"thumbnailUrl":"https:\/\/fyno.pt\/wp-content\/uploads\/2026\/08\/IMG_1133.jpeg","keywords":["A Feira de Caruaru","Azul\u00e3o","Azulinho","cantor Marcelo Rossiter","Caruaru","Caruaru do Passado","Cultura Nordestina","forr\u00f3","Forr\u00f3 com Caf\u00e9","forr\u00f3 tradicional","Gonzag\u00e3o Online","Luiz Gonzaga","Marcelo Rossiter","M\u00fasica Brasileira","m\u00fasica de Caruaru","m\u00fasica nordestina","Onildo Almeida","produtor cultural"],"articleSection":["M\u00fasica"],"inLanguage":"pt-PT"},{"@type":"WebPage","@id":"https:\/\/fyno.pt\/musica\/marcelo-rossiter-transforma-o-forro-em-ponte-entre-geracoes-e-reafirma-compromisso-com-a-cultura-nordestina\/","url":"https:\/\/fyno.pt\/musica\/marcelo-rossiter-transforma-o-forro-em-ponte-entre-geracoes-e-reafirma-compromisso-com-a-cultura-nordestina\/","name":"Marcelo Rossiter transforma o forr\u00f3 em ponte entre gera\u00e7\u00f5es e reafirma compromisso com a cultura nordestina - Fyno","isPartOf":{"@id":"https:\/\/fyno.pt\/#website"},"primaryImageOfPage":{"@id":"https:\/\/fyno.pt\/musica\/marcelo-rossiter-transforma-o-forro-em-ponte-entre-geracoes-e-reafirma-compromisso-com-a-cultura-nordestina\/#primaryimage"},"image":{"@id":"https:\/\/fyno.pt\/musica\/marcelo-rossiter-transforma-o-forro-em-ponte-entre-geracoes-e-reafirma-compromisso-com-a-cultura-nordestina\/#primaryimage"},"thumbnailUrl":"https:\/\/fyno.pt\/wp-content\/uploads\/2026\/08\/IMG_1133.jpeg","datePublished":"2026-08-30T21:41:36+00:00","dateModified":"2026-08-30T21:44:07+00:00","author":{"@id":"https:\/\/fyno.pt\/#\/schema\/person\/ab5b330ed5ed05f1b4a7b8e438f68187"},"breadcrumb":{"@id":"https:\/\/fyno.pt\/musica\/marcelo-rossiter-transforma-o-forro-em-ponte-entre-geracoes-e-reafirma-compromisso-com-a-cultura-nordestina\/#breadcrumb"},"inLanguage":"pt-PT","potentialAction":[{"@type":"ReadAction","target":["https:\/\/fyno.pt\/musica\/marcelo-rossiter-transforma-o-forro-em-ponte-entre-geracoes-e-reafirma-compromisso-com-a-cultura-nordestina\/"]}]},{"@type":"ImageObject","inLanguage":"pt-PT","@id":"https:\/\/fyno.pt\/musica\/marcelo-rossiter-transforma-o-forro-em-ponte-entre-geracoes-e-reafirma-compromisso-com-a-cultura-nordestina\/#primaryimage","url":"https:\/\/fyno.pt\/wp-content\/uploads\/2026\/08\/IMG_1133.jpeg","contentUrl":"https:\/\/fyno.pt\/wp-content\/uploads\/2026\/08\/IMG_1133.jpeg","width":1125,"height":605,"caption":"Foto Reprodu\u00e7\u00e3o"},{"@type":"BreadcrumbList","@id":"https:\/\/fyno.pt\/musica\/marcelo-rossiter-transforma-o-forro-em-ponte-entre-geracoes-e-reafirma-compromisso-com-a-cultura-nordestina\/#breadcrumb","itemListElement":[{"@type":"ListItem","position":1,"name":"In\u00edcio","item":"https:\/\/fyno.pt\/"},{"@type":"ListItem","position":2,"name":"Marcelo Rossiter transforma o forr\u00f3 em ponte entre gera\u00e7\u00f5es e reafirma compromisso com a cultura nordestina"}]},{"@type":"WebSite","@id":"https:\/\/fyno.pt\/#website","url":"https:\/\/fyno.pt\/","name":"Fyno","description":"Not\u00edcia e informa\u00e7\u00e3o","potentialAction":[{"@type":"SearchAction","target":{"@type":"EntryPoint","urlTemplate":"https:\/\/fyno.pt\/?s={search_term_string}"},"query-input":{"@type":"PropertyValueSpecification","valueRequired":true,"valueName":"search_term_string"}}],"inLanguage":"pt-PT"},{"@type":"Person","@id":"https:\/\/fyno.pt\/#\/schema\/person\/ab5b330ed5ed05f1b4a7b8e438f68187","name":"Fyno","image":{"@type":"ImageObject","inLanguage":"pt-PT","@id":"https:\/\/fyno.pt\/wp-content\/litespeed\/avatar\/8f51870e8d94c234e288da840d914372.jpg?ver=1788205134","url":"https:\/\/fyno.pt\/wp-content\/litespeed\/avatar\/8f51870e8d94c234e288da840d914372.jpg?ver=1788205134","contentUrl":"https:\/\/fyno.pt\/wp-content\/litespeed\/avatar\/8f51870e8d94c234e288da840d914372.jpg?ver=1788205134","caption":"Fyno"},"description":"A sua fonte de informa\u00e7\u00e3o.","url":"https:\/\/fyno.pt\/pt\/author\/fynopt\/"}]}},"_links":{"self":[{"href":"https:\/\/fyno.pt\/pt\/wp-json\/wp\/v2\/posts\/43357","targetHints":{"allow":["GET"]}}],"collection":[{"href":"https:\/\/fyno.pt\/pt\/wp-json\/wp\/v2\/posts"}],"about":[{"href":"https:\/\/fyno.pt\/pt\/wp-json\/wp\/v2\/types\/post"}],"author":[{"embeddable":true,"href":"https:\/\/fyno.pt\/pt\/wp-json\/wp\/v2\/users\/9"}],"replies":[{"embeddable":true,"href":"https:\/\/fyno.pt\/pt\/wp-json\/wp\/v2\/comments?post=43357"}],"version-history":[{"count":2,"href":"https:\/\/fyno.pt\/pt\/wp-json\/wp\/v2\/posts\/43357\/revisions"}],"predecessor-version":[{"id":43360,"href":"https:\/\/fyno.pt\/pt\/wp-json\/wp\/v2\/posts\/43357\/revisions\/43360"}],"wp:featuredmedia":[{"embeddable":true,"href":"https:\/\/fyno.pt\/pt\/wp-json\/wp\/v2\/media\/43359"}],"wp:attachment":[{"href":"https:\/\/fyno.pt\/pt\/wp-json\/wp\/v2\/media?parent=43357"}],"wp:term":[{"taxonomy":"category","embeddable":true,"href":"https:\/\/fyno.pt\/pt\/wp-json\/wp\/v2\/categories?post=43357"},{"taxonomy":"post_tag","embeddable":true,"href":"https:\/\/fyno.pt\/pt\/wp-json\/wp\/v2\/tags?post=43357"}],"curies":[{"name":"wp","href":"https:\/\/api.w.org\/{rel}","templated":true}]}}