{"id":43353,"date":"2026-08-30T17:25:43","date_gmt":"2026-08-30T20:25:43","guid":{"rendered":"https:\/\/fyno.pt\/?p=43353"},"modified":"2026-08-30T17:25:43","modified_gmt":"2026-08-30T20:25:43","slug":"wagner-baroni-transforma-tres-decadas-de-experiencia-em-comunicacao-em-atuacao-voltada-a-formacao-de-lideres","status":"publish","type":"post","link":"https:\/\/fyno.pt\/pt\/entretenimento\/wagner-baroni-transforma-tres-decadas-de-experiencia-em-comunicacao-em-atuacao-voltada-a-formacao-de-lideres\/","title":{"rendered":"Wagner Baroni transforma tr\u00eas d\u00e9cadas de experi\u00eancia em comunica\u00e7\u00e3o em atua\u00e7\u00e3o voltada \u00e0 forma\u00e7\u00e3o de l\u00edderes"},"content":{"rendered":"<p class=\"p1\"><strong><em>Empres\u00e1rio, apresentador e mentor, profissional re\u00fane passagens pela televis\u00e3o e pelo r\u00e1dio, experi\u00eancia empresarial e mais de 4 mil pessoas treinadas no Brasil e no exterior<\/em><\/strong><\/p>\n\n\n\n<p class=\"p4\">A comunica\u00e7\u00e3o deixou de ser apenas uma habilidade desej\u00e1vel no ambiente profissional e passou a ocupar espa\u00e7o estrat\u00e9gico na forma\u00e7\u00e3o de l\u00edderes, na gest\u00e3o de equipes e na constru\u00e7\u00e3o de relacionamentos. \u00c9 nesse cen\u00e1rio que o trabalho desenvolvido por <strong>Wagner Baroni<\/strong> ganhou dimens\u00e3o nos \u00faltimos anos.<\/p>\n\n\n\n<p class=\"p4\">Empres\u00e1rio, palestrante, apresentador, analista comportamental e mentor especializado em comunica\u00e7\u00e3o, comportamento e lideran\u00e7a, Baroni re\u00fane cerca de tr\u00eas d\u00e9cadas de experi\u00eancia em diferentes \u00e1reas da comunica\u00e7\u00e3o e do entretenimento. Sua trajet\u00f3ria inclui trabalhos em r\u00e1dio e televis\u00e3o no Brasil e nos Estados Unidos, al\u00e9m da atua\u00e7\u00e3o empresarial e na forma\u00e7\u00e3o de profissionais.&nbsp;<\/p>\n\n\n\n<p class=\"p4\">A experi\u00eancia diante das c\u00e2meras foi acompanhada por uma atua\u00e7\u00e3o cada vez mais direcionada ao desenvolvimento humano e profissional. Hoje, Baroni trabalha com comunica\u00e7\u00e3o, orat\u00f3ria, lideran\u00e7a, gest\u00e3o de pessoas e treinamento corporativo, atendendo profissionais de diferentes setores.<\/p>\n\n\n\n<h3 class=\"wp-block-heading\"><strong>Da televis\u00e3o aos treinamentos corporativos<\/strong><\/h3>\n\n\n\n<p class=\"p4\">Ao longo da carreira, Baroni esteve envolvido em projetos de televis\u00e3o e entretenimento que ajudaram a construir sua experi\u00eancia como comunicador. Entre os trabalhos destacados em sua trajet\u00f3ria est\u00e3o a participa\u00e7\u00e3o na bancada do <strong>Teleton, do SBT, durante tr\u00eas anos<\/strong>, e participa\u00e7\u00f5es como jurado no programa <strong>Raul Gil<\/strong>.<\/p>\n\n\n\n<p class=\"p4\">Tamb\u00e9m realizou trabalhos de dublagem e narra\u00e7\u00e3o para produ\u00e7\u00f5es exibidas por canais como Fox, Fox Life, National Geographic, Nat Geo Wild, Canal E e TrueTV. Segundo informa\u00e7\u00f5es divulgadas pelo pr\u00f3prio profissional, sua experi\u00eancia tamb\u00e9m inclui a organiza\u00e7\u00e3o de grandes eventos, alguns deles com p\u00fablicos pr\u00f3ximos de 1 milh\u00e3o de pessoas.&nbsp;<\/p>\n\n\n\n<p class=\"p4\">A passagem pelo entretenimento acabou se tornando parte da base de uma nova frente profissional: ensinar outras pessoas a se comunicar melhor.<\/p>\n\n\n\n<h3 class=\"wp-block-heading\"><strong>Comunica\u00e7\u00e3o como instrumento de lideran\u00e7a<\/strong><\/h3>\n\n\n\n<figure class=\"wp-block-image size-large\"><img fetchpriority=\"high\" decoding=\"async\" width=\"858\" height=\"1024\" src=\"https:\/\/fyno.pt\/wp-content\/uploads\/2026\/08\/img_1119-858x1024.jpeg\" class=\"wp-image-43351\" srcset=\"https:\/\/fyno.pt\/wp-content\/uploads\/2026\/08\/img_1119-858x1024.jpeg 858w, https:\/\/fyno.pt\/wp-content\/uploads\/2026\/08\/img_1119-251x300.jpeg 251w, https:\/\/fyno.pt\/wp-content\/uploads\/2026\/08\/img_1119-768x917.jpeg 768w, https:\/\/fyno.pt\/wp-content\/uploads\/2026\/08\/img_1119-10x12.jpeg 10w, https:\/\/fyno.pt\/wp-content\/uploads\/2026\/08\/img_1119-750x895.jpeg 750w, https:\/\/fyno.pt\/wp-content\/uploads\/2026\/08\/img_1119.jpeg 1125w\" sizes=\"(max-width: 858px) 100vw, 858px\" \/><\/figure>\n\n\n\n<p class=\"p4\">Em seus programas de forma\u00e7\u00e3o, Baroni trabalha a comunica\u00e7\u00e3o como uma compet\u00eancia diretamente relacionada \u00e0 lideran\u00e7a. A proposta parte da compreens\u00e3o de que saber transmitir uma ideia, ouvir, conduzir conversas e adaptar a linguagem \u00e0s diferentes pessoas s\u00e3o habilidades importantes para quem ocupa posi\u00e7\u00f5es de lideran\u00e7a.<\/p>\n\n\n\n<p class=\"p4\">Sua atua\u00e7\u00e3o inclui programas de <strong>orat\u00f3ria, desenvolvimento de lideran\u00e7a, treinamento corporativo, gest\u00e3o de mudan\u00e7as e integra\u00e7\u00e3o de equipes<\/strong>, de acordo com seu perfil profissional.&nbsp;<\/p>\n\n\n\n<p class=\"p4\">A abordagem tamb\u00e9m aparece em seus conte\u00fados sobre lideran\u00e7a. Em artigo publicado no LinkedIn, Baroni defende que l\u00edderes tecnicamente preparados podem enfrentar dificuldades quando n\u00e3o conseguem se comunicar de maneira clara com suas equipes.&nbsp;<\/p>\n\n\n\n<p class=\"p4\">Para ele, comunica\u00e7\u00e3o e lideran\u00e7a s\u00e3o compet\u00eancias que caminham juntas.<\/p>\n\n\n\n<h3 class=\"wp-block-heading\"><strong>Mais de 4 mil alunos<\/strong><\/h3>\n\n\n\n<p class=\"p4\">A experi\u00eancia acumulada tamb\u00e9m se transformou em uma frente de forma\u00e7\u00e3o profissional. De acordo com informa\u00e7\u00f5es divulgadas em seu site, Baroni j\u00e1 treinou <strong>mais de 4 mil alunos no Brasil, nos Estados Unidos e na Europa<\/strong>.<\/p>\n\n\n\n<p class=\"p4\">Entre os profissionais que participam de seus treinamentos est\u00e3o empres\u00e1rios, advogados, empreendedores, arquitetos, professores, vendedores, influenciadores e profissionais de diferentes segmentos interessados em desenvolver comunica\u00e7\u00e3o e lideran\u00e7a.&nbsp;<\/p>\n\n\n\n<p class=\"p4\">Al\u00e9m da forma\u00e7\u00e3o individual, o trabalho \u00e9 direcionado a empresas que buscam desenvolver gestores e equipes. Entre os temas oferecidos est\u00e3o lideran\u00e7a, comunica\u00e7\u00e3o, comportamento, vendas e contrata\u00e7\u00e3o baseada em aspectos comportamentais.&nbsp;<\/p>\n\n\n\n<h3 class=\"wp-block-heading\"><strong>A experi\u00eancia empresarial<\/strong><\/h3>\n\n\n\n<p class=\"p4\">A atua\u00e7\u00e3o de Baroni n\u00e3o se limita ao treinamento. Ele tamb\u00e9m construiu uma trajet\u00f3ria na gest\u00e3o de neg\u00f3cios e, segundo seu perfil profissional, atualmente ocupa a posi\u00e7\u00e3o de CEO de tr\u00eas empresas. A experi\u00eancia como gestor passou a integrar seu trabalho como trainer corporativo e mentor de l\u00edderes.&nbsp;<\/p>\n\n\n\n<p class=\"p4\">Essa combina\u00e7\u00e3o entre comunica\u00e7\u00e3o e gest\u00e3o \u00e9 um dos elementos centrais de sua atua\u00e7\u00e3o atual. Em vez de tratar a lideran\u00e7a apenas como uma posi\u00e7\u00e3o hier\u00e1rquica, seu trabalho aborda aspectos comportamentais, relacionamento com equipes, comunica\u00e7\u00e3o e capacidade de influ\u00eancia.<\/p>\n\n\n\n<h3 class=\"wp-block-heading\"><strong>Um comunicador diante das mudan\u00e7as do mercado<\/strong><\/h3>\n\n\n\n<p class=\"p4\">A transforma\u00e7\u00e3o do papel do comunicador tamb\u00e9m faz parte das reflex\u00f5es de Baroni. Em entrevista concedida \u00e0 Faculdade de Jornalismo da PUC-Campinas, em 2025, ele falou sobre as mudan\u00e7as provocadas pelas novas tecnologias e pelas novas gera\u00e7\u00f5es, al\u00e9m do desafio de preservar autenticidade em um ambiente marcado pela velocidade das informa\u00e7\u00f5es.&nbsp;<\/p>\n\n\n\n<p class=\"p4\">A discuss\u00e3o resume parte da pr\u00f3pria trajet\u00f3ria do profissional: algu\u00e9m que come\u00e7ou sua carreira em meios tradicionais de comunica\u00e7\u00e3o e acompanhou a transforma\u00e7\u00e3o do mercado at\u00e9 a era das redes sociais, dos podcasts e da comunica\u00e7\u00e3o digital.<\/p>\n\n\n\n<p class=\"p4\">Ao longo desse percurso, a proposta permaneceu ligada a um mesmo princ\u00edpio: <strong>a capacidade de se comunicar pode determinar a maneira como uma pessoa lidera, influencia e estabelece rela\u00e7\u00f5es<\/strong>.<\/p>\n\n\n\n<p class=\"p4\">\u00c9 a partir dessa vis\u00e3o que Wagner Baroni consolidou sua atua\u00e7\u00e3o atual, conectando experi\u00eancias acumuladas no r\u00e1dio, na televis\u00e3o, no entretenimento e no mundo empresarial a um trabalho voltado \u00e0 forma\u00e7\u00e3o de profissionais e l\u00edderes.<\/p>\n\n\n\n<p class=\"p5\"><strong>Hoje, sua carreira se estrutura justamente nessa interse\u00e7\u00e3o entre comunica\u00e7\u00e3o, comportamento e lideran\u00e7a \u00e1reas que passaram a ocupar um papel cada vez mais estrat\u00e9gico no ambiente profissional.<\/strong>&nbsp;<\/p>","protected":false},"excerpt":{"rendered":"<p>Empres\u00e1rio, apresentador e mentor, profissional re\u00fane passagens pela televis\u00e3o e pelo r\u00e1dio, experi\u00eancia empresarial e mais de 4 mil pessoas treinadas no Brasil e no exterior A comunica\u00e7\u00e3o deixou de ser apenas uma habilidade desej\u00e1vel no ambiente profissional e passou a ocupar espa\u00e7o estrat\u00e9gico na forma\u00e7\u00e3o de l\u00edderes, na gest\u00e3o de equipes e na constru\u00e7\u00e3o [&hellip;]<\/p>\n","protected":false},"author":9,"featured_media":43352,"comment_status":"closed","ping_status":"open","sticky":false,"template":"","format":"standard","meta":{"footnotes":""},"categories":[47],"tags":[1742,1744,1746,1755,1756,1721,1125,1754,1151,1753,1757,1741,1743,1748,1750,1749,1752,1751,1747,1745],"class_list":["post-43353","post","type-post","status-publish","format-standard","has-post-thumbnail","hentry","category-entretenimento","tag-analista-comportamental","tag-apresentador","tag-comunicacao-e-lideranca","tag-comunicacao-profissional","tag-desenvolvimento-de-lideranca","tag-desenvolvimento-profissional","tag-empresario","tag-gestao-de-pessoas","tag-lideranca-empresarial","tag-mentor-de-lideres","tag-treinamento-corporativo","tag-wagner-baroni","tag-wagner-baroni-apresentador","tag-wagner-baroni-comportamento","tag-wagner-baroni-comunicacao","tag-wagner-baroni-empresario","tag-wagner-baroni-lideranca","tag-wagner-baroni-mentor","tag-wagner-baroni-oratoria","tag-wagner-baroni-palestrante"],"yoast_head":"<!-- This site is optimized with the Yoast SEO Premium plugin v27.9 (Yoast SEO v27.9) - https:\/\/yoast.com\/product\/yoast-seo-premium-wordpress\/ -->\n<title>Wagner Baroni transforma tr\u00eas d\u00e9cadas de experi\u00eancia em comunica\u00e7\u00e3o em atua\u00e7\u00e3o voltada \u00e0 forma\u00e7\u00e3o de l\u00edderes - Fyno<\/title>\n<meta name=\"robots\" content=\"index, follow, max-snippet:-1, max-image-preview:large, max-video-preview:-1\" \/>\n<link rel=\"canonical\" href=\"https:\/\/fyno.pt\/pt\/entretenimento\/wagner-baroni-transforma-tres-decadas-de-experiencia-em-comunicacao-em-atuacao-voltada-a-formacao-de-lideres\/\" \/>\n<meta property=\"og:locale\" content=\"pt_PT\" \/>\n<meta property=\"og:type\" content=\"article\" \/>\n<meta property=\"og:title\" content=\"Wagner Baroni transforma tr\u00eas d\u00e9cadas de experi\u00eancia em comunica\u00e7\u00e3o em atua\u00e7\u00e3o voltada \u00e0 forma\u00e7\u00e3o de l\u00edderes\" \/>\n<meta property=\"og:description\" content=\"Empres\u00e1rio, apresentador e mentor, profissional re\u00fane passagens pela televis\u00e3o e pelo r\u00e1dio, experi\u00eancia empresarial e mais de 4 mil pessoas treinadas no Brasil e no exterior A comunica\u00e7\u00e3o deixou de ser apenas uma habilidade desej\u00e1vel no ambiente profissional e passou a ocupar espa\u00e7o estrat\u00e9gico na forma\u00e7\u00e3o de l\u00edderes, na gest\u00e3o de equipes e na constru\u00e7\u00e3o [&hellip;]\" \/>\n<meta property=\"og:url\" content=\"https:\/\/fyno.pt\/pt\/entretenimento\/wagner-baroni-transforma-tres-decadas-de-experiencia-em-comunicacao-em-atuacao-voltada-a-formacao-de-lideres\/\" \/>\n<meta property=\"og:site_name\" content=\"Fyno\" \/>\n<meta property=\"article:published_time\" content=\"2026-08-30T20:25:43+00:00\" \/>\n<meta property=\"og:image\" content=\"https:\/\/fyno.pt\/wp-content\/uploads\/2026\/08\/img_1120.jpeg\" \/>\n\t<meta property=\"og:image:width\" content=\"1125\" \/>\n\t<meta property=\"og:image:height\" content=\"587\" \/>\n\t<meta property=\"og:image:type\" content=\"image\/jpeg\" \/>\n<meta name=\"author\" content=\"Fyno\" \/>\n<meta name=\"twitter:card\" content=\"summary_large_image\" \/>\n<meta name=\"twitter:label1\" content=\"Escrito por\" \/>\n\t<meta name=\"twitter:data1\" content=\"Fyno\" \/>\n\t<meta name=\"twitter:label2\" content=\"Tempo estimado de leitura\" \/>\n\t<meta name=\"twitter:data2\" content=\"5 minutos\" \/>\n<script type=\"application\/ld+json\" class=\"yoast-schema-graph\">{\"@context\":\"https:\\\/\\\/schema.org\",\"@graph\":[{\"@type\":\"Article\",\"@id\":\"https:\\\/\\\/fyno.pt\\\/entretenimento\\\/wagner-baroni-transforma-tres-decadas-de-experiencia-em-comunicacao-em-atuacao-voltada-a-formacao-de-lideres\\\/#article\",\"isPartOf\":{\"@id\":\"https:\\\/\\\/fyno.pt\\\/entretenimento\\\/wagner-baroni-transforma-tres-decadas-de-experiencia-em-comunicacao-em-atuacao-voltada-a-formacao-de-lideres\\\/\"},\"author\":{\"name\":\"Fyno\",\"@id\":\"https:\\\/\\\/fyno.pt\\\/#\\\/schema\\\/person\\\/ab5b330ed5ed05f1b4a7b8e438f68187\"},\"headline\":\"Wagner Baroni transforma tr\u00eas d\u00e9cadas de experi\u00eancia em comunica\u00e7\u00e3o em atua\u00e7\u00e3o voltada \u00e0 forma\u00e7\u00e3o de l\u00edderes\",\"datePublished\":\"2026-08-30T20:25:43+00:00\",\"mainEntityOfPage\":{\"@id\":\"https:\\\/\\\/fyno.pt\\\/entretenimento\\\/wagner-baroni-transforma-tres-decadas-de-experiencia-em-comunicacao-em-atuacao-voltada-a-formacao-de-lideres\\\/\"},\"wordCount\":942,\"image\":{\"@id\":\"https:\\\/\\\/fyno.pt\\\/entretenimento\\\/wagner-baroni-transforma-tres-decadas-de-experiencia-em-comunicacao-em-atuacao-voltada-a-formacao-de-lideres\\\/#primaryimage\"},\"thumbnailUrl\":\"https:\\\/\\\/fyno.pt\\\/wp-content\\\/uploads\\\/2026\\\/08\\\/img_1120.jpeg\",\"keywords\":[\"analista comportamental\",\"apresentador\",\"comunica\u00e7\u00e3o e lideran\u00e7a\",\"comunica\u00e7\u00e3o profissional\",\"desenvolvimento de lideran\u00e7a\",\"desenvolvimento profissional\",\"empres\u00e1rio\",\"gest\u00e3o de pessoas\",\"lideran\u00e7a empresarial\",\"mentor de l\u00edderes\",\"treinamento corporativo\",\"Wagner Baroni\",\"Wagner Baroni apresentador\",\"Wagner Baroni comportamento\",\"Wagner Baroni comunica\u00e7\u00e3o\",\"Wagner Baroni empres\u00e1rio\",\"Wagner Baroni lideran\u00e7a\",\"Wagner Baroni mentor\",\"Wagner Baroni orat\u00f3ria\",\"Wagner Baroni palestrante\"],\"articleSection\":[\"Entretenimento\"],\"inLanguage\":\"pt-PT\"},{\"@type\":\"WebPage\",\"@id\":\"https:\\\/\\\/fyno.pt\\\/entretenimento\\\/wagner-baroni-transforma-tres-decadas-de-experiencia-em-comunicacao-em-atuacao-voltada-a-formacao-de-lideres\\\/\",\"url\":\"https:\\\/\\\/fyno.pt\\\/entretenimento\\\/wagner-baroni-transforma-tres-decadas-de-experiencia-em-comunicacao-em-atuacao-voltada-a-formacao-de-lideres\\\/\",\"name\":\"Wagner Baroni transforma tr\u00eas d\u00e9cadas de experi\u00eancia em comunica\u00e7\u00e3o em atua\u00e7\u00e3o voltada \u00e0 forma\u00e7\u00e3o de l\u00edderes - Fyno\",\"isPartOf\":{\"@id\":\"https:\\\/\\\/fyno.pt\\\/#website\"},\"primaryImageOfPage\":{\"@id\":\"https:\\\/\\\/fyno.pt\\\/entretenimento\\\/wagner-baroni-transforma-tres-decadas-de-experiencia-em-comunicacao-em-atuacao-voltada-a-formacao-de-lideres\\\/#primaryimage\"},\"image\":{\"@id\":\"https:\\\/\\\/fyno.pt\\\/entretenimento\\\/wagner-baroni-transforma-tres-decadas-de-experiencia-em-comunicacao-em-atuacao-voltada-a-formacao-de-lideres\\\/#primaryimage\"},\"thumbnailUrl\":\"https:\\\/\\\/fyno.pt\\\/wp-content\\\/uploads\\\/2026\\\/08\\\/img_1120.jpeg\",\"datePublished\":\"2026-08-30T20:25:43+00:00\",\"author\":{\"@id\":\"https:\\\/\\\/fyno.pt\\\/#\\\/schema\\\/person\\\/ab5b330ed5ed05f1b4a7b8e438f68187\"},\"breadcrumb\":{\"@id\":\"https:\\\/\\\/fyno.pt\\\/entretenimento\\\/wagner-baroni-transforma-tres-decadas-de-experiencia-em-comunicacao-em-atuacao-voltada-a-formacao-de-lideres\\\/#breadcrumb\"},\"inLanguage\":\"pt-PT\",\"potentialAction\":[{\"@type\":\"ReadAction\",\"target\":[\"https:\\\/\\\/fyno.pt\\\/entretenimento\\\/wagner-baroni-transforma-tres-decadas-de-experiencia-em-comunicacao-em-atuacao-voltada-a-formacao-de-lideres\\\/\"]}]},{\"@type\":\"ImageObject\",\"inLanguage\":\"pt-PT\",\"@id\":\"https:\\\/\\\/fyno.pt\\\/entretenimento\\\/wagner-baroni-transforma-tres-decadas-de-experiencia-em-comunicacao-em-atuacao-voltada-a-formacao-de-lideres\\\/#primaryimage\",\"url\":\"https:\\\/\\\/fyno.pt\\\/wp-content\\\/uploads\\\/2026\\\/08\\\/img_1120.jpeg\",\"contentUrl\":\"https:\\\/\\\/fyno.pt\\\/wp-content\\\/uploads\\\/2026\\\/08\\\/img_1120.jpeg\",\"width\":1125,\"height\":587,\"caption\":\"Foto Reprodu\u00e7\u00e3o.\"},{\"@type\":\"BreadcrumbList\",\"@id\":\"https:\\\/\\\/fyno.pt\\\/entretenimento\\\/wagner-baroni-transforma-tres-decadas-de-experiencia-em-comunicacao-em-atuacao-voltada-a-formacao-de-lideres\\\/#breadcrumb\",\"itemListElement\":[{\"@type\":\"ListItem\",\"position\":1,\"name\":\"In\u00edcio\",\"item\":\"https:\\\/\\\/fyno.pt\\\/\"},{\"@type\":\"ListItem\",\"position\":2,\"name\":\"Wagner Baroni transforma tr\u00eas d\u00e9cadas de experi\u00eancia em comunica\u00e7\u00e3o em atua\u00e7\u00e3o voltada \u00e0 forma\u00e7\u00e3o de l\u00edderes\"}]},{\"@type\":\"WebSite\",\"@id\":\"https:\\\/\\\/fyno.pt\\\/#website\",\"url\":\"https:\\\/\\\/fyno.pt\\\/\",\"name\":\"Fyno\",\"description\":\"Not\u00edcia e informa\u00e7\u00e3o\",\"potentialAction\":[{\"@type\":\"SearchAction\",\"target\":{\"@type\":\"EntryPoint\",\"urlTemplate\":\"https:\\\/\\\/fyno.pt\\\/?s={search_term_string}\"},\"query-input\":{\"@type\":\"PropertyValueSpecification\",\"valueRequired\":true,\"valueName\":\"search_term_string\"}}],\"inLanguage\":\"pt-PT\"},{\"@type\":\"Person\",\"@id\":\"https:\\\/\\\/fyno.pt\\\/#\\\/schema\\\/person\\\/ab5b330ed5ed05f1b4a7b8e438f68187\",\"name\":\"Fyno\",\"image\":{\"@type\":\"ImageObject\",\"inLanguage\":\"pt-PT\",\"@id\":\"https:\\\/\\\/fyno.pt\\\/wp-content\\\/litespeed\\\/avatar\\\/8f51870e8d94c234e288da840d914372.jpg?ver=1788205134\",\"url\":\"https:\\\/\\\/fyno.pt\\\/wp-content\\\/litespeed\\\/avatar\\\/8f51870e8d94c234e288da840d914372.jpg?ver=1788205134\",\"contentUrl\":\"https:\\\/\\\/fyno.pt\\\/wp-content\\\/litespeed\\\/avatar\\\/8f51870e8d94c234e288da840d914372.jpg?ver=1788205134\",\"caption\":\"Fyno\"},\"description\":\"A sua fonte de informa\u00e7\u00e3o.\",\"url\":\"https:\\\/\\\/fyno.pt\\\/pt\\\/author\\\/fynopt\\\/\"}]}<\/script>\n<!-- \/ Yoast SEO Premium plugin. -->","yoast_head_json":{"title":"Wagner Baroni transforma tr\u00eas d\u00e9cadas de experi\u00eancia em comunica\u00e7\u00e3o em atua\u00e7\u00e3o voltada \u00e0 forma\u00e7\u00e3o de l\u00edderes - Fyno","robots":{"index":"index","follow":"follow","max-snippet":"max-snippet:-1","max-image-preview":"max-image-preview:large","max-video-preview":"max-video-preview:-1"},"canonical":"https:\/\/fyno.pt\/pt\/entretenimento\/wagner-baroni-transforma-tres-decadas-de-experiencia-em-comunicacao-em-atuacao-voltada-a-formacao-de-lideres\/","og_locale":"pt_PT","og_type":"article","og_title":"Wagner Baroni transforma tr\u00eas d\u00e9cadas de experi\u00eancia em comunica\u00e7\u00e3o em atua\u00e7\u00e3o voltada \u00e0 forma\u00e7\u00e3o de l\u00edderes","og_description":"Empres\u00e1rio, apresentador e mentor, profissional re\u00fane passagens pela televis\u00e3o e pelo r\u00e1dio, experi\u00eancia empresarial e mais de 4 mil pessoas treinadas no Brasil e no exterior A comunica\u00e7\u00e3o deixou de ser apenas uma habilidade desej\u00e1vel no ambiente profissional e passou a ocupar espa\u00e7o estrat\u00e9gico na forma\u00e7\u00e3o de l\u00edderes, na gest\u00e3o de equipes e na constru\u00e7\u00e3o [&hellip;]","og_url":"https:\/\/fyno.pt\/pt\/entretenimento\/wagner-baroni-transforma-tres-decadas-de-experiencia-em-comunicacao-em-atuacao-voltada-a-formacao-de-lideres\/","og_site_name":"Fyno","article_published_time":"2026-08-30T20:25:43+00:00","og_image":[{"width":1125,"height":587,"url":"https:\/\/fyno.pt\/wp-content\/uploads\/2026\/08\/img_1120.jpeg","type":"image\/jpeg"}],"author":"Fyno","twitter_card":"summary_large_image","twitter_misc":{"Escrito por":"Fyno","Tempo estimado de leitura":"5 minutos"},"schema":{"@context":"https:\/\/schema.org","@graph":[{"@type":"Article","@id":"https:\/\/fyno.pt\/entretenimento\/wagner-baroni-transforma-tres-decadas-de-experiencia-em-comunicacao-em-atuacao-voltada-a-formacao-de-lideres\/#article","isPartOf":{"@id":"https:\/\/fyno.pt\/entretenimento\/wagner-baroni-transforma-tres-decadas-de-experiencia-em-comunicacao-em-atuacao-voltada-a-formacao-de-lideres\/"},"author":{"name":"Fyno","@id":"https:\/\/fyno.pt\/#\/schema\/person\/ab5b330ed5ed05f1b4a7b8e438f68187"},"headline":"Wagner Baroni transforma tr\u00eas d\u00e9cadas de experi\u00eancia em comunica\u00e7\u00e3o em atua\u00e7\u00e3o voltada \u00e0 forma\u00e7\u00e3o de l\u00edderes","datePublished":"2026-08-30T20:25:43+00:00","mainEntityOfPage":{"@id":"https:\/\/fyno.pt\/entretenimento\/wagner-baroni-transforma-tres-decadas-de-experiencia-em-comunicacao-em-atuacao-voltada-a-formacao-de-lideres\/"},"wordCount":942,"image":{"@id":"https:\/\/fyno.pt\/entretenimento\/wagner-baroni-transforma-tres-decadas-de-experiencia-em-comunicacao-em-atuacao-voltada-a-formacao-de-lideres\/#primaryimage"},"thumbnailUrl":"https:\/\/fyno.pt\/wp-content\/uploads\/2026\/08\/img_1120.jpeg","keywords":["analista comportamental","apresentador","comunica\u00e7\u00e3o e lideran\u00e7a","comunica\u00e7\u00e3o profissional","desenvolvimento de lideran\u00e7a","desenvolvimento profissional","empres\u00e1rio","gest\u00e3o de pessoas","lideran\u00e7a empresarial","mentor de l\u00edderes","treinamento corporativo","Wagner Baroni","Wagner Baroni apresentador","Wagner Baroni comportamento","Wagner Baroni comunica\u00e7\u00e3o","Wagner Baroni empres\u00e1rio","Wagner Baroni lideran\u00e7a","Wagner Baroni mentor","Wagner Baroni orat\u00f3ria","Wagner Baroni palestrante"],"articleSection":["Entretenimento"],"inLanguage":"pt-PT"},{"@type":"WebPage","@id":"https:\/\/fyno.pt\/entretenimento\/wagner-baroni-transforma-tres-decadas-de-experiencia-em-comunicacao-em-atuacao-voltada-a-formacao-de-lideres\/","url":"https:\/\/fyno.pt\/entretenimento\/wagner-baroni-transforma-tres-decadas-de-experiencia-em-comunicacao-em-atuacao-voltada-a-formacao-de-lideres\/","name":"Wagner Baroni transforma tr\u00eas d\u00e9cadas de experi\u00eancia em comunica\u00e7\u00e3o em atua\u00e7\u00e3o voltada \u00e0 forma\u00e7\u00e3o de l\u00edderes - Fyno","isPartOf":{"@id":"https:\/\/fyno.pt\/#website"},"primaryImageOfPage":{"@id":"https:\/\/fyno.pt\/entretenimento\/wagner-baroni-transforma-tres-decadas-de-experiencia-em-comunicacao-em-atuacao-voltada-a-formacao-de-lideres\/#primaryimage"},"image":{"@id":"https:\/\/fyno.pt\/entretenimento\/wagner-baroni-transforma-tres-decadas-de-experiencia-em-comunicacao-em-atuacao-voltada-a-formacao-de-lideres\/#primaryimage"},"thumbnailUrl":"https:\/\/fyno.pt\/wp-content\/uploads\/2026\/08\/img_1120.jpeg","datePublished":"2026-08-30T20:25:43+00:00","author":{"@id":"https:\/\/fyno.pt\/#\/schema\/person\/ab5b330ed5ed05f1b4a7b8e438f68187"},"breadcrumb":{"@id":"https:\/\/fyno.pt\/entretenimento\/wagner-baroni-transforma-tres-decadas-de-experiencia-em-comunicacao-em-atuacao-voltada-a-formacao-de-lideres\/#breadcrumb"},"inLanguage":"pt-PT","potentialAction":[{"@type":"ReadAction","target":["https:\/\/fyno.pt\/entretenimento\/wagner-baroni-transforma-tres-decadas-de-experiencia-em-comunicacao-em-atuacao-voltada-a-formacao-de-lideres\/"]}]},{"@type":"ImageObject","inLanguage":"pt-PT","@id":"https:\/\/fyno.pt\/entretenimento\/wagner-baroni-transforma-tres-decadas-de-experiencia-em-comunicacao-em-atuacao-voltada-a-formacao-de-lideres\/#primaryimage","url":"https:\/\/fyno.pt\/wp-content\/uploads\/2026\/08\/img_1120.jpeg","contentUrl":"https:\/\/fyno.pt\/wp-content\/uploads\/2026\/08\/img_1120.jpeg","width":1125,"height":587,"caption":"Foto Reprodu\u00e7\u00e3o."},{"@type":"BreadcrumbList","@id":"https:\/\/fyno.pt\/entretenimento\/wagner-baroni-transforma-tres-decadas-de-experiencia-em-comunicacao-em-atuacao-voltada-a-formacao-de-lideres\/#breadcrumb","itemListElement":[{"@type":"ListItem","position":1,"name":"In\u00edcio","item":"https:\/\/fyno.pt\/"},{"@type":"ListItem","position":2,"name":"Wagner Baroni transforma tr\u00eas d\u00e9cadas de experi\u00eancia em comunica\u00e7\u00e3o em atua\u00e7\u00e3o voltada \u00e0 forma\u00e7\u00e3o de l\u00edderes"}]},{"@type":"WebSite","@id":"https:\/\/fyno.pt\/#website","url":"https:\/\/fyno.pt\/","name":"Fyno","description":"Not\u00edcia e informa\u00e7\u00e3o","potentialAction":[{"@type":"SearchAction","target":{"@type":"EntryPoint","urlTemplate":"https:\/\/fyno.pt\/?s={search_term_string}"},"query-input":{"@type":"PropertyValueSpecification","valueRequired":true,"valueName":"search_term_string"}}],"inLanguage":"pt-PT"},{"@type":"Person","@id":"https:\/\/fyno.pt\/#\/schema\/person\/ab5b330ed5ed05f1b4a7b8e438f68187","name":"Fyno","image":{"@type":"ImageObject","inLanguage":"pt-PT","@id":"https:\/\/fyno.pt\/wp-content\/litespeed\/avatar\/8f51870e8d94c234e288da840d914372.jpg?ver=1788205134","url":"https:\/\/fyno.pt\/wp-content\/litespeed\/avatar\/8f51870e8d94c234e288da840d914372.jpg?ver=1788205134","contentUrl":"https:\/\/fyno.pt\/wp-content\/litespeed\/avatar\/8f51870e8d94c234e288da840d914372.jpg?ver=1788205134","caption":"Fyno"},"description":"A sua fonte de informa\u00e7\u00e3o.","url":"https:\/\/fyno.pt\/pt\/author\/fynopt\/"}]}},"_links":{"self":[{"href":"https:\/\/fyno.pt\/pt\/wp-json\/wp\/v2\/posts\/43353","targetHints":{"allow":["GET"]}}],"collection":[{"href":"https:\/\/fyno.pt\/pt\/wp-json\/wp\/v2\/posts"}],"about":[{"href":"https:\/\/fyno.pt\/pt\/wp-json\/wp\/v2\/types\/post"}],"author":[{"embeddable":true,"href":"https:\/\/fyno.pt\/pt\/wp-json\/wp\/v2\/users\/9"}],"replies":[{"embeddable":true,"href":"https:\/\/fyno.pt\/pt\/wp-json\/wp\/v2\/comments?post=43353"}],"version-history":[{"count":1,"href":"https:\/\/fyno.pt\/pt\/wp-json\/wp\/v2\/posts\/43353\/revisions"}],"predecessor-version":[{"id":43354,"href":"https:\/\/fyno.pt\/pt\/wp-json\/wp\/v2\/posts\/43353\/revisions\/43354"}],"wp:featuredmedia":[{"embeddable":true,"href":"https:\/\/fyno.pt\/pt\/wp-json\/wp\/v2\/media\/43352"}],"wp:attachment":[{"href":"https:\/\/fyno.pt\/pt\/wp-json\/wp\/v2\/media?parent=43353"}],"wp:term":[{"taxonomy":"category","embeddable":true,"href":"https:\/\/fyno.pt\/pt\/wp-json\/wp\/v2\/categories?post=43353"},{"taxonomy":"post_tag","embeddable":true,"href":"https:\/\/fyno.pt\/pt\/wp-json\/wp\/v2\/tags?post=43353"}],"curies":[{"name":"wp","href":"https:\/\/api.w.org\/{rel}","templated":true}]}}