{"id":43349,"date":"2026-08-30T16:48:28","date_gmt":"2026-08-30T19:48:28","guid":{"rendered":"https:\/\/fyno.pt\/?p=43349"},"modified":"2026-08-30T16:48:28","modified_gmt":"2026-08-30T19:48:28","slug":"gilberto-brandalize-e-a-sol-producoes-uma-trajetoria-construida-nos-bastidores-do-mercado-de-shows","status":"publish","type":"post","link":"https:\/\/fyno.pt\/pt\/musica\/gilberto-brandalize-e-a-sol-producoes-uma-trajetoria-construida-nos-bastidores-do-mercado-de-shows\/","title":{"rendered":"Gilberto Brandalize e a Sol Produ\u00e7\u00f5es: uma trajet\u00f3ria constru\u00edda nos bastidores do mercado de shows"},"content":{"rendered":"<h5 class=\"wp-block-heading\"><strong><em>Empres\u00e1rio e produtor capixaba atua na comercializa\u00e7\u00e3o de apresenta\u00e7\u00f5es art\u00edsticas e mant\u00e9m um portf\u00f3lio que re\u00fane nomes da m\u00fasica brasileira<\/em><\/strong><\/h5>\n\n\n\n<p class=\"p2\">Por tr\u00e1s de um grande show existe uma cadeia de profissionais respons\u00e1vel por transformar uma contrata\u00e7\u00e3o em experi\u00eancia para o p\u00fablico. Empres\u00e1rios, produtores, agentes e equipes de produ\u00e7\u00e3o trabalham longe dos holofotes para colocar artistas no palco, negociar apresenta\u00e7\u00f5es e conectar prefeituras, empresas e organizadores aos nomes que movimentam o entretenimento. \u00c9 nesse mercado que atua <strong>Gilberto Brandalize<\/strong>, empres\u00e1rio ligado \u00e0 <strong>Sol Produ\u00e7\u00f5es e Eventos<\/strong>, com sede em Vit\u00f3ria, no Esp\u00edrito Santo.<\/p>\n\n\n\n<p class=\"p2\">A atua\u00e7\u00e3o profissional de Brandalize est\u00e1 diretamente relacionada \u00e0 <strong>venda e produ\u00e7\u00e3o de shows<\/strong>, negocia\u00e7\u00e3o com contratantes e execu\u00e7\u00e3o de projetos de entretenimento. Em seu perfil profissional, ele descreve justamente essa atividade, destacando o relacionamento com empres\u00e1rios, prefeituras e a execu\u00e7\u00e3o de projetos de eventos.&nbsp;<\/p>\n\n\n\n<p class=\"p2\">A Sol Produ\u00e7\u00f5es, por sua vez, aparece publicamente associada \u00e0 contrata\u00e7\u00e3o e comercializa\u00e7\u00e3o de apresenta\u00e7\u00f5es de diferentes artistas. Atualmente, a empresa divulga em seus canais nomes como <strong>Banda Javu, Taty Dantas, Odair de Paula e Rinnah<\/strong>, mostrando um portf\u00f3lio diversificado dentro do mercado de eventos.<\/p>\n\n\n\n<h2 class=\"wp-block-heading\"><strong>Uma empresa que atua onde o palco come\u00e7a<\/strong><\/h2>\n\n\n\n<p class=\"p2\">O trabalho de uma produtora art\u00edstica n\u00e3o termina quando as luzes se acendem. Antes disso, existe uma complexa opera\u00e7\u00e3o envolvendo negocia\u00e7\u00e3o, contrata\u00e7\u00e3o, log\u00edstica, produ\u00e7\u00e3o e relacionamento com o contratante.<\/p>\n\n\n\n<p class=\"p2\">\u00c9 nesse espa\u00e7o que a Sol Produ\u00e7\u00f5es construiu sua atua\u00e7\u00e3o.<\/p>\n\n\n\n<p class=\"p2\">Documentos oficiais de administra\u00e7\u00f5es municipais mostram que a empresa j\u00e1 participou de contrata\u00e7\u00f5es de atra\u00e7\u00f5es musicais para eventos p\u00fablicos. Em 2019, por exemplo, a Prefeitura de Concei\u00e7\u00e3o da Barra, no Esp\u00edrito Santo, firmou contrato com a <strong>Sol Produ\u00e7\u00f5es e Eventos Ltda.-ME<\/strong> para a apresenta\u00e7\u00e3o da banda <strong>Love Beat<\/strong> durante o Carnaval daquele ano. O documento identifica <strong>Gilberto Brandalize como representante legal da empresa<\/strong>.&nbsp;<\/p>\n\n\n\n<p class=\"p2\">Outro registro oficial, relacionado \u00e0 Prefeitura de Cachoeiro de Itapemirim, mostra a Sol Produ\u00e7\u00f5es como contratada para a apresenta\u00e7\u00e3o do cantor <strong>Alex Fendder<\/strong> durante a 34\u00aa Feira da Bondade, em 2017. O documento tamb\u00e9m registra Gilberto Brandalize como s\u00f3cio da contratada.&nbsp;<\/p>\n\n\n\n<p class=\"p2\">S\u00e3o registros que ajudam a dimensionar uma caracter\u00edstica importante do neg\u00f3cio: a atua\u00e7\u00e3o da empresa n\u00e3o est\u00e1 restrita ao ambiente privado, alcan\u00e7ando tamb\u00e9m programa\u00e7\u00f5es culturais e eventos promovidos pelo poder p\u00fablico.<\/p>\n\n\n\n<h2 class=\"wp-block-heading\"><strong>Experi\u00eancia acumulada no entretenimento<\/strong><\/h2>\n\n\n\n<p class=\"p2\">A trajet\u00f3ria empresarial de Gilberto tamb\u00e9m aparece relacionada a outras frentes do mercado de produ\u00e7\u00e3o.<\/p>\n\n\n\n<p class=\"p2\">Um registro hist\u00f3rico do festival <strong>Cascavel Jazz<\/strong> cita a fam\u00edlia Brandalize na equipe t\u00e9cnica de sonoriza\u00e7\u00e3o e ilumina\u00e7\u00e3o do evento, com Gilberto e seus filhos Felipe e F\u00e1bio \u00e0 frente da empresa Tom Maior durante boa parte da hist\u00f3ria do festival.&nbsp;<\/p>\n\n\n\n<p class=\"p2\">Embora essa atividade esteja ligada a uma empresa diferente da atual Sol Produ\u00e7\u00f5es, o registro ajuda a contextualizar a presen\u00e7a da fam\u00edlia Brandalize no setor de eventos e produ\u00e7\u00e3o cultural.<\/p>\n\n\n\n<p class=\"p2\">Essa experi\u00eancia acumulada contribui para compreender o perfil de um empres\u00e1rio que passou por diferentes etapas da cadeia do entretenimento.<\/p>\n\n\n\n<h2 class=\"wp-block-heading\"><strong>Um portf\u00f3lio que conecta artistas e contratantes<\/strong><\/h2>\n\n\n\n<figure class=\"wp-block-image size-large\"><img fetchpriority=\"high\" decoding=\"async\" width=\"781\" height=\"1024\" src=\"https:\/\/fyno.pt\/wp-content\/uploads\/2026\/08\/img_1112-781x1024.jpeg\" class=\"wp-image-43348\" srcset=\"https:\/\/fyno.pt\/wp-content\/uploads\/2026\/08\/img_1112-781x1024.jpeg 781w, https:\/\/fyno.pt\/wp-content\/uploads\/2026\/08\/img_1112-229x300.jpeg 229w, https:\/\/fyno.pt\/wp-content\/uploads\/2026\/08\/img_1112-768x1007.jpeg 768w, https:\/\/fyno.pt\/wp-content\/uploads\/2026\/08\/img_1112-9x12.jpeg 9w, https:\/\/fyno.pt\/wp-content\/uploads\/2026\/08\/img_1112-750x983.jpeg 750w, https:\/\/fyno.pt\/wp-content\/uploads\/2026\/08\/img_1112.jpeg 1125w\" sizes=\"(max-width: 781px) 100vw, 781px\" \/><\/figure>\n\n\n\n<p class=\"p2\">Hoje, a comunica\u00e7\u00e3o da Sol Produ\u00e7\u00f5es apresenta a empresa como <strong>\u201cvendedor de shows\u201d<\/strong>, uma defini\u00e7\u00e3o direta para uma atividade que exige conhecimento do mercado, relacionamento e capacidade de conectar artistas a diferentes oportunidades.<\/p>\n\n\n\n<p class=\"p2\">No portf\u00f3lio divulgado nas redes sociais aparecem artistas de diferentes perfis, entre eles <strong>Banda Javu, Taty Dantas e Odair de Paula<\/strong>.<\/p>\n\n\n\n<p class=\"p2\">A estrat\u00e9gia acompanha uma caracter\u00edstica do mercado atual de eventos: a necessidade de oferecer ao contratante op\u00e7\u00f5es capazes de atender p\u00fablicos e formatos distintos de festas municipais a eventos particulares e grandes celebra\u00e7\u00f5es.<\/p>\n\n\n\n<p class=\"p2\">Nesse modelo, a produtora funciona como uma ponte entre o artista e quem pretende levar determinado espet\u00e1culo para sua cidade ou evento.<\/p>\n\n\n\n<h2 class=\"wp-block-heading\"><strong>O mercado que movimenta cidades<\/strong><\/h2>\n\n\n\n<p class=\"p2\">A contrata\u00e7\u00e3o de artistas para eventos p\u00fablicos tem impacto que vai muito al\u00e9m do palco. Shows fazem parte da programa\u00e7\u00e3o cultural de munic\u00edpios, movimentam fornecedores, equipes t\u00e9cnicas, hot\u00e9is, restaurantes, transporte e diversos profissionais envolvidos na realiza\u00e7\u00e3o de eventos.<\/p>\n\n\n\n<p class=\"p2\">Para empresas especializadas, isso significa atuar em um mercado que combina cultura, entretenimento e neg\u00f3cios.<\/p>\n\n\n\n<p class=\"p2\">A pr\u00f3pria documenta\u00e7\u00e3o p\u00fablica envolvendo a Sol Produ\u00e7\u00f5es mostra essa presen\u00e7a em diferentes eventos municipais ao longo dos anos, incluindo Carnaval e festas tradicionais.&nbsp;<\/p>\n\n\n\n<h2 class=\"wp-block-heading\"><strong>Gilberto Brandalize: o empres\u00e1rio por tr\u00e1s das negocia\u00e7\u00f5es<\/strong><\/h2>\n\n\n\n<p class=\"p2\">Enquanto os artistas s\u00e3o respons\u00e1veis pelo momento mais vis\u00edvel do espet\u00e1culo, profissionais como Gilberto Brandalize trabalham em uma etapa menos exposta, mas fundamental para que a apresenta\u00e7\u00e3o aconte\u00e7a.<\/p>\n\n\n\n<p class=\"p2\">Sua atua\u00e7\u00e3o est\u00e1 concentrada justamente nessa \u00e1rea: <strong>negocia\u00e7\u00e3o de shows, relacionamento com contratantes, produ\u00e7\u00e3o e desenvolvimento de oportunidades para artistas<\/strong>.<\/p>\n\n\n\n<p class=\"p2\">\u00c9 um trabalho que exige conhecimento sobre o funcionamento do setor, capacidade de negocia\u00e7\u00e3o e uma rede de contatos constru\u00edda ao longo do tempo.<\/p>\n\n\n\n<h2 class=\"wp-block-heading\"><strong>Sol Produ\u00e7\u00f5es mira novos palcos<\/strong><\/h2>\n\n\n\n<p class=\"p2\">Com presen\u00e7a digital consolidada e um cat\u00e1logo que re\u00fane diferentes artistas, a Sol Produ\u00e7\u00f5es segue posicionada no mercado de comercializa\u00e7\u00e3o de shows e eventos.<\/p>\n\n\n\n<p class=\"p2\">A trajet\u00f3ria de Gilberto Brandalize mostra como o setor de entretenimento tamb\u00e9m \u00e9 formado por profissionais que atuam longe dos holofotes. S\u00e3o empres\u00e1rios e produtores que fazem a conex\u00e3o entre artistas e p\u00fablico e ajudam a transformar contratos em apresenta\u00e7\u00f5es que chegam \u00e0s cidades brasileiras.<\/p>\n\n\n\n<p class=\"p3\"><strong>\u00c0 frente da Sol Produ\u00e7\u00f5es e Eventos, Gilberto Brandalize representa esse lado menos vis\u00edvel e essencial da ind\u00fastria musical: o profissional que trabalha antes do espet\u00e1culo come\u00e7ar para que, no momento em que as luzes se acendem, tudo esteja pronto para o p\u00fablico.<\/strong><\/p>","protected":false},"excerpt":{"rendered":"<p>Empres\u00e1rio e produtor capixaba atua na comercializa\u00e7\u00e3o de apresenta\u00e7\u00f5es art\u00edsticas e mant\u00e9m um portf\u00f3lio que re\u00fane nomes da m\u00fasica brasileira Por tr\u00e1s de um grande show existe uma cadeia de profissionais respons\u00e1vel por transformar uma contrata\u00e7\u00e3o em experi\u00eancia para o p\u00fablico. Empres\u00e1rios, produtores, agentes e equipes de produ\u00e7\u00e3o trabalham longe dos holofotes para colocar artistas [&hellip;]<\/p>\n","protected":false},"author":9,"featured_media":43347,"comment_status":"closed","ping_status":"open","sticky":false,"template":"","format":"standard","meta":{"footnotes":""},"categories":[562],"tags":[1730,1734,763,791,1729,1739,1740,1731,1736,793,733,1737,1738,768,1726,1735,1727,1732,1733,1728],"class_list":["post-43349","post","type-post","status-publish","format-standard","has-post-thumbnail","hentry","category-musica","tag-banda-javu","tag-contratacao-de-shows","tag-empresario-artistico","tag-entretenimento-brasileiro","tag-eventos-culturais","tag-eventos-municipais","tag-eventos-no-espirito-santo","tag-gilberto-brandalize","tag-mercado-de-shows","tag-mercado-musical","tag-musica-brasileira","tag-odair-de-paula","tag-producao-artistica","tag-producao-de-eventos","tag-produtor-de-shows","tag-rinnah","tag-sol-producoes","tag-taty-dantas","tag-venda-de-shows","tag-vitoria-es"],"yoast_head":"<!-- This site is optimized with the Yoast SEO Premium plugin v27.9 (Yoast SEO v27.9) - https:\/\/yoast.com\/product\/yoast-seo-premium-wordpress\/ -->\n<title>Gilberto Brandalize e a Sol Produ\u00e7\u00f5es: uma trajet\u00f3ria constru\u00edda nos bastidores do mercado de shows - Fyno<\/title>\n<meta name=\"robots\" content=\"index, follow, max-snippet:-1, max-image-preview:large, max-video-preview:-1\" \/>\n<link rel=\"canonical\" href=\"https:\/\/fyno.pt\/pt\/musica\/gilberto-brandalize-e-a-sol-producoes-uma-trajetoria-construida-nos-bastidores-do-mercado-de-shows\/\" \/>\n<meta property=\"og:locale\" content=\"pt_PT\" \/>\n<meta property=\"og:type\" content=\"article\" \/>\n<meta property=\"og:title\" content=\"Gilberto Brandalize e a Sol Produ\u00e7\u00f5es: uma trajet\u00f3ria constru\u00edda nos bastidores do mercado de shows\" \/>\n<meta property=\"og:description\" content=\"Empres\u00e1rio e produtor capixaba atua na comercializa\u00e7\u00e3o de apresenta\u00e7\u00f5es art\u00edsticas e mant\u00e9m um portf\u00f3lio que re\u00fane nomes da m\u00fasica brasileira Por tr\u00e1s de um grande show existe uma cadeia de profissionais respons\u00e1vel por transformar uma contrata\u00e7\u00e3o em experi\u00eancia para o p\u00fablico. Empres\u00e1rios, produtores, agentes e equipes de produ\u00e7\u00e3o trabalham longe dos holofotes para colocar artistas [&hellip;]\" \/>\n<meta property=\"og:url\" content=\"https:\/\/fyno.pt\/pt\/musica\/gilberto-brandalize-e-a-sol-producoes-uma-trajetoria-construida-nos-bastidores-do-mercado-de-shows\/\" \/>\n<meta property=\"og:site_name\" content=\"Fyno\" \/>\n<meta property=\"article:published_time\" content=\"2026-08-30T19:48:28+00:00\" \/>\n<meta property=\"og:image\" content=\"https:\/\/fyno.pt\/wp-content\/uploads\/2026\/08\/img_1111.jpeg\" \/>\n\t<meta property=\"og:image:width\" content=\"1125\" \/>\n\t<meta property=\"og:image:height\" content=\"647\" \/>\n\t<meta property=\"og:image:type\" content=\"image\/jpeg\" \/>\n<meta name=\"author\" content=\"Fyno\" \/>\n<meta name=\"twitter:card\" content=\"summary_large_image\" \/>\n<meta name=\"twitter:label1\" content=\"Escrito por\" \/>\n\t<meta name=\"twitter:data1\" content=\"Fyno\" \/>\n\t<meta name=\"twitter:label2\" content=\"Tempo estimado de leitura\" \/>\n\t<meta name=\"twitter:data2\" content=\"5 minutos\" \/>\n<script type=\"application\/ld+json\" class=\"yoast-schema-graph\">{\"@context\":\"https:\\\/\\\/schema.org\",\"@graph\":[{\"@type\":\"Article\",\"@id\":\"https:\\\/\\\/fyno.pt\\\/musica\\\/gilberto-brandalize-e-a-sol-producoes-uma-trajetoria-construida-nos-bastidores-do-mercado-de-shows\\\/#article\",\"isPartOf\":{\"@id\":\"https:\\\/\\\/fyno.pt\\\/musica\\\/gilberto-brandalize-e-a-sol-producoes-uma-trajetoria-construida-nos-bastidores-do-mercado-de-shows\\\/\"},\"author\":{\"name\":\"Fyno\",\"@id\":\"https:\\\/\\\/fyno.pt\\\/#\\\/schema\\\/person\\\/ab5b330ed5ed05f1b4a7b8e438f68187\"},\"headline\":\"Gilberto Brandalize e a Sol Produ\u00e7\u00f5es: uma trajet\u00f3ria constru\u00edda nos bastidores do mercado de shows\",\"datePublished\":\"2026-08-30T19:48:28+00:00\",\"mainEntityOfPage\":{\"@id\":\"https:\\\/\\\/fyno.pt\\\/musica\\\/gilberto-brandalize-e-a-sol-producoes-uma-trajetoria-construida-nos-bastidores-do-mercado-de-shows\\\/\"},\"wordCount\":1018,\"image\":{\"@id\":\"https:\\\/\\\/fyno.pt\\\/musica\\\/gilberto-brandalize-e-a-sol-producoes-uma-trajetoria-construida-nos-bastidores-do-mercado-de-shows\\\/#primaryimage\"},\"thumbnailUrl\":\"https:\\\/\\\/fyno.pt\\\/wp-content\\\/uploads\\\/2026\\\/08\\\/img_1111.jpeg\",\"keywords\":[\"Banda Javu\",\"contrata\u00e7\u00e3o de shows\",\"empres\u00e1rio art\u00edstico\",\"entretenimento brasileiro\",\"eventos culturais\",\"eventos municipais\",\"eventos no Esp\u00edrito Santo\",\"Gilberto Brandalize\",\"mercado de shows\",\"mercado musical\",\"M\u00fasica Brasileira\",\"Odair de Paula\",\"produ\u00e7\u00e3o art\u00edstica\",\"produ\u00e7\u00e3o de eventos\",\"produtor de shows\",\"Rinnah\",\"Sol Produ\u00e7\u00f5es\",\"Taty Dantas\",\"venda de shows\",\"Vit\u00f3ria ES\"],\"articleSection\":[\"M\u00fasica\"],\"inLanguage\":\"pt-PT\"},{\"@type\":\"WebPage\",\"@id\":\"https:\\\/\\\/fyno.pt\\\/musica\\\/gilberto-brandalize-e-a-sol-producoes-uma-trajetoria-construida-nos-bastidores-do-mercado-de-shows\\\/\",\"url\":\"https:\\\/\\\/fyno.pt\\\/musica\\\/gilberto-brandalize-e-a-sol-producoes-uma-trajetoria-construida-nos-bastidores-do-mercado-de-shows\\\/\",\"name\":\"Gilberto Brandalize e a Sol Produ\u00e7\u00f5es: uma trajet\u00f3ria constru\u00edda nos bastidores do mercado de shows - Fyno\",\"isPartOf\":{\"@id\":\"https:\\\/\\\/fyno.pt\\\/#website\"},\"primaryImageOfPage\":{\"@id\":\"https:\\\/\\\/fyno.pt\\\/musica\\\/gilberto-brandalize-e-a-sol-producoes-uma-trajetoria-construida-nos-bastidores-do-mercado-de-shows\\\/#primaryimage\"},\"image\":{\"@id\":\"https:\\\/\\\/fyno.pt\\\/musica\\\/gilberto-brandalize-e-a-sol-producoes-uma-trajetoria-construida-nos-bastidores-do-mercado-de-shows\\\/#primaryimage\"},\"thumbnailUrl\":\"https:\\\/\\\/fyno.pt\\\/wp-content\\\/uploads\\\/2026\\\/08\\\/img_1111.jpeg\",\"datePublished\":\"2026-08-30T19:48:28+00:00\",\"author\":{\"@id\":\"https:\\\/\\\/fyno.pt\\\/#\\\/schema\\\/person\\\/ab5b330ed5ed05f1b4a7b8e438f68187\"},\"breadcrumb\":{\"@id\":\"https:\\\/\\\/fyno.pt\\\/musica\\\/gilberto-brandalize-e-a-sol-producoes-uma-trajetoria-construida-nos-bastidores-do-mercado-de-shows\\\/#breadcrumb\"},\"inLanguage\":\"pt-PT\",\"potentialAction\":[{\"@type\":\"ReadAction\",\"target\":[\"https:\\\/\\\/fyno.pt\\\/musica\\\/gilberto-brandalize-e-a-sol-producoes-uma-trajetoria-construida-nos-bastidores-do-mercado-de-shows\\\/\"]}]},{\"@type\":\"ImageObject\",\"inLanguage\":\"pt-PT\",\"@id\":\"https:\\\/\\\/fyno.pt\\\/musica\\\/gilberto-brandalize-e-a-sol-producoes-uma-trajetoria-construida-nos-bastidores-do-mercado-de-shows\\\/#primaryimage\",\"url\":\"https:\\\/\\\/fyno.pt\\\/wp-content\\\/uploads\\\/2026\\\/08\\\/img_1111.jpeg\",\"contentUrl\":\"https:\\\/\\\/fyno.pt\\\/wp-content\\\/uploads\\\/2026\\\/08\\\/img_1111.jpeg\",\"width\":1125,\"height\":647,\"caption\":\"Screenshot\"},{\"@type\":\"BreadcrumbList\",\"@id\":\"https:\\\/\\\/fyno.pt\\\/musica\\\/gilberto-brandalize-e-a-sol-producoes-uma-trajetoria-construida-nos-bastidores-do-mercado-de-shows\\\/#breadcrumb\",\"itemListElement\":[{\"@type\":\"ListItem\",\"position\":1,\"name\":\"In\u00edcio\",\"item\":\"https:\\\/\\\/fyno.pt\\\/\"},{\"@type\":\"ListItem\",\"position\":2,\"name\":\"Gilberto Brandalize e a Sol Produ\u00e7\u00f5es: uma trajet\u00f3ria constru\u00edda nos bastidores do mercado de shows\"}]},{\"@type\":\"WebSite\",\"@id\":\"https:\\\/\\\/fyno.pt\\\/#website\",\"url\":\"https:\\\/\\\/fyno.pt\\\/\",\"name\":\"Fyno\",\"description\":\"Not\u00edcia e informa\u00e7\u00e3o\",\"potentialAction\":[{\"@type\":\"SearchAction\",\"target\":{\"@type\":\"EntryPoint\",\"urlTemplate\":\"https:\\\/\\\/fyno.pt\\\/?s={search_term_string}\"},\"query-input\":{\"@type\":\"PropertyValueSpecification\",\"valueRequired\":true,\"valueName\":\"search_term_string\"}}],\"inLanguage\":\"pt-PT\"},{\"@type\":\"Person\",\"@id\":\"https:\\\/\\\/fyno.pt\\\/#\\\/schema\\\/person\\\/ab5b330ed5ed05f1b4a7b8e438f68187\",\"name\":\"Fyno\",\"image\":{\"@type\":\"ImageObject\",\"inLanguage\":\"pt-PT\",\"@id\":\"https:\\\/\\\/fyno.pt\\\/wp-content\\\/litespeed\\\/avatar\\\/8f51870e8d94c234e288da840d914372.jpg?ver=1788205134\",\"url\":\"https:\\\/\\\/fyno.pt\\\/wp-content\\\/litespeed\\\/avatar\\\/8f51870e8d94c234e288da840d914372.jpg?ver=1788205134\",\"contentUrl\":\"https:\\\/\\\/fyno.pt\\\/wp-content\\\/litespeed\\\/avatar\\\/8f51870e8d94c234e288da840d914372.jpg?ver=1788205134\",\"caption\":\"Fyno\"},\"description\":\"A sua fonte de informa\u00e7\u00e3o.\",\"url\":\"https:\\\/\\\/fyno.pt\\\/pt\\\/author\\\/fynopt\\\/\"}]}<\/script>\n<!-- \/ Yoast SEO Premium plugin. -->","yoast_head_json":{"title":"Gilberto Brandalize e a Sol Produ\u00e7\u00f5es: uma trajet\u00f3ria constru\u00edda nos bastidores do mercado de shows - Fyno","robots":{"index":"index","follow":"follow","max-snippet":"max-snippet:-1","max-image-preview":"max-image-preview:large","max-video-preview":"max-video-preview:-1"},"canonical":"https:\/\/fyno.pt\/pt\/musica\/gilberto-brandalize-e-a-sol-producoes-uma-trajetoria-construida-nos-bastidores-do-mercado-de-shows\/","og_locale":"pt_PT","og_type":"article","og_title":"Gilberto Brandalize e a Sol Produ\u00e7\u00f5es: uma trajet\u00f3ria constru\u00edda nos bastidores do mercado de shows","og_description":"Empres\u00e1rio e produtor capixaba atua na comercializa\u00e7\u00e3o de apresenta\u00e7\u00f5es art\u00edsticas e mant\u00e9m um portf\u00f3lio que re\u00fane nomes da m\u00fasica brasileira Por tr\u00e1s de um grande show existe uma cadeia de profissionais respons\u00e1vel por transformar uma contrata\u00e7\u00e3o em experi\u00eancia para o p\u00fablico. Empres\u00e1rios, produtores, agentes e equipes de produ\u00e7\u00e3o trabalham longe dos holofotes para colocar artistas [&hellip;]","og_url":"https:\/\/fyno.pt\/pt\/musica\/gilberto-brandalize-e-a-sol-producoes-uma-trajetoria-construida-nos-bastidores-do-mercado-de-shows\/","og_site_name":"Fyno","article_published_time":"2026-08-30T19:48:28+00:00","og_image":[{"width":1125,"height":647,"url":"https:\/\/fyno.pt\/wp-content\/uploads\/2026\/08\/img_1111.jpeg","type":"image\/jpeg"}],"author":"Fyno","twitter_card":"summary_large_image","twitter_misc":{"Escrito por":"Fyno","Tempo estimado de leitura":"5 minutos"},"schema":{"@context":"https:\/\/schema.org","@graph":[{"@type":"Article","@id":"https:\/\/fyno.pt\/musica\/gilberto-brandalize-e-a-sol-producoes-uma-trajetoria-construida-nos-bastidores-do-mercado-de-shows\/#article","isPartOf":{"@id":"https:\/\/fyno.pt\/musica\/gilberto-brandalize-e-a-sol-producoes-uma-trajetoria-construida-nos-bastidores-do-mercado-de-shows\/"},"author":{"name":"Fyno","@id":"https:\/\/fyno.pt\/#\/schema\/person\/ab5b330ed5ed05f1b4a7b8e438f68187"},"headline":"Gilberto Brandalize e a Sol Produ\u00e7\u00f5es: uma trajet\u00f3ria constru\u00edda nos bastidores do mercado de shows","datePublished":"2026-08-30T19:48:28+00:00","mainEntityOfPage":{"@id":"https:\/\/fyno.pt\/musica\/gilberto-brandalize-e-a-sol-producoes-uma-trajetoria-construida-nos-bastidores-do-mercado-de-shows\/"},"wordCount":1018,"image":{"@id":"https:\/\/fyno.pt\/musica\/gilberto-brandalize-e-a-sol-producoes-uma-trajetoria-construida-nos-bastidores-do-mercado-de-shows\/#primaryimage"},"thumbnailUrl":"https:\/\/fyno.pt\/wp-content\/uploads\/2026\/08\/img_1111.jpeg","keywords":["Banda Javu","contrata\u00e7\u00e3o de shows","empres\u00e1rio art\u00edstico","entretenimento brasileiro","eventos culturais","eventos municipais","eventos no Esp\u00edrito Santo","Gilberto Brandalize","mercado de shows","mercado musical","M\u00fasica Brasileira","Odair de Paula","produ\u00e7\u00e3o art\u00edstica","produ\u00e7\u00e3o de eventos","produtor de shows","Rinnah","Sol Produ\u00e7\u00f5es","Taty Dantas","venda de shows","Vit\u00f3ria ES"],"articleSection":["M\u00fasica"],"inLanguage":"pt-PT"},{"@type":"WebPage","@id":"https:\/\/fyno.pt\/musica\/gilberto-brandalize-e-a-sol-producoes-uma-trajetoria-construida-nos-bastidores-do-mercado-de-shows\/","url":"https:\/\/fyno.pt\/musica\/gilberto-brandalize-e-a-sol-producoes-uma-trajetoria-construida-nos-bastidores-do-mercado-de-shows\/","name":"Gilberto Brandalize e a Sol Produ\u00e7\u00f5es: uma trajet\u00f3ria constru\u00edda nos bastidores do mercado de shows - Fyno","isPartOf":{"@id":"https:\/\/fyno.pt\/#website"},"primaryImageOfPage":{"@id":"https:\/\/fyno.pt\/musica\/gilberto-brandalize-e-a-sol-producoes-uma-trajetoria-construida-nos-bastidores-do-mercado-de-shows\/#primaryimage"},"image":{"@id":"https:\/\/fyno.pt\/musica\/gilberto-brandalize-e-a-sol-producoes-uma-trajetoria-construida-nos-bastidores-do-mercado-de-shows\/#primaryimage"},"thumbnailUrl":"https:\/\/fyno.pt\/wp-content\/uploads\/2026\/08\/img_1111.jpeg","datePublished":"2026-08-30T19:48:28+00:00","author":{"@id":"https:\/\/fyno.pt\/#\/schema\/person\/ab5b330ed5ed05f1b4a7b8e438f68187"},"breadcrumb":{"@id":"https:\/\/fyno.pt\/musica\/gilberto-brandalize-e-a-sol-producoes-uma-trajetoria-construida-nos-bastidores-do-mercado-de-shows\/#breadcrumb"},"inLanguage":"pt-PT","potentialAction":[{"@type":"ReadAction","target":["https:\/\/fyno.pt\/musica\/gilberto-brandalize-e-a-sol-producoes-uma-trajetoria-construida-nos-bastidores-do-mercado-de-shows\/"]}]},{"@type":"ImageObject","inLanguage":"pt-PT","@id":"https:\/\/fyno.pt\/musica\/gilberto-brandalize-e-a-sol-producoes-uma-trajetoria-construida-nos-bastidores-do-mercado-de-shows\/#primaryimage","url":"https:\/\/fyno.pt\/wp-content\/uploads\/2026\/08\/img_1111.jpeg","contentUrl":"https:\/\/fyno.pt\/wp-content\/uploads\/2026\/08\/img_1111.jpeg","width":1125,"height":647,"caption":"Screenshot"},{"@type":"BreadcrumbList","@id":"https:\/\/fyno.pt\/musica\/gilberto-brandalize-e-a-sol-producoes-uma-trajetoria-construida-nos-bastidores-do-mercado-de-shows\/#breadcrumb","itemListElement":[{"@type":"ListItem","position":1,"name":"In\u00edcio","item":"https:\/\/fyno.pt\/"},{"@type":"ListItem","position":2,"name":"Gilberto Brandalize e a Sol Produ\u00e7\u00f5es: uma trajet\u00f3ria constru\u00edda nos bastidores do mercado de shows"}]},{"@type":"WebSite","@id":"https:\/\/fyno.pt\/#website","url":"https:\/\/fyno.pt\/","name":"Fyno","description":"Not\u00edcia e informa\u00e7\u00e3o","potentialAction":[{"@type":"SearchAction","target":{"@type":"EntryPoint","urlTemplate":"https:\/\/fyno.pt\/?s={search_term_string}"},"query-input":{"@type":"PropertyValueSpecification","valueRequired":true,"valueName":"search_term_string"}}],"inLanguage":"pt-PT"},{"@type":"Person","@id":"https:\/\/fyno.pt\/#\/schema\/person\/ab5b330ed5ed05f1b4a7b8e438f68187","name":"Fyno","image":{"@type":"ImageObject","inLanguage":"pt-PT","@id":"https:\/\/fyno.pt\/wp-content\/litespeed\/avatar\/8f51870e8d94c234e288da840d914372.jpg?ver=1788205134","url":"https:\/\/fyno.pt\/wp-content\/litespeed\/avatar\/8f51870e8d94c234e288da840d914372.jpg?ver=1788205134","contentUrl":"https:\/\/fyno.pt\/wp-content\/litespeed\/avatar\/8f51870e8d94c234e288da840d914372.jpg?ver=1788205134","caption":"Fyno"},"description":"A sua fonte de informa\u00e7\u00e3o.","url":"https:\/\/fyno.pt\/pt\/author\/fynopt\/"}]}},"_links":{"self":[{"href":"https:\/\/fyno.pt\/pt\/wp-json\/wp\/v2\/posts\/43349","targetHints":{"allow":["GET"]}}],"collection":[{"href":"https:\/\/fyno.pt\/pt\/wp-json\/wp\/v2\/posts"}],"about":[{"href":"https:\/\/fyno.pt\/pt\/wp-json\/wp\/v2\/types\/post"}],"author":[{"embeddable":true,"href":"https:\/\/fyno.pt\/pt\/wp-json\/wp\/v2\/users\/9"}],"replies":[{"embeddable":true,"href":"https:\/\/fyno.pt\/pt\/wp-json\/wp\/v2\/comments?post=43349"}],"version-history":[{"count":1,"href":"https:\/\/fyno.pt\/pt\/wp-json\/wp\/v2\/posts\/43349\/revisions"}],"predecessor-version":[{"id":43350,"href":"https:\/\/fyno.pt\/pt\/wp-json\/wp\/v2\/posts\/43349\/revisions\/43350"}],"wp:featuredmedia":[{"embeddable":true,"href":"https:\/\/fyno.pt\/pt\/wp-json\/wp\/v2\/media\/43347"}],"wp:attachment":[{"href":"https:\/\/fyno.pt\/pt\/wp-json\/wp\/v2\/media?parent=43349"}],"wp:term":[{"taxonomy":"category","embeddable":true,"href":"https:\/\/fyno.pt\/pt\/wp-json\/wp\/v2\/categories?post=43349"},{"taxonomy":"post_tag","embeddable":true,"href":"https:\/\/fyno.pt\/pt\/wp-json\/wp\/v2\/tags?post=43349"}],"curies":[{"name":"wp","href":"https:\/\/api.w.org\/{rel}","templated":true}]}}