{"id":43345,"date":"2026-08-30T16:27:56","date_gmt":"2026-08-30T19:27:56","guid":{"rendered":"https:\/\/fyno.pt\/?p=43345"},"modified":"2026-08-30T16:27:56","modified_gmt":"2026-08-30T19:27:56","slug":"adriano-machado-transforma-experiencia-em-vendas-em-uma-nova-geracao-de-lideres-e-equipes-de-alta-performance","status":"publish","type":"post","link":"https:\/\/fyno.pt\/pt\/negocios\/adriano-machado-transforma-experiencia-em-vendas-em-uma-nova-geracao-de-lideres-e-equipes-de-alta-performance\/","title":{"rendered":"Adriano Machado transforma experi\u00eancia em vendas em uma nova gera\u00e7\u00e3o de l\u00edderes e equipes de alta performance"},"content":{"rendered":"<h5 class=\"wp-block-heading\"><strong><em>Com mais de duas d\u00e9cadas de carreira comercial, mentor criou metodologia pr\u00f3pria e vem ampliando atua\u00e7\u00e3o na forma\u00e7\u00e3o de profissionais, l\u00edderes e empresas<\/em><\/strong><\/h5>\n\n\n\n<p class=\"p2\">Em um mercado no qual metas, press\u00e3o por resultados e mudan\u00e7as constantes fazem parte da rotina das empresas, a forma\u00e7\u00e3o de equipes preparadas deixou de ser apenas uma vantagem competitiva e passou a ocupar lugar estrat\u00e9gico nas organiza\u00e7\u00f5es. \u00c9 nesse cen\u00e1rio que o trabalho de <strong>Adriano Machado<\/strong> ganha espa\u00e7o.<\/p>\n\n\n\n<p class=\"p2\">Mentor de lideran\u00e7a e times de vendas, empres\u00e1rio e consultor, Adriano construiu sua trajet\u00f3ria profissional a partir de uma experi\u00eancia de <strong>24 anos em vendas<\/strong> e, desde 2011, atua tamb\u00e9m na forma\u00e7\u00e3o de l\u00edderes e equipes comerciais. Em 2023, fundou a <strong>Amachado Treinamento<\/strong>, empresa criada com a proposta de desenvolver pessoas e neg\u00f3cios a partir de lideran\u00e7a, estrat\u00e9gia e comportamento.&nbsp;<\/p>\n\n\n\n<p class=\"p2\">A experi\u00eancia acumulada ao longo dos anos deu origem a uma vis\u00e3o que se tornou central em seu trabalho: resultados sustent\u00e1veis n\u00e3o dependem apenas de t\u00e9cnicas comerciais, mas tamb\u00e9m da capacidade de uma equipe compreender pessoas, lidar com press\u00e3o, desenvolver disciplina e transformar conhecimento em pr\u00e1tica.<\/p>\n\n\n\n<h2 class=\"wp-block-heading\"><strong>Vendas como compet\u00eancia e n\u00e3o como talento inato<\/strong><\/h2>\n\n\n\n<p class=\"p2\">Uma das principais iniciativas associadas ao nome de Adriano Machado \u00e9 o <strong>Vendas N\u00e3o \u00e9 Dom (VND)<\/strong>, programa de treinamento que procura mudar a maneira como profissionais encaram o processo comercial.<\/p>\n\n\n\n<p class=\"p2\">A proposta parte de uma premissa simples: vender n\u00e3o seria uma habilidade reservada a quem nasceu com determinado perfil, mas uma compet\u00eancia que pode ser desenvolvida por meio de m\u00e9todo, treinamento e pr\u00e1tica.<\/p>\n\n\n\n<p class=\"p2\">O VND trabalha aspectos como prospec\u00e7\u00e3o, identifica\u00e7\u00e3o do cliente ideal, negocia\u00e7\u00e3o, gest\u00e3o de obje\u00e7\u00f5es, perguntas estrat\u00e9gicas e intelig\u00eancia emocional. A metodologia tamb\u00e9m coloca comportamento e mentalidade no centro do processo de desenvolvimento profissional.&nbsp;<\/p>\n\n\n\n<p class=\"p2\">A iniciativa j\u00e1 alcan\u00e7ou diferentes profissionais e \u00e1reas de atua\u00e7\u00e3o. Em 2024, participantes do workshop relataram mudan\u00e7as na forma de abordar clientes, negociar e estruturar seus pr\u00f3prios neg\u00f3cios.&nbsp;<\/p>\n\n\n\n<p class=\"p2\">Em junho de 2026, o projeto chegou \u00e0 <strong>10\u00aa turma<\/strong>, marco comemorado por Adriano como parte de sua trajet\u00f3ria como vendedor, empreendedor e mentor.&nbsp;<\/p>\n\n\n\n<h2 class=\"wp-block-heading\"><strong>Da experi\u00eancia comercial \u00e0 forma\u00e7\u00e3o de l\u00edderes<\/strong><\/h2>\n\n\n\n<figure class=\"wp-block-image size-large\"><img fetchpriority=\"high\" decoding=\"async\" width=\"838\" height=\"1024\" src=\"https:\/\/fyno.pt\/wp-content\/uploads\/2026\/08\/img_1105-838x1024.jpeg\" class=\"wp-image-43344\" srcset=\"https:\/\/fyno.pt\/wp-content\/uploads\/2026\/08\/img_1105-838x1024.jpeg 838w, https:\/\/fyno.pt\/wp-content\/uploads\/2026\/08\/img_1105-246x300.jpeg 246w, https:\/\/fyno.pt\/wp-content\/uploads\/2026\/08\/img_1105-768x938.jpeg 768w, https:\/\/fyno.pt\/wp-content\/uploads\/2026\/08\/img_1105-10x12.jpeg 10w, https:\/\/fyno.pt\/wp-content\/uploads\/2026\/08\/img_1105-750x916.jpeg 750w, https:\/\/fyno.pt\/wp-content\/uploads\/2026\/08\/img_1105.jpeg 1125w\" sizes=\"(max-width: 838px) 100vw, 838px\" \/><\/figure>\n\n\n\n<p class=\"p2\">A atua\u00e7\u00e3o de Adriano, entretanto, n\u00e3o est\u00e1 limitada aos profissionais que trabalham diretamente com vendas.<\/p>\n\n\n\n<p class=\"p2\">A <strong>Amachado Treinamento<\/strong> desenvolve palestras, workshops, mentorias e programas destinados a empresas de diferentes segmentos. Segundo a pr\u00f3pria empresa, mais de <strong>50 companhias<\/strong> j\u00e1 foram impactadas por seus programas.&nbsp;<\/p>\n\n\n\n<p class=\"p2\">O trabalho parte de uma quest\u00e3o que se tornou recorrente no ambiente corporativo: como transformar profissionais tecnicamente competentes em l\u00edderes capazes de conduzir pessoas e entregar resultados?<\/p>\n\n\n\n<p class=\"p2\">Para Adriano, a resposta passa pelo desenvolvimento de compet\u00eancias comportamentais e pela cria\u00e7\u00e3o de sistemas que permitam aos times trabalhar de maneira mais consistente.<\/p>\n\n\n\n<p class=\"p2\">Essa vis\u00e3o tamb\u00e9m aparece em sua atua\u00e7\u00e3o profissional no LinkedIn, onde se apresenta ligado \u00e0 Amachado Treinamento e mant\u00e9m conte\u00fados sobre lideran\u00e7a, vendas, comportamento e desenvolvimento de equipes.&nbsp;<\/p>\n\n\n\n<h2 class=\"wp-block-heading\"><strong>Uma metodologia constru\u00edda a partir da pr\u00e1tica<\/strong><\/h2>\n\n\n\n<p class=\"p2\">O diferencial da trajet\u00f3ria de Adriano est\u00e1 justamente na combina\u00e7\u00e3o entre experi\u00eancia de mercado e forma\u00e7\u00e3o.<\/p>\n\n\n\n<p class=\"p2\">Seu perfil profissional registra passagem pela \u00e1rea comercial, forma\u00e7\u00e3o em tecnologia e uma certifica\u00e7\u00e3o executiva em <strong>Desenvolvimento de Neg\u00f3cios, Lideran\u00e7a e Networking<\/strong>, pela FIA Online.&nbsp;<\/p>\n\n\n\n<p class=\"p2\">Ao longo da carreira, tamb\u00e9m recebeu reconhecimentos relacionados \u00e0 performance em vendas, incluindo premia\u00e7\u00e3o por maior MRR em uma \u00fanica venda em uma opera\u00e7\u00e3o de inside sales e reconhecimento por crescimento de vendas.&nbsp;<\/p>\n\n\n\n<p class=\"p2\">\u00c9 a partir dessa experi\u00eancia pr\u00e1tica que o empres\u00e1rio estruturou seu trabalho como mentor e treinador.<\/p>\n\n\n\n<h2 class=\"wp-block-heading\"><strong>O fator humano por tr\u00e1s da meta<\/strong><\/h2>\n\n\n\n<p class=\"p2\">Em um ambiente corporativo cada vez mais orientado por indicadores, Adriano defende uma abordagem que recoloca o fator humano no centro das vendas.<\/p>\n\n\n\n<p class=\"p2\">Em entrevista publicada sobre o VND, o mentor destacou que o processo comercial envolve mais do que t\u00e9cnica e precisa considerar comportamento, intelig\u00eancia emocional, confian\u00e7a e capacidade de construir relacionamentos.&nbsp;<\/p>\n\n\n\n<p class=\"p2\">A ideia tamb\u00e9m aparece em suas an\u00e1lises sobre o mercado: para ele, profissionais de vendas precisam deixar de atuar apenas como executores de uma oferta e passar a compreender as necessidades do cliente para assumir uma posi\u00e7\u00e3o mais consultiva.&nbsp;<\/p>\n\n\n\n<p class=\"p2\">Essa mudan\u00e7a de perspectiva \u00e9 particularmente relevante em um cen\u00e1rio no qual consumidores chegam \u00e0s negocia\u00e7\u00f5es mais informados e empresas precisam justificar cada vez melhor o valor de seus produtos e servi\u00e7os.<\/p>\n\n\n\n<h2 class=\"wp-block-heading\"><strong>Um projeto que ultrapassa a sala de treinamento<\/strong><\/h2>\n\n\n\n<p class=\"p2\">A expans\u00e3o da Amachado Treinamento mostra que a proposta de Adriano n\u00e3o est\u00e1 concentrada em um \u00fanico curso.<\/p>\n\n\n\n<p class=\"p2\">A empresa re\u00fane <strong>palestras, workshops, mentorias e programas corporativos<\/strong>, criando uma estrutura voltada tanto para profissionais individuais quanto para organiza\u00e7\u00f5es interessadas em desenvolver suas equipes.&nbsp;<\/p>\n\n\n\n<p class=\"p2\">A estrat\u00e9gia acompanha uma tend\u00eancia cada vez mais presente no mundo corporativo: investir no desenvolvimento das pessoas como parte da estrat\u00e9gia de crescimento da pr\u00f3pria empresa.<\/p>\n\n\n\n<p class=\"p2\">Nesse contexto, capacitar um vendedor significa mais do que ensinar t\u00e9cnicas de abordagem. Significa trabalhar comunica\u00e7\u00e3o, disciplina, leitura de cen\u00e1rio, relacionamento, negocia\u00e7\u00e3o e capacidade de tomar decis\u00f5es sob press\u00e3o.<\/p>\n\n\n\n<h2 class=\"wp-block-heading\"><strong>Uma nova etapa para quem escolheu desenvolver pessoas<\/strong><\/h2>\n\n\n\n<p class=\"p2\">Aos 35 anos, segundo sua apresenta\u00e7\u00e3o institucional, Adriano Machado re\u00fane uma trajet\u00f3ria de 24 anos no universo das vendas e mais de uma d\u00e9cada dedicada tamb\u00e9m \u00e0 forma\u00e7\u00e3o de l\u00edderes e equipes.&nbsp;<\/p>\n\n\n\n<p class=\"p2\">A combina\u00e7\u00e3o dessas experi\u00eancias ajudou a construir um posicionamento profissional que vai al\u00e9m do treinamento comercial tradicional.<\/p>\n\n\n\n<p class=\"p2\">Seu trabalho se concentra em uma quest\u00e3o cada vez mais importante para empresas de todos os portes: <strong>como transformar pessoas em profissionais mais preparados e equipes em estruturas capazes de crescer de forma consistente?<\/strong><\/p>\n\n\n\n<p class=\"p2\">A resposta que Adriano vem construindo passa por treinamento, m\u00e9todo, comportamento e lideran\u00e7a.<\/p>\n\n\n\n<p class=\"p2\">Com a consolida\u00e7\u00e3o da Amachado Treinamento e a expans\u00e3o do Vendas N\u00e3o \u00e9 Dom, o empres\u00e1rio entra em uma nova fase de sua carreira: menos focada apenas em alcan\u00e7ar a pr\u00f3pria meta e cada vez mais dedicada a ensinar outras pessoas a alcan\u00e7ar as delas.<\/p>\n\n\n\n<p class=\"p3\"><strong>No fim, a hist\u00f3ria de Adriano Machado \u00e9 tamb\u00e9m a hist\u00f3ria de uma mudan\u00e7a de perspectiva: depois de anos aprendendo a vender, ele transformou a experi\u00eancia acumulada em uma miss\u00e3o de formar quem vende, quem lidera e quem est\u00e1 \u00e0 frente dos neg\u00f3cios.<\/strong><\/p>","protected":false},"excerpt":{"rendered":"<p>Com mais de duas d\u00e9cadas de carreira comercial, mentor criou metodologia pr\u00f3pria e vem ampliando atua\u00e7\u00e3o na forma\u00e7\u00e3o de profissionais, l\u00edderes e empresas Em um mercado no qual metas, press\u00e3o por resultados e mudan\u00e7as constantes fazem parte da rotina das empresas, a forma\u00e7\u00e3o de equipes preparadas deixou de ser apenas uma vantagem competitiva e passou [&hellip;]<\/p>\n","protected":false},"author":9,"featured_media":43343,"comment_status":"closed","ping_status":"open","sticky":false,"template":"","format":"standard","meta":{"footnotes":""},"categories":[559],"tags":[1723,1725,1711,1715,1714,1537,1719,1721,658,1713,1594,1151,1712,1718,1716,1722,1595,1724,1720,1717],"class_list":["post-43345","post","type-post","status-publish","format-standard","has-post-thumbnail","hentry","category-negocios","tag-adriano-machado","tag-adriano-machado-lideranca","tag-adriano-machado-mentor","tag-alta-performance-em-vendas","tag-amachado-treinamento","tag-consultoria-empresarial","tag-desenvolvimento-de-lideres","tag-desenvolvimento-profissional","tag-empreendedorismo","tag-equipes-de-alta-performance","tag-gestao-comercial","tag-lideranca-empresarial","tag-mentor-de-lideranca","tag-mentor-de-vendas","tag-palestras-corporativas","tag-times-de-vendas","tag-treinamento-empresarial","tag-vendas-nao-e-dom","tag-vnd","tag-workshops-empresariais"],"yoast_head":"<!-- This site is optimized with the Yoast SEO Premium plugin v27.9 (Yoast SEO v27.9) - https:\/\/yoast.com\/product\/yoast-seo-premium-wordpress\/ -->\n<title>Adriano Machado transforma experi\u00eancia em vendas em uma nova gera\u00e7\u00e3o de l\u00edderes e equipes de alta performance - Fyno<\/title>\n<meta name=\"robots\" content=\"index, follow, max-snippet:-1, max-image-preview:large, max-video-preview:-1\" \/>\n<link rel=\"canonical\" href=\"https:\/\/fyno.pt\/pt\/negocios\/adriano-machado-transforma-experiencia-em-vendas-em-uma-nova-geracao-de-lideres-e-equipes-de-alta-performance\/\" \/>\n<meta property=\"og:locale\" content=\"pt_PT\" \/>\n<meta property=\"og:type\" content=\"article\" \/>\n<meta property=\"og:title\" content=\"Adriano Machado transforma experi\u00eancia em vendas em uma nova gera\u00e7\u00e3o de l\u00edderes e equipes de alta performance\" \/>\n<meta property=\"og:description\" content=\"Com mais de duas d\u00e9cadas de carreira comercial, mentor criou metodologia pr\u00f3pria e vem ampliando atua\u00e7\u00e3o na forma\u00e7\u00e3o de profissionais, l\u00edderes e empresas Em um mercado no qual metas, press\u00e3o por resultados e mudan\u00e7as constantes fazem parte da rotina das empresas, a forma\u00e7\u00e3o de equipes preparadas deixou de ser apenas uma vantagem competitiva e passou [&hellip;]\" \/>\n<meta property=\"og:url\" content=\"https:\/\/fyno.pt\/pt\/negocios\/adriano-machado-transforma-experiencia-em-vendas-em-uma-nova-geracao-de-lideres-e-equipes-de-alta-performance\/\" \/>\n<meta property=\"og:site_name\" content=\"Fyno\" \/>\n<meta property=\"article:published_time\" content=\"2026-08-30T19:27:56+00:00\" \/>\n<meta property=\"og:image\" content=\"https:\/\/fyno.pt\/wp-content\/uploads\/2026\/08\/img_1103.jpeg\" \/>\n\t<meta property=\"og:image:width\" content=\"1125\" \/>\n\t<meta property=\"og:image:height\" content=\"633\" \/>\n\t<meta property=\"og:image:type\" content=\"image\/jpeg\" \/>\n<meta name=\"author\" content=\"Fyno\" \/>\n<meta name=\"twitter:card\" content=\"summary_large_image\" \/>\n<meta name=\"twitter:label1\" content=\"Escrito por\" \/>\n\t<meta name=\"twitter:data1\" content=\"Fyno\" \/>\n\t<meta name=\"twitter:label2\" content=\"Tempo estimado de leitura\" \/>\n\t<meta name=\"twitter:data2\" content=\"6 minutos\" \/>\n<script type=\"application\/ld+json\" class=\"yoast-schema-graph\">{\"@context\":\"https:\\\/\\\/schema.org\",\"@graph\":[{\"@type\":\"Article\",\"@id\":\"https:\\\/\\\/fyno.pt\\\/negocios\\\/adriano-machado-transforma-experiencia-em-vendas-em-uma-nova-geracao-de-lideres-e-equipes-de-alta-performance\\\/#article\",\"isPartOf\":{\"@id\":\"https:\\\/\\\/fyno.pt\\\/negocios\\\/adriano-machado-transforma-experiencia-em-vendas-em-uma-nova-geracao-de-lideres-e-equipes-de-alta-performance\\\/\"},\"author\":{\"name\":\"Fyno\",\"@id\":\"https:\\\/\\\/fyno.pt\\\/#\\\/schema\\\/person\\\/ab5b330ed5ed05f1b4a7b8e438f68187\"},\"headline\":\"Adriano Machado transforma experi\u00eancia em vendas em uma nova gera\u00e7\u00e3o de l\u00edderes e equipes de alta performance\",\"datePublished\":\"2026-08-30T19:27:56+00:00\",\"mainEntityOfPage\":{\"@id\":\"https:\\\/\\\/fyno.pt\\\/negocios\\\/adriano-machado-transforma-experiencia-em-vendas-em-uma-nova-geracao-de-lideres-e-equipes-de-alta-performance\\\/\"},\"wordCount\":1136,\"image\":{\"@id\":\"https:\\\/\\\/fyno.pt\\\/negocios\\\/adriano-machado-transforma-experiencia-em-vendas-em-uma-nova-geracao-de-lideres-e-equipes-de-alta-performance\\\/#primaryimage\"},\"thumbnailUrl\":\"https:\\\/\\\/fyno.pt\\\/wp-content\\\/uploads\\\/2026\\\/08\\\/img_1103.jpeg\",\"keywords\":[\"Adriano Machado\",\"Adriano Machado lideran\u00e7a\",\"Adriano Machado mentor\",\"alta performance em vendas\",\"Amachado Treinamento\",\"consultoria empresarial\",\"desenvolvimento de l\u00edderes\",\"desenvolvimento profissional\",\"empreendedorismo\",\"equipes de alta performance\",\"gest\u00e3o comercial\",\"lideran\u00e7a empresarial\",\"mentor de lideran\u00e7a\",\"mentor de vendas\",\"palestras corporativas\",\"times de vendas\",\"treinamento empresarial\",\"Vendas N\u00e3o \u00e9 Dom\",\"VND\",\"workshops empresariais\"],\"articleSection\":[\"Neg\u00f3cios\"],\"inLanguage\":\"pt-PT\"},{\"@type\":\"WebPage\",\"@id\":\"https:\\\/\\\/fyno.pt\\\/negocios\\\/adriano-machado-transforma-experiencia-em-vendas-em-uma-nova-geracao-de-lideres-e-equipes-de-alta-performance\\\/\",\"url\":\"https:\\\/\\\/fyno.pt\\\/negocios\\\/adriano-machado-transforma-experiencia-em-vendas-em-uma-nova-geracao-de-lideres-e-equipes-de-alta-performance\\\/\",\"name\":\"Adriano Machado transforma experi\u00eancia em vendas em uma nova gera\u00e7\u00e3o de l\u00edderes e equipes de alta performance - Fyno\",\"isPartOf\":{\"@id\":\"https:\\\/\\\/fyno.pt\\\/#website\"},\"primaryImageOfPage\":{\"@id\":\"https:\\\/\\\/fyno.pt\\\/negocios\\\/adriano-machado-transforma-experiencia-em-vendas-em-uma-nova-geracao-de-lideres-e-equipes-de-alta-performance\\\/#primaryimage\"},\"image\":{\"@id\":\"https:\\\/\\\/fyno.pt\\\/negocios\\\/adriano-machado-transforma-experiencia-em-vendas-em-uma-nova-geracao-de-lideres-e-equipes-de-alta-performance\\\/#primaryimage\"},\"thumbnailUrl\":\"https:\\\/\\\/fyno.pt\\\/wp-content\\\/uploads\\\/2026\\\/08\\\/img_1103.jpeg\",\"datePublished\":\"2026-08-30T19:27:56+00:00\",\"author\":{\"@id\":\"https:\\\/\\\/fyno.pt\\\/#\\\/schema\\\/person\\\/ab5b330ed5ed05f1b4a7b8e438f68187\"},\"breadcrumb\":{\"@id\":\"https:\\\/\\\/fyno.pt\\\/negocios\\\/adriano-machado-transforma-experiencia-em-vendas-em-uma-nova-geracao-de-lideres-e-equipes-de-alta-performance\\\/#breadcrumb\"},\"inLanguage\":\"pt-PT\",\"potentialAction\":[{\"@type\":\"ReadAction\",\"target\":[\"https:\\\/\\\/fyno.pt\\\/negocios\\\/adriano-machado-transforma-experiencia-em-vendas-em-uma-nova-geracao-de-lideres-e-equipes-de-alta-performance\\\/\"]}]},{\"@type\":\"ImageObject\",\"inLanguage\":\"pt-PT\",\"@id\":\"https:\\\/\\\/fyno.pt\\\/negocios\\\/adriano-machado-transforma-experiencia-em-vendas-em-uma-nova-geracao-de-lideres-e-equipes-de-alta-performance\\\/#primaryimage\",\"url\":\"https:\\\/\\\/fyno.pt\\\/wp-content\\\/uploads\\\/2026\\\/08\\\/img_1103.jpeg\",\"contentUrl\":\"https:\\\/\\\/fyno.pt\\\/wp-content\\\/uploads\\\/2026\\\/08\\\/img_1103.jpeg\",\"width\":1125,\"height\":633,\"caption\":\"Foto Reprodu\u00e7\u00e3o.\"},{\"@type\":\"BreadcrumbList\",\"@id\":\"https:\\\/\\\/fyno.pt\\\/negocios\\\/adriano-machado-transforma-experiencia-em-vendas-em-uma-nova-geracao-de-lideres-e-equipes-de-alta-performance\\\/#breadcrumb\",\"itemListElement\":[{\"@type\":\"ListItem\",\"position\":1,\"name\":\"In\u00edcio\",\"item\":\"https:\\\/\\\/fyno.pt\\\/\"},{\"@type\":\"ListItem\",\"position\":2,\"name\":\"Adriano Machado transforma experi\u00eancia em vendas em uma nova gera\u00e7\u00e3o de l\u00edderes e equipes de alta performance\"}]},{\"@type\":\"WebSite\",\"@id\":\"https:\\\/\\\/fyno.pt\\\/#website\",\"url\":\"https:\\\/\\\/fyno.pt\\\/\",\"name\":\"Fyno\",\"description\":\"Not\u00edcia e informa\u00e7\u00e3o\",\"potentialAction\":[{\"@type\":\"SearchAction\",\"target\":{\"@type\":\"EntryPoint\",\"urlTemplate\":\"https:\\\/\\\/fyno.pt\\\/?s={search_term_string}\"},\"query-input\":{\"@type\":\"PropertyValueSpecification\",\"valueRequired\":true,\"valueName\":\"search_term_string\"}}],\"inLanguage\":\"pt-PT\"},{\"@type\":\"Person\",\"@id\":\"https:\\\/\\\/fyno.pt\\\/#\\\/schema\\\/person\\\/ab5b330ed5ed05f1b4a7b8e438f68187\",\"name\":\"Fyno\",\"image\":{\"@type\":\"ImageObject\",\"inLanguage\":\"pt-PT\",\"@id\":\"https:\\\/\\\/fyno.pt\\\/wp-content\\\/litespeed\\\/avatar\\\/8f51870e8d94c234e288da840d914372.jpg?ver=1788205134\",\"url\":\"https:\\\/\\\/fyno.pt\\\/wp-content\\\/litespeed\\\/avatar\\\/8f51870e8d94c234e288da840d914372.jpg?ver=1788205134\",\"contentUrl\":\"https:\\\/\\\/fyno.pt\\\/wp-content\\\/litespeed\\\/avatar\\\/8f51870e8d94c234e288da840d914372.jpg?ver=1788205134\",\"caption\":\"Fyno\"},\"description\":\"A sua fonte de informa\u00e7\u00e3o.\",\"url\":\"https:\\\/\\\/fyno.pt\\\/pt\\\/author\\\/fynopt\\\/\"}]}<\/script>\n<!-- \/ Yoast SEO Premium plugin. -->","yoast_head_json":{"title":"Adriano Machado transforma experi\u00eancia em vendas em uma nova gera\u00e7\u00e3o de l\u00edderes e equipes de alta performance - Fyno","robots":{"index":"index","follow":"follow","max-snippet":"max-snippet:-1","max-image-preview":"max-image-preview:large","max-video-preview":"max-video-preview:-1"},"canonical":"https:\/\/fyno.pt\/pt\/negocios\/adriano-machado-transforma-experiencia-em-vendas-em-uma-nova-geracao-de-lideres-e-equipes-de-alta-performance\/","og_locale":"pt_PT","og_type":"article","og_title":"Adriano Machado transforma experi\u00eancia em vendas em uma nova gera\u00e7\u00e3o de l\u00edderes e equipes de alta performance","og_description":"Com mais de duas d\u00e9cadas de carreira comercial, mentor criou metodologia pr\u00f3pria e vem ampliando atua\u00e7\u00e3o na forma\u00e7\u00e3o de profissionais, l\u00edderes e empresas Em um mercado no qual metas, press\u00e3o por resultados e mudan\u00e7as constantes fazem parte da rotina das empresas, a forma\u00e7\u00e3o de equipes preparadas deixou de ser apenas uma vantagem competitiva e passou [&hellip;]","og_url":"https:\/\/fyno.pt\/pt\/negocios\/adriano-machado-transforma-experiencia-em-vendas-em-uma-nova-geracao-de-lideres-e-equipes-de-alta-performance\/","og_site_name":"Fyno","article_published_time":"2026-08-30T19:27:56+00:00","og_image":[{"width":1125,"height":633,"url":"https:\/\/fyno.pt\/wp-content\/uploads\/2026\/08\/img_1103.jpeg","type":"image\/jpeg"}],"author":"Fyno","twitter_card":"summary_large_image","twitter_misc":{"Escrito por":"Fyno","Tempo estimado de leitura":"6 minutos"},"schema":{"@context":"https:\/\/schema.org","@graph":[{"@type":"Article","@id":"https:\/\/fyno.pt\/negocios\/adriano-machado-transforma-experiencia-em-vendas-em-uma-nova-geracao-de-lideres-e-equipes-de-alta-performance\/#article","isPartOf":{"@id":"https:\/\/fyno.pt\/negocios\/adriano-machado-transforma-experiencia-em-vendas-em-uma-nova-geracao-de-lideres-e-equipes-de-alta-performance\/"},"author":{"name":"Fyno","@id":"https:\/\/fyno.pt\/#\/schema\/person\/ab5b330ed5ed05f1b4a7b8e438f68187"},"headline":"Adriano Machado transforma experi\u00eancia em vendas em uma nova gera\u00e7\u00e3o de l\u00edderes e equipes de alta performance","datePublished":"2026-08-30T19:27:56+00:00","mainEntityOfPage":{"@id":"https:\/\/fyno.pt\/negocios\/adriano-machado-transforma-experiencia-em-vendas-em-uma-nova-geracao-de-lideres-e-equipes-de-alta-performance\/"},"wordCount":1136,"image":{"@id":"https:\/\/fyno.pt\/negocios\/adriano-machado-transforma-experiencia-em-vendas-em-uma-nova-geracao-de-lideres-e-equipes-de-alta-performance\/#primaryimage"},"thumbnailUrl":"https:\/\/fyno.pt\/wp-content\/uploads\/2026\/08\/img_1103.jpeg","keywords":["Adriano Machado","Adriano Machado lideran\u00e7a","Adriano Machado mentor","alta performance em vendas","Amachado Treinamento","consultoria empresarial","desenvolvimento de l\u00edderes","desenvolvimento profissional","empreendedorismo","equipes de alta performance","gest\u00e3o comercial","lideran\u00e7a empresarial","mentor de lideran\u00e7a","mentor de vendas","palestras corporativas","times de vendas","treinamento empresarial","Vendas N\u00e3o \u00e9 Dom","VND","workshops empresariais"],"articleSection":["Neg\u00f3cios"],"inLanguage":"pt-PT"},{"@type":"WebPage","@id":"https:\/\/fyno.pt\/negocios\/adriano-machado-transforma-experiencia-em-vendas-em-uma-nova-geracao-de-lideres-e-equipes-de-alta-performance\/","url":"https:\/\/fyno.pt\/negocios\/adriano-machado-transforma-experiencia-em-vendas-em-uma-nova-geracao-de-lideres-e-equipes-de-alta-performance\/","name":"Adriano Machado transforma experi\u00eancia em vendas em uma nova gera\u00e7\u00e3o de l\u00edderes e equipes de alta performance - Fyno","isPartOf":{"@id":"https:\/\/fyno.pt\/#website"},"primaryImageOfPage":{"@id":"https:\/\/fyno.pt\/negocios\/adriano-machado-transforma-experiencia-em-vendas-em-uma-nova-geracao-de-lideres-e-equipes-de-alta-performance\/#primaryimage"},"image":{"@id":"https:\/\/fyno.pt\/negocios\/adriano-machado-transforma-experiencia-em-vendas-em-uma-nova-geracao-de-lideres-e-equipes-de-alta-performance\/#primaryimage"},"thumbnailUrl":"https:\/\/fyno.pt\/wp-content\/uploads\/2026\/08\/img_1103.jpeg","datePublished":"2026-08-30T19:27:56+00:00","author":{"@id":"https:\/\/fyno.pt\/#\/schema\/person\/ab5b330ed5ed05f1b4a7b8e438f68187"},"breadcrumb":{"@id":"https:\/\/fyno.pt\/negocios\/adriano-machado-transforma-experiencia-em-vendas-em-uma-nova-geracao-de-lideres-e-equipes-de-alta-performance\/#breadcrumb"},"inLanguage":"pt-PT","potentialAction":[{"@type":"ReadAction","target":["https:\/\/fyno.pt\/negocios\/adriano-machado-transforma-experiencia-em-vendas-em-uma-nova-geracao-de-lideres-e-equipes-de-alta-performance\/"]}]},{"@type":"ImageObject","inLanguage":"pt-PT","@id":"https:\/\/fyno.pt\/negocios\/adriano-machado-transforma-experiencia-em-vendas-em-uma-nova-geracao-de-lideres-e-equipes-de-alta-performance\/#primaryimage","url":"https:\/\/fyno.pt\/wp-content\/uploads\/2026\/08\/img_1103.jpeg","contentUrl":"https:\/\/fyno.pt\/wp-content\/uploads\/2026\/08\/img_1103.jpeg","width":1125,"height":633,"caption":"Foto Reprodu\u00e7\u00e3o."},{"@type":"BreadcrumbList","@id":"https:\/\/fyno.pt\/negocios\/adriano-machado-transforma-experiencia-em-vendas-em-uma-nova-geracao-de-lideres-e-equipes-de-alta-performance\/#breadcrumb","itemListElement":[{"@type":"ListItem","position":1,"name":"In\u00edcio","item":"https:\/\/fyno.pt\/"},{"@type":"ListItem","position":2,"name":"Adriano Machado transforma experi\u00eancia em vendas em uma nova gera\u00e7\u00e3o de l\u00edderes e equipes de alta performance"}]},{"@type":"WebSite","@id":"https:\/\/fyno.pt\/#website","url":"https:\/\/fyno.pt\/","name":"Fyno","description":"Not\u00edcia e informa\u00e7\u00e3o","potentialAction":[{"@type":"SearchAction","target":{"@type":"EntryPoint","urlTemplate":"https:\/\/fyno.pt\/?s={search_term_string}"},"query-input":{"@type":"PropertyValueSpecification","valueRequired":true,"valueName":"search_term_string"}}],"inLanguage":"pt-PT"},{"@type":"Person","@id":"https:\/\/fyno.pt\/#\/schema\/person\/ab5b330ed5ed05f1b4a7b8e438f68187","name":"Fyno","image":{"@type":"ImageObject","inLanguage":"pt-PT","@id":"https:\/\/fyno.pt\/wp-content\/litespeed\/avatar\/8f51870e8d94c234e288da840d914372.jpg?ver=1788205134","url":"https:\/\/fyno.pt\/wp-content\/litespeed\/avatar\/8f51870e8d94c234e288da840d914372.jpg?ver=1788205134","contentUrl":"https:\/\/fyno.pt\/wp-content\/litespeed\/avatar\/8f51870e8d94c234e288da840d914372.jpg?ver=1788205134","caption":"Fyno"},"description":"A sua fonte de informa\u00e7\u00e3o.","url":"https:\/\/fyno.pt\/pt\/author\/fynopt\/"}]}},"_links":{"self":[{"href":"https:\/\/fyno.pt\/pt\/wp-json\/wp\/v2\/posts\/43345","targetHints":{"allow":["GET"]}}],"collection":[{"href":"https:\/\/fyno.pt\/pt\/wp-json\/wp\/v2\/posts"}],"about":[{"href":"https:\/\/fyno.pt\/pt\/wp-json\/wp\/v2\/types\/post"}],"author":[{"embeddable":true,"href":"https:\/\/fyno.pt\/pt\/wp-json\/wp\/v2\/users\/9"}],"replies":[{"embeddable":true,"href":"https:\/\/fyno.pt\/pt\/wp-json\/wp\/v2\/comments?post=43345"}],"version-history":[{"count":1,"href":"https:\/\/fyno.pt\/pt\/wp-json\/wp\/v2\/posts\/43345\/revisions"}],"predecessor-version":[{"id":43346,"href":"https:\/\/fyno.pt\/pt\/wp-json\/wp\/v2\/posts\/43345\/revisions\/43346"}],"wp:featuredmedia":[{"embeddable":true,"href":"https:\/\/fyno.pt\/pt\/wp-json\/wp\/v2\/media\/43343"}],"wp:attachment":[{"href":"https:\/\/fyno.pt\/pt\/wp-json\/wp\/v2\/media?parent=43345"}],"wp:term":[{"taxonomy":"category","embeddable":true,"href":"https:\/\/fyno.pt\/pt\/wp-json\/wp\/v2\/categories?post=43345"},{"taxonomy":"post_tag","embeddable":true,"href":"https:\/\/fyno.pt\/pt\/wp-json\/wp\/v2\/tags?post=43345"}],"curies":[{"name":"wp","href":"https:\/\/api.w.org\/{rel}","templated":true}]}}