{"id":43341,"date":"2026-08-30T16:16:59","date_gmt":"2026-08-30T19:16:59","guid":{"rendered":"https:\/\/fyno.pt\/?p=43341"},"modified":"2026-08-30T16:16:59","modified_gmt":"2026-08-30T19:16:59","slug":"edson-araujo-consolida-trajetoria-na-musica-e-transforma-experiencia-em-shows-para-diferentes-publicos","status":"publish","type":"post","link":"https:\/\/fyno.pt\/pt\/musica\/edson-araujo-consolida-trajetoria-na-musica-e-transforma-experiencia-em-shows-para-diferentes-publicos\/","title":{"rendered":"Edson Ara\u00fajo consolida trajet\u00f3ria na m\u00fasica e transforma experi\u00eancia em shows para diferentes p\u00fablicos"},"content":{"rendered":"<p class=\"p1\"><strong>Cantor e compositor pernambucano atua em casamentos, formaturas, anivers\u00e1rios e eventos corporativos e mant\u00e9m presen\u00e7a ativa no circuito musical do Estado<\/strong><\/p>\n\n\n\n<p class=\"p3\">A m\u00fasica tem a capacidade de ocupar diferentes espa\u00e7os de uma celebra\u00e7\u00e3o \u00edntima a grandes eventos p\u00fablicos. \u00c9 justamente nessa diversidade que <strong>Edson Ara\u00fajo<\/strong> vem construindo sua trajet\u00f3ria profissional como cantor e compositor em Pernambuco.<\/p>\n\n\n\n<p class=\"p3\">Conhecido artisticamente como <strong>Edson Filho<\/strong>, o artista mant\u00e9m presen\u00e7a ativa nas redes sociais, onde re\u00fane mais de <strong>16 mil seguidores<\/strong>, e apresenta seu trabalho voltado \u00e0 realiza\u00e7\u00e3o de shows para casamentos, formaturas, anivers\u00e1rios, confraterniza\u00e7\u00f5es e eventos corporativos.&nbsp;<\/p>\n\n\n\n<p class=\"p3\">A proposta profissional evidencia uma caracter\u00edstica importante de sua carreira: a capacidade de adaptar o repert\u00f3rio e a apresenta\u00e7\u00e3o a diferentes momentos e p\u00fablicos, mantendo a m\u00fasica como elemento central de experi\u00eancias marcantes.<\/p>\n\n\n\n<h2 class=\"wp-block-heading\"><strong>Do palco \u00e0s celebra\u00e7\u00f5es<\/strong><\/h2>\n\n\n\n<p class=\"p3\">Para Edson Ara\u00fajo, o trabalho art\u00edstico vai al\u00e9m da apresenta\u00e7\u00e3o musical. Cada evento possui uma identidade pr\u00f3pria e exige do profissional capacidade de leitura do ambiente, intera\u00e7\u00e3o com o p\u00fablico e escolha adequada de repert\u00f3rio.<\/p>\n\n\n\n<p class=\"p3\">\u00c9 essa versatilidade que aparece na pr\u00f3pria apresenta\u00e7\u00e3o profissional do artista, que destaca sua atua\u00e7\u00e3o em <strong>casamentos, formaturas, anivers\u00e1rios e eventos corporativos<\/strong>.<\/p>\n\n\n\n<p class=\"p3\">No ambiente das celebra\u00e7\u00f5es particulares, a m\u00fasica assume uma fun\u00e7\u00e3o especial: ajudar a construir a mem\u00f3ria de um momento importante. Em eventos corporativos, por outro lado, o entretenimento precisa dialogar com diferentes perfis de p\u00fablico e com a proposta de cada ocasi\u00e3o.<\/p>\n\n\n\n<p class=\"p3\">A atua\u00e7\u00e3o nesses diferentes segmentos demonstra a amplitude do trabalho desenvolvido pelo cantor.<\/p>\n\n\n\n<h2 class=\"wp-block-heading\"><strong>Presen\u00e7a no circuito cultural pernambucano<\/strong><\/h2>\n\n\n\n<p class=\"p3\">A trajet\u00f3ria de Edson Ara\u00fajo tamb\u00e9m aparece em registros oficiais da pol\u00edtica cultural de Pernambuco.<\/p>\n\n\n\n<p class=\"p3\">Documentos publicados pela <strong>Secretaria de Cultura de Pernambuco<\/strong> registram a atra\u00e7\u00e3o <strong>\u201cEdson Araujo Shot Sertanejo\u201d<\/strong> entre propostas inscritas em convocat\u00f3rias culturais do Estado para os ciclos carnavalesco e junino de 2026.&nbsp;<\/p>\n\n\n\n<p class=\"p3\">O nome tamb\u00e9m aparece em registros anteriores da programa\u00e7\u00e3o cultural pernambucana. Em 2023, o <strong>Diario de Pernambuco<\/strong> citou Edson Ara\u00fajo e Shot Sertanejo entre as atra\u00e7\u00f5es de uma programa\u00e7\u00e3o de S\u00e3o Jo\u00e3o em Jaboat\u00e3o dos Guararapes.&nbsp;<\/p>\n\n\n\n<p class=\"p3\">Os registros ajudam a dimensionar a presen\u00e7a do artista no cen\u00e1rio regional e mostram que sua atividade profissional n\u00e3o est\u00e1 limitada ao circuito privado de eventos.<\/p>\n\n\n\n<h2 class=\"wp-block-heading\"><strong>Um artista conectado ao p\u00fablico<\/strong><\/h2>\n\n\n\n<figure class=\"wp-block-image size-large\"><img fetchpriority=\"high\" decoding=\"async\" width=\"856\" height=\"1024\" src=\"https:\/\/fyno.pt\/wp-content\/uploads\/2026\/08\/img_1100-856x1024.jpeg\" class=\"wp-image-43339\" srcset=\"https:\/\/fyno.pt\/wp-content\/uploads\/2026\/08\/img_1100-856x1024.jpeg 856w, https:\/\/fyno.pt\/wp-content\/uploads\/2026\/08\/img_1100-251x300.jpeg 251w, https:\/\/fyno.pt\/wp-content\/uploads\/2026\/08\/img_1100-768x919.jpeg 768w, https:\/\/fyno.pt\/wp-content\/uploads\/2026\/08\/img_1100-10x12.jpeg 10w, https:\/\/fyno.pt\/wp-content\/uploads\/2026\/08\/img_1100-750x897.jpeg 750w, https:\/\/fyno.pt\/wp-content\/uploads\/2026\/08\/img_1100.jpeg 1125w\" sizes=\"(max-width: 856px) 100vw, 856px\" \/><\/figure>\n\n\n\n<p class=\"p3\">Nas redes sociais, Edson utiliza uma comunica\u00e7\u00e3o direta com o p\u00fablico e compartilha registros de apresenta\u00e7\u00f5es, momentos de intera\u00e7\u00e3o e conte\u00fados relacionados \u00e0 carreira.<\/p>\n\n\n\n<p class=\"p3\">A presen\u00e7a digital se tornou parte importante da estrat\u00e9gia dos artistas contempor\u00e2neos. Para m\u00fasicos que trabalham tamb\u00e9m com eventos particulares e corporativos, as redes funcionam como uma esp\u00e9cie de vitrine profissional, permitindo que potenciais contratantes conhe\u00e7am o estilo do artista antes mesmo de um show.<\/p>\n\n\n\n<p class=\"p3\">No caso de Edson, essa presen\u00e7a \u00e9 acompanhada por uma estrutura voltada \u00e0 contrata\u00e7\u00e3o de apresenta\u00e7\u00f5es, refor\u00e7ando o posicionamento profissional do cantor.<\/p>\n\n\n\n<h2 class=\"wp-block-heading\"><strong>A for\u00e7a da m\u00fasica ao vivo<\/strong><\/h2>\n\n\n\n<p class=\"p3\">O mercado de eventos passou por grandes transforma\u00e7\u00f5es nos \u00faltimos anos, mas a m\u00fasica ao vivo continua ocupando um papel central em celebra\u00e7\u00f5es e encontros.<\/p>\n\n\n\n<p class=\"p3\">Casamentos, anivers\u00e1rios, formaturas e eventos empresariais procuram cada vez mais atra\u00e7\u00f5es capazes de criar conex\u00e3o com o p\u00fablico e transformar uma programa\u00e7\u00e3o convencional em uma experi\u00eancia.<\/p>\n\n\n\n<p class=\"p3\">\u00c9 nesse espa\u00e7o que Edson Ara\u00fajo posiciona seu trabalho.<\/p>\n\n\n\n<p class=\"p3\">Com repert\u00f3rio direcionado ao entretenimento e experi\u00eancia em diferentes formatos de eventos, o cantor vem ampliando sua atua\u00e7\u00e3o e fortalecendo seu nome no mercado musical pernambucano.<\/p>\n\n\n\n<h2 class=\"wp-block-heading\"><strong>Uma carreira em movimento<\/strong><\/h2>\n\n\n\n<p class=\"p3\">Mais do que a quantidade de apresenta\u00e7\u00f5es, a trajet\u00f3ria de Edson Ara\u00fajo \u00e9 marcada pela capacidade de transitar entre diferentes ambientes do entretenimento.<\/p>\n\n\n\n<p class=\"p3\">Do palco de eventos particulares \u00e0s programa\u00e7\u00f5es culturais p\u00fablicas, o artista vem construindo uma identidade profissional baseada na m\u00fasica, na intera\u00e7\u00e3o com o p\u00fablico e na versatilidade.<\/p>\n\n\n\n<p class=\"p3\">Em um mercado cada vez mais competitivo, manter uma carreira art\u00edstica exige mais do que talento. \u00c9 necess\u00e1rio profissionalismo, presen\u00e7a digital, capacidade de adapta\u00e7\u00e3o e, sobretudo, compreender que cada apresenta\u00e7\u00e3o representa uma oportunidade de criar uma experi\u00eancia para quem est\u00e1 do outro lado do palco.<\/p>\n\n\n\n<p class=\"p4\"><strong>\u00c9 nesse caminho que Edson Ara\u00fajo segue avan\u00e7ando: levando a m\u00fasica para diferentes celebra\u00e7\u00f5es, aproximando-se do p\u00fablico e consolidando seu espa\u00e7o no cen\u00e1rio de eventos e entretenimento de Pernambuco.<\/strong><\/p>","protected":false},"excerpt":{"rendered":"<p>Cantor e compositor pernambucano atua em casamentos, formaturas, anivers\u00e1rios e eventos corporativos e mant\u00e9m presen\u00e7a ativa no circuito musical do Estado A m\u00fasica tem a capacidade de ocupar diferentes espa\u00e7os de uma celebra\u00e7\u00e3o \u00edntima a grandes eventos p\u00fablicos. \u00c9 justamente nessa diversidade que Edson Ara\u00fajo vem construindo sua trajet\u00f3ria profissional como cantor e compositor em [&hellip;]<\/p>\n","protected":false},"author":9,"featured_media":43340,"comment_status":"closed","ping_status":"open","sticky":false,"template":"","format":"standard","meta":{"footnotes":""},"categories":[562],"tags":[1709,1704,1708,823,1703,850,1699,1700,1701,1706,572,856,1702,1710,836,1705,1707,832],"class_list":["post-43341","post","type-post","status-publish","format-standard","has-post-thumbnail","hentry","category-musica","tag-aniversarios","tag-artistas-pernambucanos","tag-cantor-de-pernambuco","tag-cantor-pernambucano","tag-casamento","tag-compositor-pernambucano","tag-edson-araujo-cantor","tag-edson-araujo-compositor","tag-edson-araujo-shot-sertanejo","tag-edson-filho","tag-entretenimento","tag-eventos-corporativos","tag-eventos-sociais","tag-formatura","tag-musica-ao-vivo","tag-musica-pernambucana","tag-shot-sertanejo","tag-shows-em-pernambuco"],"yoast_head":"<!-- This site is optimized with the Yoast SEO Premium plugin v27.9 (Yoast SEO v27.9) - https:\/\/yoast.com\/product\/yoast-seo-premium-wordpress\/ -->\n<title>Edson Ara\u00fajo consolida trajet\u00f3ria na m\u00fasica e transforma experi\u00eancia em shows para diferentes p\u00fablicos - Fyno<\/title>\n<meta name=\"robots\" content=\"index, follow, max-snippet:-1, max-image-preview:large, max-video-preview:-1\" \/>\n<link rel=\"canonical\" href=\"https:\/\/fyno.pt\/pt\/musica\/edson-araujo-consolida-trajetoria-na-musica-e-transforma-experiencia-em-shows-para-diferentes-publicos\/\" \/>\n<meta property=\"og:locale\" content=\"pt_PT\" \/>\n<meta property=\"og:type\" content=\"article\" \/>\n<meta property=\"og:title\" content=\"Edson Ara\u00fajo consolida trajet\u00f3ria na m\u00fasica e transforma experi\u00eancia em shows para diferentes p\u00fablicos\" \/>\n<meta property=\"og:description\" content=\"Cantor e compositor pernambucano atua em casamentos, formaturas, anivers\u00e1rios e eventos corporativos e mant\u00e9m presen\u00e7a ativa no circuito musical do Estado A m\u00fasica tem a capacidade de ocupar diferentes espa\u00e7os de uma celebra\u00e7\u00e3o \u00edntima a grandes eventos p\u00fablicos. \u00c9 justamente nessa diversidade que Edson Ara\u00fajo vem construindo sua trajet\u00f3ria profissional como cantor e compositor em [&hellip;]\" \/>\n<meta property=\"og:url\" content=\"https:\/\/fyno.pt\/pt\/musica\/edson-araujo-consolida-trajetoria-na-musica-e-transforma-experiencia-em-shows-para-diferentes-publicos\/\" \/>\n<meta property=\"og:site_name\" content=\"Fyno\" \/>\n<meta property=\"article:published_time\" content=\"2026-08-30T19:16:59+00:00\" \/>\n<meta property=\"og:image\" content=\"https:\/\/fyno.pt\/wp-content\/uploads\/2026\/08\/img_1099-1.jpeg\" \/>\n\t<meta property=\"og:image:width\" content=\"1125\" \/>\n\t<meta property=\"og:image:height\" content=\"703\" \/>\n\t<meta property=\"og:image:type\" content=\"image\/jpeg\" \/>\n<meta name=\"author\" content=\"Fyno\" \/>\n<meta name=\"twitter:card\" content=\"summary_large_image\" \/>\n<meta name=\"twitter:label1\" content=\"Escrito por\" \/>\n\t<meta name=\"twitter:data1\" content=\"Fyno\" \/>\n\t<meta name=\"twitter:label2\" content=\"Tempo estimado de leitura\" \/>\n\t<meta name=\"twitter:data2\" content=\"4 minutos\" \/>\n<script type=\"application\/ld+json\" class=\"yoast-schema-graph\">{\"@context\":\"https:\\\/\\\/schema.org\",\"@graph\":[{\"@type\":\"Article\",\"@id\":\"https:\\\/\\\/fyno.pt\\\/musica\\\/edson-araujo-consolida-trajetoria-na-musica-e-transforma-experiencia-em-shows-para-diferentes-publicos\\\/#article\",\"isPartOf\":{\"@id\":\"https:\\\/\\\/fyno.pt\\\/musica\\\/edson-araujo-consolida-trajetoria-na-musica-e-transforma-experiencia-em-shows-para-diferentes-publicos\\\/\"},\"author\":{\"name\":\"Fyno\",\"@id\":\"https:\\\/\\\/fyno.pt\\\/#\\\/schema\\\/person\\\/ab5b330ed5ed05f1b4a7b8e438f68187\"},\"headline\":\"Edson Ara\u00fajo consolida trajet\u00f3ria na m\u00fasica e transforma experi\u00eancia em shows para diferentes p\u00fablicos\",\"datePublished\":\"2026-08-30T19:16:59+00:00\",\"mainEntityOfPage\":{\"@id\":\"https:\\\/\\\/fyno.pt\\\/musica\\\/edson-araujo-consolida-trajetoria-na-musica-e-transforma-experiencia-em-shows-para-diferentes-publicos\\\/\"},\"wordCount\":793,\"image\":{\"@id\":\"https:\\\/\\\/fyno.pt\\\/musica\\\/edson-araujo-consolida-trajetoria-na-musica-e-transforma-experiencia-em-shows-para-diferentes-publicos\\\/#primaryimage\"},\"thumbnailUrl\":\"https:\\\/\\\/fyno.pt\\\/wp-content\\\/uploads\\\/2026\\\/08\\\/img_1099-1.jpeg\",\"keywords\":[\"anivers\u00e1rios\",\"artistas pernambucanos\",\"cantor de Pernambuco\",\"cantor pernambucano\",\"casamento\",\"compositor pernambucano\",\"Edson Ara\u00fajo cantor\",\"Edson Ara\u00fajo compositor\",\"Edson Ara\u00fajo Shot Sertanejo\",\"Edson Filho\",\"Entretenimento\",\"eventos corporativos\",\"eventos sociais\",\"formatura\",\"m\u00fasica ao vivo\",\"m\u00fasica pernambucana\",\"Shot Sertanejo\",\"shows em Pernambuco\"],\"articleSection\":[\"M\u00fasica\"],\"inLanguage\":\"pt-PT\"},{\"@type\":\"WebPage\",\"@id\":\"https:\\\/\\\/fyno.pt\\\/musica\\\/edson-araujo-consolida-trajetoria-na-musica-e-transforma-experiencia-em-shows-para-diferentes-publicos\\\/\",\"url\":\"https:\\\/\\\/fyno.pt\\\/musica\\\/edson-araujo-consolida-trajetoria-na-musica-e-transforma-experiencia-em-shows-para-diferentes-publicos\\\/\",\"name\":\"Edson Ara\u00fajo consolida trajet\u00f3ria na m\u00fasica e transforma experi\u00eancia em shows para diferentes p\u00fablicos - Fyno\",\"isPartOf\":{\"@id\":\"https:\\\/\\\/fyno.pt\\\/#website\"},\"primaryImageOfPage\":{\"@id\":\"https:\\\/\\\/fyno.pt\\\/musica\\\/edson-araujo-consolida-trajetoria-na-musica-e-transforma-experiencia-em-shows-para-diferentes-publicos\\\/#primaryimage\"},\"image\":{\"@id\":\"https:\\\/\\\/fyno.pt\\\/musica\\\/edson-araujo-consolida-trajetoria-na-musica-e-transforma-experiencia-em-shows-para-diferentes-publicos\\\/#primaryimage\"},\"thumbnailUrl\":\"https:\\\/\\\/fyno.pt\\\/wp-content\\\/uploads\\\/2026\\\/08\\\/img_1099-1.jpeg\",\"datePublished\":\"2026-08-30T19:16:59+00:00\",\"author\":{\"@id\":\"https:\\\/\\\/fyno.pt\\\/#\\\/schema\\\/person\\\/ab5b330ed5ed05f1b4a7b8e438f68187\"},\"breadcrumb\":{\"@id\":\"https:\\\/\\\/fyno.pt\\\/musica\\\/edson-araujo-consolida-trajetoria-na-musica-e-transforma-experiencia-em-shows-para-diferentes-publicos\\\/#breadcrumb\"},\"inLanguage\":\"pt-PT\",\"potentialAction\":[{\"@type\":\"ReadAction\",\"target\":[\"https:\\\/\\\/fyno.pt\\\/musica\\\/edson-araujo-consolida-trajetoria-na-musica-e-transforma-experiencia-em-shows-para-diferentes-publicos\\\/\"]}]},{\"@type\":\"ImageObject\",\"inLanguage\":\"pt-PT\",\"@id\":\"https:\\\/\\\/fyno.pt\\\/musica\\\/edson-araujo-consolida-trajetoria-na-musica-e-transforma-experiencia-em-shows-para-diferentes-publicos\\\/#primaryimage\",\"url\":\"https:\\\/\\\/fyno.pt\\\/wp-content\\\/uploads\\\/2026\\\/08\\\/img_1099-1.jpeg\",\"contentUrl\":\"https:\\\/\\\/fyno.pt\\\/wp-content\\\/uploads\\\/2026\\\/08\\\/img_1099-1.jpeg\",\"width\":1125,\"height\":703,\"caption\":\"Screenshot\"},{\"@type\":\"BreadcrumbList\",\"@id\":\"https:\\\/\\\/fyno.pt\\\/musica\\\/edson-araujo-consolida-trajetoria-na-musica-e-transforma-experiencia-em-shows-para-diferentes-publicos\\\/#breadcrumb\",\"itemListElement\":[{\"@type\":\"ListItem\",\"position\":1,\"name\":\"In\u00edcio\",\"item\":\"https:\\\/\\\/fyno.pt\\\/\"},{\"@type\":\"ListItem\",\"position\":2,\"name\":\"Edson Ara\u00fajo consolida trajet\u00f3ria na m\u00fasica e transforma experi\u00eancia em shows para diferentes p\u00fablicos\"}]},{\"@type\":\"WebSite\",\"@id\":\"https:\\\/\\\/fyno.pt\\\/#website\",\"url\":\"https:\\\/\\\/fyno.pt\\\/\",\"name\":\"Fyno\",\"description\":\"Not\u00edcia e informa\u00e7\u00e3o\",\"potentialAction\":[{\"@type\":\"SearchAction\",\"target\":{\"@type\":\"EntryPoint\",\"urlTemplate\":\"https:\\\/\\\/fyno.pt\\\/?s={search_term_string}\"},\"query-input\":{\"@type\":\"PropertyValueSpecification\",\"valueRequired\":true,\"valueName\":\"search_term_string\"}}],\"inLanguage\":\"pt-PT\"},{\"@type\":\"Person\",\"@id\":\"https:\\\/\\\/fyno.pt\\\/#\\\/schema\\\/person\\\/ab5b330ed5ed05f1b4a7b8e438f68187\",\"name\":\"Fyno\",\"image\":{\"@type\":\"ImageObject\",\"inLanguage\":\"pt-PT\",\"@id\":\"https:\\\/\\\/fyno.pt\\\/wp-content\\\/litespeed\\\/avatar\\\/8f51870e8d94c234e288da840d914372.jpg?ver=1788205134\",\"url\":\"https:\\\/\\\/fyno.pt\\\/wp-content\\\/litespeed\\\/avatar\\\/8f51870e8d94c234e288da840d914372.jpg?ver=1788205134\",\"contentUrl\":\"https:\\\/\\\/fyno.pt\\\/wp-content\\\/litespeed\\\/avatar\\\/8f51870e8d94c234e288da840d914372.jpg?ver=1788205134\",\"caption\":\"Fyno\"},\"description\":\"A sua fonte de informa\u00e7\u00e3o.\",\"url\":\"https:\\\/\\\/fyno.pt\\\/pt\\\/author\\\/fynopt\\\/\"}]}<\/script>\n<!-- \/ Yoast SEO Premium plugin. -->","yoast_head_json":{"title":"Edson Ara\u00fajo consolida trajet\u00f3ria na m\u00fasica e transforma experi\u00eancia em shows para diferentes p\u00fablicos - Fyno","robots":{"index":"index","follow":"follow","max-snippet":"max-snippet:-1","max-image-preview":"max-image-preview:large","max-video-preview":"max-video-preview:-1"},"canonical":"https:\/\/fyno.pt\/pt\/musica\/edson-araujo-consolida-trajetoria-na-musica-e-transforma-experiencia-em-shows-para-diferentes-publicos\/","og_locale":"pt_PT","og_type":"article","og_title":"Edson Ara\u00fajo consolida trajet\u00f3ria na m\u00fasica e transforma experi\u00eancia em shows para diferentes p\u00fablicos","og_description":"Cantor e compositor pernambucano atua em casamentos, formaturas, anivers\u00e1rios e eventos corporativos e mant\u00e9m presen\u00e7a ativa no circuito musical do Estado A m\u00fasica tem a capacidade de ocupar diferentes espa\u00e7os de uma celebra\u00e7\u00e3o \u00edntima a grandes eventos p\u00fablicos. \u00c9 justamente nessa diversidade que Edson Ara\u00fajo vem construindo sua trajet\u00f3ria profissional como cantor e compositor em [&hellip;]","og_url":"https:\/\/fyno.pt\/pt\/musica\/edson-araujo-consolida-trajetoria-na-musica-e-transforma-experiencia-em-shows-para-diferentes-publicos\/","og_site_name":"Fyno","article_published_time":"2026-08-30T19:16:59+00:00","og_image":[{"width":1125,"height":703,"url":"https:\/\/fyno.pt\/wp-content\/uploads\/2026\/08\/img_1099-1.jpeg","type":"image\/jpeg"}],"author":"Fyno","twitter_card":"summary_large_image","twitter_misc":{"Escrito por":"Fyno","Tempo estimado de leitura":"4 minutos"},"schema":{"@context":"https:\/\/schema.org","@graph":[{"@type":"Article","@id":"https:\/\/fyno.pt\/musica\/edson-araujo-consolida-trajetoria-na-musica-e-transforma-experiencia-em-shows-para-diferentes-publicos\/#article","isPartOf":{"@id":"https:\/\/fyno.pt\/musica\/edson-araujo-consolida-trajetoria-na-musica-e-transforma-experiencia-em-shows-para-diferentes-publicos\/"},"author":{"name":"Fyno","@id":"https:\/\/fyno.pt\/#\/schema\/person\/ab5b330ed5ed05f1b4a7b8e438f68187"},"headline":"Edson Ara\u00fajo consolida trajet\u00f3ria na m\u00fasica e transforma experi\u00eancia em shows para diferentes p\u00fablicos","datePublished":"2026-08-30T19:16:59+00:00","mainEntityOfPage":{"@id":"https:\/\/fyno.pt\/musica\/edson-araujo-consolida-trajetoria-na-musica-e-transforma-experiencia-em-shows-para-diferentes-publicos\/"},"wordCount":793,"image":{"@id":"https:\/\/fyno.pt\/musica\/edson-araujo-consolida-trajetoria-na-musica-e-transforma-experiencia-em-shows-para-diferentes-publicos\/#primaryimage"},"thumbnailUrl":"https:\/\/fyno.pt\/wp-content\/uploads\/2026\/08\/img_1099-1.jpeg","keywords":["anivers\u00e1rios","artistas pernambucanos","cantor de Pernambuco","cantor pernambucano","casamento","compositor pernambucano","Edson Ara\u00fajo cantor","Edson Ara\u00fajo compositor","Edson Ara\u00fajo Shot Sertanejo","Edson Filho","Entretenimento","eventos corporativos","eventos sociais","formatura","m\u00fasica ao vivo","m\u00fasica pernambucana","Shot Sertanejo","shows em Pernambuco"],"articleSection":["M\u00fasica"],"inLanguage":"pt-PT"},{"@type":"WebPage","@id":"https:\/\/fyno.pt\/musica\/edson-araujo-consolida-trajetoria-na-musica-e-transforma-experiencia-em-shows-para-diferentes-publicos\/","url":"https:\/\/fyno.pt\/musica\/edson-araujo-consolida-trajetoria-na-musica-e-transforma-experiencia-em-shows-para-diferentes-publicos\/","name":"Edson Ara\u00fajo consolida trajet\u00f3ria na m\u00fasica e transforma experi\u00eancia em shows para diferentes p\u00fablicos - Fyno","isPartOf":{"@id":"https:\/\/fyno.pt\/#website"},"primaryImageOfPage":{"@id":"https:\/\/fyno.pt\/musica\/edson-araujo-consolida-trajetoria-na-musica-e-transforma-experiencia-em-shows-para-diferentes-publicos\/#primaryimage"},"image":{"@id":"https:\/\/fyno.pt\/musica\/edson-araujo-consolida-trajetoria-na-musica-e-transforma-experiencia-em-shows-para-diferentes-publicos\/#primaryimage"},"thumbnailUrl":"https:\/\/fyno.pt\/wp-content\/uploads\/2026\/08\/img_1099-1.jpeg","datePublished":"2026-08-30T19:16:59+00:00","author":{"@id":"https:\/\/fyno.pt\/#\/schema\/person\/ab5b330ed5ed05f1b4a7b8e438f68187"},"breadcrumb":{"@id":"https:\/\/fyno.pt\/musica\/edson-araujo-consolida-trajetoria-na-musica-e-transforma-experiencia-em-shows-para-diferentes-publicos\/#breadcrumb"},"inLanguage":"pt-PT","potentialAction":[{"@type":"ReadAction","target":["https:\/\/fyno.pt\/musica\/edson-araujo-consolida-trajetoria-na-musica-e-transforma-experiencia-em-shows-para-diferentes-publicos\/"]}]},{"@type":"ImageObject","inLanguage":"pt-PT","@id":"https:\/\/fyno.pt\/musica\/edson-araujo-consolida-trajetoria-na-musica-e-transforma-experiencia-em-shows-para-diferentes-publicos\/#primaryimage","url":"https:\/\/fyno.pt\/wp-content\/uploads\/2026\/08\/img_1099-1.jpeg","contentUrl":"https:\/\/fyno.pt\/wp-content\/uploads\/2026\/08\/img_1099-1.jpeg","width":1125,"height":703,"caption":"Screenshot"},{"@type":"BreadcrumbList","@id":"https:\/\/fyno.pt\/musica\/edson-araujo-consolida-trajetoria-na-musica-e-transforma-experiencia-em-shows-para-diferentes-publicos\/#breadcrumb","itemListElement":[{"@type":"ListItem","position":1,"name":"In\u00edcio","item":"https:\/\/fyno.pt\/"},{"@type":"ListItem","position":2,"name":"Edson Ara\u00fajo consolida trajet\u00f3ria na m\u00fasica e transforma experi\u00eancia em shows para diferentes p\u00fablicos"}]},{"@type":"WebSite","@id":"https:\/\/fyno.pt\/#website","url":"https:\/\/fyno.pt\/","name":"Fyno","description":"Not\u00edcia e informa\u00e7\u00e3o","potentialAction":[{"@type":"SearchAction","target":{"@type":"EntryPoint","urlTemplate":"https:\/\/fyno.pt\/?s={search_term_string}"},"query-input":{"@type":"PropertyValueSpecification","valueRequired":true,"valueName":"search_term_string"}}],"inLanguage":"pt-PT"},{"@type":"Person","@id":"https:\/\/fyno.pt\/#\/schema\/person\/ab5b330ed5ed05f1b4a7b8e438f68187","name":"Fyno","image":{"@type":"ImageObject","inLanguage":"pt-PT","@id":"https:\/\/fyno.pt\/wp-content\/litespeed\/avatar\/8f51870e8d94c234e288da840d914372.jpg?ver=1788205134","url":"https:\/\/fyno.pt\/wp-content\/litespeed\/avatar\/8f51870e8d94c234e288da840d914372.jpg?ver=1788205134","contentUrl":"https:\/\/fyno.pt\/wp-content\/litespeed\/avatar\/8f51870e8d94c234e288da840d914372.jpg?ver=1788205134","caption":"Fyno"},"description":"A sua fonte de informa\u00e7\u00e3o.","url":"https:\/\/fyno.pt\/pt\/author\/fynopt\/"}]}},"_links":{"self":[{"href":"https:\/\/fyno.pt\/pt\/wp-json\/wp\/v2\/posts\/43341","targetHints":{"allow":["GET"]}}],"collection":[{"href":"https:\/\/fyno.pt\/pt\/wp-json\/wp\/v2\/posts"}],"about":[{"href":"https:\/\/fyno.pt\/pt\/wp-json\/wp\/v2\/types\/post"}],"author":[{"embeddable":true,"href":"https:\/\/fyno.pt\/pt\/wp-json\/wp\/v2\/users\/9"}],"replies":[{"embeddable":true,"href":"https:\/\/fyno.pt\/pt\/wp-json\/wp\/v2\/comments?post=43341"}],"version-history":[{"count":1,"href":"https:\/\/fyno.pt\/pt\/wp-json\/wp\/v2\/posts\/43341\/revisions"}],"predecessor-version":[{"id":43342,"href":"https:\/\/fyno.pt\/pt\/wp-json\/wp\/v2\/posts\/43341\/revisions\/43342"}],"wp:featuredmedia":[{"embeddable":true,"href":"https:\/\/fyno.pt\/pt\/wp-json\/wp\/v2\/media\/43340"}],"wp:attachment":[{"href":"https:\/\/fyno.pt\/pt\/wp-json\/wp\/v2\/media?parent=43341"}],"wp:term":[{"taxonomy":"category","embeddable":true,"href":"https:\/\/fyno.pt\/pt\/wp-json\/wp\/v2\/categories?post=43341"},{"taxonomy":"post_tag","embeddable":true,"href":"https:\/\/fyno.pt\/pt\/wp-json\/wp\/v2\/tags?post=43341"}],"curies":[{"name":"wp","href":"https:\/\/api.w.org\/{rel}","templated":true}]}}