{"id":43336,"date":"2026-08-30T16:02:33","date_gmt":"2026-08-30T19:02:33","guid":{"rendered":"https:\/\/fyno.pt\/?p=43336"},"modified":"2026-08-30T16:02:33","modified_gmt":"2026-08-30T19:02:33","slug":"wendell-lameira-da-danca-nos-grandes-palcos-a-atuacao-estrategica-nos-bastidores-do-show-business","status":"publish","type":"post","link":"https:\/\/fyno.pt\/pt\/entretenimento\/wendell-lameira-da-danca-nos-grandes-palcos-a-atuacao-estrategica-nos-bastidores-do-show-business\/","title":{"rendered":"Wendell Lameira: da dan\u00e7a nos grandes palcos \u00e0 atua\u00e7\u00e3o estrat\u00e9gica nos bastidores do show business"},"content":{"rendered":"<h3 class=\"wp-block-heading\"><strong>Paraense com mais de 18 anos de trajet\u00f3ria profissional, core\u00f3grafo construiu carreira ligada \u00e0 performance e hoje amplia sua atua\u00e7\u00e3o como assessor pessoal e art\u00edstico e criador de conte\u00fado<\/strong><\/h3>\n\n\n\n<p class=\"p2\">Poucos profissionais conseguem conhecer o entretenimento por diferentes \u00e2ngulos. <strong>Wendell Lameira<\/strong> construiu essa experi\u00eancia a partir do palco, da dan\u00e7a e da coreografia e, ao longo dos anos, ampliou sua atua\u00e7\u00e3o para os bastidores da ind\u00fastria musical. Natural de Bel\u00e9m, no Par\u00e1, ele se apresenta atualmente como <strong>core\u00f3grafo profissional, assessor pessoal e art\u00edstico e criador de conte\u00fado<\/strong>, reunindo mais de 18 anos de carreira no show business.&nbsp;<\/p>\n\n\n\n<p class=\"p2\">Sua trajet\u00f3ria est\u00e1 diretamente ligada \u00e0 hist\u00f3ria recente da m\u00fasica popular paraense. Um dos registros que ajudam a dimensionar esse percurso est\u00e1 no <strong>Dicion\u00e1rio Cravo Albin da M\u00fasica Popular Brasileira<\/strong>, que identifica Wendell Lameira como core\u00f3grafo e bailarino da <strong>Banda Xeiro Verde<\/strong>, grupo de calypso criado em Bel\u00e9m em 1994.&nbsp;<\/p>\n\n\n\n<p class=\"p2\">A experi\u00eancia no palco ganhou uma dimens\u00e3o ainda maior com sua passagem pela <strong>Banda Calypso<\/strong>, um dos grupos que mais projetaram a m\u00fasica paraense para o restante do pa\u00eds. Registros da \u00e9poca identificam Wendell entre os bailarinos da forma\u00e7\u00e3o da banda e documentam sua participa\u00e7\u00e3o em apresenta\u00e7\u00f5es ao lado de outros integrantes do bal\u00e9.&nbsp;<\/p>\n\n\n\n<h2 class=\"wp-block-heading\"><strong>Uma carreira constru\u00edda com experi\u00eancia de palco<\/strong><\/h2>\n\n\n\n<p class=\"p2\">A dan\u00e7a foi a porta de entrada de Wendell para um mercado no qual disciplina, presen\u00e7a c\u00eanica e capacidade de adapta\u00e7\u00e3o s\u00e3o fundamentais.<\/p>\n\n\n\n<p class=\"p2\">A experi\u00eancia como bailarino e core\u00f3grafo em grandes estruturas musicais proporcionou ao profissional uma vis\u00e3o privilegiada sobre aquilo que acontece antes, durante e depois de uma apresenta\u00e7\u00e3o. \u00c9 uma viv\u00eancia que envolve ensaios, prepara\u00e7\u00e3o, dire\u00e7\u00e3o de movimentos, intera\u00e7\u00e3o entre artistas e equipe e, principalmente, a constru\u00e7\u00e3o de uma identidade visual para o espet\u00e1culo.<\/p>\n\n\n\n<p class=\"p2\">Com o passar dos anos, essa experi\u00eancia deixou de estar restrita \u00e0 performance. Wendell passou a atuar tamb\u00e9m em fun\u00e7\u00f5es relacionadas ao acompanhamento de artistas e \u00e0 organiza\u00e7\u00e3o de suas atividades profissionais.<\/p>\n\n\n\n<h2 class=\"wp-block-heading\"><strong>Dos palcos para os bastidores<\/strong><\/h2>\n\n\n\n<figure class=\"wp-block-image size-large\"><img fetchpriority=\"high\" decoding=\"async\" width=\"782\" height=\"1024\" src=\"https:\/\/fyno.pt\/wp-content\/uploads\/2026\/08\/img_1096-782x1024.jpeg\" class=\"wp-image-43334\" srcset=\"https:\/\/fyno.pt\/wp-content\/uploads\/2026\/08\/img_1096-782x1024.jpeg 782w, https:\/\/fyno.pt\/wp-content\/uploads\/2026\/08\/img_1096-229x300.jpeg 229w, https:\/\/fyno.pt\/wp-content\/uploads\/2026\/08\/img_1096-768x1006.jpeg 768w, https:\/\/fyno.pt\/wp-content\/uploads\/2026\/08\/img_1096-9x12.jpeg 9w, https:\/\/fyno.pt\/wp-content\/uploads\/2026\/08\/img_1096-750x983.jpeg 750w, https:\/\/fyno.pt\/wp-content\/uploads\/2026\/08\/img_1096.jpeg 1125w\" sizes=\"(max-width: 782px) 100vw, 782px\" \/><\/figure>\n\n\n\n<p class=\"p2\">A mudan\u00e7a de fun\u00e7\u00e3o representa uma das caracter\u00edsticas mais marcantes de sua trajet\u00f3ria.<\/p>\n\n\n\n<p class=\"p2\">Hoje, al\u00e9m de continuar ligado \u00e0 dan\u00e7a, Wendell se apresenta profissionalmente como <strong>assessor pessoal e art\u00edstico<\/strong>, fun\u00e7\u00e3o que exige proximidade com artistas, compreens\u00e3o da din\u00e2mica do mercado e capacidade de administrar diferentes demandas que fazem parte de uma carreira no entretenimento.&nbsp;<\/p>\n\n\n\n<p class=\"p2\">Essa transi\u00e7\u00e3o acompanha uma transforma\u00e7\u00e3o do pr\u00f3prio mercado musical. Com artistas cada vez mais presentes nas redes sociais e com carreiras que envolvem m\u00fasica, televis\u00e3o, publicidade, eventos e produ\u00e7\u00e3o de conte\u00fado, profissionais que conhecem tanto o palco quanto os bastidores passaram a exercer um papel estrat\u00e9gico.<\/p>\n\n\n\n<h2 class=\"wp-block-heading\"><strong>Uma nova fase ao lado de Manu Bahtid\u00e3o<\/strong><\/h2>\n\n\n\n<p class=\"p2\">Atualmente, Wendell Lameira aparece associado \u00e0 equipe da cantora <strong>Manu Bahtid\u00e3o<\/strong>, artista que alcan\u00e7ou proje\u00e7\u00e3o nacional nos \u00faltimos anos.<\/p>\n\n\n\n<p class=\"p2\">Conte\u00fados publicados nas redes sociais o identificam como <strong>ex-dan\u00e7arino da Banda Calypso e integrante da equipe de Manu Bahtid\u00e3o<\/strong>, refor\u00e7ando a continuidade de sua atua\u00e7\u00e3o no mercado art\u00edstico.&nbsp;<\/p>\n\n\n\n<p class=\"p2\">A parceria tamb\u00e9m colocou Wendell em evid\u00eancia em conte\u00fados relacionados aos bastidores da carreira da cantora. Em publica\u00e7\u00e3o recente, ele participou de uma conversa sobre quest\u00f5es envolvendo Manu Bahtid\u00e3o e Joelma, mostrando como sua atua\u00e7\u00e3o atualmente ultrapassa o campo exclusivamente coreogr\u00e1fico e alcan\u00e7a tamb\u00e9m a comunica\u00e7\u00e3o e o acompanhamento da artista.&nbsp;<\/p>\n\n\n\n<p class=\"p2\">Manu Bahtid\u00e3o, por sua vez, consolidou-se nacionalmente a partir do sucesso de <strong>\u201cDaqui Pra Sempre\u201d<\/strong>, parceria com Simone Mendes que alcan\u00e7ou posi\u00e7\u00f5es de destaque nas plataformas digitais e levou a cantora a importantes programas e eventos da televis\u00e3o brasileira.<\/p>\n\n\n\n<h2 class=\"wp-block-heading\"><strong>A experi\u00eancia como diferencial<\/strong><\/h2>\n\n\n\n<p class=\"p2\">A trajet\u00f3ria de Wendell ajuda a explicar por que sua atua\u00e7\u00e3o atual re\u00fane diferentes \u00e1reas.<\/p>\n\n\n\n<p class=\"p2\">Ele conhece o ambiente art\u00edstico desde dentro. J\u00e1 esteve no palco como bailarino, participou de estruturas profissionais de grandes bandas, trabalhou com coreografia e passou a atuar no acompanhamento de artistas.<\/p>\n\n\n\n<p class=\"p2\">Essa experi\u00eancia acumulada cria uma esp\u00e9cie de vis\u00e3o 360 graus do entretenimento: <strong>Wendell conhece o palco, mas tamb\u00e9m conhece os bastidores<\/strong>.<\/p>\n\n\n\n<p class=\"p2\">\u00c9 justamente essa combina\u00e7\u00e3o que caracteriza sua atual fase profissional.<\/p>\n\n\n\n<h2 class=\"wp-block-heading\"><strong>Conte\u00fado e forma\u00e7\u00e3o<\/strong><\/h2>\n\n\n\n<p class=\"p2\">Outra frente presente em sua atua\u00e7\u00e3o \u00e9 a produ\u00e7\u00e3o de conte\u00fado e o trabalho relacionado \u00e0 dan\u00e7a.<\/p>\n\n\n\n<p class=\"p2\">Em suas redes sociais, Wendell compartilha conte\u00fados ligados \u00e0 performance, m\u00fasica, entretenimento e atividades de dan\u00e7a. O perfil tamb\u00e9m apresenta iniciativas identificadas como <strong>\u201cAula de Ritmos\u201d<\/strong>, aproximando sua experi\u00eancia profissional de pessoas interessadas em dan\u00e7a e movimento.&nbsp;<\/p>\n\n\n\n<p class=\"p2\">A atividade amplia seu campo de atua\u00e7\u00e3o e mant\u00e9m uma conex\u00e3o direta com a \u00e1rea que esteve presente desde o in\u00edcio de sua carreira.<\/p>\n\n\n\n<h2 class=\"wp-block-heading\"><strong>Um nome constru\u00eddo dentro do entretenimento<\/strong><\/h2>\n\n\n\n<p class=\"p2\">A hist\u00f3ria de Wendell Lameira \u00e9 marcada por uma mudan\u00e7a de posi\u00e7\u00e3o dentro da ind\u00fastria musical sem romper com suas origens.<\/p>\n\n\n\n<p class=\"p2\">O bailarino que esteve nos palcos de grandes bandas tornou-se core\u00f3grafo, ampliou sua atua\u00e7\u00e3o para os bastidores e hoje trabalha tamb\u00e9m como assessor pessoal e art\u00edstico e produtor de conte\u00fado.<\/p>\n\n\n\n<p class=\"p2\">Mais de 18 anos depois do in\u00edcio dessa trajet\u00f3ria, Wendell permanece ligado ao universo que escolheu para sua carreira, agora em uma posi\u00e7\u00e3o que combina <strong>experi\u00eancia art\u00edstica, conhecimento de palco, relacionamento profissional e vis\u00e3o estrat\u00e9gica<\/strong>.<\/p>\n\n\n\n<p class=\"p2\">Em um mercado cada vez mais competitivo, sua trajet\u00f3ria mostra como a experi\u00eancia acumulada nos bastidores pode se transformar em uma ferramenta importante para acompanhar artistas e projetos em diferentes momentos de suas carreiras.<\/p>\n\n\n\n<p class=\"p3\"><strong>De Bel\u00e9m para importantes palcos da m\u00fasica brasileira e, atualmente, para uma atua\u00e7\u00e3o estrat\u00e9gica nos bastidores, Wendell Lameira construiu uma trajet\u00f3ria que se confunde com diferentes cap\u00edtulos do entretenimento nacional e segue escrevendo novos cap\u00edtulos ao lado de uma nova gera\u00e7\u00e3o de artistas.<\/strong><\/p>","protected":false},"excerpt":{"rendered":"<p>Paraense com mais de 18 anos de trajet\u00f3ria profissional, core\u00f3grafo construiu carreira ligada \u00e0 performance e hoje amplia sua atua\u00e7\u00e3o como assessor pessoal e art\u00edstico e criador de conte\u00fado Poucos profissionais conseguem conhecer o entretenimento por diferentes \u00e2ngulos. Wendell Lameira construiu essa experi\u00eancia a partir do palco, da dan\u00e7a e da coreografia e, ao longo [&hellip;]<\/p>\n","protected":false},"author":9,"featured_media":43335,"comment_status":"closed","ping_status":"open","sticky":false,"template":"","format":"standard","meta":{"footnotes":""},"categories":[47],"tags":[797,1698,1688,1497,1697,1694,1686,1261,1695,1696,791,1692,793,1690,753,1693,1691,1689,1687],"class_list":["post-43336","post","type-post","status-publish","format-standard","has-post-thumbnail","hentry","category-entretenimento","tag-artistas-brasileiros-2","tag-assessor-pessoal-artistico","tag-banda-calypso","tag-bastidores-da-musica","tag-belem-do-para","tag-coreografia","tag-coreografo-paraense","tag-criador-de-conteudo","tag-danca","tag-danca-paraense","tag-entretenimento-brasileiro","tag-manu-bahtidao","tag-mercado-musical","tag-musica-paraense","tag-show-business","tag-wendell-lameira","tag-wendell-lameira-assessor-artistico","tag-wendell-lameira-coreografo","tag-wendell-lameira-manu-bahtidao"],"yoast_head":"<!-- This site is optimized with the Yoast SEO Premium plugin v27.9 (Yoast SEO v27.9) - https:\/\/yoast.com\/product\/yoast-seo-premium-wordpress\/ -->\n<title>Wendell Lameira: da dan\u00e7a nos grandes palcos \u00e0 atua\u00e7\u00e3o estrat\u00e9gica nos bastidores do show business - Fyno<\/title>\n<meta name=\"robots\" content=\"index, follow, max-snippet:-1, max-image-preview:large, max-video-preview:-1\" \/>\n<link rel=\"canonical\" href=\"https:\/\/fyno.pt\/pt\/entretenimento\/wendell-lameira-da-danca-nos-grandes-palcos-a-atuacao-estrategica-nos-bastidores-do-show-business\/\" \/>\n<meta property=\"og:locale\" content=\"pt_PT\" \/>\n<meta property=\"og:type\" content=\"article\" \/>\n<meta property=\"og:title\" content=\"Wendell Lameira: da dan\u00e7a nos grandes palcos \u00e0 atua\u00e7\u00e3o estrat\u00e9gica nos bastidores do show business\" \/>\n<meta property=\"og:description\" content=\"Paraense com mais de 18 anos de trajet\u00f3ria profissional, core\u00f3grafo construiu carreira ligada \u00e0 performance e hoje amplia sua atua\u00e7\u00e3o como assessor pessoal e art\u00edstico e criador de conte\u00fado Poucos profissionais conseguem conhecer o entretenimento por diferentes \u00e2ngulos. Wendell Lameira construiu essa experi\u00eancia a partir do palco, da dan\u00e7a e da coreografia e, ao longo [&hellip;]\" \/>\n<meta property=\"og:url\" content=\"https:\/\/fyno.pt\/pt\/entretenimento\/wendell-lameira-da-danca-nos-grandes-palcos-a-atuacao-estrategica-nos-bastidores-do-show-business\/\" \/>\n<meta property=\"og:site_name\" content=\"Fyno\" \/>\n<meta property=\"article:published_time\" content=\"2026-08-30T19:02:33+00:00\" \/>\n<meta property=\"og:image\" content=\"https:\/\/fyno.pt\/wp-content\/uploads\/2026\/08\/img_1095.jpeg\" \/>\n\t<meta property=\"og:image:width\" content=\"1125\" \/>\n\t<meta property=\"og:image:height\" content=\"703\" \/>\n\t<meta property=\"og:image:type\" content=\"image\/jpeg\" \/>\n<meta name=\"author\" content=\"Fyno\" \/>\n<meta name=\"twitter:card\" content=\"summary_large_image\" \/>\n<meta name=\"twitter:label1\" content=\"Escrito por\" \/>\n\t<meta name=\"twitter:data1\" content=\"Fyno\" \/>\n\t<meta name=\"twitter:label2\" content=\"Tempo estimado de leitura\" \/>\n\t<meta name=\"twitter:data2\" content=\"5 minutos\" \/>\n<script type=\"application\/ld+json\" class=\"yoast-schema-graph\">{\"@context\":\"https:\\\/\\\/schema.org\",\"@graph\":[{\"@type\":\"Article\",\"@id\":\"https:\\\/\\\/fyno.pt\\\/entretenimento\\\/wendell-lameira-da-danca-nos-grandes-palcos-a-atuacao-estrategica-nos-bastidores-do-show-business\\\/#article\",\"isPartOf\":{\"@id\":\"https:\\\/\\\/fyno.pt\\\/entretenimento\\\/wendell-lameira-da-danca-nos-grandes-palcos-a-atuacao-estrategica-nos-bastidores-do-show-business\\\/\"},\"author\":{\"name\":\"Fyno\",\"@id\":\"https:\\\/\\\/fyno.pt\\\/#\\\/schema\\\/person\\\/ab5b330ed5ed05f1b4a7b8e438f68187\"},\"headline\":\"Wendell Lameira: da dan\u00e7a nos grandes palcos \u00e0 atua\u00e7\u00e3o estrat\u00e9gica nos bastidores do show business\",\"datePublished\":\"2026-08-30T19:02:33+00:00\",\"mainEntityOfPage\":{\"@id\":\"https:\\\/\\\/fyno.pt\\\/entretenimento\\\/wendell-lameira-da-danca-nos-grandes-palcos-a-atuacao-estrategica-nos-bastidores-do-show-business\\\/\"},\"wordCount\":1047,\"image\":{\"@id\":\"https:\\\/\\\/fyno.pt\\\/entretenimento\\\/wendell-lameira-da-danca-nos-grandes-palcos-a-atuacao-estrategica-nos-bastidores-do-show-business\\\/#primaryimage\"},\"thumbnailUrl\":\"https:\\\/\\\/fyno.pt\\\/wp-content\\\/uploads\\\/2026\\\/08\\\/img_1095.jpeg\",\"keywords\":[\"artistas brasileiros\",\"assessor pessoal art\u00edstico\",\"Banda Calypso\",\"bastidores da m\u00fasica\",\"Bel\u00e9m do Par\u00e1\",\"coreografia\",\"core\u00f3grafo paraense\",\"criador de conte\u00fado\",\"dan\u00e7a\",\"dan\u00e7a paraense\",\"entretenimento brasileiro\",\"Manu Bahtid\u00e3o\",\"mercado musical\",\"m\u00fasica paraense\",\"show business\",\"Wendell Lameira\",\"Wendell Lameira assessor art\u00edstico\",\"Wendell Lameira core\u00f3grafo\",\"Wendell Lameira Manu Bahtid\u00e3o\"],\"articleSection\":[\"Entretenimento\"],\"inLanguage\":\"pt-PT\"},{\"@type\":\"WebPage\",\"@id\":\"https:\\\/\\\/fyno.pt\\\/entretenimento\\\/wendell-lameira-da-danca-nos-grandes-palcos-a-atuacao-estrategica-nos-bastidores-do-show-business\\\/\",\"url\":\"https:\\\/\\\/fyno.pt\\\/entretenimento\\\/wendell-lameira-da-danca-nos-grandes-palcos-a-atuacao-estrategica-nos-bastidores-do-show-business\\\/\",\"name\":\"Wendell Lameira: da dan\u00e7a nos grandes palcos \u00e0 atua\u00e7\u00e3o estrat\u00e9gica nos bastidores do show business - Fyno\",\"isPartOf\":{\"@id\":\"https:\\\/\\\/fyno.pt\\\/#website\"},\"primaryImageOfPage\":{\"@id\":\"https:\\\/\\\/fyno.pt\\\/entretenimento\\\/wendell-lameira-da-danca-nos-grandes-palcos-a-atuacao-estrategica-nos-bastidores-do-show-business\\\/#primaryimage\"},\"image\":{\"@id\":\"https:\\\/\\\/fyno.pt\\\/entretenimento\\\/wendell-lameira-da-danca-nos-grandes-palcos-a-atuacao-estrategica-nos-bastidores-do-show-business\\\/#primaryimage\"},\"thumbnailUrl\":\"https:\\\/\\\/fyno.pt\\\/wp-content\\\/uploads\\\/2026\\\/08\\\/img_1095.jpeg\",\"datePublished\":\"2026-08-30T19:02:33+00:00\",\"author\":{\"@id\":\"https:\\\/\\\/fyno.pt\\\/#\\\/schema\\\/person\\\/ab5b330ed5ed05f1b4a7b8e438f68187\"},\"breadcrumb\":{\"@id\":\"https:\\\/\\\/fyno.pt\\\/entretenimento\\\/wendell-lameira-da-danca-nos-grandes-palcos-a-atuacao-estrategica-nos-bastidores-do-show-business\\\/#breadcrumb\"},\"inLanguage\":\"pt-PT\",\"potentialAction\":[{\"@type\":\"ReadAction\",\"target\":[\"https:\\\/\\\/fyno.pt\\\/entretenimento\\\/wendell-lameira-da-danca-nos-grandes-palcos-a-atuacao-estrategica-nos-bastidores-do-show-business\\\/\"]}]},{\"@type\":\"ImageObject\",\"inLanguage\":\"pt-PT\",\"@id\":\"https:\\\/\\\/fyno.pt\\\/entretenimento\\\/wendell-lameira-da-danca-nos-grandes-palcos-a-atuacao-estrategica-nos-bastidores-do-show-business\\\/#primaryimage\",\"url\":\"https:\\\/\\\/fyno.pt\\\/wp-content\\\/uploads\\\/2026\\\/08\\\/img_1095.jpeg\",\"contentUrl\":\"https:\\\/\\\/fyno.pt\\\/wp-content\\\/uploads\\\/2026\\\/08\\\/img_1095.jpeg\",\"width\":1125,\"height\":703,\"caption\":\"Screenshot\"},{\"@type\":\"BreadcrumbList\",\"@id\":\"https:\\\/\\\/fyno.pt\\\/entretenimento\\\/wendell-lameira-da-danca-nos-grandes-palcos-a-atuacao-estrategica-nos-bastidores-do-show-business\\\/#breadcrumb\",\"itemListElement\":[{\"@type\":\"ListItem\",\"position\":1,\"name\":\"In\u00edcio\",\"item\":\"https:\\\/\\\/fyno.pt\\\/\"},{\"@type\":\"ListItem\",\"position\":2,\"name\":\"Wendell Lameira: da dan\u00e7a nos grandes palcos \u00e0 atua\u00e7\u00e3o estrat\u00e9gica nos bastidores do show business\"}]},{\"@type\":\"WebSite\",\"@id\":\"https:\\\/\\\/fyno.pt\\\/#website\",\"url\":\"https:\\\/\\\/fyno.pt\\\/\",\"name\":\"Fyno\",\"description\":\"Not\u00edcia e informa\u00e7\u00e3o\",\"potentialAction\":[{\"@type\":\"SearchAction\",\"target\":{\"@type\":\"EntryPoint\",\"urlTemplate\":\"https:\\\/\\\/fyno.pt\\\/?s={search_term_string}\"},\"query-input\":{\"@type\":\"PropertyValueSpecification\",\"valueRequired\":true,\"valueName\":\"search_term_string\"}}],\"inLanguage\":\"pt-PT\"},{\"@type\":\"Person\",\"@id\":\"https:\\\/\\\/fyno.pt\\\/#\\\/schema\\\/person\\\/ab5b330ed5ed05f1b4a7b8e438f68187\",\"name\":\"Fyno\",\"image\":{\"@type\":\"ImageObject\",\"inLanguage\":\"pt-PT\",\"@id\":\"https:\\\/\\\/fyno.pt\\\/wp-content\\\/litespeed\\\/avatar\\\/8f51870e8d94c234e288da840d914372.jpg?ver=1788205134\",\"url\":\"https:\\\/\\\/fyno.pt\\\/wp-content\\\/litespeed\\\/avatar\\\/8f51870e8d94c234e288da840d914372.jpg?ver=1788205134\",\"contentUrl\":\"https:\\\/\\\/fyno.pt\\\/wp-content\\\/litespeed\\\/avatar\\\/8f51870e8d94c234e288da840d914372.jpg?ver=1788205134\",\"caption\":\"Fyno\"},\"description\":\"A sua fonte de informa\u00e7\u00e3o.\",\"url\":\"https:\\\/\\\/fyno.pt\\\/pt\\\/author\\\/fynopt\\\/\"}]}<\/script>\n<!-- \/ Yoast SEO Premium plugin. -->","yoast_head_json":{"title":"Wendell Lameira: da dan\u00e7a nos grandes palcos \u00e0 atua\u00e7\u00e3o estrat\u00e9gica nos bastidores do show business - Fyno","robots":{"index":"index","follow":"follow","max-snippet":"max-snippet:-1","max-image-preview":"max-image-preview:large","max-video-preview":"max-video-preview:-1"},"canonical":"https:\/\/fyno.pt\/pt\/entretenimento\/wendell-lameira-da-danca-nos-grandes-palcos-a-atuacao-estrategica-nos-bastidores-do-show-business\/","og_locale":"pt_PT","og_type":"article","og_title":"Wendell Lameira: da dan\u00e7a nos grandes palcos \u00e0 atua\u00e7\u00e3o estrat\u00e9gica nos bastidores do show business","og_description":"Paraense com mais de 18 anos de trajet\u00f3ria profissional, core\u00f3grafo construiu carreira ligada \u00e0 performance e hoje amplia sua atua\u00e7\u00e3o como assessor pessoal e art\u00edstico e criador de conte\u00fado Poucos profissionais conseguem conhecer o entretenimento por diferentes \u00e2ngulos. Wendell Lameira construiu essa experi\u00eancia a partir do palco, da dan\u00e7a e da coreografia e, ao longo [&hellip;]","og_url":"https:\/\/fyno.pt\/pt\/entretenimento\/wendell-lameira-da-danca-nos-grandes-palcos-a-atuacao-estrategica-nos-bastidores-do-show-business\/","og_site_name":"Fyno","article_published_time":"2026-08-30T19:02:33+00:00","og_image":[{"width":1125,"height":703,"url":"https:\/\/fyno.pt\/wp-content\/uploads\/2026\/08\/img_1095.jpeg","type":"image\/jpeg"}],"author":"Fyno","twitter_card":"summary_large_image","twitter_misc":{"Escrito por":"Fyno","Tempo estimado de leitura":"5 minutos"},"schema":{"@context":"https:\/\/schema.org","@graph":[{"@type":"Article","@id":"https:\/\/fyno.pt\/entretenimento\/wendell-lameira-da-danca-nos-grandes-palcos-a-atuacao-estrategica-nos-bastidores-do-show-business\/#article","isPartOf":{"@id":"https:\/\/fyno.pt\/entretenimento\/wendell-lameira-da-danca-nos-grandes-palcos-a-atuacao-estrategica-nos-bastidores-do-show-business\/"},"author":{"name":"Fyno","@id":"https:\/\/fyno.pt\/#\/schema\/person\/ab5b330ed5ed05f1b4a7b8e438f68187"},"headline":"Wendell Lameira: da dan\u00e7a nos grandes palcos \u00e0 atua\u00e7\u00e3o estrat\u00e9gica nos bastidores do show business","datePublished":"2026-08-30T19:02:33+00:00","mainEntityOfPage":{"@id":"https:\/\/fyno.pt\/entretenimento\/wendell-lameira-da-danca-nos-grandes-palcos-a-atuacao-estrategica-nos-bastidores-do-show-business\/"},"wordCount":1047,"image":{"@id":"https:\/\/fyno.pt\/entretenimento\/wendell-lameira-da-danca-nos-grandes-palcos-a-atuacao-estrategica-nos-bastidores-do-show-business\/#primaryimage"},"thumbnailUrl":"https:\/\/fyno.pt\/wp-content\/uploads\/2026\/08\/img_1095.jpeg","keywords":["artistas brasileiros","assessor pessoal art\u00edstico","Banda Calypso","bastidores da m\u00fasica","Bel\u00e9m do Par\u00e1","coreografia","core\u00f3grafo paraense","criador de conte\u00fado","dan\u00e7a","dan\u00e7a paraense","entretenimento brasileiro","Manu Bahtid\u00e3o","mercado musical","m\u00fasica paraense","show business","Wendell Lameira","Wendell Lameira assessor art\u00edstico","Wendell Lameira core\u00f3grafo","Wendell Lameira Manu Bahtid\u00e3o"],"articleSection":["Entretenimento"],"inLanguage":"pt-PT"},{"@type":"WebPage","@id":"https:\/\/fyno.pt\/entretenimento\/wendell-lameira-da-danca-nos-grandes-palcos-a-atuacao-estrategica-nos-bastidores-do-show-business\/","url":"https:\/\/fyno.pt\/entretenimento\/wendell-lameira-da-danca-nos-grandes-palcos-a-atuacao-estrategica-nos-bastidores-do-show-business\/","name":"Wendell Lameira: da dan\u00e7a nos grandes palcos \u00e0 atua\u00e7\u00e3o estrat\u00e9gica nos bastidores do show business - Fyno","isPartOf":{"@id":"https:\/\/fyno.pt\/#website"},"primaryImageOfPage":{"@id":"https:\/\/fyno.pt\/entretenimento\/wendell-lameira-da-danca-nos-grandes-palcos-a-atuacao-estrategica-nos-bastidores-do-show-business\/#primaryimage"},"image":{"@id":"https:\/\/fyno.pt\/entretenimento\/wendell-lameira-da-danca-nos-grandes-palcos-a-atuacao-estrategica-nos-bastidores-do-show-business\/#primaryimage"},"thumbnailUrl":"https:\/\/fyno.pt\/wp-content\/uploads\/2026\/08\/img_1095.jpeg","datePublished":"2026-08-30T19:02:33+00:00","author":{"@id":"https:\/\/fyno.pt\/#\/schema\/person\/ab5b330ed5ed05f1b4a7b8e438f68187"},"breadcrumb":{"@id":"https:\/\/fyno.pt\/entretenimento\/wendell-lameira-da-danca-nos-grandes-palcos-a-atuacao-estrategica-nos-bastidores-do-show-business\/#breadcrumb"},"inLanguage":"pt-PT","potentialAction":[{"@type":"ReadAction","target":["https:\/\/fyno.pt\/entretenimento\/wendell-lameira-da-danca-nos-grandes-palcos-a-atuacao-estrategica-nos-bastidores-do-show-business\/"]}]},{"@type":"ImageObject","inLanguage":"pt-PT","@id":"https:\/\/fyno.pt\/entretenimento\/wendell-lameira-da-danca-nos-grandes-palcos-a-atuacao-estrategica-nos-bastidores-do-show-business\/#primaryimage","url":"https:\/\/fyno.pt\/wp-content\/uploads\/2026\/08\/img_1095.jpeg","contentUrl":"https:\/\/fyno.pt\/wp-content\/uploads\/2026\/08\/img_1095.jpeg","width":1125,"height":703,"caption":"Screenshot"},{"@type":"BreadcrumbList","@id":"https:\/\/fyno.pt\/entretenimento\/wendell-lameira-da-danca-nos-grandes-palcos-a-atuacao-estrategica-nos-bastidores-do-show-business\/#breadcrumb","itemListElement":[{"@type":"ListItem","position":1,"name":"In\u00edcio","item":"https:\/\/fyno.pt\/"},{"@type":"ListItem","position":2,"name":"Wendell Lameira: da dan\u00e7a nos grandes palcos \u00e0 atua\u00e7\u00e3o estrat\u00e9gica nos bastidores do show business"}]},{"@type":"WebSite","@id":"https:\/\/fyno.pt\/#website","url":"https:\/\/fyno.pt\/","name":"Fyno","description":"Not\u00edcia e informa\u00e7\u00e3o","potentialAction":[{"@type":"SearchAction","target":{"@type":"EntryPoint","urlTemplate":"https:\/\/fyno.pt\/?s={search_term_string}"},"query-input":{"@type":"PropertyValueSpecification","valueRequired":true,"valueName":"search_term_string"}}],"inLanguage":"pt-PT"},{"@type":"Person","@id":"https:\/\/fyno.pt\/#\/schema\/person\/ab5b330ed5ed05f1b4a7b8e438f68187","name":"Fyno","image":{"@type":"ImageObject","inLanguage":"pt-PT","@id":"https:\/\/fyno.pt\/wp-content\/litespeed\/avatar\/8f51870e8d94c234e288da840d914372.jpg?ver=1788205134","url":"https:\/\/fyno.pt\/wp-content\/litespeed\/avatar\/8f51870e8d94c234e288da840d914372.jpg?ver=1788205134","contentUrl":"https:\/\/fyno.pt\/wp-content\/litespeed\/avatar\/8f51870e8d94c234e288da840d914372.jpg?ver=1788205134","caption":"Fyno"},"description":"A sua fonte de informa\u00e7\u00e3o.","url":"https:\/\/fyno.pt\/pt\/author\/fynopt\/"}]}},"_links":{"self":[{"href":"https:\/\/fyno.pt\/pt\/wp-json\/wp\/v2\/posts\/43336","targetHints":{"allow":["GET"]}}],"collection":[{"href":"https:\/\/fyno.pt\/pt\/wp-json\/wp\/v2\/posts"}],"about":[{"href":"https:\/\/fyno.pt\/pt\/wp-json\/wp\/v2\/types\/post"}],"author":[{"embeddable":true,"href":"https:\/\/fyno.pt\/pt\/wp-json\/wp\/v2\/users\/9"}],"replies":[{"embeddable":true,"href":"https:\/\/fyno.pt\/pt\/wp-json\/wp\/v2\/comments?post=43336"}],"version-history":[{"count":1,"href":"https:\/\/fyno.pt\/pt\/wp-json\/wp\/v2\/posts\/43336\/revisions"}],"predecessor-version":[{"id":43337,"href":"https:\/\/fyno.pt\/pt\/wp-json\/wp\/v2\/posts\/43336\/revisions\/43337"}],"wp:featuredmedia":[{"embeddable":true,"href":"https:\/\/fyno.pt\/pt\/wp-json\/wp\/v2\/media\/43335"}],"wp:attachment":[{"href":"https:\/\/fyno.pt\/pt\/wp-json\/wp\/v2\/media?parent=43336"}],"wp:term":[{"taxonomy":"category","embeddable":true,"href":"https:\/\/fyno.pt\/pt\/wp-json\/wp\/v2\/categories?post=43336"},{"taxonomy":"post_tag","embeddable":true,"href":"https:\/\/fyno.pt\/pt\/wp-json\/wp\/v2\/tags?post=43336"}],"curies":[{"name":"wp","href":"https:\/\/api.w.org\/{rel}","templated":true}]}}