{"id":43332,"date":"2026-08-30T15:53:50","date_gmt":"2026-08-30T18:53:50","guid":{"rendered":"https:\/\/fyno.pt\/?p=43332"},"modified":"2026-08-30T15:53:50","modified_gmt":"2026-08-30T18:53:50","slug":"fabio-trevisan-e-a-forca-da-familia-na-nova-fase-de-thalita-eliza-no-sertanejo","status":"publish","type":"post","link":"https:\/\/fyno.pt\/pt\/entretenimento\/fabio-trevisan-e-a-forca-da-familia-na-nova-fase-de-thalita-eliza-no-sertanejo\/","title":{"rendered":"F\u00e1bio Trevisan e a for\u00e7a da fam\u00edlia na nova fase de Thalita &amp; Eliza no sertanejo"},"content":{"rendered":"<h3 class=\"wp-block-heading\"><strong>Com participa\u00e7\u00e3o direta nos bastidores e na composi\u00e7\u00e3o, F\u00e1bio acompanha a trajet\u00f3ria das filhas, que acabam de dar um novo passo profissional ao integrar o casting da tradicional HRP Promo\u00e7\u00f5es Art\u00edsticas<\/strong><\/h3>\n\n\n\n<p class=\"p2\">A m\u00fasica sertaneja brasileira vive um movimento constante de renova\u00e7\u00e3o, e algumas hist\u00f3rias ganham destaque justamente por unir talento, fam\u00edlia e profissionaliza\u00e7\u00e3o. \u00c9 nesse cen\u00e1rio que aparece a trajet\u00f3ria de <strong>F\u00e1bio Trevisan<\/strong>, nome ligado \u00e0 caminhada art\u00edstica das filhas <strong>Thalita &amp; Eliza<\/strong>, dupla que vem ampliando sua presen\u00e7a no mercado e recentemente passou a integrar o casting da <strong>HRP Promo\u00e7\u00f5es Art\u00edsticas<\/strong>.<\/p>\n\n\n\n<p class=\"p2\">Mais do que acompanhar as filhas nos bastidores, F\u00e1bio tamb\u00e9m possui participa\u00e7\u00e3o art\u00edstica no projeto. Ele \u00e9 creditado como compositor de <strong>\u201cFilha da Ro\u00e7a\u201d<\/strong>, uma das m\u00fasicas gravadas por Thalita &amp; Eliza e lan\u00e7ada oficialmente em 2023.&nbsp;<\/p>\n\n\n\n<p class=\"p2\">A composi\u00e7\u00e3o evidencia uma caracter\u00edstica marcante da trajet\u00f3ria da fam\u00edlia: a m\u00fasica n\u00e3o aparece apenas como carreira, mas como um projeto constru\u00eddo dentro de casa e levado, posteriormente, a uma estrutura profissional.<\/p>\n\n\n\n<h2 class=\"wp-block-heading\"><strong>Da fam\u00edlia aos grandes palcos<\/strong><\/h2>\n\n\n\n<p class=\"p2\">A hist\u00f3ria de Thalita &amp; Eliza ganhou novos cap\u00edtulos nos \u00faltimos anos. A dupla vem investindo na produ\u00e7\u00e3o musical e na expans\u00e3o de sua carreira, chegando a gravar seu primeiro DVD com participa\u00e7\u00f5es de nomes conhecidos da m\u00fasica brasileira.<\/p>\n\n\n\n<p class=\"p2\">O novo momento ganhou ainda mais for\u00e7a com a chegada \u00e0 <strong>HRP Promo\u00e7\u00f5es Art\u00edsticas<\/strong>, empresa comandada pelo empres\u00e1rio <strong>Hamilton Policastro<\/strong>, ao lado de seu filho, <strong>Hamilton Policastro J\u00fanior<\/strong>. O an\u00fancio foi divulgado pelas pr\u00f3prias artistas e pela equipe ligada \u00e0 empresa.&nbsp;<\/p>\n\n\n\n<p class=\"p2\">A contrata\u00e7\u00e3o representa uma mudan\u00e7a importante de patamar para a dupla, que passa a contar com uma estrutura especializada em gest\u00e3o de talentos e produ\u00e7\u00e3o art\u00edstica.<\/p>\n\n\n\n<p class=\"p2\">O pr\u00f3prio perfil de Hamilton Policastro o apresenta como empres\u00e1rio art\u00edstico com mais de quatro d\u00e9cadas de atua\u00e7\u00e3o no mercado.&nbsp;<\/p>\n\n\n\n<h2 class=\"wp-block-heading\"><strong>Uma empresa com d\u00e9cadas de experi\u00eancia<\/strong><\/h2>\n\n\n\n<figure class=\"wp-block-image size-large\"><img fetchpriority=\"high\" decoding=\"async\" width=\"862\" height=\"1024\" src=\"https:\/\/fyno.pt\/wp-content\/uploads\/2026\/08\/img_1091-862x1024.jpeg\" class=\"wp-image-43331\" srcset=\"https:\/\/fyno.pt\/wp-content\/uploads\/2026\/08\/img_1091-862x1024.jpeg 862w, https:\/\/fyno.pt\/wp-content\/uploads\/2026\/08\/img_1091-253x300.jpeg 253w, https:\/\/fyno.pt\/wp-content\/uploads\/2026\/08\/img_1091-768x912.jpeg 768w, https:\/\/fyno.pt\/wp-content\/uploads\/2026\/08\/img_1091-10x12.jpeg 10w, https:\/\/fyno.pt\/wp-content\/uploads\/2026\/08\/img_1091-750x891.jpeg 750w, https:\/\/fyno.pt\/wp-content\/uploads\/2026\/08\/img_1091.jpeg 1125w\" sizes=\"(max-width: 862px) 100vw, 862px\" \/><figcaption class=\"wp-element-caption\">Foto Reprodu\u00e7\u00e3o.<\/figcaption><\/figure>\n\n\n\n<p class=\"p2\">A chegada de Thalita &amp; Eliza \u00e0 HRP tamb\u00e9m coloca a dupla dentro de uma hist\u00f3ria que atravessa diferentes gera\u00e7\u00f5es da m\u00fasica brasileira.<\/p>\n\n\n\n<p class=\"p2\">Ao longo de sua trajet\u00f3ria, a empresa esteve associada \u00e0 carreira e \u00e0 produ\u00e7\u00e3o de artistas importantes do sertanejo e de outros segmentos. Entre os nomes relacionados \u00e0 hist\u00f3ria da HRP est\u00e3o <strong>Guilherme &amp; Santiago<\/strong>, cuja carreira teve trabalhos produzidos pela empresa em diferentes momentos.&nbsp;<\/p>\n\n\n\n<p class=\"p2\">Atualmente, a estrutura da HRP tamb\u00e9m est\u00e1 voltada para uma nova gera\u00e7\u00e3o de artistas, buscando combinar a experi\u00eancia acumulada ao longo de d\u00e9cadas com projetos contempor\u00e2neos.<\/p>\n\n\n\n<p class=\"p2\">\u00c9 nesse contexto que a chegada de Thalita &amp; Eliza ganha relev\u00e2ncia: a dupla passa a integrar uma estrutura tradicional do mercado justamente em uma fase de expans\u00e3o de sua carreira.<\/p>\n\n\n\n<h2 class=\"wp-block-heading\"><strong>F\u00e1bio Trevisan: presen\u00e7a al\u00e9m dos bastidores<\/strong><\/h2>\n\n\n\n<p class=\"p2\">Para F\u00e1bio, entretanto, a trajet\u00f3ria musical da fam\u00edlia n\u00e3o se resume ao acompanhamento das filhas.<\/p>\n\n\n\n<p class=\"p2\">Seu nome aparece oficialmente associado \u00e0 composi\u00e7\u00e3o de <strong>\u201cFilha da Ro\u00e7a\u201d<\/strong>, lan\u00e7ada por Thalita &amp; Eliza. A faixa foi disponibilizada nas plataformas digitais com cr\u00e9dito de composi\u00e7\u00e3o para F\u00e1bio Trevisan.&nbsp;<\/p>\n\n\n\n<p class=\"p2\">A presen\u00e7a dele tamb\u00e9m ganhou visibilidade nacional com a participa\u00e7\u00e3o da <strong>Fam\u00edlia Trevisan<\/strong> no programa <em>Em Fam\u00edlia com Eliana<\/em>. O Globoplay registra a apresenta\u00e7\u00e3o da fam\u00edlia, que interpretou \u201cFalando \u00c0s Paredes\u201d e \u201cSupera\u201d no programa.&nbsp;<\/p>\n\n\n\n<p class=\"p2\">A exposi\u00e7\u00e3o televisiva ampliou o alcance da hist\u00f3ria familiar e mostrou ao p\u00fablico uma dimens\u00e3o que vai al\u00e9m do palco: a de uma fam\u00edlia que transformou a m\u00fasica em um projeto coletivo.<\/p>\n\n\n\n<h2 class=\"wp-block-heading\"><strong>Uma nova etapa para Thalita &amp; Eliza<\/strong><\/h2>\n\n\n\n<p class=\"p2\">A entrada na HRP acontece em um momento estrat\u00e9gico.<\/p>\n\n\n\n<p class=\"p2\">Com novos projetos, produ\u00e7\u00e3o audiovisual, repert\u00f3rio pr\u00f3prio e maior presen\u00e7a no mercado, Thalita &amp; Eliza passam a contar com a experi\u00eancia de uma empresa que h\u00e1 d\u00e9cadas atua na ind\u00fastria do entretenimento.<\/p>\n\n\n\n<p class=\"p2\">Para F\u00e1bio Trevisan, o momento representa tamb\u00e9m a consolida\u00e7\u00e3o de um caminho iniciado dentro da pr\u00f3pria fam\u00edlia. A participa\u00e7\u00e3o na composi\u00e7\u00e3o e o acompanhamento pr\u00f3ximo da carreira das filhas ajudam a explicar a dimens\u00e3o familiar do projeto.<\/p>\n\n\n\n<p class=\"p2\">A nova fase, entretanto, coloca as artistas diante de um desafio maior: transformar o reconhecimento conquistado at\u00e9 aqui em uma carreira cada vez mais s\u00f3lida e nacional.<\/p>\n\n\n\n<p class=\"p2\">E, para uma fam\u00edlia que encontrou na m\u00fasica um ponto de encontro entre talento, dedica\u00e7\u00e3o e trabalho, o pr\u00f3ximo cap\u00edtulo promete ser ainda mais abrangente.<\/p>\n\n\n\n<p class=\"p2\"><strong>Thalita &amp; Eliza agora fazem parte oficialmente do casting da HRP Promo\u00e7\u00f5es Art\u00edsticas<\/strong>, em uma parceria que une a nova gera\u00e7\u00e3o do sertanejo \u00e0 experi\u00eancia de um dos nomes tradicionais do empresariamento art\u00edstico brasileiro.<\/p>","protected":false},"excerpt":{"rendered":"<p>Com participa\u00e7\u00e3o direta nos bastidores e na composi\u00e7\u00e3o, F\u00e1bio acompanha a trajet\u00f3ria das filhas, que acabam de dar um novo passo profissional ao integrar o casting da tradicional HRP Promo\u00e7\u00f5es Art\u00edsticas A m\u00fasica sertaneja brasileira vive um movimento constante de renova\u00e7\u00e3o, e algumas hist\u00f3rias ganham destaque justamente por unir talento, fam\u00edlia e profissionaliza\u00e7\u00e3o. \u00c9 nesse [&hellip;]<\/p>\n","protected":false},"author":9,"featured_media":43330,"comment_status":"closed","ping_status":"open","sticky":false,"template":"","format":"standard","meta":{"footnotes":""},"categories":[47],"tags":[1487,878,1678,1684,1674,1685,1680,1679,1676,1677,793,733,891,1681,1675,1477,1683,1682],"class_list":["post-43332","post","type-post","status-publish","format-standard","has-post-thumbnail","hentry","category-entretenimento","tag-artistas-sertanejos","tag-carreira-artistica","tag-dupla-sertaneja","tag-empresariamento-artistico","tag-fabio-trevisan","tag-familia-trevisan","tag-filha-da-roca","tag-hamilton-policastro","tag-hamilton-policastro-junior","tag-hrp-promocoes-artisticas","tag-mercado-musical","tag-musica-brasileira","tag-musica-sertaneja","tag-novos-talentos","tag-sertanejo-brasileiro","tag-televisao","tag-thalita-eliza","tag-thalita-e-eliza"],"yoast_head":"<!-- This site is optimized with the Yoast SEO Premium plugin v27.9 (Yoast SEO v27.9) - https:\/\/yoast.com\/product\/yoast-seo-premium-wordpress\/ -->\n<title>F\u00e1bio Trevisan e a for\u00e7a da fam\u00edlia na nova fase de Thalita &amp; Eliza no sertanejo - Fyno<\/title>\n<meta name=\"robots\" content=\"index, follow, max-snippet:-1, max-image-preview:large, max-video-preview:-1\" \/>\n<link rel=\"canonical\" href=\"https:\/\/fyno.pt\/pt\/entretenimento\/fabio-trevisan-e-a-forca-da-familia-na-nova-fase-de-thalita-eliza-no-sertanejo\/\" \/>\n<meta property=\"og:locale\" content=\"pt_PT\" \/>\n<meta property=\"og:type\" content=\"article\" \/>\n<meta property=\"og:title\" content=\"F\u00e1bio Trevisan e a for\u00e7a da fam\u00edlia na nova fase de Thalita &amp; Eliza no sertanejo\" \/>\n<meta property=\"og:description\" content=\"Com participa\u00e7\u00e3o direta nos bastidores e na composi\u00e7\u00e3o, F\u00e1bio acompanha a trajet\u00f3ria das filhas, que acabam de dar um novo passo profissional ao integrar o casting da tradicional HRP Promo\u00e7\u00f5es Art\u00edsticas A m\u00fasica sertaneja brasileira vive um movimento constante de renova\u00e7\u00e3o, e algumas hist\u00f3rias ganham destaque justamente por unir talento, fam\u00edlia e profissionaliza\u00e7\u00e3o. \u00c9 nesse [&hellip;]\" \/>\n<meta property=\"og:url\" content=\"https:\/\/fyno.pt\/pt\/entretenimento\/fabio-trevisan-e-a-forca-da-familia-na-nova-fase-de-thalita-eliza-no-sertanejo\/\" \/>\n<meta property=\"og:site_name\" content=\"Fyno\" \/>\n<meta property=\"article:published_time\" content=\"2026-08-30T18:53:50+00:00\" \/>\n<meta property=\"og:image\" content=\"https:\/\/fyno.pt\/wp-content\/uploads\/2026\/08\/img_1090.jpeg\" \/>\n\t<meta property=\"og:image:width\" content=\"1125\" \/>\n\t<meta property=\"og:image:height\" content=\"690\" \/>\n\t<meta property=\"og:image:type\" content=\"image\/jpeg\" \/>\n<meta name=\"author\" content=\"Fyno\" \/>\n<meta name=\"twitter:card\" content=\"summary_large_image\" \/>\n<meta name=\"twitter:label1\" content=\"Escrito por\" \/>\n\t<meta name=\"twitter:data1\" content=\"Fyno\" \/>\n\t<meta name=\"twitter:label2\" content=\"Tempo estimado de leitura\" \/>\n\t<meta name=\"twitter:data2\" content=\"4 minutos\" \/>\n<script type=\"application\/ld+json\" class=\"yoast-schema-graph\">{\"@context\":\"https:\\\/\\\/schema.org\",\"@graph\":[{\"@type\":\"Article\",\"@id\":\"https:\\\/\\\/fyno.pt\\\/entretenimento\\\/fabio-trevisan-e-a-forca-da-familia-na-nova-fase-de-thalita-eliza-no-sertanejo\\\/#article\",\"isPartOf\":{\"@id\":\"https:\\\/\\\/fyno.pt\\\/entretenimento\\\/fabio-trevisan-e-a-forca-da-familia-na-nova-fase-de-thalita-eliza-no-sertanejo\\\/\"},\"author\":{\"name\":\"Fyno\",\"@id\":\"https:\\\/\\\/fyno.pt\\\/#\\\/schema\\\/person\\\/ab5b330ed5ed05f1b4a7b8e438f68187\"},\"headline\":\"F\u00e1bio Trevisan e a for\u00e7a da fam\u00edlia na nova fase de Thalita &amp; Eliza no sertanejo\",\"datePublished\":\"2026-08-30T18:53:50+00:00\",\"mainEntityOfPage\":{\"@id\":\"https:\\\/\\\/fyno.pt\\\/entretenimento\\\/fabio-trevisan-e-a-forca-da-familia-na-nova-fase-de-thalita-eliza-no-sertanejo\\\/\"},\"wordCount\":855,\"image\":{\"@id\":\"https:\\\/\\\/fyno.pt\\\/entretenimento\\\/fabio-trevisan-e-a-forca-da-familia-na-nova-fase-de-thalita-eliza-no-sertanejo\\\/#primaryimage\"},\"thumbnailUrl\":\"https:\\\/\\\/fyno.pt\\\/wp-content\\\/uploads\\\/2026\\\/08\\\/img_1090.jpeg\",\"keywords\":[\"artistas sertanejos\",\"carreira art\u00edstica\",\"dupla sertaneja\",\"empresariamento art\u00edstico\",\"F\u00e1bio Trevisan\",\"Fam\u00edlia Trevisan\",\"Filha da Ro\u00e7a\",\"Hamilton Policastro\",\"Hamilton Policastro J\u00fanior\",\"HRP Promo\u00e7\u00f5es Art\u00edsticas\",\"mercado musical\",\"M\u00fasica Brasileira\",\"M\u00fasica sertaneja\",\"novos talentos\",\"sertanejo brasileiro\",\"televis\u00e3o\",\"Thalita &amp; Eliza\",\"Thalita e Eliza\"],\"articleSection\":[\"Entretenimento\"],\"inLanguage\":\"pt-PT\"},{\"@type\":\"WebPage\",\"@id\":\"https:\\\/\\\/fyno.pt\\\/entretenimento\\\/fabio-trevisan-e-a-forca-da-familia-na-nova-fase-de-thalita-eliza-no-sertanejo\\\/\",\"url\":\"https:\\\/\\\/fyno.pt\\\/entretenimento\\\/fabio-trevisan-e-a-forca-da-familia-na-nova-fase-de-thalita-eliza-no-sertanejo\\\/\",\"name\":\"F\u00e1bio Trevisan e a for\u00e7a da fam\u00edlia na nova fase de Thalita &amp; Eliza no sertanejo - Fyno\",\"isPartOf\":{\"@id\":\"https:\\\/\\\/fyno.pt\\\/#website\"},\"primaryImageOfPage\":{\"@id\":\"https:\\\/\\\/fyno.pt\\\/entretenimento\\\/fabio-trevisan-e-a-forca-da-familia-na-nova-fase-de-thalita-eliza-no-sertanejo\\\/#primaryimage\"},\"image\":{\"@id\":\"https:\\\/\\\/fyno.pt\\\/entretenimento\\\/fabio-trevisan-e-a-forca-da-familia-na-nova-fase-de-thalita-eliza-no-sertanejo\\\/#primaryimage\"},\"thumbnailUrl\":\"https:\\\/\\\/fyno.pt\\\/wp-content\\\/uploads\\\/2026\\\/08\\\/img_1090.jpeg\",\"datePublished\":\"2026-08-30T18:53:50+00:00\",\"author\":{\"@id\":\"https:\\\/\\\/fyno.pt\\\/#\\\/schema\\\/person\\\/ab5b330ed5ed05f1b4a7b8e438f68187\"},\"breadcrumb\":{\"@id\":\"https:\\\/\\\/fyno.pt\\\/entretenimento\\\/fabio-trevisan-e-a-forca-da-familia-na-nova-fase-de-thalita-eliza-no-sertanejo\\\/#breadcrumb\"},\"inLanguage\":\"pt-PT\",\"potentialAction\":[{\"@type\":\"ReadAction\",\"target\":[\"https:\\\/\\\/fyno.pt\\\/entretenimento\\\/fabio-trevisan-e-a-forca-da-familia-na-nova-fase-de-thalita-eliza-no-sertanejo\\\/\"]}]},{\"@type\":\"ImageObject\",\"inLanguage\":\"pt-PT\",\"@id\":\"https:\\\/\\\/fyno.pt\\\/entretenimento\\\/fabio-trevisan-e-a-forca-da-familia-na-nova-fase-de-thalita-eliza-no-sertanejo\\\/#primaryimage\",\"url\":\"https:\\\/\\\/fyno.pt\\\/wp-content\\\/uploads\\\/2026\\\/08\\\/img_1090.jpeg\",\"contentUrl\":\"https:\\\/\\\/fyno.pt\\\/wp-content\\\/uploads\\\/2026\\\/08\\\/img_1090.jpeg\",\"width\":1125,\"height\":690,\"caption\":\"Screenshot\"},{\"@type\":\"BreadcrumbList\",\"@id\":\"https:\\\/\\\/fyno.pt\\\/entretenimento\\\/fabio-trevisan-e-a-forca-da-familia-na-nova-fase-de-thalita-eliza-no-sertanejo\\\/#breadcrumb\",\"itemListElement\":[{\"@type\":\"ListItem\",\"position\":1,\"name\":\"In\u00edcio\",\"item\":\"https:\\\/\\\/fyno.pt\\\/\"},{\"@type\":\"ListItem\",\"position\":2,\"name\":\"F\u00e1bio Trevisan e a for\u00e7a da fam\u00edlia na nova fase de Thalita &amp; Eliza no sertanejo\"}]},{\"@type\":\"WebSite\",\"@id\":\"https:\\\/\\\/fyno.pt\\\/#website\",\"url\":\"https:\\\/\\\/fyno.pt\\\/\",\"name\":\"Fyno\",\"description\":\"Not\u00edcia e informa\u00e7\u00e3o\",\"potentialAction\":[{\"@type\":\"SearchAction\",\"target\":{\"@type\":\"EntryPoint\",\"urlTemplate\":\"https:\\\/\\\/fyno.pt\\\/?s={search_term_string}\"},\"query-input\":{\"@type\":\"PropertyValueSpecification\",\"valueRequired\":true,\"valueName\":\"search_term_string\"}}],\"inLanguage\":\"pt-PT\"},{\"@type\":\"Person\",\"@id\":\"https:\\\/\\\/fyno.pt\\\/#\\\/schema\\\/person\\\/ab5b330ed5ed05f1b4a7b8e438f68187\",\"name\":\"Fyno\",\"image\":{\"@type\":\"ImageObject\",\"inLanguage\":\"pt-PT\",\"@id\":\"https:\\\/\\\/fyno.pt\\\/wp-content\\\/litespeed\\\/avatar\\\/8f51870e8d94c234e288da840d914372.jpg?ver=1788205134\",\"url\":\"https:\\\/\\\/fyno.pt\\\/wp-content\\\/litespeed\\\/avatar\\\/8f51870e8d94c234e288da840d914372.jpg?ver=1788205134\",\"contentUrl\":\"https:\\\/\\\/fyno.pt\\\/wp-content\\\/litespeed\\\/avatar\\\/8f51870e8d94c234e288da840d914372.jpg?ver=1788205134\",\"caption\":\"Fyno\"},\"description\":\"A sua fonte de informa\u00e7\u00e3o.\",\"url\":\"https:\\\/\\\/fyno.pt\\\/pt\\\/author\\\/fynopt\\\/\"}]}<\/script>\n<!-- \/ Yoast SEO Premium plugin. -->","yoast_head_json":{"title":"F\u00e1bio Trevisan e a for\u00e7a da fam\u00edlia na nova fase de Thalita &amp; Eliza no sertanejo - Fyno","robots":{"index":"index","follow":"follow","max-snippet":"max-snippet:-1","max-image-preview":"max-image-preview:large","max-video-preview":"max-video-preview:-1"},"canonical":"https:\/\/fyno.pt\/pt\/entretenimento\/fabio-trevisan-e-a-forca-da-familia-na-nova-fase-de-thalita-eliza-no-sertanejo\/","og_locale":"pt_PT","og_type":"article","og_title":"F\u00e1bio Trevisan e a for\u00e7a da fam\u00edlia na nova fase de Thalita &amp; Eliza no sertanejo","og_description":"Com participa\u00e7\u00e3o direta nos bastidores e na composi\u00e7\u00e3o, F\u00e1bio acompanha a trajet\u00f3ria das filhas, que acabam de dar um novo passo profissional ao integrar o casting da tradicional HRP Promo\u00e7\u00f5es Art\u00edsticas A m\u00fasica sertaneja brasileira vive um movimento constante de renova\u00e7\u00e3o, e algumas hist\u00f3rias ganham destaque justamente por unir talento, fam\u00edlia e profissionaliza\u00e7\u00e3o. \u00c9 nesse [&hellip;]","og_url":"https:\/\/fyno.pt\/pt\/entretenimento\/fabio-trevisan-e-a-forca-da-familia-na-nova-fase-de-thalita-eliza-no-sertanejo\/","og_site_name":"Fyno","article_published_time":"2026-08-30T18:53:50+00:00","og_image":[{"width":1125,"height":690,"url":"https:\/\/fyno.pt\/wp-content\/uploads\/2026\/08\/img_1090.jpeg","type":"image\/jpeg"}],"author":"Fyno","twitter_card":"summary_large_image","twitter_misc":{"Escrito por":"Fyno","Tempo estimado de leitura":"4 minutos"},"schema":{"@context":"https:\/\/schema.org","@graph":[{"@type":"Article","@id":"https:\/\/fyno.pt\/entretenimento\/fabio-trevisan-e-a-forca-da-familia-na-nova-fase-de-thalita-eliza-no-sertanejo\/#article","isPartOf":{"@id":"https:\/\/fyno.pt\/entretenimento\/fabio-trevisan-e-a-forca-da-familia-na-nova-fase-de-thalita-eliza-no-sertanejo\/"},"author":{"name":"Fyno","@id":"https:\/\/fyno.pt\/#\/schema\/person\/ab5b330ed5ed05f1b4a7b8e438f68187"},"headline":"F\u00e1bio Trevisan e a for\u00e7a da fam\u00edlia na nova fase de Thalita &amp; Eliza no sertanejo","datePublished":"2026-08-30T18:53:50+00:00","mainEntityOfPage":{"@id":"https:\/\/fyno.pt\/entretenimento\/fabio-trevisan-e-a-forca-da-familia-na-nova-fase-de-thalita-eliza-no-sertanejo\/"},"wordCount":855,"image":{"@id":"https:\/\/fyno.pt\/entretenimento\/fabio-trevisan-e-a-forca-da-familia-na-nova-fase-de-thalita-eliza-no-sertanejo\/#primaryimage"},"thumbnailUrl":"https:\/\/fyno.pt\/wp-content\/uploads\/2026\/08\/img_1090.jpeg","keywords":["artistas sertanejos","carreira art\u00edstica","dupla sertaneja","empresariamento art\u00edstico","F\u00e1bio Trevisan","Fam\u00edlia Trevisan","Filha da Ro\u00e7a","Hamilton Policastro","Hamilton Policastro J\u00fanior","HRP Promo\u00e7\u00f5es Art\u00edsticas","mercado musical","M\u00fasica Brasileira","M\u00fasica sertaneja","novos talentos","sertanejo brasileiro","televis\u00e3o","Thalita &amp; Eliza","Thalita e Eliza"],"articleSection":["Entretenimento"],"inLanguage":"pt-PT"},{"@type":"WebPage","@id":"https:\/\/fyno.pt\/entretenimento\/fabio-trevisan-e-a-forca-da-familia-na-nova-fase-de-thalita-eliza-no-sertanejo\/","url":"https:\/\/fyno.pt\/entretenimento\/fabio-trevisan-e-a-forca-da-familia-na-nova-fase-de-thalita-eliza-no-sertanejo\/","name":"F\u00e1bio Trevisan e a for\u00e7a da fam\u00edlia na nova fase de Thalita &amp; Eliza no sertanejo - Fyno","isPartOf":{"@id":"https:\/\/fyno.pt\/#website"},"primaryImageOfPage":{"@id":"https:\/\/fyno.pt\/entretenimento\/fabio-trevisan-e-a-forca-da-familia-na-nova-fase-de-thalita-eliza-no-sertanejo\/#primaryimage"},"image":{"@id":"https:\/\/fyno.pt\/entretenimento\/fabio-trevisan-e-a-forca-da-familia-na-nova-fase-de-thalita-eliza-no-sertanejo\/#primaryimage"},"thumbnailUrl":"https:\/\/fyno.pt\/wp-content\/uploads\/2026\/08\/img_1090.jpeg","datePublished":"2026-08-30T18:53:50+00:00","author":{"@id":"https:\/\/fyno.pt\/#\/schema\/person\/ab5b330ed5ed05f1b4a7b8e438f68187"},"breadcrumb":{"@id":"https:\/\/fyno.pt\/entretenimento\/fabio-trevisan-e-a-forca-da-familia-na-nova-fase-de-thalita-eliza-no-sertanejo\/#breadcrumb"},"inLanguage":"pt-PT","potentialAction":[{"@type":"ReadAction","target":["https:\/\/fyno.pt\/entretenimento\/fabio-trevisan-e-a-forca-da-familia-na-nova-fase-de-thalita-eliza-no-sertanejo\/"]}]},{"@type":"ImageObject","inLanguage":"pt-PT","@id":"https:\/\/fyno.pt\/entretenimento\/fabio-trevisan-e-a-forca-da-familia-na-nova-fase-de-thalita-eliza-no-sertanejo\/#primaryimage","url":"https:\/\/fyno.pt\/wp-content\/uploads\/2026\/08\/img_1090.jpeg","contentUrl":"https:\/\/fyno.pt\/wp-content\/uploads\/2026\/08\/img_1090.jpeg","width":1125,"height":690,"caption":"Screenshot"},{"@type":"BreadcrumbList","@id":"https:\/\/fyno.pt\/entretenimento\/fabio-trevisan-e-a-forca-da-familia-na-nova-fase-de-thalita-eliza-no-sertanejo\/#breadcrumb","itemListElement":[{"@type":"ListItem","position":1,"name":"In\u00edcio","item":"https:\/\/fyno.pt\/"},{"@type":"ListItem","position":2,"name":"F\u00e1bio Trevisan e a for\u00e7a da fam\u00edlia na nova fase de Thalita &amp; Eliza no sertanejo"}]},{"@type":"WebSite","@id":"https:\/\/fyno.pt\/#website","url":"https:\/\/fyno.pt\/","name":"Fyno","description":"Not\u00edcia e informa\u00e7\u00e3o","potentialAction":[{"@type":"SearchAction","target":{"@type":"EntryPoint","urlTemplate":"https:\/\/fyno.pt\/?s={search_term_string}"},"query-input":{"@type":"PropertyValueSpecification","valueRequired":true,"valueName":"search_term_string"}}],"inLanguage":"pt-PT"},{"@type":"Person","@id":"https:\/\/fyno.pt\/#\/schema\/person\/ab5b330ed5ed05f1b4a7b8e438f68187","name":"Fyno","image":{"@type":"ImageObject","inLanguage":"pt-PT","@id":"https:\/\/fyno.pt\/wp-content\/litespeed\/avatar\/8f51870e8d94c234e288da840d914372.jpg?ver=1788205134","url":"https:\/\/fyno.pt\/wp-content\/litespeed\/avatar\/8f51870e8d94c234e288da840d914372.jpg?ver=1788205134","contentUrl":"https:\/\/fyno.pt\/wp-content\/litespeed\/avatar\/8f51870e8d94c234e288da840d914372.jpg?ver=1788205134","caption":"Fyno"},"description":"A sua fonte de informa\u00e7\u00e3o.","url":"https:\/\/fyno.pt\/pt\/author\/fynopt\/"}]}},"_links":{"self":[{"href":"https:\/\/fyno.pt\/pt\/wp-json\/wp\/v2\/posts\/43332","targetHints":{"allow":["GET"]}}],"collection":[{"href":"https:\/\/fyno.pt\/pt\/wp-json\/wp\/v2\/posts"}],"about":[{"href":"https:\/\/fyno.pt\/pt\/wp-json\/wp\/v2\/types\/post"}],"author":[{"embeddable":true,"href":"https:\/\/fyno.pt\/pt\/wp-json\/wp\/v2\/users\/9"}],"replies":[{"embeddable":true,"href":"https:\/\/fyno.pt\/pt\/wp-json\/wp\/v2\/comments?post=43332"}],"version-history":[{"count":1,"href":"https:\/\/fyno.pt\/pt\/wp-json\/wp\/v2\/posts\/43332\/revisions"}],"predecessor-version":[{"id":43333,"href":"https:\/\/fyno.pt\/pt\/wp-json\/wp\/v2\/posts\/43332\/revisions\/43333"}],"wp:featuredmedia":[{"embeddable":true,"href":"https:\/\/fyno.pt\/pt\/wp-json\/wp\/v2\/media\/43330"}],"wp:attachment":[{"href":"https:\/\/fyno.pt\/pt\/wp-json\/wp\/v2\/media?parent=43332"}],"wp:term":[{"taxonomy":"category","embeddable":true,"href":"https:\/\/fyno.pt\/pt\/wp-json\/wp\/v2\/categories?post=43332"},{"taxonomy":"post_tag","embeddable":true,"href":"https:\/\/fyno.pt\/pt\/wp-json\/wp\/v2\/tags?post=43332"}],"curies":[{"name":"wp","href":"https:\/\/api.w.org\/{rel}","templated":true}]}}