{"id":43317,"date":"2026-08-30T12:33:41","date_gmt":"2026-08-30T15:33:41","guid":{"rendered":"https:\/\/fyno.pt\/?p=43317"},"modified":"2026-08-30T12:36:01","modified_gmt":"2026-08-30T15:36:01","slug":"willian-santos-amplia-atuacao-no-empreendedorismo-e-ganha-projecao-com-negocios-ligados-a-veiculos-aviacao-e-importacao","status":"publish","type":"post","link":"https:\/\/fyno.pt\/pt\/negocios\/willian-santos-amplia-atuacao-no-empreendedorismo-e-ganha-projecao-com-negocios-ligados-a-veiculos-aviacao-e-importacao\/","title":{"rendered":"Willian Santos amplia atua\u00e7\u00e3o no empreendedorismo e ganha proje\u00e7\u00e3o com neg\u00f3cios ligados a ve\u00edculos, avia\u00e7\u00e3o e importa\u00e7\u00e3o"},"content":{"rendered":"<p class=\"p2\">O ambiente empresarial brasileiro tem sido marcado por empreendedores que transformam relacionamento, conhecimento de mercado e capacidade de negocia\u00e7\u00e3o em novas oportunidades. Entre os nomes que v\u00eam chamando aten\u00e7\u00e3o nas redes sociais est\u00e1 <strong>Willian Santos<\/strong>, que mant\u00e9m uma atua\u00e7\u00e3o associada a neg\u00f3cios, ve\u00edculos e negocia\u00e7\u00f5es de alto valor.<\/p>\r\n\r\n\r\n\r\n<p class=\"p3\">Com presen\u00e7a ativa no Instagram, onde re\u00fane mais de 2 mil seguidores, Willian utiliza a plataforma n\u00e3o apenas como espa\u00e7o pessoal, mas tamb\u00e9m como uma vitrine para mostrar parte de sua rotina profissional, encontros, negocia\u00e7\u00f5es e oportunidades que fazem parte de seu dia a dia.<\/p>\r\n\r\n\r\n\r\n<p class=\"p3\">Um dos elementos que mais se destacam em seu conte\u00fado \u00e9 a proximidade com o <strong>mercado automotivo<\/strong>. Publica\u00e7\u00f5es apresentam diferentes modelos de ve\u00edculos e situa\u00e7\u00f5es relacionadas a negocia\u00e7\u00f5es, refor\u00e7ando uma atua\u00e7\u00e3o voltada para um segmento em que confian\u00e7a, conhecimento e capacidade de intermedia\u00e7\u00e3o t\u00eam papel decisivo.<\/p>\r\n\r\n\r\n\r\n<h3 class=\"wp-block-heading\"><strong>Neg\u00f3cios que v\u00e3o al\u00e9m dos autom\u00f3veis<\/strong><\/h3>\r\n\r\n\r\n\r\n<p class=\"p3\">A trajet\u00f3ria p\u00fablica de Willian tamb\u00e9m revela interesse por opera\u00e7\u00f5es que ultrapassam o mercado de carros. Entre os conte\u00fados publicados est\u00e3o registros relacionados \u00e0 <strong>avia\u00e7\u00e3o<\/strong>, incluindo negocia\u00e7\u00f5es envolvendo aeronaves.<\/p>\r\n\r\n\r\n\r\n<p class=\"p3\">Em uma das publica\u00e7\u00f5es exibidas em seu perfil, o empres\u00e1rio aparece ao lado de pessoas ligadas a uma negocia\u00e7\u00e3o de avi\u00e3o, em um conte\u00fado que evidencia a dimens\u00e3o dos neg\u00f3cios com os quais trabalha. A presen\u00e7a nesse segmento chama aten\u00e7\u00e3o justamente pelo grau de especializa\u00e7\u00e3o e pelo volume financeiro normalmente envolvido em opera\u00e7\u00f5es desse tipo.<\/p>\r\n\r\n\r\n\r\n<figure class=\"wp-block-image size-large\"><img fetchpriority=\"high\" decoding=\"async\" width=\"755\" height=\"1024\" class=\"wp-image-43315\" src=\"https:\/\/fyno.pt\/wp-content\/uploads\/2026\/08\/img_1066-755x1024.jpeg\" srcset=\"https:\/\/fyno.pt\/wp-content\/uploads\/2026\/08\/img_1066-755x1024.jpeg 755w, https:\/\/fyno.pt\/wp-content\/uploads\/2026\/08\/img_1066-221x300.jpeg 221w, https:\/\/fyno.pt\/wp-content\/uploads\/2026\/08\/img_1066-768x1042.jpeg 768w, https:\/\/fyno.pt\/wp-content\/uploads\/2026\/08\/img_1066-9x12.jpeg 9w, https:\/\/fyno.pt\/wp-content\/uploads\/2026\/08\/img_1066-750x1017.jpeg 750w, https:\/\/fyno.pt\/wp-content\/uploads\/2026\/08\/img_1066.jpeg 1125w\" sizes=\"(max-width: 755px) 100vw, 755px\" \/><\/figure>\r\n\r\n\r\n\r\n<p class=\"p3\">O perfil tamb\u00e9m apresenta registros relacionados ao com\u00e9rcio e \u00e0 importa\u00e7\u00e3o, incluindo imagens de estabelecimentos e encontros empresariais. Essa diversidade ajuda a construir a imagem de um empreendedor que busca oportunidades em diferentes setores.<\/p>\r\n\r\n\r\n\r\n<h3 class=\"wp-block-heading\"><strong>Relacionamento como ferramenta de neg\u00f3cios<\/strong><\/h3>\r\n\r\n\r\n\r\n<p class=\"p3\">Outro aspecto marcante da atua\u00e7\u00e3o de Willian \u00e9 a constru\u00e7\u00e3o de uma ampla rede de relacionamentos. Seu conte\u00fado nas redes sociais mostra encontros com empres\u00e1rios, profissionais de diferentes \u00e1reas e pessoas ligadas ao entretenimento e ao mercado de neg\u00f3cios.<\/p>\r\n\r\n\r\n\r\n<p class=\"p3\">Mais do que simplesmente apresentar produtos, a estrat\u00e9gia demonstra uma caracter\u00edstica cada vez mais importante no empreendedorismo contempor\u00e2neo: a capacidade de transformar relacionamento em oportunidades comerciais.<\/p>\r\n\r\n\r\n\r\n<p class=\"p3\">A comunica\u00e7\u00e3o direta pelas redes sociais tamb\u00e9m permite que potenciais clientes acompanhem parte da rotina do empres\u00e1rio e conhe\u00e7am os segmentos com os quais ele trabalha.<\/p>\r\n\r\n\r\n\r\n<h3 class=\"wp-block-heading\"><strong>Uma imagem associada \u00e0 expans\u00e3o<\/strong><\/h3>\r\n\r\n\r\n\r\n<p class=\"p3\">O posicionamento apresentado por Willian Santos nas redes sociais combina empreendedorismo, ve\u00edculos, avia\u00e7\u00e3o, com\u00e9rcio e relacionamento. A variedade de conte\u00fados indica uma atua\u00e7\u00e3o que n\u00e3o se limita a um \u00fanico nicho e que busca acompanhar oportunidades em mercados distintos.<\/p>\r\n\r\n\r\n\r\n<p class=\"p3\">Em um cen\u00e1rio no qual a presen\u00e7a digital passou a fazer parte da estrat\u00e9gia de empresas e profissionais, Willian utiliza sua imagem e seus canais para mostrar resultados, negocia\u00e7\u00f5es e momentos da rotina empresarial.<\/p>\r\n\r\n\r\n\r\n<p class=\"p3\">A trajet\u00f3ria refor\u00e7a uma tend\u00eancia observada no novo empreendedorismo: profissionais que constroem neg\u00f3cios a partir de diferentes frentes e utilizam a pr\u00f3pria rede de contatos como parte importante da estrat\u00e9gia de crescimento.<\/p>\r\n\r\n\r\n\r\n<p class=\"p2\"><strong>Com atua\u00e7\u00e3o diversificada e presen\u00e7a cada vez mais associada ao universo dos neg\u00f3cios, Willian Santos busca consolidar seu nome em um mercado marcado por negocia\u00e7\u00f5es, relacionamento e novas oportunidades.<\/strong><\/p>","protected":false},"excerpt":{"rendered":"<p>O ambiente empresarial brasileiro tem sido marcado por empreendedores que transformam relacionamento, conhecimento de mercado e capacidade de negocia\u00e7\u00e3o em novas oportunidades. Entre os nomes que v\u00eam chamando aten\u00e7\u00e3o nas redes sociais est\u00e1 Willian Santos, que mant\u00e9m uma atua\u00e7\u00e3o associada a neg\u00f3cios, ve\u00edculos e negocia\u00e7\u00f5es de alto valor. Com presen\u00e7a ativa no Instagram, onde re\u00fane [&hellip;]<\/p>\n","protected":false},"author":9,"featured_media":43316,"comment_status":"closed","ping_status":"open","sticky":false,"template":"","format":"standard","meta":{"footnotes":""},"categories":[559],"tags":[1659,1660,1028,658,1125,1662,1664,1663,1661,570,1658,1657],"class_list":["post-43317","post","type-post","status-publish","format-standard","has-post-thumbnail","hentry","category-negocios","tag-aeronaves","tag-aviacao","tag-empreendedor-brasileiro","tag-empreendedorismo","tag-empresario","tag-importacao","tag-mercado-automotivo","tag-mercado-de-luxo","tag-negociacao","tag-negocios","tag-veiculos","tag-willian-santos"],"yoast_head":"<!-- This site is optimized with the Yoast SEO Premium plugin v27.9 (Yoast SEO v27.9) - https:\/\/yoast.com\/product\/yoast-seo-premium-wordpress\/ -->\n<title>Willian Santos<\/title>\n<meta name=\"robots\" content=\"index, follow, max-snippet:-1, max-image-preview:large, max-video-preview:-1\" \/>\n<link rel=\"canonical\" href=\"https:\/\/fyno.pt\/pt\/negocios\/willian-santos-amplia-atuacao-no-empreendedorismo-e-ganha-projecao-com-negocios-ligados-a-veiculos-aviacao-e-importacao\/\" \/>\n<meta property=\"og:locale\" content=\"pt_PT\" \/>\n<meta property=\"og:type\" content=\"article\" \/>\n<meta property=\"og:title\" content=\"Willian Santos amplia atua\u00e7\u00e3o no empreendedorismo e ganha proje\u00e7\u00e3o com neg\u00f3cios ligados a ve\u00edculos, avia\u00e7\u00e3o e importa\u00e7\u00e3o\" \/>\n<meta property=\"og:description\" content=\"O ambiente empresarial brasileiro tem sido marcado por empreendedores que transformam relacionamento, conhecimento de mercado e capacidade de negocia\u00e7\u00e3o em novas oportunidades. Entre os nomes que v\u00eam chamando aten\u00e7\u00e3o nas redes sociais est\u00e1 Willian Santos, que mant\u00e9m uma atua\u00e7\u00e3o associada a neg\u00f3cios, ve\u00edculos e negocia\u00e7\u00f5es de alto valor. Com presen\u00e7a ativa no Instagram, onde re\u00fane [&hellip;]\" \/>\n<meta property=\"og:url\" content=\"https:\/\/fyno.pt\/pt\/negocios\/willian-santos-amplia-atuacao-no-empreendedorismo-e-ganha-projecao-com-negocios-ligados-a-veiculos-aviacao-e-importacao\/\" \/>\n<meta property=\"og:site_name\" content=\"Fyno\" \/>\n<meta property=\"article:published_time\" content=\"2026-08-30T15:33:41+00:00\" \/>\n<meta property=\"article:modified_time\" content=\"2026-08-30T15:36:01+00:00\" \/>\n<meta property=\"og:image\" content=\"https:\/\/fyno.pt\/wp-content\/uploads\/2026\/08\/img_1067-1.jpeg\" \/>\n\t<meta property=\"og:image:width\" content=\"1125\" \/>\n\t<meta property=\"og:image:height\" content=\"647\" \/>\n\t<meta property=\"og:image:type\" content=\"image\/jpeg\" \/>\n<meta name=\"author\" content=\"Fyno\" \/>\n<meta name=\"twitter:card\" content=\"summary_large_image\" \/>\n<meta name=\"twitter:label1\" content=\"Escrito por\" \/>\n\t<meta name=\"twitter:data1\" content=\"Fyno\" \/>\n\t<meta name=\"twitter:label2\" content=\"Tempo estimado de leitura\" \/>\n\t<meta name=\"twitter:data2\" content=\"4 minutos\" \/>\n<script type=\"application\/ld+json\" class=\"yoast-schema-graph\">{\"@context\":\"https:\\\/\\\/schema.org\",\"@graph\":[{\"@type\":\"Article\",\"@id\":\"https:\\\/\\\/fyno.pt\\\/negocios\\\/willian-santos-amplia-atuacao-no-empreendedorismo-e-ganha-projecao-com-negocios-ligados-a-veiculos-aviacao-e-importacao\\\/#article\",\"isPartOf\":{\"@id\":\"https:\\\/\\\/fyno.pt\\\/negocios\\\/willian-santos-amplia-atuacao-no-empreendedorismo-e-ganha-projecao-com-negocios-ligados-a-veiculos-aviacao-e-importacao\\\/\"},\"author\":{\"name\":\"Fyno\",\"@id\":\"https:\\\/\\\/fyno.pt\\\/#\\\/schema\\\/person\\\/ab5b330ed5ed05f1b4a7b8e438f68187\"},\"headline\":\"Willian Santos amplia atua\u00e7\u00e3o no empreendedorismo e ganha proje\u00e7\u00e3o com neg\u00f3cios ligados a ve\u00edculos, avia\u00e7\u00e3o e importa\u00e7\u00e3o\",\"datePublished\":\"2026-08-30T15:33:41+00:00\",\"dateModified\":\"2026-08-30T15:36:01+00:00\",\"mainEntityOfPage\":{\"@id\":\"https:\\\/\\\/fyno.pt\\\/negocios\\\/willian-santos-amplia-atuacao-no-empreendedorismo-e-ganha-projecao-com-negocios-ligados-a-veiculos-aviacao-e-importacao\\\/\"},\"wordCount\":599,\"image\":{\"@id\":\"https:\\\/\\\/fyno.pt\\\/negocios\\\/willian-santos-amplia-atuacao-no-empreendedorismo-e-ganha-projecao-com-negocios-ligados-a-veiculos-aviacao-e-importacao\\\/#primaryimage\"},\"thumbnailUrl\":\"https:\\\/\\\/fyno.pt\\\/wp-content\\\/uploads\\\/2026\\\/08\\\/img_1067-1.jpeg\",\"keywords\":[\"aeronaves\",\"avia\u00e7\u00e3o\",\"empreendedor brasileiro\",\"empreendedorismo\",\"empres\u00e1rio\",\"importa\u00e7\u00e3o\",\"mercado automotivo\",\"mercado de luxo\",\"negocia\u00e7\u00e3o\",\"neg\u00f3cios\",\"ve\u00edculos\",\"Willian Santos\"],\"articleSection\":[\"Neg\u00f3cios\"],\"inLanguage\":\"pt-PT\"},{\"@type\":\"WebPage\",\"@id\":\"https:\\\/\\\/fyno.pt\\\/negocios\\\/willian-santos-amplia-atuacao-no-empreendedorismo-e-ganha-projecao-com-negocios-ligados-a-veiculos-aviacao-e-importacao\\\/\",\"url\":\"https:\\\/\\\/fyno.pt\\\/negocios\\\/willian-santos-amplia-atuacao-no-empreendedorismo-e-ganha-projecao-com-negocios-ligados-a-veiculos-aviacao-e-importacao\\\/\",\"name\":\"Willian Santos\",\"isPartOf\":{\"@id\":\"https:\\\/\\\/fyno.pt\\\/#website\"},\"primaryImageOfPage\":{\"@id\":\"https:\\\/\\\/fyno.pt\\\/negocios\\\/willian-santos-amplia-atuacao-no-empreendedorismo-e-ganha-projecao-com-negocios-ligados-a-veiculos-aviacao-e-importacao\\\/#primaryimage\"},\"image\":{\"@id\":\"https:\\\/\\\/fyno.pt\\\/negocios\\\/willian-santos-amplia-atuacao-no-empreendedorismo-e-ganha-projecao-com-negocios-ligados-a-veiculos-aviacao-e-importacao\\\/#primaryimage\"},\"thumbnailUrl\":\"https:\\\/\\\/fyno.pt\\\/wp-content\\\/uploads\\\/2026\\\/08\\\/img_1067-1.jpeg\",\"datePublished\":\"2026-08-30T15:33:41+00:00\",\"dateModified\":\"2026-08-30T15:36:01+00:00\",\"author\":{\"@id\":\"https:\\\/\\\/fyno.pt\\\/#\\\/schema\\\/person\\\/ab5b330ed5ed05f1b4a7b8e438f68187\"},\"breadcrumb\":{\"@id\":\"https:\\\/\\\/fyno.pt\\\/negocios\\\/willian-santos-amplia-atuacao-no-empreendedorismo-e-ganha-projecao-com-negocios-ligados-a-veiculos-aviacao-e-importacao\\\/#breadcrumb\"},\"inLanguage\":\"pt-PT\",\"potentialAction\":[{\"@type\":\"ReadAction\",\"target\":[\"https:\\\/\\\/fyno.pt\\\/negocios\\\/willian-santos-amplia-atuacao-no-empreendedorismo-e-ganha-projecao-com-negocios-ligados-a-veiculos-aviacao-e-importacao\\\/\"]}]},{\"@type\":\"ImageObject\",\"inLanguage\":\"pt-PT\",\"@id\":\"https:\\\/\\\/fyno.pt\\\/negocios\\\/willian-santos-amplia-atuacao-no-empreendedorismo-e-ganha-projecao-com-negocios-ligados-a-veiculos-aviacao-e-importacao\\\/#primaryimage\",\"url\":\"https:\\\/\\\/fyno.pt\\\/wp-content\\\/uploads\\\/2026\\\/08\\\/img_1067-1.jpeg\",\"contentUrl\":\"https:\\\/\\\/fyno.pt\\\/wp-content\\\/uploads\\\/2026\\\/08\\\/img_1067-1.jpeg\",\"width\":1125,\"height\":647,\"caption\":\"Screenshot\"},{\"@type\":\"BreadcrumbList\",\"@id\":\"https:\\\/\\\/fyno.pt\\\/negocios\\\/willian-santos-amplia-atuacao-no-empreendedorismo-e-ganha-projecao-com-negocios-ligados-a-veiculos-aviacao-e-importacao\\\/#breadcrumb\",\"itemListElement\":[{\"@type\":\"ListItem\",\"position\":1,\"name\":\"In\u00edcio\",\"item\":\"https:\\\/\\\/fyno.pt\\\/\"},{\"@type\":\"ListItem\",\"position\":2,\"name\":\"Willian Santos amplia atua\u00e7\u00e3o no empreendedorismo e ganha proje\u00e7\u00e3o com neg\u00f3cios ligados a ve\u00edculos, avia\u00e7\u00e3o e importa\u00e7\u00e3o\"}]},{\"@type\":\"WebSite\",\"@id\":\"https:\\\/\\\/fyno.pt\\\/#website\",\"url\":\"https:\\\/\\\/fyno.pt\\\/\",\"name\":\"Fyno\",\"description\":\"Not\u00edcia e informa\u00e7\u00e3o\",\"potentialAction\":[{\"@type\":\"SearchAction\",\"target\":{\"@type\":\"EntryPoint\",\"urlTemplate\":\"https:\\\/\\\/fyno.pt\\\/?s={search_term_string}\"},\"query-input\":{\"@type\":\"PropertyValueSpecification\",\"valueRequired\":true,\"valueName\":\"search_term_string\"}}],\"inLanguage\":\"pt-PT\"},{\"@type\":\"Person\",\"@id\":\"https:\\\/\\\/fyno.pt\\\/#\\\/schema\\\/person\\\/ab5b330ed5ed05f1b4a7b8e438f68187\",\"name\":\"Fyno\",\"image\":{\"@type\":\"ImageObject\",\"inLanguage\":\"pt-PT\",\"@id\":\"https:\\\/\\\/fyno.pt\\\/wp-content\\\/litespeed\\\/avatar\\\/8f51870e8d94c234e288da840d914372.jpg?ver=1788205134\",\"url\":\"https:\\\/\\\/fyno.pt\\\/wp-content\\\/litespeed\\\/avatar\\\/8f51870e8d94c234e288da840d914372.jpg?ver=1788205134\",\"contentUrl\":\"https:\\\/\\\/fyno.pt\\\/wp-content\\\/litespeed\\\/avatar\\\/8f51870e8d94c234e288da840d914372.jpg?ver=1788205134\",\"caption\":\"Fyno\"},\"description\":\"A sua fonte de informa\u00e7\u00e3o.\",\"url\":\"https:\\\/\\\/fyno.pt\\\/pt\\\/author\\\/fynopt\\\/\"}]}<\/script>\n<!-- \/ Yoast SEO Premium plugin. -->","yoast_head_json":{"title":"Willian Santos","robots":{"index":"index","follow":"follow","max-snippet":"max-snippet:-1","max-image-preview":"max-image-preview:large","max-video-preview":"max-video-preview:-1"},"canonical":"https:\/\/fyno.pt\/pt\/negocios\/willian-santos-amplia-atuacao-no-empreendedorismo-e-ganha-projecao-com-negocios-ligados-a-veiculos-aviacao-e-importacao\/","og_locale":"pt_PT","og_type":"article","og_title":"Willian Santos amplia atua\u00e7\u00e3o no empreendedorismo e ganha proje\u00e7\u00e3o com neg\u00f3cios ligados a ve\u00edculos, avia\u00e7\u00e3o e importa\u00e7\u00e3o","og_description":"O ambiente empresarial brasileiro tem sido marcado por empreendedores que transformam relacionamento, conhecimento de mercado e capacidade de negocia\u00e7\u00e3o em novas oportunidades. Entre os nomes que v\u00eam chamando aten\u00e7\u00e3o nas redes sociais est\u00e1 Willian Santos, que mant\u00e9m uma atua\u00e7\u00e3o associada a neg\u00f3cios, ve\u00edculos e negocia\u00e7\u00f5es de alto valor. Com presen\u00e7a ativa no Instagram, onde re\u00fane [&hellip;]","og_url":"https:\/\/fyno.pt\/pt\/negocios\/willian-santos-amplia-atuacao-no-empreendedorismo-e-ganha-projecao-com-negocios-ligados-a-veiculos-aviacao-e-importacao\/","og_site_name":"Fyno","article_published_time":"2026-08-30T15:33:41+00:00","article_modified_time":"2026-08-30T15:36:01+00:00","og_image":[{"width":1125,"height":647,"url":"https:\/\/fyno.pt\/wp-content\/uploads\/2026\/08\/img_1067-1.jpeg","type":"image\/jpeg"}],"author":"Fyno","twitter_card":"summary_large_image","twitter_misc":{"Escrito por":"Fyno","Tempo estimado de leitura":"4 minutos"},"schema":{"@context":"https:\/\/schema.org","@graph":[{"@type":"Article","@id":"https:\/\/fyno.pt\/negocios\/willian-santos-amplia-atuacao-no-empreendedorismo-e-ganha-projecao-com-negocios-ligados-a-veiculos-aviacao-e-importacao\/#article","isPartOf":{"@id":"https:\/\/fyno.pt\/negocios\/willian-santos-amplia-atuacao-no-empreendedorismo-e-ganha-projecao-com-negocios-ligados-a-veiculos-aviacao-e-importacao\/"},"author":{"name":"Fyno","@id":"https:\/\/fyno.pt\/#\/schema\/person\/ab5b330ed5ed05f1b4a7b8e438f68187"},"headline":"Willian Santos amplia atua\u00e7\u00e3o no empreendedorismo e ganha proje\u00e7\u00e3o com neg\u00f3cios ligados a ve\u00edculos, avia\u00e7\u00e3o e importa\u00e7\u00e3o","datePublished":"2026-08-30T15:33:41+00:00","dateModified":"2026-08-30T15:36:01+00:00","mainEntityOfPage":{"@id":"https:\/\/fyno.pt\/negocios\/willian-santos-amplia-atuacao-no-empreendedorismo-e-ganha-projecao-com-negocios-ligados-a-veiculos-aviacao-e-importacao\/"},"wordCount":599,"image":{"@id":"https:\/\/fyno.pt\/negocios\/willian-santos-amplia-atuacao-no-empreendedorismo-e-ganha-projecao-com-negocios-ligados-a-veiculos-aviacao-e-importacao\/#primaryimage"},"thumbnailUrl":"https:\/\/fyno.pt\/wp-content\/uploads\/2026\/08\/img_1067-1.jpeg","keywords":["aeronaves","avia\u00e7\u00e3o","empreendedor brasileiro","empreendedorismo","empres\u00e1rio","importa\u00e7\u00e3o","mercado automotivo","mercado de luxo","negocia\u00e7\u00e3o","neg\u00f3cios","ve\u00edculos","Willian Santos"],"articleSection":["Neg\u00f3cios"],"inLanguage":"pt-PT"},{"@type":"WebPage","@id":"https:\/\/fyno.pt\/negocios\/willian-santos-amplia-atuacao-no-empreendedorismo-e-ganha-projecao-com-negocios-ligados-a-veiculos-aviacao-e-importacao\/","url":"https:\/\/fyno.pt\/negocios\/willian-santos-amplia-atuacao-no-empreendedorismo-e-ganha-projecao-com-negocios-ligados-a-veiculos-aviacao-e-importacao\/","name":"Willian Santos","isPartOf":{"@id":"https:\/\/fyno.pt\/#website"},"primaryImageOfPage":{"@id":"https:\/\/fyno.pt\/negocios\/willian-santos-amplia-atuacao-no-empreendedorismo-e-ganha-projecao-com-negocios-ligados-a-veiculos-aviacao-e-importacao\/#primaryimage"},"image":{"@id":"https:\/\/fyno.pt\/negocios\/willian-santos-amplia-atuacao-no-empreendedorismo-e-ganha-projecao-com-negocios-ligados-a-veiculos-aviacao-e-importacao\/#primaryimage"},"thumbnailUrl":"https:\/\/fyno.pt\/wp-content\/uploads\/2026\/08\/img_1067-1.jpeg","datePublished":"2026-08-30T15:33:41+00:00","dateModified":"2026-08-30T15:36:01+00:00","author":{"@id":"https:\/\/fyno.pt\/#\/schema\/person\/ab5b330ed5ed05f1b4a7b8e438f68187"},"breadcrumb":{"@id":"https:\/\/fyno.pt\/negocios\/willian-santos-amplia-atuacao-no-empreendedorismo-e-ganha-projecao-com-negocios-ligados-a-veiculos-aviacao-e-importacao\/#breadcrumb"},"inLanguage":"pt-PT","potentialAction":[{"@type":"ReadAction","target":["https:\/\/fyno.pt\/negocios\/willian-santos-amplia-atuacao-no-empreendedorismo-e-ganha-projecao-com-negocios-ligados-a-veiculos-aviacao-e-importacao\/"]}]},{"@type":"ImageObject","inLanguage":"pt-PT","@id":"https:\/\/fyno.pt\/negocios\/willian-santos-amplia-atuacao-no-empreendedorismo-e-ganha-projecao-com-negocios-ligados-a-veiculos-aviacao-e-importacao\/#primaryimage","url":"https:\/\/fyno.pt\/wp-content\/uploads\/2026\/08\/img_1067-1.jpeg","contentUrl":"https:\/\/fyno.pt\/wp-content\/uploads\/2026\/08\/img_1067-1.jpeg","width":1125,"height":647,"caption":"Screenshot"},{"@type":"BreadcrumbList","@id":"https:\/\/fyno.pt\/negocios\/willian-santos-amplia-atuacao-no-empreendedorismo-e-ganha-projecao-com-negocios-ligados-a-veiculos-aviacao-e-importacao\/#breadcrumb","itemListElement":[{"@type":"ListItem","position":1,"name":"In\u00edcio","item":"https:\/\/fyno.pt\/"},{"@type":"ListItem","position":2,"name":"Willian Santos amplia atua\u00e7\u00e3o no empreendedorismo e ganha proje\u00e7\u00e3o com neg\u00f3cios ligados a ve\u00edculos, avia\u00e7\u00e3o e importa\u00e7\u00e3o"}]},{"@type":"WebSite","@id":"https:\/\/fyno.pt\/#website","url":"https:\/\/fyno.pt\/","name":"Fyno","description":"Not\u00edcia e informa\u00e7\u00e3o","potentialAction":[{"@type":"SearchAction","target":{"@type":"EntryPoint","urlTemplate":"https:\/\/fyno.pt\/?s={search_term_string}"},"query-input":{"@type":"PropertyValueSpecification","valueRequired":true,"valueName":"search_term_string"}}],"inLanguage":"pt-PT"},{"@type":"Person","@id":"https:\/\/fyno.pt\/#\/schema\/person\/ab5b330ed5ed05f1b4a7b8e438f68187","name":"Fyno","image":{"@type":"ImageObject","inLanguage":"pt-PT","@id":"https:\/\/fyno.pt\/wp-content\/litespeed\/avatar\/8f51870e8d94c234e288da840d914372.jpg?ver=1788205134","url":"https:\/\/fyno.pt\/wp-content\/litespeed\/avatar\/8f51870e8d94c234e288da840d914372.jpg?ver=1788205134","contentUrl":"https:\/\/fyno.pt\/wp-content\/litespeed\/avatar\/8f51870e8d94c234e288da840d914372.jpg?ver=1788205134","caption":"Fyno"},"description":"A sua fonte de informa\u00e7\u00e3o.","url":"https:\/\/fyno.pt\/pt\/author\/fynopt\/"}]}},"_links":{"self":[{"href":"https:\/\/fyno.pt\/pt\/wp-json\/wp\/v2\/posts\/43317","targetHints":{"allow":["GET"]}}],"collection":[{"href":"https:\/\/fyno.pt\/pt\/wp-json\/wp\/v2\/posts"}],"about":[{"href":"https:\/\/fyno.pt\/pt\/wp-json\/wp\/v2\/types\/post"}],"author":[{"embeddable":true,"href":"https:\/\/fyno.pt\/pt\/wp-json\/wp\/v2\/users\/9"}],"replies":[{"embeddable":true,"href":"https:\/\/fyno.pt\/pt\/wp-json\/wp\/v2\/comments?post=43317"}],"version-history":[{"count":3,"href":"https:\/\/fyno.pt\/pt\/wp-json\/wp\/v2\/posts\/43317\/revisions"}],"predecessor-version":[{"id":43320,"href":"https:\/\/fyno.pt\/pt\/wp-json\/wp\/v2\/posts\/43317\/revisions\/43320"}],"wp:featuredmedia":[{"embeddable":true,"href":"https:\/\/fyno.pt\/pt\/wp-json\/wp\/v2\/media\/43316"}],"wp:attachment":[{"href":"https:\/\/fyno.pt\/pt\/wp-json\/wp\/v2\/media?parent=43317"}],"wp:term":[{"taxonomy":"category","embeddable":true,"href":"https:\/\/fyno.pt\/pt\/wp-json\/wp\/v2\/categories?post=43317"},{"taxonomy":"post_tag","embeddable":true,"href":"https:\/\/fyno.pt\/pt\/wp-json\/wp\/v2\/tags?post=43317"}],"curies":[{"name":"wp","href":"https:\/\/api.w.org\/{rel}","templated":true}]}}