{"id":43310,"date":"2026-08-30T12:02:26","date_gmt":"2026-08-30T15:02:26","guid":{"rendered":"https:\/\/fyno.pt\/?p=43310"},"modified":"2026-08-30T12:03:19","modified_gmt":"2026-08-30T15:03:19","slug":"vitor-oliveira-transforma-moda-masculina-em-plataforma-de-imagem-posicionamento-e-empreendedorismo","status":"publish","type":"post","link":"https:\/\/fyno.pt\/pt\/negocios\/vitor-oliveira-transforma-moda-masculina-em-plataforma-de-imagem-posicionamento-e-empreendedorismo\/","title":{"rendered":"Vitor Oliveira transforma moda masculina em plataforma de imagem, posicionamento e empreendedorismo"},"content":{"rendered":"<p class=\"p2\"><strong>\u00c0 frente da Elegance Club, empres\u00e1rio aposta em experi\u00eancia, constru\u00e7\u00e3o de marca e conte\u00fado para ampliar a rela\u00e7\u00e3o entre moda, identidade e neg\u00f3cios<\/strong><\/p>\n\n\n\n<p class=\"p3\">No mercado em que roupa deixou de ser apenas uma quest\u00e3o de vestu\u00e1rio e passou a ocupar um papel importante na constru\u00e7\u00e3o da imagem pessoal e profissional, <strong>Vitor Oliveira<\/strong> vem desenvolvendo uma proposta que combina moda masculina, posicionamento e comunica\u00e7\u00e3o.<\/p>\n\n\n\n<p class=\"p3\">Fundador da <strong>Elegance Club<\/strong>, o empres\u00e1rio construiu uma marca que busca ir al\u00e9m da venda de roupas. A proposta apresentada pela empresa est\u00e1 baseada em atendimento personalizado, curadoria de produtos e uma experi\u00eancia de compra associada a conceitos como originalidade, bom gosto e relacionamento com o cliente.&nbsp;<\/p>\n\n\n\n<p class=\"p3\">O pr\u00f3prio posicionamento de Vitor nas redes sociais traduz essa vis\u00e3o. Em seu perfil profissional, ele se apresenta como <strong>\u201cVitor Oliveira | Imagem e Posicionamento Estrat\u00e9gico\u201d<\/strong> e afirma trabalhar h\u00e1 nove anos na constru\u00e7\u00e3o de algo que ultrapassa o conceito tradicional de uma loja de roupas.<\/p>\n\n\n\n<h2 class=\"wp-block-heading\"><strong>Da loja \u00e0 constru\u00e7\u00e3o de uma marca<\/strong><\/h2>\n\n\n\n<p class=\"p3\">A hist\u00f3ria da Elegance Club \u00e9 apresentada por Vitor como um projeto de longo prazo. A proposta \u00e9 transformar a rela\u00e7\u00e3o do consumidor com a moda masculina em uma experi\u00eancia capaz de contribuir tamb\u00e9m para sua imagem.<\/p>\n\n\n\n<p class=\"p3\">A empresa trabalha com pe\u00e7as voltadas ao p\u00fablico masculino e procura associar seus produtos a diferentes momentos da vida do consumidor, explorando desde combina\u00e7\u00f5es para o cotidiano at\u00e9 propostas mais sofisticadas.<\/p>\n\n\n\n<p class=\"p3\">Em uma descri\u00e7\u00e3o institucional publicada em an\u00fancio de contrata\u00e7\u00e3o, a Elegance Club afirma ter como foco <strong>experi\u00eancias de compra personalizadas e sofisticadas<\/strong>, com um portf\u00f3lio selecionado e atendimento pr\u00f3ximo.&nbsp;<\/p>\n\n\n\n<p class=\"p3\">A estrat\u00e9gia revela uma mudan\u00e7a importante no varejo de moda: em vez de competir apenas por produto ou pre\u00e7o, marcas procuram criar identidade e estabelecer v\u00ednculos mais fortes com seus consumidores.<\/p>\n\n\n\n<h2 class=\"wp-block-heading\"><strong>Vitor Oliveira e o poder da imagem<\/strong><\/h2>\n\n\n\n<p class=\"p3\">\u00c9 justamente nesse ponto que a trajet\u00f3ria pessoal de Vitor se conecta diretamente \u00e0 proposta da empresa.<\/p>\n\n\n\n<p class=\"p3\">Seu posicionamento profissional est\u00e1 concentrado em <strong>imagem e posicionamento estrat\u00e9gico<\/strong>, enquanto seu conte\u00fado digital aborda empreendedorismo, comportamento, estilo e desenvolvimento pessoal.<\/p>\n\n\n\n<p class=\"p3\">A ideia central \u00e9 que a imagem comunica antes mesmo das palavras. No ambiente profissional, a maneira como uma pessoa se apresenta pode fazer parte da percep\u00e7\u00e3o que clientes, parceiros e empresas constroem sobre ela.<\/p>\n\n\n\n<p class=\"p3\">Essa vis\u00e3o aparece tamb\u00e9m no conte\u00fado produzido por Vitor, que utiliza suas plataformas digitais para discutir aspectos relacionados ao empreendedorismo e \u00e0 constru\u00e7\u00e3o de uma presen\u00e7a pessoal mais consistente.<\/p>\n\n\n\n<h2 class=\"wp-block-heading\"><strong>Elegance Club aposta em atendimento personalizado<\/strong><\/h2>\n\n\n\n<p class=\"p3\">A proposta comercial da Elegance Club tamb\u00e9m passa pela valoriza\u00e7\u00e3o do atendimento.<\/p>\n\n\n\n<p class=\"p3\">Segundo a descri\u00e7\u00e3o institucional divulgada pela pr\u00f3pria empresa, o consultor de moda deve compreender o perfil do cliente, apresentar cole\u00e7\u00f5es, explicar caracter\u00edsticas das pe\u00e7as, sugerir combina\u00e7\u00f5es e acompanhar o consumidor durante o processo de compra.&nbsp;<\/p>\n\n\n\n<p class=\"p3\">\u00c9 uma abordagem que coloca o profissional de moda em uma posi\u00e7\u00e3o mais pr\u00f3xima de um consultor do que simplesmente de um vendedor.<\/p>\n\n\n\n<p class=\"p3\">Essa diferen\u00e7a \u00e9 relevante em um mercado no qual o consumidor busca cada vez mais praticidade e orienta\u00e7\u00e3o para escolher aquilo que melhor representa seu estilo.<\/p>\n\n\n\n<h2 class=\"wp-block-heading\"><strong>Uma marca que quer dialogar com o empreendedor<\/strong><\/h2>\n\n\n\n<figure class=\"wp-block-image size-large\"><img fetchpriority=\"high\" decoding=\"async\" width=\"883\" height=\"1024\" src=\"https:\/\/fyno.pt\/wp-content\/uploads\/2026\/08\/img_1059-883x1024.jpeg\" alt=\"\" class=\"wp-image-43309\" srcset=\"https:\/\/fyno.pt\/wp-content\/uploads\/2026\/08\/img_1059-883x1024.jpeg 883w, https:\/\/fyno.pt\/wp-content\/uploads\/2026\/08\/img_1059-259x300.jpeg 259w, https:\/\/fyno.pt\/wp-content\/uploads\/2026\/08\/img_1059-768x890.jpeg 768w, https:\/\/fyno.pt\/wp-content\/uploads\/2026\/08\/img_1059-10x12.jpeg 10w, https:\/\/fyno.pt\/wp-content\/uploads\/2026\/08\/img_1059-750x869.jpeg 750w, https:\/\/fyno.pt\/wp-content\/uploads\/2026\/08\/img_1059.jpeg 1125w\" sizes=\"(max-width: 883px) 100vw, 883px\" \/><\/figure>\n\n\n\n<p class=\"p3\">A atua\u00e7\u00e3o de Vitor tamb\u00e9m se expandiu para o conte\u00fado.<\/p>\n\n\n\n<p class=\"p3\">Al\u00e9m da Elegance Club, ele \u00e9 respons\u00e1vel pelo <strong>Elegance Talks<\/strong>, projeto apresentado nas redes sociais como um espa\u00e7o dedicado a <strong>empreendedorismo, posicionamento, f\u00e9 e prosperidade<\/strong>.<\/p>\n\n\n\n<p class=\"p3\">A iniciativa amplia o universo da marca e cria um canal de comunica\u00e7\u00e3o que n\u00e3o depende exclusivamente da venda de produtos.<\/p>\n\n\n\n<p class=\"p3\">O conceito aproxima a Elegance Club de uma tend\u00eancia cada vez mais presente entre marcas contempor\u00e2neas: transformar empresas em comunidades de conte\u00fado, valores e experi\u00eancias.<\/p>\n\n\n\n<p class=\"p3\">Nesse modelo, o consumidor n\u00e3o \u00e9 apenas algu\u00e9m que compra uma pe\u00e7a de roupa. Ele passa a se relacionar com uma vis\u00e3o de mundo apresentada pela marca.<\/p>\n\n\n\n<h2 class=\"wp-block-heading\"><strong>Conte\u00fado como ferramenta de posicionamento<\/strong><\/h2>\n\n\n\n<p class=\"p3\">A presen\u00e7a digital de Vitor refor\u00e7a essa estrat\u00e9gia.<\/p>\n\n\n\n<p class=\"p3\">Em seus conte\u00fados, o empres\u00e1rio aborda temas relacionados \u00e0 vida profissional, empreendedorismo, imagem e comportamento, utilizando a pr\u00f3pria experi\u00eancia empresarial como parte da narrativa.<\/p>\n\n\n\n<p class=\"p3\">O resultado \u00e9 uma comunica\u00e7\u00e3o que procura conectar tr\u00eas elementos: <strong>a pessoa, a imagem e o neg\u00f3cio<\/strong>.<\/p>\n\n\n\n<p class=\"p3\">Para Vitor, a constru\u00e7\u00e3o de uma marca pessoal e a constru\u00e7\u00e3o de uma empresa caminham lado a lado. A maneira como o empreendedor se posiciona passa a fazer parte da pr\u00f3pria identidade da organiza\u00e7\u00e3o.<\/p>\n\n\n\n<h2 class=\"wp-block-heading\"><strong>Uma nova leitura para a moda masculina<\/strong><\/h2>\n\n\n\n<p class=\"p3\">O mercado masculino tamb\u00e9m passou por uma transforma\u00e7\u00e3o significativa nos \u00faltimos anos. O homem contempor\u00e2neo passou a dedicar mais aten\u00e7\u00e3o \u00e0 apar\u00eancia, ao estilo e \u00e0 forma como \u00e9 percebido em ambientes profissionais e sociais.<\/p>\n\n\n\n<p class=\"p3\">Nesse cen\u00e1rio, empresas especializadas em moda masculina encontram espa\u00e7o para trabalhar n\u00e3o apenas com pe\u00e7as, mas com <strong>curadoria, orienta\u00e7\u00e3o e identidade<\/strong>.<\/p>\n\n\n\n<p class=\"p3\">\u00c9 justamente nesse territ\u00f3rio que a Elegance Club procura se posicionar.<\/p>\n\n\n\n<p class=\"p3\">A empresa descreve seu trabalho a partir de valores como evolu\u00e7\u00e3o, prop\u00f3sito e excel\u00eancia conceitos que aparecem tamb\u00e9m na comunica\u00e7\u00e3o institucional da marca.<\/p>\n\n\n\n<p class=\"p3\">Mais do que apresentar roupas, a proposta \u00e9 estimular o consumidor a compreender o vestu\u00e1rio como parte de sua apresenta\u00e7\u00e3o pessoal.<\/p>\n\n\n\n<h2 class=\"wp-block-heading\"><strong>Um projeto que une varejo, comunica\u00e7\u00e3o e prop\u00f3sito<\/strong><\/h2>\n\n\n\n<p class=\"p3\">A trajet\u00f3ria de Vitor Oliveira mostra uma tentativa de construir um neg\u00f3cio em que o empreendedor tamb\u00e9m seja parte importante da narrativa da marca.<\/p>\n\n\n\n<p class=\"p3\">De um lado est\u00e1 a Elegance Club, com sua atua\u00e7\u00e3o no segmento de moda masculina. De outro, est\u00e1 Vitor, utilizando sua imagem e seus canais digitais para falar sobre empreendedorismo, posicionamento e comportamento.<\/p>\n\n\n\n<p class=\"p3\">A conex\u00e3o entre essas duas frentes cria uma identidade empresarial que vai al\u00e9m do com\u00e9rcio tradicional.<\/p>\n\n\n\n<p class=\"p3\">E \u00e9 justamente essa combina\u00e7\u00e3o que pode representar o principal diferencial do projeto: <strong>transformar uma loja de roupas em uma plataforma de imagem, relacionamento e conte\u00fado<\/strong>.<\/p>\n\n\n\n<p class=\"p3\">Em um mercado cada vez mais competitivo, no qual marcas disputam n\u00e3o apenas consumidores, mas aten\u00e7\u00e3o e identifica\u00e7\u00e3o, Vitor Oliveira aposta na constru\u00e7\u00e3o de uma empresa com personalidade pr\u00f3pria.<\/p>\n\n\n\n<p class=\"p3\">A Elegance Club, nesse contexto, passa a representar mais do que um espa\u00e7o dedicado \u00e0 moda masculina. \u00c9 a materializa\u00e7\u00e3o de uma vis\u00e3o de neg\u00f3cio baseada na ideia de que <strong>a roupa veste o corpo, mas a imagem comunica quem est\u00e1 por tr\u00e1s dela<\/strong>.<\/p>","protected":false},"excerpt":{"rendered":"<p>\u00c0 frente da Elegance Club, empres\u00e1rio aposta em experi\u00eancia, constru\u00e7\u00e3o de marca e conte\u00fado para ampliar a rela\u00e7\u00e3o entre moda, identidade e neg\u00f3cios No mercado em que roupa deixou de ser apenas uma quest\u00e3o de vestu\u00e1rio e passou a ocupar um papel importante na constru\u00e7\u00e3o da imagem pessoal e profissional, Vitor Oliveira vem desenvolvendo uma [&hellip;]<\/p>\n","protected":false},"author":9,"featured_media":43308,"comment_status":"closed","ping_status":"open","sticky":false,"template":"","format":"standard","meta":{"footnotes":""},"categories":[559],"tags":[1646,1656,1643,1652,1028,658,1647,1650,1644,1651,1648,1561,1642,1655,1654,570,1649,1653,1645],"class_list":["post-43310","post","type-post","status-publish","format-standard","has-post-thumbnail","hentry","category-negocios","tag-consultoria-de-moda","tag-elegance-club","tag-elegance-club-oficial","tag-elegance-talks","tag-empreendedor-brasileiro","tag-empreendedorismo","tag-empreendedorismo-e-moda","tag-empresario-de-moda","tag-estilo-masculino","tag-imagem-e-posicionamento","tag-imagem-pessoal","tag-marca-pessoal","tag-marcas-de-moda","tag-moda-masculina","tag-moda-masculina-brasileira","tag-negocios","tag-posicionamento-estrategico","tag-varejo-de-moda","tag-vitor-oliveira"],"yoast_head":"<!-- This site is optimized with the Yoast SEO Premium plugin v27.9 (Yoast SEO v27.9) - https:\/\/yoast.com\/product\/yoast-seo-premium-wordpress\/ -->\n<title>Vitor Oliveira transforma moda masculina em plataforma de imagem, posicionamento e empreendedorismo - Fyno<\/title>\n<meta name=\"robots\" content=\"index, follow, max-snippet:-1, max-image-preview:large, max-video-preview:-1\" \/>\n<link rel=\"canonical\" href=\"https:\/\/fyno.pt\/pt\/negocios\/vitor-oliveira-transforma-moda-masculina-em-plataforma-de-imagem-posicionamento-e-empreendedorismo\/\" \/>\n<meta property=\"og:locale\" content=\"pt_PT\" \/>\n<meta property=\"og:type\" content=\"article\" \/>\n<meta property=\"og:title\" content=\"Vitor Oliveira transforma moda masculina em plataforma de imagem, posicionamento e empreendedorismo\" \/>\n<meta property=\"og:description\" content=\"\u00c0 frente da Elegance Club, empres\u00e1rio aposta em experi\u00eancia, constru\u00e7\u00e3o de marca e conte\u00fado para ampliar a rela\u00e7\u00e3o entre moda, identidade e neg\u00f3cios No mercado em que roupa deixou de ser apenas uma quest\u00e3o de vestu\u00e1rio e passou a ocupar um papel importante na constru\u00e7\u00e3o da imagem pessoal e profissional, Vitor Oliveira vem desenvolvendo uma [&hellip;]\" \/>\n<meta property=\"og:url\" content=\"https:\/\/fyno.pt\/pt\/negocios\/vitor-oliveira-transforma-moda-masculina-em-plataforma-de-imagem-posicionamento-e-empreendedorismo\/\" \/>\n<meta property=\"og:site_name\" content=\"Fyno\" \/>\n<meta property=\"article:published_time\" content=\"2026-08-30T15:02:26+00:00\" \/>\n<meta property=\"article:modified_time\" content=\"2026-08-30T15:03:19+00:00\" \/>\n<meta property=\"og:image\" content=\"https:\/\/fyno.pt\/wp-content\/uploads\/2026\/08\/img_1058.jpeg\" \/>\n\t<meta property=\"og:image:width\" content=\"1125\" \/>\n\t<meta property=\"og:image:height\" content=\"644\" \/>\n\t<meta property=\"og:image:type\" content=\"image\/jpeg\" \/>\n<meta name=\"author\" content=\"Fyno\" \/>\n<meta name=\"twitter:card\" content=\"summary_large_image\" \/>\n<meta name=\"twitter:label1\" content=\"Escrito por\" \/>\n\t<meta name=\"twitter:data1\" content=\"Fyno\" \/>\n\t<meta name=\"twitter:label2\" content=\"Tempo estimado de leitura\" \/>\n\t<meta name=\"twitter:data2\" content=\"6 minutos\" \/>\n<script type=\"application\/ld+json\" class=\"yoast-schema-graph\">{\"@context\":\"https:\\\/\\\/schema.org\",\"@graph\":[{\"@type\":\"Article\",\"@id\":\"https:\\\/\\\/fyno.pt\\\/negocios\\\/vitor-oliveira-transforma-moda-masculina-em-plataforma-de-imagem-posicionamento-e-empreendedorismo\\\/#article\",\"isPartOf\":{\"@id\":\"https:\\\/\\\/fyno.pt\\\/negocios\\\/vitor-oliveira-transforma-moda-masculina-em-plataforma-de-imagem-posicionamento-e-empreendedorismo\\\/\"},\"author\":{\"name\":\"Fyno\",\"@id\":\"https:\\\/\\\/fyno.pt\\\/#\\\/schema\\\/person\\\/ab5b330ed5ed05f1b4a7b8e438f68187\"},\"headline\":\"Vitor Oliveira transforma moda masculina em plataforma de imagem, posicionamento e empreendedorismo\",\"datePublished\":\"2026-08-30T15:02:26+00:00\",\"dateModified\":\"2026-08-30T15:03:19+00:00\",\"mainEntityOfPage\":{\"@id\":\"https:\\\/\\\/fyno.pt\\\/negocios\\\/vitor-oliveira-transforma-moda-masculina-em-plataforma-de-imagem-posicionamento-e-empreendedorismo\\\/\"},\"wordCount\":1122,\"image\":{\"@id\":\"https:\\\/\\\/fyno.pt\\\/negocios\\\/vitor-oliveira-transforma-moda-masculina-em-plataforma-de-imagem-posicionamento-e-empreendedorismo\\\/#primaryimage\"},\"thumbnailUrl\":\"https:\\\/\\\/fyno.pt\\\/wp-content\\\/uploads\\\/2026\\\/08\\\/img_1058.jpeg\",\"keywords\":[\"consultoria de moda\",\"Elegance Club\",\"Elegance Club Oficial\",\"Elegance Talks\",\"empreendedor brasileiro\",\"empreendedorismo\",\"empreendedorismo e moda\",\"empres\u00e1rio de moda\",\"estilo masculino\",\"imagem e posicionamento\",\"imagem pessoal\",\"marca pessoal\",\"marcas de moda\",\"moda masculina\",\"moda masculina brasileira\",\"neg\u00f3cios\",\"posicionamento estrat\u00e9gico\",\"varejo de moda\",\"Vitor Oliveira\"],\"articleSection\":[\"Neg\u00f3cios\"],\"inLanguage\":\"pt-PT\"},{\"@type\":\"WebPage\",\"@id\":\"https:\\\/\\\/fyno.pt\\\/negocios\\\/vitor-oliveira-transforma-moda-masculina-em-plataforma-de-imagem-posicionamento-e-empreendedorismo\\\/\",\"url\":\"https:\\\/\\\/fyno.pt\\\/negocios\\\/vitor-oliveira-transforma-moda-masculina-em-plataforma-de-imagem-posicionamento-e-empreendedorismo\\\/\",\"name\":\"Vitor Oliveira transforma moda masculina em plataforma de imagem, posicionamento e empreendedorismo - Fyno\",\"isPartOf\":{\"@id\":\"https:\\\/\\\/fyno.pt\\\/#website\"},\"primaryImageOfPage\":{\"@id\":\"https:\\\/\\\/fyno.pt\\\/negocios\\\/vitor-oliveira-transforma-moda-masculina-em-plataforma-de-imagem-posicionamento-e-empreendedorismo\\\/#primaryimage\"},\"image\":{\"@id\":\"https:\\\/\\\/fyno.pt\\\/negocios\\\/vitor-oliveira-transforma-moda-masculina-em-plataforma-de-imagem-posicionamento-e-empreendedorismo\\\/#primaryimage\"},\"thumbnailUrl\":\"https:\\\/\\\/fyno.pt\\\/wp-content\\\/uploads\\\/2026\\\/08\\\/img_1058.jpeg\",\"datePublished\":\"2026-08-30T15:02:26+00:00\",\"dateModified\":\"2026-08-30T15:03:19+00:00\",\"author\":{\"@id\":\"https:\\\/\\\/fyno.pt\\\/#\\\/schema\\\/person\\\/ab5b330ed5ed05f1b4a7b8e438f68187\"},\"breadcrumb\":{\"@id\":\"https:\\\/\\\/fyno.pt\\\/negocios\\\/vitor-oliveira-transforma-moda-masculina-em-plataforma-de-imagem-posicionamento-e-empreendedorismo\\\/#breadcrumb\"},\"inLanguage\":\"pt-PT\",\"potentialAction\":[{\"@type\":\"ReadAction\",\"target\":[\"https:\\\/\\\/fyno.pt\\\/negocios\\\/vitor-oliveira-transforma-moda-masculina-em-plataforma-de-imagem-posicionamento-e-empreendedorismo\\\/\"]}]},{\"@type\":\"ImageObject\",\"inLanguage\":\"pt-PT\",\"@id\":\"https:\\\/\\\/fyno.pt\\\/negocios\\\/vitor-oliveira-transforma-moda-masculina-em-plataforma-de-imagem-posicionamento-e-empreendedorismo\\\/#primaryimage\",\"url\":\"https:\\\/\\\/fyno.pt\\\/wp-content\\\/uploads\\\/2026\\\/08\\\/img_1058.jpeg\",\"contentUrl\":\"https:\\\/\\\/fyno.pt\\\/wp-content\\\/uploads\\\/2026\\\/08\\\/img_1058.jpeg\",\"width\":1125,\"height\":644,\"caption\":\"Foto Reprodu\u00e7\u00e3o.\"},{\"@type\":\"BreadcrumbList\",\"@id\":\"https:\\\/\\\/fyno.pt\\\/negocios\\\/vitor-oliveira-transforma-moda-masculina-em-plataforma-de-imagem-posicionamento-e-empreendedorismo\\\/#breadcrumb\",\"itemListElement\":[{\"@type\":\"ListItem\",\"position\":1,\"name\":\"In\u00edcio\",\"item\":\"https:\\\/\\\/fyno.pt\\\/\"},{\"@type\":\"ListItem\",\"position\":2,\"name\":\"Vitor Oliveira transforma moda masculina em plataforma de imagem, posicionamento e empreendedorismo\"}]},{\"@type\":\"WebSite\",\"@id\":\"https:\\\/\\\/fyno.pt\\\/#website\",\"url\":\"https:\\\/\\\/fyno.pt\\\/\",\"name\":\"Fyno\",\"description\":\"Not\u00edcia e informa\u00e7\u00e3o\",\"potentialAction\":[{\"@type\":\"SearchAction\",\"target\":{\"@type\":\"EntryPoint\",\"urlTemplate\":\"https:\\\/\\\/fyno.pt\\\/?s={search_term_string}\"},\"query-input\":{\"@type\":\"PropertyValueSpecification\",\"valueRequired\":true,\"valueName\":\"search_term_string\"}}],\"inLanguage\":\"pt-PT\"},{\"@type\":\"Person\",\"@id\":\"https:\\\/\\\/fyno.pt\\\/#\\\/schema\\\/person\\\/ab5b330ed5ed05f1b4a7b8e438f68187\",\"name\":\"Fyno\",\"image\":{\"@type\":\"ImageObject\",\"inLanguage\":\"pt-PT\",\"@id\":\"https:\\\/\\\/fyno.pt\\\/wp-content\\\/litespeed\\\/avatar\\\/8f51870e8d94c234e288da840d914372.jpg?ver=1788205134\",\"url\":\"https:\\\/\\\/fyno.pt\\\/wp-content\\\/litespeed\\\/avatar\\\/8f51870e8d94c234e288da840d914372.jpg?ver=1788205134\",\"contentUrl\":\"https:\\\/\\\/fyno.pt\\\/wp-content\\\/litespeed\\\/avatar\\\/8f51870e8d94c234e288da840d914372.jpg?ver=1788205134\",\"caption\":\"Fyno\"},\"description\":\"A sua fonte de informa\u00e7\u00e3o.\",\"url\":\"https:\\\/\\\/fyno.pt\\\/pt\\\/author\\\/fynopt\\\/\"}]}<\/script>\n<!-- \/ Yoast SEO Premium plugin. -->","yoast_head_json":{"title":"Vitor Oliveira transforma moda masculina em plataforma de imagem, posicionamento e empreendedorismo - Fyno","robots":{"index":"index","follow":"follow","max-snippet":"max-snippet:-1","max-image-preview":"max-image-preview:large","max-video-preview":"max-video-preview:-1"},"canonical":"https:\/\/fyno.pt\/pt\/negocios\/vitor-oliveira-transforma-moda-masculina-em-plataforma-de-imagem-posicionamento-e-empreendedorismo\/","og_locale":"pt_PT","og_type":"article","og_title":"Vitor Oliveira transforma moda masculina em plataforma de imagem, posicionamento e empreendedorismo","og_description":"\u00c0 frente da Elegance Club, empres\u00e1rio aposta em experi\u00eancia, constru\u00e7\u00e3o de marca e conte\u00fado para ampliar a rela\u00e7\u00e3o entre moda, identidade e neg\u00f3cios No mercado em que roupa deixou de ser apenas uma quest\u00e3o de vestu\u00e1rio e passou a ocupar um papel importante na constru\u00e7\u00e3o da imagem pessoal e profissional, Vitor Oliveira vem desenvolvendo uma [&hellip;]","og_url":"https:\/\/fyno.pt\/pt\/negocios\/vitor-oliveira-transforma-moda-masculina-em-plataforma-de-imagem-posicionamento-e-empreendedorismo\/","og_site_name":"Fyno","article_published_time":"2026-08-30T15:02:26+00:00","article_modified_time":"2026-08-30T15:03:19+00:00","og_image":[{"width":1125,"height":644,"url":"https:\/\/fyno.pt\/wp-content\/uploads\/2026\/08\/img_1058.jpeg","type":"image\/jpeg"}],"author":"Fyno","twitter_card":"summary_large_image","twitter_misc":{"Escrito por":"Fyno","Tempo estimado de leitura":"6 minutos"},"schema":{"@context":"https:\/\/schema.org","@graph":[{"@type":"Article","@id":"https:\/\/fyno.pt\/negocios\/vitor-oliveira-transforma-moda-masculina-em-plataforma-de-imagem-posicionamento-e-empreendedorismo\/#article","isPartOf":{"@id":"https:\/\/fyno.pt\/negocios\/vitor-oliveira-transforma-moda-masculina-em-plataforma-de-imagem-posicionamento-e-empreendedorismo\/"},"author":{"name":"Fyno","@id":"https:\/\/fyno.pt\/#\/schema\/person\/ab5b330ed5ed05f1b4a7b8e438f68187"},"headline":"Vitor Oliveira transforma moda masculina em plataforma de imagem, posicionamento e empreendedorismo","datePublished":"2026-08-30T15:02:26+00:00","dateModified":"2026-08-30T15:03:19+00:00","mainEntityOfPage":{"@id":"https:\/\/fyno.pt\/negocios\/vitor-oliveira-transforma-moda-masculina-em-plataforma-de-imagem-posicionamento-e-empreendedorismo\/"},"wordCount":1122,"image":{"@id":"https:\/\/fyno.pt\/negocios\/vitor-oliveira-transforma-moda-masculina-em-plataforma-de-imagem-posicionamento-e-empreendedorismo\/#primaryimage"},"thumbnailUrl":"https:\/\/fyno.pt\/wp-content\/uploads\/2026\/08\/img_1058.jpeg","keywords":["consultoria de moda","Elegance Club","Elegance Club Oficial","Elegance Talks","empreendedor brasileiro","empreendedorismo","empreendedorismo e moda","empres\u00e1rio de moda","estilo masculino","imagem e posicionamento","imagem pessoal","marca pessoal","marcas de moda","moda masculina","moda masculina brasileira","neg\u00f3cios","posicionamento estrat\u00e9gico","varejo de moda","Vitor Oliveira"],"articleSection":["Neg\u00f3cios"],"inLanguage":"pt-PT"},{"@type":"WebPage","@id":"https:\/\/fyno.pt\/negocios\/vitor-oliveira-transforma-moda-masculina-em-plataforma-de-imagem-posicionamento-e-empreendedorismo\/","url":"https:\/\/fyno.pt\/negocios\/vitor-oliveira-transforma-moda-masculina-em-plataforma-de-imagem-posicionamento-e-empreendedorismo\/","name":"Vitor Oliveira transforma moda masculina em plataforma de imagem, posicionamento e empreendedorismo - Fyno","isPartOf":{"@id":"https:\/\/fyno.pt\/#website"},"primaryImageOfPage":{"@id":"https:\/\/fyno.pt\/negocios\/vitor-oliveira-transforma-moda-masculina-em-plataforma-de-imagem-posicionamento-e-empreendedorismo\/#primaryimage"},"image":{"@id":"https:\/\/fyno.pt\/negocios\/vitor-oliveira-transforma-moda-masculina-em-plataforma-de-imagem-posicionamento-e-empreendedorismo\/#primaryimage"},"thumbnailUrl":"https:\/\/fyno.pt\/wp-content\/uploads\/2026\/08\/img_1058.jpeg","datePublished":"2026-08-30T15:02:26+00:00","dateModified":"2026-08-30T15:03:19+00:00","author":{"@id":"https:\/\/fyno.pt\/#\/schema\/person\/ab5b330ed5ed05f1b4a7b8e438f68187"},"breadcrumb":{"@id":"https:\/\/fyno.pt\/negocios\/vitor-oliveira-transforma-moda-masculina-em-plataforma-de-imagem-posicionamento-e-empreendedorismo\/#breadcrumb"},"inLanguage":"pt-PT","potentialAction":[{"@type":"ReadAction","target":["https:\/\/fyno.pt\/negocios\/vitor-oliveira-transforma-moda-masculina-em-plataforma-de-imagem-posicionamento-e-empreendedorismo\/"]}]},{"@type":"ImageObject","inLanguage":"pt-PT","@id":"https:\/\/fyno.pt\/negocios\/vitor-oliveira-transforma-moda-masculina-em-plataforma-de-imagem-posicionamento-e-empreendedorismo\/#primaryimage","url":"https:\/\/fyno.pt\/wp-content\/uploads\/2026\/08\/img_1058.jpeg","contentUrl":"https:\/\/fyno.pt\/wp-content\/uploads\/2026\/08\/img_1058.jpeg","width":1125,"height":644,"caption":"Foto Reprodu\u00e7\u00e3o."},{"@type":"BreadcrumbList","@id":"https:\/\/fyno.pt\/negocios\/vitor-oliveira-transforma-moda-masculina-em-plataforma-de-imagem-posicionamento-e-empreendedorismo\/#breadcrumb","itemListElement":[{"@type":"ListItem","position":1,"name":"In\u00edcio","item":"https:\/\/fyno.pt\/"},{"@type":"ListItem","position":2,"name":"Vitor Oliveira transforma moda masculina em plataforma de imagem, posicionamento e empreendedorismo"}]},{"@type":"WebSite","@id":"https:\/\/fyno.pt\/#website","url":"https:\/\/fyno.pt\/","name":"Fyno","description":"Not\u00edcia e informa\u00e7\u00e3o","potentialAction":[{"@type":"SearchAction","target":{"@type":"EntryPoint","urlTemplate":"https:\/\/fyno.pt\/?s={search_term_string}"},"query-input":{"@type":"PropertyValueSpecification","valueRequired":true,"valueName":"search_term_string"}}],"inLanguage":"pt-PT"},{"@type":"Person","@id":"https:\/\/fyno.pt\/#\/schema\/person\/ab5b330ed5ed05f1b4a7b8e438f68187","name":"Fyno","image":{"@type":"ImageObject","inLanguage":"pt-PT","@id":"https:\/\/fyno.pt\/wp-content\/litespeed\/avatar\/8f51870e8d94c234e288da840d914372.jpg?ver=1788205134","url":"https:\/\/fyno.pt\/wp-content\/litespeed\/avatar\/8f51870e8d94c234e288da840d914372.jpg?ver=1788205134","contentUrl":"https:\/\/fyno.pt\/wp-content\/litespeed\/avatar\/8f51870e8d94c234e288da840d914372.jpg?ver=1788205134","caption":"Fyno"},"description":"A sua fonte de informa\u00e7\u00e3o.","url":"https:\/\/fyno.pt\/pt\/author\/fynopt\/"}]}},"_links":{"self":[{"href":"https:\/\/fyno.pt\/pt\/wp-json\/wp\/v2\/posts\/43310","targetHints":{"allow":["GET"]}}],"collection":[{"href":"https:\/\/fyno.pt\/pt\/wp-json\/wp\/v2\/posts"}],"about":[{"href":"https:\/\/fyno.pt\/pt\/wp-json\/wp\/v2\/types\/post"}],"author":[{"embeddable":true,"href":"https:\/\/fyno.pt\/pt\/wp-json\/wp\/v2\/users\/9"}],"replies":[{"embeddable":true,"href":"https:\/\/fyno.pt\/pt\/wp-json\/wp\/v2\/comments?post=43310"}],"version-history":[{"count":2,"href":"https:\/\/fyno.pt\/pt\/wp-json\/wp\/v2\/posts\/43310\/revisions"}],"predecessor-version":[{"id":43312,"href":"https:\/\/fyno.pt\/pt\/wp-json\/wp\/v2\/posts\/43310\/revisions\/43312"}],"wp:featuredmedia":[{"embeddable":true,"href":"https:\/\/fyno.pt\/pt\/wp-json\/wp\/v2\/media\/43308"}],"wp:attachment":[{"href":"https:\/\/fyno.pt\/pt\/wp-json\/wp\/v2\/media?parent=43310"}],"wp:term":[{"taxonomy":"category","embeddable":true,"href":"https:\/\/fyno.pt\/pt\/wp-json\/wp\/v2\/categories?post=43310"},{"taxonomy":"post_tag","embeddable":true,"href":"https:\/\/fyno.pt\/pt\/wp-json\/wp\/v2\/tags?post=43310"}],"curies":[{"name":"wp","href":"https:\/\/api.w.org\/{rel}","templated":true}]}}