{"id":43306,"date":"2026-08-30T11:51:48","date_gmt":"2026-08-30T14:51:48","guid":{"rendered":"https:\/\/fyno.pt\/?p=43306"},"modified":"2026-08-30T11:51:48","modified_gmt":"2026-08-30T14:51:48","slug":"siriani-amplia-espaco-no-sertanejo-e-se-consolida-como-uma-das-atracoes-da-cena-musical-de-ilhabela","status":"publish","type":"post","link":"https:\/\/fyno.pt\/pt\/musica\/siriani-amplia-espaco-no-sertanejo-e-se-consolida-como-uma-das-atracoes-da-cena-musical-de-ilhabela\/","title":{"rendered":"Siriani amplia espa\u00e7o no sertanejo e se consolida como uma das atra\u00e7\u00f5es da cena musical de Ilhabela"},"content":{"rendered":"<p class=\"p2\"><strong><em>Cantor vem construindo trajet\u00f3ria marcada por apresenta\u00e7\u00f5es em festivais, eventos culturais e projetos musicais, enquanto amplia presen\u00e7a nas plataformas digitais<\/em><\/strong><\/p>\n\n\n\n<p class=\"p3\">A m\u00fasica sertaneja encontra no litoral paulista um p\u00fablico cada vez mais receptivo, e \u00e9 nesse cen\u00e1rio que o cantor <strong>Siriani<\/strong> vem construindo sua trajet\u00f3ria art\u00edstica. Com presen\u00e7a crescente em eventos p\u00fablicos e particulares, o artista tem ampliado sua atua\u00e7\u00e3o e se firmado como um dos nomes que movimentam a cena musical de <strong>Ilhabela<\/strong>, cidade que se tornou uma importante vitrine para seu trabalho.<\/p>\n\n\n\n<p class=\"p3\">O reconhecimento vem acompanhado de uma agenda que coloca o cantor em eventos tradicionais do munic\u00edpio. Em 2025, Siriani integrou a programa\u00e7\u00e3o do <strong>13\u00ba Festival da Sardinha<\/strong>, realizado pela Prefeitura de Ilhabela, dividindo a programa\u00e7\u00e3o com atra\u00e7\u00f5es como Elba Ramalho e Bicho de P\u00e9. Na ocasi\u00e3o, o cantor se apresentou no palco do evento na noite de 20 de junho.&nbsp;<\/p>\n\n\n\n<p class=\"p3\">A participa\u00e7\u00e3o em um dos principais festivais gastron\u00f4micos e culturais da cidade refor\u00e7a uma caracter\u00edstica importante da carreira de Siriani: a capacidade de transitar entre diferentes formatos de eventos e p\u00fablicos.<\/p>\n\n\n\n<h2 class=\"wp-block-heading\"><strong>Da agenda regional aos grandes eventos culturais<\/strong><\/h2>\n\n\n\n<p class=\"p3\">A presen\u00e7a do cantor na programa\u00e7\u00e3o oficial de Ilhabela n\u00e3o se restringe ao Festival da Sardinha.<\/p>\n\n\n\n<p class=\"p3\">Siriani tamb\u00e9m integrou o <strong>Festival do Xarelete<\/strong>, realizado em dezembro de 2024 na Praia do Portinho. Na programa\u00e7\u00e3o, o artista foi escalado para se apresentar \u00e0s 18h, em uma agenda que reuniu diferentes estilos musicais e atra\u00e7\u00f5es. O festival fez parte do calend\u00e1rio de eventos voltados \u00e0 valoriza\u00e7\u00e3o da cultura cai\u00e7ara, gastronomia e turismo do munic\u00edpio.&nbsp;<\/p>\n\n\n\n<p class=\"p3\">Em 2026, o artista voltou a ocupar posi\u00e7\u00e3o de destaque na programa\u00e7\u00e3o cultural da cidade. Siriani foi uma das atra\u00e7\u00f5es da <strong>Festa de Nossa Senhora D\u2019Ajuda e Bonsucesso<\/strong>, padroeira de Ilhabela, realizada entre janeiro e fevereiro. Ele subiu ao palco do Centro Cultural da Vila no dia 30 de janeiro, \u00e0s 22h.&nbsp;<\/p>\n\n\n\n<p class=\"p3\">A apresenta\u00e7\u00e3o aconteceu em uma programa\u00e7\u00e3o que tamb\u00e9m reuniu nomes como Renato Teixeira, Talis &amp; Welinton, Luiz Miguel &amp; Daniel e outras atra\u00e7\u00f5es da m\u00fasica regional e nacional.&nbsp;<\/p>\n\n\n\n<h2 class=\"wp-block-heading\"><strong>Um artista que vem ganhando espa\u00e7o<\/strong><\/h2>\n\n\n\n<figure class=\"wp-block-image size-large\"><img fetchpriority=\"high\" decoding=\"async\" width=\"836\" height=\"1024\" src=\"https:\/\/fyno.pt\/wp-content\/uploads\/2026\/08\/img_1053-836x1024.jpeg\" class=\"wp-image-43305\" srcset=\"https:\/\/fyno.pt\/wp-content\/uploads\/2026\/08\/img_1053-836x1024.jpeg 836w, https:\/\/fyno.pt\/wp-content\/uploads\/2026\/08\/img_1053-245x300.jpeg 245w, https:\/\/fyno.pt\/wp-content\/uploads\/2026\/08\/img_1053-768x941.jpeg 768w, https:\/\/fyno.pt\/wp-content\/uploads\/2026\/08\/img_1053-10x12.jpeg 10w, https:\/\/fyno.pt\/wp-content\/uploads\/2026\/08\/img_1053-750x919.jpeg 750w, https:\/\/fyno.pt\/wp-content\/uploads\/2026\/08\/img_1053.jpeg 1125w\" sizes=\"(max-width: 836px) 100vw, 836px\" \/><figcaption class=\"wp-element-caption\">Foto Reprodu\u00e7\u00e3o.<\/figcaption><\/figure>\n\n\n\n<p class=\"p3\">A sequ\u00eancia de participa\u00e7\u00f5es em eventos p\u00fablicos mostra um movimento importante na carreira do cantor: a amplia\u00e7\u00e3o de sua presen\u00e7a para al\u00e9m dos shows particulares.<\/p>\n\n\n\n<p class=\"p3\">Em seu perfil profissional, Siriani apresenta seu trabalho para diferentes formatos de eventos e mant\u00e9m uma estrat\u00e9gia voltada \u00e0 expans\u00e3o de sua agenda. Publica\u00e7\u00f5es profissionais tamb\u00e9m registram apresenta\u00e7\u00f5es em festas e eventos realizados em diferentes cidades do estado de S\u00e3o Paulo.&nbsp;<\/p>\n\n\n\n<p class=\"p3\">Essa atua\u00e7\u00e3o diversificada permite ao cantor dialogar com p\u00fablicos distintos e, ao mesmo tempo, fortalecer sua identidade dentro do sertanejo.<\/p>\n\n\n\n<h2 class=\"wp-block-heading\"><strong>M\u00fasica ao vivo como marca do trabalho<\/strong><\/h2>\n\n\n\n<p class=\"p3\">A carreira de Siriani tamb\u00e9m vem sendo acompanhada por uma produ\u00e7\u00e3o constante de conte\u00fado musical.<\/p>\n\n\n\n<p class=\"p3\">O artista mant\u00e9m presen\u00e7a ativa nas plataformas digitais e utiliza as redes sociais para divulgar apresenta\u00e7\u00f5es, lan\u00e7amentos e momentos da carreira. O perfil do cantor no Instagram, apresentado como <strong>\u201cSiriani | Cantor Sertanejo\u201d<\/strong>, re\u00fane uma comunidade de dezenas de milhares de seguidores e funciona como uma das principais ferramentas de conex\u00e3o entre o artista e seu p\u00fablico.<\/p>\n\n\n\n<p class=\"p3\">A estrat\u00e9gia acompanha uma transforma\u00e7\u00e3o do mercado musical, em que a presen\u00e7a digital passou a ser parte fundamental da constru\u00e7\u00e3o de uma carreira art\u00edstica. Para artistas independentes e regionais, redes sociais e plataformas de streaming se tornaram espa\u00e7os importantes para divulga\u00e7\u00e3o de m\u00fasicas, relacionamento com f\u00e3s e conquista de novas oportunidades.<\/p>\n\n\n\n<h2 class=\"wp-block-heading\"><strong>A for\u00e7a dos palcos<\/strong><\/h2>\n\n\n\n<p class=\"p3\">Mais do que o lan\u00e7amento de m\u00fasicas, a trajet\u00f3ria de Siriani tem sido marcada pela experi\u00eancia diante do p\u00fablico.<\/p>\n\n\n\n<p class=\"p3\">Seu repert\u00f3rio e formato de apresenta\u00e7\u00e3o permitem que o cantor participe tanto de eventos culturais promovidos por munic\u00edpios quanto de festas particulares e celebra\u00e7\u00f5es. A pr\u00f3pria divulga\u00e7\u00e3o profissional do artista destaca sua atua\u00e7\u00e3o em eventos diversos, enquanto registros de apresenta\u00e7\u00f5es recentes mostram a busca por ampliar sua presen\u00e7a no circuito de shows.&nbsp;<\/p>\n\n\n\n<p class=\"p3\">Foi justamente em apresenta\u00e7\u00f5es p\u00fablicas que o cantor ganhou algumas das vitrines mais importantes de sua trajet\u00f3ria recente.<\/p>\n\n\n\n<p class=\"p3\">No Festival da Sardinha de 2025, por exemplo, sua apresenta\u00e7\u00e3o foi inserida em uma programa\u00e7\u00e3o que combinou gastronomia, cultura cai\u00e7ara e m\u00fasica. A presen\u00e7a de artistas locais e regionais foi destacada pela pr\u00f3pria Prefeitura como parte da proposta do evento.&nbsp;<\/p>\n\n\n\n<h2 class=\"wp-block-heading\"><strong>Ilhabela como palco para novos cap\u00edtulos<\/strong><\/h2>\n\n\n\n<p class=\"p3\">A rela\u00e7\u00e3o de Siriani com Ilhabela ganhou ainda mais for\u00e7a com sua participa\u00e7\u00e3o em diferentes festivais ao longo dos \u00faltimos anos.<\/p>\n\n\n\n<p class=\"p3\">Em 2026, depois de integrar novamente a programa\u00e7\u00e3o cultural da cidade, o cantor apareceu entre os artistas respons\u00e1veis por levar m\u00fasica ao p\u00fablico durante a Festa da Padroeira. O evento reuniu moradores e turistas e teve apresenta\u00e7\u00f5es gratuitas durante a temporada de ver\u00e3o.&nbsp;<\/p>\n\n\n\n<p class=\"p3\">O movimento demonstra como os eventos municipais podem funcionar como importantes plataformas para artistas que est\u00e3o em processo de expans\u00e3o de suas carreiras.<\/p>\n\n\n\n<p class=\"p3\">Ao lado de nomes j\u00e1 conhecidos do p\u00fablico brasileiro, Siriani vem conquistando espa\u00e7o justamente por meio dessas oportunidades, fortalecendo sua presen\u00e7a regional e criando novas conex\u00f5es com o p\u00fablico.<\/p>\n\n\n\n<h2 class=\"wp-block-heading\"><strong>Uma carreira em movimento<\/strong><\/h2>\n\n\n\n<p class=\"p3\">A trajet\u00f3ria recente de Siriani revela um artista atento \u00e0 din\u00e2mica atual do mercado musical. A combina\u00e7\u00e3o entre <strong>shows, produ\u00e7\u00e3o musical, redes sociais e participa\u00e7\u00e3o em eventos de grande circula\u00e7\u00e3o<\/strong> cria uma estrat\u00e9gia que vai al\u00e9m da simples realiza\u00e7\u00e3o de apresenta\u00e7\u00f5es.<\/p>\n\n\n\n<p class=\"p3\">O desafio agora \u00e9 transformar a crescente exposi\u00e7\u00e3o regional em novos mercados e oportunidades. Com uma presen\u00e7a digital consolidada e participa\u00e7\u00f5es sucessivas em eventos de destaque, o cantor entra em uma nova fase de sua carreira, na qual ampliar o alcance de seu trabalho passa a ser um dos principais objetivos.<\/p>\n\n\n\n<p class=\"p3\">O sertanejo continua sendo um dos g\u00eaneros mais populares do pa\u00eds, mas tamb\u00e9m um dos mais competitivos. Nesse ambiente, construir uma identidade pr\u00f3pria e manter proximidade com o p\u00fablico s\u00e3o fatores determinantes.<\/p>\n\n\n\n<p class=\"p3\">Siriani vem fazendo esse caminho a partir dos palcos e das cidades onde sua m\u00fasica j\u00e1 encontrou espa\u00e7o.<\/p>\n\n\n\n<p class=\"p2\"><strong>E, ao que indicam seus passos mais recentes, Ilhabela tem sido apenas um dos cap\u00edtulos de uma trajet\u00f3ria que ainda busca alcan\u00e7ar novos p\u00fablicos e novos palcos.<\/strong><\/p>","protected":false},"excerpt":{"rendered":"<p>Cantor vem construindo trajet\u00f3ria marcada por apresenta\u00e7\u00f5es em festivais, eventos culturais e projetos musicais, enquanto amplia presen\u00e7a nas plataformas digitais A m\u00fasica sertaneja encontra no litoral paulista um p\u00fablico cada vez mais receptivo, e \u00e9 nesse cen\u00e1rio que o cantor Siriani vem construindo sua trajet\u00f3ria art\u00edstica. Com presen\u00e7a crescente em eventos p\u00fablicos e particulares, o [&hellip;]<\/p>\n","protected":false},"author":9,"featured_media":43304,"comment_status":"closed","ping_status":"open","sticky":false,"template":"","format":"standard","meta":{"footnotes":""},"categories":[562],"tags":[1637,1487,1633,893,1630,1640,1631,1632,1639,793,733,1636,1635,891,1638,1641,1500,1629,1634],"class_list":["post-43306","post","type-post","status-publish","format-standard","has-post-thumbnail","hentry","category-musica","tag-artistas-de-ilhabela","tag-artistas-sertanejos","tag-cantor-de-ilhabela","tag-cantor-sertanejo","tag-cultura-de-ilhabela","tag-festa-da-padroeira-ilhabela","tag-festival-da-sardinha","tag-festival-do-xarelete","tag-litoral-paulista","tag-mercado-musical","tag-musica-brasileira","tag-musica-em-ilhabela","tag-musica-regional","tag-musica-sertaneja","tag-novos-talentos-do-sertanejo","tag-sertanejo-paulista","tag-shows-sertanejos","tag-siriani","tag-siriani-cantor"],"yoast_head":"<!-- This site is optimized with the Yoast SEO Premium plugin v27.9 (Yoast SEO v27.9) - https:\/\/yoast.com\/product\/yoast-seo-premium-wordpress\/ -->\n<title>Siriani amplia espa\u00e7o no sertanejo e se consolida como uma das atra\u00e7\u00f5es da cena musical de Ilhabela - Fyno<\/title>\n<meta name=\"robots\" content=\"index, follow, max-snippet:-1, max-image-preview:large, max-video-preview:-1\" \/>\n<link rel=\"canonical\" href=\"https:\/\/fyno.pt\/pt\/musica\/siriani-amplia-espaco-no-sertanejo-e-se-consolida-como-uma-das-atracoes-da-cena-musical-de-ilhabela\/\" \/>\n<meta property=\"og:locale\" content=\"pt_PT\" \/>\n<meta property=\"og:type\" content=\"article\" \/>\n<meta property=\"og:title\" content=\"Siriani amplia espa\u00e7o no sertanejo e se consolida como uma das atra\u00e7\u00f5es da cena musical de Ilhabela\" \/>\n<meta property=\"og:description\" content=\"Cantor vem construindo trajet\u00f3ria marcada por apresenta\u00e7\u00f5es em festivais, eventos culturais e projetos musicais, enquanto amplia presen\u00e7a nas plataformas digitais A m\u00fasica sertaneja encontra no litoral paulista um p\u00fablico cada vez mais receptivo, e \u00e9 nesse cen\u00e1rio que o cantor Siriani vem construindo sua trajet\u00f3ria art\u00edstica. Com presen\u00e7a crescente em eventos p\u00fablicos e particulares, o [&hellip;]\" \/>\n<meta property=\"og:url\" content=\"https:\/\/fyno.pt\/pt\/musica\/siriani-amplia-espaco-no-sertanejo-e-se-consolida-como-uma-das-atracoes-da-cena-musical-de-ilhabela\/\" \/>\n<meta property=\"og:site_name\" content=\"Fyno\" \/>\n<meta property=\"article:published_time\" content=\"2026-08-30T14:51:48+00:00\" \/>\n<meta property=\"og:image\" content=\"https:\/\/fyno.pt\/wp-content\/uploads\/2026\/08\/img_1052.jpeg\" \/>\n\t<meta property=\"og:image:width\" content=\"1125\" \/>\n\t<meta property=\"og:image:height\" content=\"680\" \/>\n\t<meta property=\"og:image:type\" content=\"image\/jpeg\" \/>\n<meta name=\"author\" content=\"Fyno\" \/>\n<meta name=\"twitter:card\" content=\"summary_large_image\" \/>\n<meta name=\"twitter:label1\" content=\"Escrito por\" \/>\n\t<meta name=\"twitter:data1\" content=\"Fyno\" \/>\n\t<meta name=\"twitter:label2\" content=\"Tempo estimado de leitura\" \/>\n\t<meta name=\"twitter:data2\" content=\"6 minutos\" \/>\n<script type=\"application\/ld+json\" class=\"yoast-schema-graph\">{\"@context\":\"https:\\\/\\\/schema.org\",\"@graph\":[{\"@type\":\"Article\",\"@id\":\"https:\\\/\\\/fyno.pt\\\/musica\\\/siriani-amplia-espaco-no-sertanejo-e-se-consolida-como-uma-das-atracoes-da-cena-musical-de-ilhabela\\\/#article\",\"isPartOf\":{\"@id\":\"https:\\\/\\\/fyno.pt\\\/musica\\\/siriani-amplia-espaco-no-sertanejo-e-se-consolida-como-uma-das-atracoes-da-cena-musical-de-ilhabela\\\/\"},\"author\":{\"name\":\"Fyno\",\"@id\":\"https:\\\/\\\/fyno.pt\\\/#\\\/schema\\\/person\\\/ab5b330ed5ed05f1b4a7b8e438f68187\"},\"headline\":\"Siriani amplia espa\u00e7o no sertanejo e se consolida como uma das atra\u00e7\u00f5es da cena musical de Ilhabela\",\"datePublished\":\"2026-08-30T14:51:48+00:00\",\"mainEntityOfPage\":{\"@id\":\"https:\\\/\\\/fyno.pt\\\/musica\\\/siriani-amplia-espaco-no-sertanejo-e-se-consolida-como-uma-das-atracoes-da-cena-musical-de-ilhabela\\\/\"},\"wordCount\":1142,\"image\":{\"@id\":\"https:\\\/\\\/fyno.pt\\\/musica\\\/siriani-amplia-espaco-no-sertanejo-e-se-consolida-como-uma-das-atracoes-da-cena-musical-de-ilhabela\\\/#primaryimage\"},\"thumbnailUrl\":\"https:\\\/\\\/fyno.pt\\\/wp-content\\\/uploads\\\/2026\\\/08\\\/img_1052.jpeg\",\"keywords\":[\"artistas de Ilhabela\",\"artistas sertanejos\",\"cantor de Ilhabela\",\"Cantor sertanejo\",\"cultura de Ilhabela\",\"Festa da Padroeira Ilhabela\",\"Festival da Sardinha\",\"Festival do Xarelete\",\"litoral paulista\",\"mercado musical\",\"M\u00fasica Brasileira\",\"m\u00fasica em Ilhabela\",\"m\u00fasica regional\",\"M\u00fasica sertaneja\",\"novos talentos do sertanejo\",\"sertanejo paulista\",\"shows sertanejos\",\"Siriani\",\"Siriani cantor\"],\"articleSection\":[\"M\u00fasica\"],\"inLanguage\":\"pt-PT\"},{\"@type\":\"WebPage\",\"@id\":\"https:\\\/\\\/fyno.pt\\\/musica\\\/siriani-amplia-espaco-no-sertanejo-e-se-consolida-como-uma-das-atracoes-da-cena-musical-de-ilhabela\\\/\",\"url\":\"https:\\\/\\\/fyno.pt\\\/musica\\\/siriani-amplia-espaco-no-sertanejo-e-se-consolida-como-uma-das-atracoes-da-cena-musical-de-ilhabela\\\/\",\"name\":\"Siriani amplia espa\u00e7o no sertanejo e se consolida como uma das atra\u00e7\u00f5es da cena musical de Ilhabela - Fyno\",\"isPartOf\":{\"@id\":\"https:\\\/\\\/fyno.pt\\\/#website\"},\"primaryImageOfPage\":{\"@id\":\"https:\\\/\\\/fyno.pt\\\/musica\\\/siriani-amplia-espaco-no-sertanejo-e-se-consolida-como-uma-das-atracoes-da-cena-musical-de-ilhabela\\\/#primaryimage\"},\"image\":{\"@id\":\"https:\\\/\\\/fyno.pt\\\/musica\\\/siriani-amplia-espaco-no-sertanejo-e-se-consolida-como-uma-das-atracoes-da-cena-musical-de-ilhabela\\\/#primaryimage\"},\"thumbnailUrl\":\"https:\\\/\\\/fyno.pt\\\/wp-content\\\/uploads\\\/2026\\\/08\\\/img_1052.jpeg\",\"datePublished\":\"2026-08-30T14:51:48+00:00\",\"author\":{\"@id\":\"https:\\\/\\\/fyno.pt\\\/#\\\/schema\\\/person\\\/ab5b330ed5ed05f1b4a7b8e438f68187\"},\"breadcrumb\":{\"@id\":\"https:\\\/\\\/fyno.pt\\\/musica\\\/siriani-amplia-espaco-no-sertanejo-e-se-consolida-como-uma-das-atracoes-da-cena-musical-de-ilhabela\\\/#breadcrumb\"},\"inLanguage\":\"pt-PT\",\"potentialAction\":[{\"@type\":\"ReadAction\",\"target\":[\"https:\\\/\\\/fyno.pt\\\/musica\\\/siriani-amplia-espaco-no-sertanejo-e-se-consolida-como-uma-das-atracoes-da-cena-musical-de-ilhabela\\\/\"]}]},{\"@type\":\"ImageObject\",\"inLanguage\":\"pt-PT\",\"@id\":\"https:\\\/\\\/fyno.pt\\\/musica\\\/siriani-amplia-espaco-no-sertanejo-e-se-consolida-como-uma-das-atracoes-da-cena-musical-de-ilhabela\\\/#primaryimage\",\"url\":\"https:\\\/\\\/fyno.pt\\\/wp-content\\\/uploads\\\/2026\\\/08\\\/img_1052.jpeg\",\"contentUrl\":\"https:\\\/\\\/fyno.pt\\\/wp-content\\\/uploads\\\/2026\\\/08\\\/img_1052.jpeg\",\"width\":1125,\"height\":680,\"caption\":\"Foto Reprodu\u00e7\u00e3o.\"},{\"@type\":\"BreadcrumbList\",\"@id\":\"https:\\\/\\\/fyno.pt\\\/musica\\\/siriani-amplia-espaco-no-sertanejo-e-se-consolida-como-uma-das-atracoes-da-cena-musical-de-ilhabela\\\/#breadcrumb\",\"itemListElement\":[{\"@type\":\"ListItem\",\"position\":1,\"name\":\"In\u00edcio\",\"item\":\"https:\\\/\\\/fyno.pt\\\/\"},{\"@type\":\"ListItem\",\"position\":2,\"name\":\"Siriani amplia espa\u00e7o no sertanejo e se consolida como uma das atra\u00e7\u00f5es da cena musical de Ilhabela\"}]},{\"@type\":\"WebSite\",\"@id\":\"https:\\\/\\\/fyno.pt\\\/#website\",\"url\":\"https:\\\/\\\/fyno.pt\\\/\",\"name\":\"Fyno\",\"description\":\"Not\u00edcia e informa\u00e7\u00e3o\",\"potentialAction\":[{\"@type\":\"SearchAction\",\"target\":{\"@type\":\"EntryPoint\",\"urlTemplate\":\"https:\\\/\\\/fyno.pt\\\/?s={search_term_string}\"},\"query-input\":{\"@type\":\"PropertyValueSpecification\",\"valueRequired\":true,\"valueName\":\"search_term_string\"}}],\"inLanguage\":\"pt-PT\"},{\"@type\":\"Person\",\"@id\":\"https:\\\/\\\/fyno.pt\\\/#\\\/schema\\\/person\\\/ab5b330ed5ed05f1b4a7b8e438f68187\",\"name\":\"Fyno\",\"image\":{\"@type\":\"ImageObject\",\"inLanguage\":\"pt-PT\",\"@id\":\"https:\\\/\\\/fyno.pt\\\/wp-content\\\/litespeed\\\/avatar\\\/8f51870e8d94c234e288da840d914372.jpg?ver=1788205134\",\"url\":\"https:\\\/\\\/fyno.pt\\\/wp-content\\\/litespeed\\\/avatar\\\/8f51870e8d94c234e288da840d914372.jpg?ver=1788205134\",\"contentUrl\":\"https:\\\/\\\/fyno.pt\\\/wp-content\\\/litespeed\\\/avatar\\\/8f51870e8d94c234e288da840d914372.jpg?ver=1788205134\",\"caption\":\"Fyno\"},\"description\":\"A sua fonte de informa\u00e7\u00e3o.\",\"url\":\"https:\\\/\\\/fyno.pt\\\/pt\\\/author\\\/fynopt\\\/\"}]}<\/script>\n<!-- \/ Yoast SEO Premium plugin. -->","yoast_head_json":{"title":"Siriani amplia espa\u00e7o no sertanejo e se consolida como uma das atra\u00e7\u00f5es da cena musical de Ilhabela - Fyno","robots":{"index":"index","follow":"follow","max-snippet":"max-snippet:-1","max-image-preview":"max-image-preview:large","max-video-preview":"max-video-preview:-1"},"canonical":"https:\/\/fyno.pt\/pt\/musica\/siriani-amplia-espaco-no-sertanejo-e-se-consolida-como-uma-das-atracoes-da-cena-musical-de-ilhabela\/","og_locale":"pt_PT","og_type":"article","og_title":"Siriani amplia espa\u00e7o no sertanejo e se consolida como uma das atra\u00e7\u00f5es da cena musical de Ilhabela","og_description":"Cantor vem construindo trajet\u00f3ria marcada por apresenta\u00e7\u00f5es em festivais, eventos culturais e projetos musicais, enquanto amplia presen\u00e7a nas plataformas digitais A m\u00fasica sertaneja encontra no litoral paulista um p\u00fablico cada vez mais receptivo, e \u00e9 nesse cen\u00e1rio que o cantor Siriani vem construindo sua trajet\u00f3ria art\u00edstica. Com presen\u00e7a crescente em eventos p\u00fablicos e particulares, o [&hellip;]","og_url":"https:\/\/fyno.pt\/pt\/musica\/siriani-amplia-espaco-no-sertanejo-e-se-consolida-como-uma-das-atracoes-da-cena-musical-de-ilhabela\/","og_site_name":"Fyno","article_published_time":"2026-08-30T14:51:48+00:00","og_image":[{"width":1125,"height":680,"url":"https:\/\/fyno.pt\/wp-content\/uploads\/2026\/08\/img_1052.jpeg","type":"image\/jpeg"}],"author":"Fyno","twitter_card":"summary_large_image","twitter_misc":{"Escrito por":"Fyno","Tempo estimado de leitura":"6 minutos"},"schema":{"@context":"https:\/\/schema.org","@graph":[{"@type":"Article","@id":"https:\/\/fyno.pt\/musica\/siriani-amplia-espaco-no-sertanejo-e-se-consolida-como-uma-das-atracoes-da-cena-musical-de-ilhabela\/#article","isPartOf":{"@id":"https:\/\/fyno.pt\/musica\/siriani-amplia-espaco-no-sertanejo-e-se-consolida-como-uma-das-atracoes-da-cena-musical-de-ilhabela\/"},"author":{"name":"Fyno","@id":"https:\/\/fyno.pt\/#\/schema\/person\/ab5b330ed5ed05f1b4a7b8e438f68187"},"headline":"Siriani amplia espa\u00e7o no sertanejo e se consolida como uma das atra\u00e7\u00f5es da cena musical de Ilhabela","datePublished":"2026-08-30T14:51:48+00:00","mainEntityOfPage":{"@id":"https:\/\/fyno.pt\/musica\/siriani-amplia-espaco-no-sertanejo-e-se-consolida-como-uma-das-atracoes-da-cena-musical-de-ilhabela\/"},"wordCount":1142,"image":{"@id":"https:\/\/fyno.pt\/musica\/siriani-amplia-espaco-no-sertanejo-e-se-consolida-como-uma-das-atracoes-da-cena-musical-de-ilhabela\/#primaryimage"},"thumbnailUrl":"https:\/\/fyno.pt\/wp-content\/uploads\/2026\/08\/img_1052.jpeg","keywords":["artistas de Ilhabela","artistas sertanejos","cantor de Ilhabela","Cantor sertanejo","cultura de Ilhabela","Festa da Padroeira Ilhabela","Festival da Sardinha","Festival do Xarelete","litoral paulista","mercado musical","M\u00fasica Brasileira","m\u00fasica em Ilhabela","m\u00fasica regional","M\u00fasica sertaneja","novos talentos do sertanejo","sertanejo paulista","shows sertanejos","Siriani","Siriani cantor"],"articleSection":["M\u00fasica"],"inLanguage":"pt-PT"},{"@type":"WebPage","@id":"https:\/\/fyno.pt\/musica\/siriani-amplia-espaco-no-sertanejo-e-se-consolida-como-uma-das-atracoes-da-cena-musical-de-ilhabela\/","url":"https:\/\/fyno.pt\/musica\/siriani-amplia-espaco-no-sertanejo-e-se-consolida-como-uma-das-atracoes-da-cena-musical-de-ilhabela\/","name":"Siriani amplia espa\u00e7o no sertanejo e se consolida como uma das atra\u00e7\u00f5es da cena musical de Ilhabela - Fyno","isPartOf":{"@id":"https:\/\/fyno.pt\/#website"},"primaryImageOfPage":{"@id":"https:\/\/fyno.pt\/musica\/siriani-amplia-espaco-no-sertanejo-e-se-consolida-como-uma-das-atracoes-da-cena-musical-de-ilhabela\/#primaryimage"},"image":{"@id":"https:\/\/fyno.pt\/musica\/siriani-amplia-espaco-no-sertanejo-e-se-consolida-como-uma-das-atracoes-da-cena-musical-de-ilhabela\/#primaryimage"},"thumbnailUrl":"https:\/\/fyno.pt\/wp-content\/uploads\/2026\/08\/img_1052.jpeg","datePublished":"2026-08-30T14:51:48+00:00","author":{"@id":"https:\/\/fyno.pt\/#\/schema\/person\/ab5b330ed5ed05f1b4a7b8e438f68187"},"breadcrumb":{"@id":"https:\/\/fyno.pt\/musica\/siriani-amplia-espaco-no-sertanejo-e-se-consolida-como-uma-das-atracoes-da-cena-musical-de-ilhabela\/#breadcrumb"},"inLanguage":"pt-PT","potentialAction":[{"@type":"ReadAction","target":["https:\/\/fyno.pt\/musica\/siriani-amplia-espaco-no-sertanejo-e-se-consolida-como-uma-das-atracoes-da-cena-musical-de-ilhabela\/"]}]},{"@type":"ImageObject","inLanguage":"pt-PT","@id":"https:\/\/fyno.pt\/musica\/siriani-amplia-espaco-no-sertanejo-e-se-consolida-como-uma-das-atracoes-da-cena-musical-de-ilhabela\/#primaryimage","url":"https:\/\/fyno.pt\/wp-content\/uploads\/2026\/08\/img_1052.jpeg","contentUrl":"https:\/\/fyno.pt\/wp-content\/uploads\/2026\/08\/img_1052.jpeg","width":1125,"height":680,"caption":"Foto Reprodu\u00e7\u00e3o."},{"@type":"BreadcrumbList","@id":"https:\/\/fyno.pt\/musica\/siriani-amplia-espaco-no-sertanejo-e-se-consolida-como-uma-das-atracoes-da-cena-musical-de-ilhabela\/#breadcrumb","itemListElement":[{"@type":"ListItem","position":1,"name":"In\u00edcio","item":"https:\/\/fyno.pt\/"},{"@type":"ListItem","position":2,"name":"Siriani amplia espa\u00e7o no sertanejo e se consolida como uma das atra\u00e7\u00f5es da cena musical de Ilhabela"}]},{"@type":"WebSite","@id":"https:\/\/fyno.pt\/#website","url":"https:\/\/fyno.pt\/","name":"Fyno","description":"Not\u00edcia e informa\u00e7\u00e3o","potentialAction":[{"@type":"SearchAction","target":{"@type":"EntryPoint","urlTemplate":"https:\/\/fyno.pt\/?s={search_term_string}"},"query-input":{"@type":"PropertyValueSpecification","valueRequired":true,"valueName":"search_term_string"}}],"inLanguage":"pt-PT"},{"@type":"Person","@id":"https:\/\/fyno.pt\/#\/schema\/person\/ab5b330ed5ed05f1b4a7b8e438f68187","name":"Fyno","image":{"@type":"ImageObject","inLanguage":"pt-PT","@id":"https:\/\/fyno.pt\/wp-content\/litespeed\/avatar\/8f51870e8d94c234e288da840d914372.jpg?ver=1788205134","url":"https:\/\/fyno.pt\/wp-content\/litespeed\/avatar\/8f51870e8d94c234e288da840d914372.jpg?ver=1788205134","contentUrl":"https:\/\/fyno.pt\/wp-content\/litespeed\/avatar\/8f51870e8d94c234e288da840d914372.jpg?ver=1788205134","caption":"Fyno"},"description":"A sua fonte de informa\u00e7\u00e3o.","url":"https:\/\/fyno.pt\/pt\/author\/fynopt\/"}]}},"_links":{"self":[{"href":"https:\/\/fyno.pt\/pt\/wp-json\/wp\/v2\/posts\/43306","targetHints":{"allow":["GET"]}}],"collection":[{"href":"https:\/\/fyno.pt\/pt\/wp-json\/wp\/v2\/posts"}],"about":[{"href":"https:\/\/fyno.pt\/pt\/wp-json\/wp\/v2\/types\/post"}],"author":[{"embeddable":true,"href":"https:\/\/fyno.pt\/pt\/wp-json\/wp\/v2\/users\/9"}],"replies":[{"embeddable":true,"href":"https:\/\/fyno.pt\/pt\/wp-json\/wp\/v2\/comments?post=43306"}],"version-history":[{"count":1,"href":"https:\/\/fyno.pt\/pt\/wp-json\/wp\/v2\/posts\/43306\/revisions"}],"predecessor-version":[{"id":43307,"href":"https:\/\/fyno.pt\/pt\/wp-json\/wp\/v2\/posts\/43306\/revisions\/43307"}],"wp:featuredmedia":[{"embeddable":true,"href":"https:\/\/fyno.pt\/pt\/wp-json\/wp\/v2\/media\/43304"}],"wp:attachment":[{"href":"https:\/\/fyno.pt\/pt\/wp-json\/wp\/v2\/media?parent=43306"}],"wp:term":[{"taxonomy":"category","embeddable":true,"href":"https:\/\/fyno.pt\/pt\/wp-json\/wp\/v2\/categories?post=43306"},{"taxonomy":"post_tag","embeddable":true,"href":"https:\/\/fyno.pt\/pt\/wp-json\/wp\/v2\/tags?post=43306"}],"curies":[{"name":"wp","href":"https:\/\/api.w.org\/{rel}","templated":true}]}}