{"id":43301,"date":"2026-08-30T11:38:19","date_gmt":"2026-08-30T14:38:19","guid":{"rendered":"https:\/\/fyno.pt\/?p=43301"},"modified":"2026-08-30T11:38:52","modified_gmt":"2026-08-30T14:38:52","slug":"arthur-fernando-camoes-transforma-experiencia-na-educacao-em-trajetoria-de-destaque-no-mercado-da-musica-sertaneja","status":"publish","type":"post","link":"https:\/\/fyno.pt\/pt\/musica\/arthur-fernando-camoes-transforma-experiencia-na-educacao-em-trajetoria-de-destaque-no-mercado-da-musica-sertaneja\/","title":{"rendered":"Arthur Fernando Cam\u00f5es transforma experi\u00eancia na educa\u00e7\u00e3o em trajet\u00f3ria de destaque no mercado da m\u00fasica sertaneja"},"content":{"rendered":"<p class=\"p2\"><strong>Empres\u00e1rio maranhense construiu carreira entre a descoberta de novos talentos, gest\u00e3o art\u00edstica, produ\u00e7\u00e3o de conte\u00fado e an\u00e1lise do mercado musical<\/strong><\/p>\n\n\n\n<p class=\"p3\">O mercado da m\u00fasica sertaneja ganhou, nas \u00faltimas d\u00e9cadas, uma estrutura cada vez mais profissional, na qual a gest\u00e3o de carreira passou a ter peso semelhante ao talento art\u00edstico. \u00c9 nesse espa\u00e7o que o maranhense <strong>Arthur Fernando Cam\u00f5es<\/strong> construiu uma trajet\u00f3ria marcada pela descoberta de artistas, administra\u00e7\u00e3o de carreiras e atua\u00e7\u00e3o como uma das vozes que acompanham as transforma\u00e7\u00f5es do g\u00eanero no pa\u00eds.<\/p>\n\n\n\n<p class=\"p3\">\u00c0 frente de projetos ligados \u00e0 m\u00fasica e aos neg\u00f3cios, Arthur se apresenta atualmente nas redes sociais como profissional dedicado ao universo sertanejo. Sua trajet\u00f3ria, por\u00e9m, come\u00e7ou em outra \u00e1rea: a educa\u00e7\u00e3o. Antes de consolidar seu nome no segmento art\u00edstico, ele atuava como <strong>professor de ingl\u00eas da rede estadual de ensino<\/strong>, enquanto tamb\u00e9m desenvolvia trabalhos como produtor e empres\u00e1rio de artistas locais.&nbsp;<\/p>\n\n\n\n<p class=\"p3\">Foi justamente a combina\u00e7\u00e3o entre educa\u00e7\u00e3o, comunica\u00e7\u00e3o e percep\u00e7\u00e3o de novos talentos que ajudou a definir os rumos de sua carreira.<\/p>\n\n\n\n<h2 class=\"wp-block-heading\"><strong>De professor a descobridor de talentos<\/strong><\/h2>\n\n\n\n<p class=\"p3\">Um dos epis\u00f3dios mais emblem\u00e1ticos da trajet\u00f3ria de Arthur aconteceu em 2013 e envolveu o estudante maranhense <strong>Eduardo Mendes<\/strong>, ent\u00e3o com 15 anos.<\/p>\n\n\n\n<p class=\"p3\">Depois de descobrir que o aluno tinha talento para cantar e possu\u00eda uma voz semelhante \u00e0 de Luan Santana, Arthur gravou um v\u00eddeo do jovem interpretando \u201cTe Esperando\u201d e publicou o conte\u00fado na internet. A grava\u00e7\u00e3o rapidamente ganhou repercuss\u00e3o e transformou o adolescente em um fen\u00f4meno regional.<\/p>\n\n\n\n<p class=\"p3\">A hist\u00f3ria chamou a aten\u00e7\u00e3o da imprensa e chegou \u00e0 televis\u00e3o. Eduardo foi levado ao <strong>TV Xuxa<\/strong>, onde teve a oportunidade de encontrar seu \u00eddolo e cantar ao lado de Luan Santana. Na sequ\u00eancia, o jovem ainda participou de um show do cantor em Cabo Frio, no Rio de Janeiro, diante de um grande p\u00fablico. A TV Mirante, afiliada da Globo no Maranh\u00e3o, registrou a hist\u00f3ria e destacou Arthur como o professor respons\u00e1vel pelo v\u00eddeo que projetou o adolescente.&nbsp;<\/p>\n\n\n\n<p class=\"p3\">O epis\u00f3dio se tornou um dos primeiros grandes cap\u00edtulos p\u00fablicos da atua\u00e7\u00e3o de Arthur na descoberta e desenvolvimento de talentos.<\/p>\n\n\n\n<h2 class=\"wp-block-heading\"><strong>A constru\u00e7\u00e3o de uma marca no sertanejo<\/strong><\/h2>\n\n\n\n<p class=\"p3\">Com o passar dos anos, Arthur ampliou sua atua\u00e7\u00e3o e passou a trabalhar de maneira cada vez mais pr\u00f3xima de artistas e projetos do segmento sertanejo.<\/p>\n\n\n\n<p class=\"p3\">Um dos nomes que ganhou proje\u00e7\u00e3o com seu trabalho foi a dupla <strong>Fernando &amp; Franco<\/strong>. Em 2019, a dupla era apresentada como uma das apostas do sertanejo brasileiro e Arthur aparecia como o empres\u00e1rio respons\u00e1vel por sua descoberta. A publica\u00e7\u00e3o da PR Newswire chegou a descrev\u00ea-lo como <strong>\u201cguru dos novos talentos\u201d<\/strong>, destacando sua presen\u00e7a nas redes sociais e sua atua\u00e7\u00e3o no desenvolvimento de novos artistas.&nbsp;<\/p>\n\n\n\n<p class=\"p3\">A parceria tamb\u00e9m foi registrada pela imprensa maranhense. Em 2020, Fernando &amp; Franco eram apontados como uma das principais duplas sertanejas em evid\u00eancia no Maranh\u00e3o, com Arthur \u00e0 frente da assessoria empresarial dos artistas.&nbsp;<\/p>\n\n\n\n<p class=\"p3\">O trabalho demonstra uma caracter\u00edstica que se tornou recorrente na carreira do empres\u00e1rio: identificar potencial, estruturar a trajet\u00f3ria do artista e buscar caminhos para transformar talento em carreira.<\/p>\n\n\n\n<h2 class=\"wp-block-heading\"><strong>Muito al\u00e9m da administra\u00e7\u00e3o de artistas<\/strong><\/h2>\n\n\n\n<p class=\"p3\">A atua\u00e7\u00e3o de Arthur tamb\u00e9m passou a ocupar espa\u00e7o no ambiente digital. Ele mant\u00e9m canais e perfis voltados ao mercado musical, nos quais comenta carreiras, artistas, tend\u00eancias e estrat\u00e9gias para quem deseja ingressar profissionalmente no setor.<\/p>\n\n\n\n<p class=\"p3\">Em seu canal no YouTube, por exemplo, Arthur se apresenta como empres\u00e1rio da m\u00fasica sertaneja e propriet\u00e1rio da AFC Business Group, produzindo conte\u00fados voltados especialmente para artistas e novos profissionais do mercado.&nbsp;<\/p>\n\n\n\n<p class=\"p3\">Essa presen\u00e7a digital ajudou a ampliar sua atua\u00e7\u00e3o para al\u00e9m dos bastidores. Em vez de trabalhar exclusivamente na gest\u00e3o de artistas, Arthur passou a compartilhar conhecimento e opini\u00f5es sobre o funcionamento da ind\u00fastria musical.<\/p>\n\n\n\n<p class=\"p3\">H\u00e1 tamb\u00e9m registros de entrevistas nas quais ele apresenta orienta\u00e7\u00f5es para novos talentos que buscam empres\u00e1rios e oportunidades profissionais.&nbsp;<\/p>\n\n\n\n<h2 class=\"wp-block-heading\"><strong>Um olhar cr\u00edtico sobre o mercado<\/strong><\/h2>\n\n\n\n<p class=\"p3\">Outro aspecto que passou a marcar sua presen\u00e7a p\u00fablica \u00e9 a an\u00e1lise do pr\u00f3prio mercado sertanejo.<\/p>\n\n\n\n<p class=\"p3\">Em entrevistas e publica\u00e7\u00f5es, Arthur costuma comentar lan\u00e7amentos, comportamento do p\u00fablico, repert\u00f3rio e estrat\u00e9gias utilizadas por artistas para alcan\u00e7ar maior proje\u00e7\u00e3o.<\/p>\n\n\n\n<p class=\"p3\">Em 2025, por exemplo, ele foi ouvido pela imprensa maranhense a respeito da grava\u00e7\u00e3o de um novo DVD de <strong>Diego &amp; Victor Hugo<\/strong> em S\u00e3o Paulo. Na ocasi\u00e3o, falou sobre a trajet\u00f3ria da dupla e destacou a estabilidade alcan\u00e7ada pelos artistas no cen\u00e1rio nacional.&nbsp;<\/p>\n\n\n\n<p class=\"p3\">A participa\u00e7\u00e3o mostra que sua atua\u00e7\u00e3o n\u00e3o est\u00e1 limitada \u00e0 administra\u00e7\u00e3o de carreiras, mas tamb\u00e9m envolve acompanhamento e leitura das movimenta\u00e7\u00f5es do mercado sertanejo.<\/p>\n\n\n\n<h2 class=\"wp-block-heading\"><strong>Educa\u00e7\u00e3o, gest\u00e3o e m\u00fasica<\/strong><\/h2>\n\n\n\n<p class=\"p3\">A forma\u00e7\u00e3o profissional de Arthur ajuda a explicar essa combina\u00e7\u00e3o de \u00e1reas.<\/p>\n\n\n\n<p class=\"p3\">Documentos relacionados a concursos p\u00fablicos no Maranh\u00e3o registram <strong>Arthur Fernando Martins Cam\u00f5es<\/strong> entre os aprovados para o cargo de Professor Classe I \u2013 Ingl\u00eas.&nbsp;<\/p>\n\n\n\n<p class=\"p3\">A experi\u00eancia na educa\u00e7\u00e3o acabou convivendo com sua atua\u00e7\u00e3o no setor art\u00edstico, criando uma trajet\u00f3ria profissional pouco convencional: de um lado, a sala de aula e a forma\u00e7\u00e3o de pessoas; de outro, os palcos, artistas e neg\u00f3cios da ind\u00fastria musical.<\/p>\n\n\n\n<p class=\"p3\">Essa combina\u00e7\u00e3o tamb\u00e9m aparece na maneira como ele se posiciona atualmente nas redes sociais, associando m\u00fasica, neg\u00f3cios, educa\u00e7\u00e3o, gest\u00e3o e comportamento.<\/p>\n\n\n\n<h2 class=\"wp-block-heading\"><strong>Um empres\u00e1rio conectado \u00e0s transforma\u00e7\u00f5es do sertanejo<\/strong><\/h2>\n\n\n\n<p class=\"p3\">O crescimento do sertanejo no Brasil transformou o segmento em uma ind\u00fastria altamente competitiva. Artistas precisam lidar n\u00e3o apenas com m\u00fasica, mas tamb\u00e9m com imagem, estrat\u00e9gia digital, contratos, eventos, repert\u00f3rio e relacionamento com o p\u00fablico.<\/p>\n\n\n\n<p class=\"p3\">Nesse cen\u00e1rio, profissionais especializados em gest\u00e3o art\u00edstica ganharam import\u00e2ncia.<\/p>\n\n\n\n<p class=\"p3\">A trajet\u00f3ria de Arthur Fernando Cam\u00f5es se insere justamente nessa transforma\u00e7\u00e3o. Ao longo dos anos, ele passou de uma atua\u00e7\u00e3o regional ligada \u00e0 produ\u00e7\u00e3o de artistas para uma presen\u00e7a mais ampla no debate sobre carreira, neg\u00f3cios e mercado musical.<\/p>\n\n\n\n<p class=\"p3\">Seu percurso tamb\u00e9m mostra como a descoberta de um talento pode acontecer fora dos grandes centros da ind\u00fastria. O caso de Eduardo Mendes, descoberto dentro de uma escola p\u00fablica maranhense, tornou-se um exemplo dessa possibilidade e projetou o trabalho de Arthur para al\u00e9m das fronteiras do Maranh\u00e3o.&nbsp;<\/p>\n\n\n\n<h3 class=\"wp-block-heading\"><strong>Uma trajet\u00f3ria constru\u00edda nos bastidores<\/strong><\/h3>\n\n\n\n<p class=\"p3\">Mais de uma d\u00e9cada depois daquela descoberta que ganhou repercuss\u00e3o nacional, Arthur Fernando Cam\u00f5es continua ligado ao universo da m\u00fasica sertaneja, combinando <strong>gest\u00e3o art\u00edstica, produ\u00e7\u00e3o de conte\u00fado, an\u00e1lise de mercado, educa\u00e7\u00e3o e desenvolvimento de novos talentos<\/strong>.<\/p>\n\n\n\n<p class=\"p3\">Sua hist\u00f3ria \u00e9, sobretudo, a de um profissional que escolheu trabalhar nos bastidores de uma das maiores ind\u00fastrias culturais do pa\u00eds identificando talentos, acompanhando artistas e tentando compreender as mudan\u00e7as de um mercado que se reinventa constantemente.<\/p>\n\n\n\n<p class=\"p3\">De professor de ingl\u00eas a empres\u00e1rio reconhecido no segmento sertanejo, Arthur construiu sua identidade profissional a partir de uma ideia simples, mas decisiva para a ind\u00fastria da m\u00fasica: <strong>antes de administrar uma carreira, \u00e9 preciso saber reconhecer um talento.<\/strong><\/p>","protected":false},"excerpt":{"rendered":"<p>Empres\u00e1rio maranhense construiu carreira entre a descoberta de novos talentos, gest\u00e3o art\u00edstica, produ\u00e7\u00e3o de conte\u00fado e an\u00e1lise do mercado musical O mercado da m\u00fasica sertaneja ganhou, nas \u00faltimas d\u00e9cadas, uma estrutura cada vez mais profissional, na qual a gest\u00e3o de carreira passou a ter peso semelhante ao talento art\u00edstico. \u00c9 nesse espa\u00e7o que o maranhense [&hellip;]<\/p>\n","protected":false},"author":9,"featured_media":43300,"comment_status":"closed","ping_status":"open","sticky":false,"template":"","format":"standard","meta":{"footnotes":""},"categories":[562],"tags":[],"class_list":["post-43301","post","type-post","status-publish","format-standard","has-post-thumbnail","hentry","category-musica"],"yoast_head":"<!-- This site is optimized with the Yoast SEO Premium plugin v27.9 (Yoast SEO v27.9) - https:\/\/yoast.com\/product\/yoast-seo-premium-wordpress\/ -->\n<title>Arthur Fernando Cam\u00f5es transforma experi\u00eancia na educa\u00e7\u00e3o em trajet\u00f3ria de destaque no mercado da m\u00fasica sertaneja - Fyno<\/title>\n<meta name=\"robots\" content=\"index, follow, max-snippet:-1, max-image-preview:large, max-video-preview:-1\" \/>\n<link rel=\"canonical\" href=\"https:\/\/fyno.pt\/pt\/musica\/arthur-fernando-camoes-transforma-experiencia-na-educacao-em-trajetoria-de-destaque-no-mercado-da-musica-sertaneja\/\" \/>\n<meta property=\"og:locale\" content=\"pt_PT\" \/>\n<meta property=\"og:type\" content=\"article\" \/>\n<meta property=\"og:title\" content=\"Arthur Fernando Cam\u00f5es transforma experi\u00eancia na educa\u00e7\u00e3o em trajet\u00f3ria de destaque no mercado da m\u00fasica sertaneja\" \/>\n<meta property=\"og:description\" content=\"Empres\u00e1rio maranhense construiu carreira entre a descoberta de novos talentos, gest\u00e3o art\u00edstica, produ\u00e7\u00e3o de conte\u00fado e an\u00e1lise do mercado musical O mercado da m\u00fasica sertaneja ganhou, nas \u00faltimas d\u00e9cadas, uma estrutura cada vez mais profissional, na qual a gest\u00e3o de carreira passou a ter peso semelhante ao talento art\u00edstico. \u00c9 nesse espa\u00e7o que o maranhense [&hellip;]\" \/>\n<meta property=\"og:url\" content=\"https:\/\/fyno.pt\/pt\/musica\/arthur-fernando-camoes-transforma-experiencia-na-educacao-em-trajetoria-de-destaque-no-mercado-da-musica-sertaneja\/\" \/>\n<meta property=\"og:site_name\" content=\"Fyno\" \/>\n<meta property=\"article:published_time\" content=\"2026-08-30T14:38:19+00:00\" \/>\n<meta property=\"article:modified_time\" content=\"2026-08-30T14:38:52+00:00\" \/>\n<meta property=\"og:image\" content=\"https:\/\/fyno.pt\/wp-content\/uploads\/2026\/08\/img_1049.jpeg\" \/>\n\t<meta property=\"og:image:width\" content=\"1125\" \/>\n\t<meta property=\"og:image:height\" content=\"705\" \/>\n\t<meta property=\"og:image:type\" content=\"image\/jpeg\" \/>\n<meta name=\"author\" content=\"Fyno\" \/>\n<meta name=\"twitter:card\" content=\"summary_large_image\" \/>\n<meta name=\"twitter:label1\" content=\"Escrito por\" \/>\n\t<meta name=\"twitter:data1\" content=\"Fyno\" \/>\n\t<meta name=\"twitter:label2\" content=\"Tempo estimado de leitura\" \/>\n\t<meta name=\"twitter:data2\" content=\"6 minutos\" \/>\n<script type=\"application\/ld+json\" class=\"yoast-schema-graph\">{\"@context\":\"https:\\\/\\\/schema.org\",\"@graph\":[{\"@type\":\"Article\",\"@id\":\"https:\\\/\\\/fyno.pt\\\/musica\\\/arthur-fernando-camoes-transforma-experiencia-na-educacao-em-trajetoria-de-destaque-no-mercado-da-musica-sertaneja\\\/#article\",\"isPartOf\":{\"@id\":\"https:\\\/\\\/fyno.pt\\\/musica\\\/arthur-fernando-camoes-transforma-experiencia-na-educacao-em-trajetoria-de-destaque-no-mercado-da-musica-sertaneja\\\/\"},\"author\":{\"name\":\"Fyno\",\"@id\":\"https:\\\/\\\/fyno.pt\\\/#\\\/schema\\\/person\\\/ab5b330ed5ed05f1b4a7b8e438f68187\"},\"headline\":\"Arthur Fernando Cam\u00f5es transforma experi\u00eancia na educa\u00e7\u00e3o em trajet\u00f3ria de destaque no mercado da m\u00fasica sertaneja\",\"datePublished\":\"2026-08-30T14:38:19+00:00\",\"dateModified\":\"2026-08-30T14:38:52+00:00\",\"mainEntityOfPage\":{\"@id\":\"https:\\\/\\\/fyno.pt\\\/musica\\\/arthur-fernando-camoes-transforma-experiencia-na-educacao-em-trajetoria-de-destaque-no-mercado-da-musica-sertaneja\\\/\"},\"wordCount\":1291,\"image\":{\"@id\":\"https:\\\/\\\/fyno.pt\\\/musica\\\/arthur-fernando-camoes-transforma-experiencia-na-educacao-em-trajetoria-de-destaque-no-mercado-da-musica-sertaneja\\\/#primaryimage\"},\"thumbnailUrl\":\"https:\\\/\\\/fyno.pt\\\/wp-content\\\/uploads\\\/2026\\\/08\\\/img_1049.jpeg\",\"articleSection\":[\"M\u00fasica\"],\"inLanguage\":\"pt-PT\"},{\"@type\":\"WebPage\",\"@id\":\"https:\\\/\\\/fyno.pt\\\/musica\\\/arthur-fernando-camoes-transforma-experiencia-na-educacao-em-trajetoria-de-destaque-no-mercado-da-musica-sertaneja\\\/\",\"url\":\"https:\\\/\\\/fyno.pt\\\/musica\\\/arthur-fernando-camoes-transforma-experiencia-na-educacao-em-trajetoria-de-destaque-no-mercado-da-musica-sertaneja\\\/\",\"name\":\"Arthur Fernando Cam\u00f5es transforma experi\u00eancia na educa\u00e7\u00e3o em trajet\u00f3ria de destaque no mercado da m\u00fasica sertaneja - Fyno\",\"isPartOf\":{\"@id\":\"https:\\\/\\\/fyno.pt\\\/#website\"},\"primaryImageOfPage\":{\"@id\":\"https:\\\/\\\/fyno.pt\\\/musica\\\/arthur-fernando-camoes-transforma-experiencia-na-educacao-em-trajetoria-de-destaque-no-mercado-da-musica-sertaneja\\\/#primaryimage\"},\"image\":{\"@id\":\"https:\\\/\\\/fyno.pt\\\/musica\\\/arthur-fernando-camoes-transforma-experiencia-na-educacao-em-trajetoria-de-destaque-no-mercado-da-musica-sertaneja\\\/#primaryimage\"},\"thumbnailUrl\":\"https:\\\/\\\/fyno.pt\\\/wp-content\\\/uploads\\\/2026\\\/08\\\/img_1049.jpeg\",\"datePublished\":\"2026-08-30T14:38:19+00:00\",\"dateModified\":\"2026-08-30T14:38:52+00:00\",\"author\":{\"@id\":\"https:\\\/\\\/fyno.pt\\\/#\\\/schema\\\/person\\\/ab5b330ed5ed05f1b4a7b8e438f68187\"},\"breadcrumb\":{\"@id\":\"https:\\\/\\\/fyno.pt\\\/musica\\\/arthur-fernando-camoes-transforma-experiencia-na-educacao-em-trajetoria-de-destaque-no-mercado-da-musica-sertaneja\\\/#breadcrumb\"},\"inLanguage\":\"pt-PT\",\"potentialAction\":[{\"@type\":\"ReadAction\",\"target\":[\"https:\\\/\\\/fyno.pt\\\/musica\\\/arthur-fernando-camoes-transforma-experiencia-na-educacao-em-trajetoria-de-destaque-no-mercado-da-musica-sertaneja\\\/\"]}]},{\"@type\":\"ImageObject\",\"inLanguage\":\"pt-PT\",\"@id\":\"https:\\\/\\\/fyno.pt\\\/musica\\\/arthur-fernando-camoes-transforma-experiencia-na-educacao-em-trajetoria-de-destaque-no-mercado-da-musica-sertaneja\\\/#primaryimage\",\"url\":\"https:\\\/\\\/fyno.pt\\\/wp-content\\\/uploads\\\/2026\\\/08\\\/img_1049.jpeg\",\"contentUrl\":\"https:\\\/\\\/fyno.pt\\\/wp-content\\\/uploads\\\/2026\\\/08\\\/img_1049.jpeg\",\"width\":1125,\"height\":705,\"caption\":\"Foto Reprodu\u00e7\u00e3o\"},{\"@type\":\"BreadcrumbList\",\"@id\":\"https:\\\/\\\/fyno.pt\\\/musica\\\/arthur-fernando-camoes-transforma-experiencia-na-educacao-em-trajetoria-de-destaque-no-mercado-da-musica-sertaneja\\\/#breadcrumb\",\"itemListElement\":[{\"@type\":\"ListItem\",\"position\":1,\"name\":\"In\u00edcio\",\"item\":\"https:\\\/\\\/fyno.pt\\\/\"},{\"@type\":\"ListItem\",\"position\":2,\"name\":\"Arthur Fernando Cam\u00f5es transforma experi\u00eancia na educa\u00e7\u00e3o em trajet\u00f3ria de destaque no mercado da m\u00fasica sertaneja\"}]},{\"@type\":\"WebSite\",\"@id\":\"https:\\\/\\\/fyno.pt\\\/#website\",\"url\":\"https:\\\/\\\/fyno.pt\\\/\",\"name\":\"Fyno\",\"description\":\"Not\u00edcia e informa\u00e7\u00e3o\",\"potentialAction\":[{\"@type\":\"SearchAction\",\"target\":{\"@type\":\"EntryPoint\",\"urlTemplate\":\"https:\\\/\\\/fyno.pt\\\/?s={search_term_string}\"},\"query-input\":{\"@type\":\"PropertyValueSpecification\",\"valueRequired\":true,\"valueName\":\"search_term_string\"}}],\"inLanguage\":\"pt-PT\"},{\"@type\":\"Person\",\"@id\":\"https:\\\/\\\/fyno.pt\\\/#\\\/schema\\\/person\\\/ab5b330ed5ed05f1b4a7b8e438f68187\",\"name\":\"Fyno\",\"image\":{\"@type\":\"ImageObject\",\"inLanguage\":\"pt-PT\",\"@id\":\"https:\\\/\\\/fyno.pt\\\/wp-content\\\/litespeed\\\/avatar\\\/8f51870e8d94c234e288da840d914372.jpg?ver=1788205134\",\"url\":\"https:\\\/\\\/fyno.pt\\\/wp-content\\\/litespeed\\\/avatar\\\/8f51870e8d94c234e288da840d914372.jpg?ver=1788205134\",\"contentUrl\":\"https:\\\/\\\/fyno.pt\\\/wp-content\\\/litespeed\\\/avatar\\\/8f51870e8d94c234e288da840d914372.jpg?ver=1788205134\",\"caption\":\"Fyno\"},\"description\":\"A sua fonte de informa\u00e7\u00e3o.\",\"url\":\"https:\\\/\\\/fyno.pt\\\/pt\\\/author\\\/fynopt\\\/\"}]}<\/script>\n<!-- \/ Yoast SEO Premium plugin. -->","yoast_head_json":{"title":"Arthur Fernando Cam\u00f5es transforma experi\u00eancia na educa\u00e7\u00e3o em trajet\u00f3ria de destaque no mercado da m\u00fasica sertaneja - Fyno","robots":{"index":"index","follow":"follow","max-snippet":"max-snippet:-1","max-image-preview":"max-image-preview:large","max-video-preview":"max-video-preview:-1"},"canonical":"https:\/\/fyno.pt\/pt\/musica\/arthur-fernando-camoes-transforma-experiencia-na-educacao-em-trajetoria-de-destaque-no-mercado-da-musica-sertaneja\/","og_locale":"pt_PT","og_type":"article","og_title":"Arthur Fernando Cam\u00f5es transforma experi\u00eancia na educa\u00e7\u00e3o em trajet\u00f3ria de destaque no mercado da m\u00fasica sertaneja","og_description":"Empres\u00e1rio maranhense construiu carreira entre a descoberta de novos talentos, gest\u00e3o art\u00edstica, produ\u00e7\u00e3o de conte\u00fado e an\u00e1lise do mercado musical O mercado da m\u00fasica sertaneja ganhou, nas \u00faltimas d\u00e9cadas, uma estrutura cada vez mais profissional, na qual a gest\u00e3o de carreira passou a ter peso semelhante ao talento art\u00edstico. \u00c9 nesse espa\u00e7o que o maranhense [&hellip;]","og_url":"https:\/\/fyno.pt\/pt\/musica\/arthur-fernando-camoes-transforma-experiencia-na-educacao-em-trajetoria-de-destaque-no-mercado-da-musica-sertaneja\/","og_site_name":"Fyno","article_published_time":"2026-08-30T14:38:19+00:00","article_modified_time":"2026-08-30T14:38:52+00:00","og_image":[{"width":1125,"height":705,"url":"https:\/\/fyno.pt\/wp-content\/uploads\/2026\/08\/img_1049.jpeg","type":"image\/jpeg"}],"author":"Fyno","twitter_card":"summary_large_image","twitter_misc":{"Escrito por":"Fyno","Tempo estimado de leitura":"6 minutos"},"schema":{"@context":"https:\/\/schema.org","@graph":[{"@type":"Article","@id":"https:\/\/fyno.pt\/musica\/arthur-fernando-camoes-transforma-experiencia-na-educacao-em-trajetoria-de-destaque-no-mercado-da-musica-sertaneja\/#article","isPartOf":{"@id":"https:\/\/fyno.pt\/musica\/arthur-fernando-camoes-transforma-experiencia-na-educacao-em-trajetoria-de-destaque-no-mercado-da-musica-sertaneja\/"},"author":{"name":"Fyno","@id":"https:\/\/fyno.pt\/#\/schema\/person\/ab5b330ed5ed05f1b4a7b8e438f68187"},"headline":"Arthur Fernando Cam\u00f5es transforma experi\u00eancia na educa\u00e7\u00e3o em trajet\u00f3ria de destaque no mercado da m\u00fasica sertaneja","datePublished":"2026-08-30T14:38:19+00:00","dateModified":"2026-08-30T14:38:52+00:00","mainEntityOfPage":{"@id":"https:\/\/fyno.pt\/musica\/arthur-fernando-camoes-transforma-experiencia-na-educacao-em-trajetoria-de-destaque-no-mercado-da-musica-sertaneja\/"},"wordCount":1291,"image":{"@id":"https:\/\/fyno.pt\/musica\/arthur-fernando-camoes-transforma-experiencia-na-educacao-em-trajetoria-de-destaque-no-mercado-da-musica-sertaneja\/#primaryimage"},"thumbnailUrl":"https:\/\/fyno.pt\/wp-content\/uploads\/2026\/08\/img_1049.jpeg","articleSection":["M\u00fasica"],"inLanguage":"pt-PT"},{"@type":"WebPage","@id":"https:\/\/fyno.pt\/musica\/arthur-fernando-camoes-transforma-experiencia-na-educacao-em-trajetoria-de-destaque-no-mercado-da-musica-sertaneja\/","url":"https:\/\/fyno.pt\/musica\/arthur-fernando-camoes-transforma-experiencia-na-educacao-em-trajetoria-de-destaque-no-mercado-da-musica-sertaneja\/","name":"Arthur Fernando Cam\u00f5es transforma experi\u00eancia na educa\u00e7\u00e3o em trajet\u00f3ria de destaque no mercado da m\u00fasica sertaneja - Fyno","isPartOf":{"@id":"https:\/\/fyno.pt\/#website"},"primaryImageOfPage":{"@id":"https:\/\/fyno.pt\/musica\/arthur-fernando-camoes-transforma-experiencia-na-educacao-em-trajetoria-de-destaque-no-mercado-da-musica-sertaneja\/#primaryimage"},"image":{"@id":"https:\/\/fyno.pt\/musica\/arthur-fernando-camoes-transforma-experiencia-na-educacao-em-trajetoria-de-destaque-no-mercado-da-musica-sertaneja\/#primaryimage"},"thumbnailUrl":"https:\/\/fyno.pt\/wp-content\/uploads\/2026\/08\/img_1049.jpeg","datePublished":"2026-08-30T14:38:19+00:00","dateModified":"2026-08-30T14:38:52+00:00","author":{"@id":"https:\/\/fyno.pt\/#\/schema\/person\/ab5b330ed5ed05f1b4a7b8e438f68187"},"breadcrumb":{"@id":"https:\/\/fyno.pt\/musica\/arthur-fernando-camoes-transforma-experiencia-na-educacao-em-trajetoria-de-destaque-no-mercado-da-musica-sertaneja\/#breadcrumb"},"inLanguage":"pt-PT","potentialAction":[{"@type":"ReadAction","target":["https:\/\/fyno.pt\/musica\/arthur-fernando-camoes-transforma-experiencia-na-educacao-em-trajetoria-de-destaque-no-mercado-da-musica-sertaneja\/"]}]},{"@type":"ImageObject","inLanguage":"pt-PT","@id":"https:\/\/fyno.pt\/musica\/arthur-fernando-camoes-transforma-experiencia-na-educacao-em-trajetoria-de-destaque-no-mercado-da-musica-sertaneja\/#primaryimage","url":"https:\/\/fyno.pt\/wp-content\/uploads\/2026\/08\/img_1049.jpeg","contentUrl":"https:\/\/fyno.pt\/wp-content\/uploads\/2026\/08\/img_1049.jpeg","width":1125,"height":705,"caption":"Foto Reprodu\u00e7\u00e3o"},{"@type":"BreadcrumbList","@id":"https:\/\/fyno.pt\/musica\/arthur-fernando-camoes-transforma-experiencia-na-educacao-em-trajetoria-de-destaque-no-mercado-da-musica-sertaneja\/#breadcrumb","itemListElement":[{"@type":"ListItem","position":1,"name":"In\u00edcio","item":"https:\/\/fyno.pt\/"},{"@type":"ListItem","position":2,"name":"Arthur Fernando Cam\u00f5es transforma experi\u00eancia na educa\u00e7\u00e3o em trajet\u00f3ria de destaque no mercado da m\u00fasica sertaneja"}]},{"@type":"WebSite","@id":"https:\/\/fyno.pt\/#website","url":"https:\/\/fyno.pt\/","name":"Fyno","description":"Not\u00edcia e informa\u00e7\u00e3o","potentialAction":[{"@type":"SearchAction","target":{"@type":"EntryPoint","urlTemplate":"https:\/\/fyno.pt\/?s={search_term_string}"},"query-input":{"@type":"PropertyValueSpecification","valueRequired":true,"valueName":"search_term_string"}}],"inLanguage":"pt-PT"},{"@type":"Person","@id":"https:\/\/fyno.pt\/#\/schema\/person\/ab5b330ed5ed05f1b4a7b8e438f68187","name":"Fyno","image":{"@type":"ImageObject","inLanguage":"pt-PT","@id":"https:\/\/fyno.pt\/wp-content\/litespeed\/avatar\/8f51870e8d94c234e288da840d914372.jpg?ver=1788205134","url":"https:\/\/fyno.pt\/wp-content\/litespeed\/avatar\/8f51870e8d94c234e288da840d914372.jpg?ver=1788205134","contentUrl":"https:\/\/fyno.pt\/wp-content\/litespeed\/avatar\/8f51870e8d94c234e288da840d914372.jpg?ver=1788205134","caption":"Fyno"},"description":"A sua fonte de informa\u00e7\u00e3o.","url":"https:\/\/fyno.pt\/pt\/author\/fynopt\/"}]}},"_links":{"self":[{"href":"https:\/\/fyno.pt\/pt\/wp-json\/wp\/v2\/posts\/43301","targetHints":{"allow":["GET"]}}],"collection":[{"href":"https:\/\/fyno.pt\/pt\/wp-json\/wp\/v2\/posts"}],"about":[{"href":"https:\/\/fyno.pt\/pt\/wp-json\/wp\/v2\/types\/post"}],"author":[{"embeddable":true,"href":"https:\/\/fyno.pt\/pt\/wp-json\/wp\/v2\/users\/9"}],"replies":[{"embeddable":true,"href":"https:\/\/fyno.pt\/pt\/wp-json\/wp\/v2\/comments?post=43301"}],"version-history":[{"count":2,"href":"https:\/\/fyno.pt\/pt\/wp-json\/wp\/v2\/posts\/43301\/revisions"}],"predecessor-version":[{"id":43303,"href":"https:\/\/fyno.pt\/pt\/wp-json\/wp\/v2\/posts\/43301\/revisions\/43303"}],"wp:featuredmedia":[{"embeddable":true,"href":"https:\/\/fyno.pt\/pt\/wp-json\/wp\/v2\/media\/43300"}],"wp:attachment":[{"href":"https:\/\/fyno.pt\/pt\/wp-json\/wp\/v2\/media?parent=43301"}],"wp:term":[{"taxonomy":"category","embeddable":true,"href":"https:\/\/fyno.pt\/pt\/wp-json\/wp\/v2\/categories?post=43301"},{"taxonomy":"post_tag","embeddable":true,"href":"https:\/\/fyno.pt\/pt\/wp-json\/wp\/v2\/tags?post=43301"}],"curies":[{"name":"wp","href":"https:\/\/api.w.org\/{rel}","templated":true}]}}